{"id":4297,"date":"2019-04-04T09:36:34","date_gmt":"2019-04-04T15:36:34","guid":{"rendered":"http:\/\/volcanes.net\/?p=4297"},"modified":"2019-04-04T09:37:06","modified_gmt":"2019-04-04T15:37:06","slug":"demandan-a-la-fiscalia-general-de-la-republica-informe-sobre-irregularidades-en-el-seguro-popular","status":"publish","type":"post","link":"https:\/\/volcanes.net\/?p=4297","title":{"rendered":"Demandan a la Fiscal\u00eda General de la Rep\u00fablica, informe sobre irregularidades en el Seguro Popular"},"content":{"rendered":"<div style=\"margin-top: 0px; margin-bottom: 0px;\" class=\"sharethis-inline-share-buttons\" ><\/div><p style=\"box-sizing:border-box; -webkit-font-smoothing:antialiased; border:0px; font-family:\" noticiatext\",serif; font-size:17px; font-style:normal; font-weight:400; line-height:28.9px; margin:0px0px1.5em; padding:0pxcolor:rgb(153,153,153); font-variant-ligatures:normal; font-variant-caps:normal; letter-spacing:normal; orphans:2; text-indent:0px; text-transform:none; white-space:normal; widows:2; word-spacing:0px; -webkit-text-stroke-width:0px; background-color:rgb(255,255,255); text-decoration-style:initial; text-decoration-color:initial; text-align:left;\">El Senado de la Rep\u00fablica solicit\u00f3 a la Fiscal\u00eda General de la Rep\u00fablica un informe sobre las denuncias interpuestas por la Auditor\u00eda Superior de la Federaci\u00f3n (ASF), derivadas de la revisi\u00f3n de los recursos p\u00fablicos destinados al Seguro Popular, en el \u00e1mbito estatal, de 2013 a 2017.<\/p>\n<p style=\"box-sizing:border-box; -webkit-font-smoothing:antialiased; border:0px; font-family:\" noticiatext\",serif; font-size:17px; font-style:normal; font-weight:400; line-height:28.9px; margin:0px0px1.5em; padding:0pxcolor:rgb(153,153,153); font-variant-ligatures:normal; font-variant-caps:normal; letter-spacing:normal; orphans:2; text-indent:0px; text-transform:none; white-space:normal; widows:2; word-spacing:0px; -webkit-text-stroke-width:0px; background-color:rgb(255,255,255); text-decoration-style:initial; text-decoration-color:initial; text-align:left;\">Con 97 votos, el Pleno pidi\u00f3 a la ASF un reporte de los \u201cprocedimientos resarcitorios instaurados\u201d llevados a cabo, por las irregularidades encontradas en la aplicaci\u00f3n de dichos recursos.<\/p>\n<p style=\"box-sizing:border-box; -webkit-font-smoothing:antialiased; border:0px; font-family:\" noticiatext\",serif; font-size:17px; font-style:normal; font-weight:400; line-height:28.9px; margin:0px0px1.5em; padding:0pxcolor:rgb(153,153,153); font-variant-ligatures:normal; font-variant-caps:normal; letter-spacing:normal; orphans:2; text-indent:0px; text-transform:none; white-space:normal; widows:2; word-spacing:0px; -webkit-text-stroke-width:0px; background-color:rgb(255,255,255); text-decoration-style:initial; text-decoration-color:initial; text-align:left;\">Adem\u00e1s, exhort\u00f3 a los gobiernos de las 32 entidades federativas para que se cumpla con la normativa aplicable en materia de abastecimiento de medicamentos en las instituciones de salud de su competencia.<\/p>\n<p style=\"box-sizing:border-box; -webkit-font-smoothing:antialiased; border:0px; font-family:\" noticiatext\",serif; font-size:17px; font-style:normal; font-weight:400; line-height:28.9px; margin:0px0px1.5em; padding:0pxcolor:rgb(153,153,153); font-variant-ligatures:normal; font-variant-caps:normal; letter-spacing:normal; orphans:2; text-indent:0px; text-transform:none; white-space:normal; widows:2; word-spacing:0px; -webkit-text-stroke-width:0px; background-color:rgb(255,255,255); text-decoration-style:initial; text-decoration-color:initial; text-align:left;\">Los senadores demandaron que se preserven los mecanismos de transparencia y rendici\u00f3n de cuentas en la aplicaci\u00f3n de los recursos, y se eviten pr\u00e1cticas irregulares que contravengan el inter\u00e9s p\u00fablico del derecho a la salud de la poblaci\u00f3n.<\/p>\n<p style=\"box-sizing:border-box; -webkit-font-smoothing:antialiased; border:0px; font-family:\" noticiatext\",serif; font-size:17px; font-style:normal; font-weight:400; line-height:28.9px; margin:0px0px1.5em; padding:0pxcolor:rgb(153,153,153); font-variant-ligatures:normal; font-variant-caps:normal; letter-spacing:normal; orphans:2; text-indent:0px; text-transform:none; white-space:normal; widows:2; word-spacing:0px; -webkit-text-stroke-width:0px; background-color:rgb(255,255,255); text-decoration-style:initial; text-decoration-color:initial; text-align:left;\">En el dictamen se menciona que la ASF \u201cha practicado 174 indagatorias, de las cuales se destacan las realizadas en varios estados de la Rep\u00fablica, que concentran m\u00e1s del 50 por ciento de los recursos no aclarados en los procedimientos efectuados por la propia Auditor\u00eda\u201d.<\/p>\n<p style=\"box-sizing:border-box; -webkit-font-smoothing:antialiased; border:0px; font-family:\" noticiatext\",serif; font-size:17px; font-style:normal; font-weight:400; line-height:28.9px; margin:0px0px1.5em; padding:0pxcolor:rgb(153,153,153); font-variant-ligatures:normal; font-variant-caps:normal; letter-spacing:normal; orphans:2; text-indent:0px; text-transform:none; white-space:normal; widows:2; word-spacing:0px; -webkit-text-stroke-width:0px; background-color:rgb(255,255,255); text-decoration-style:initial; text-decoration-color:initial; text-align:left;\">Del total de recursos presuntamente ejercidos de forma irregular (16 mil millones), se agrega, m\u00e1s de tres mil millones corresponden a 2013; arriba de cinco mil millones, a 2014; en 2015, superaron los dos mil millones; en 2016, fueron cuatro mil millones; al a\u00f1o siguiente, 500 millones de pesos.<\/p>\n<p style=\"box-sizing:border-box; -webkit-font-smoothing:antialiased; border:0px; font-family:\" noticiatext\",serif; font-size:17px; font-style:normal; font-weight:400; line-height:28.9px; margin:0px0px1.5em; padding:0pxcolor:rgb(153,153,153); font-variant-ligatures:normal; font-variant-caps:normal; letter-spacing:normal; orphans:2; text-indent:0px; text-transform:none; white-space:normal; widows:2; word-spacing:0px; -webkit-text-stroke-width:0px; background-color:rgb(255,255,255); text-decoration-style:initial; text-decoration-color:initial; text-align:left;\">El presidente de la Comisi\u00f3n de Anticorrupci\u00f3n, Transparencia y Participaci\u00f3n Ciudadana, Clemente Casta\u00f1eda Hoeflich, dijo que con este dictamen se busca fortalecer la transparencia en los programas de salud, as\u00ed como impulsar la cultura de rendici\u00f3n de cuentas en nuestro pa\u00eds.<\/p>\n<p style=\"box-sizing:border-box; -webkit-font-smoothing:antialiased; border:0px; font-family:\" noticiatext\",serif; font-size:17px; font-style:normal; font-weight:400; line-height:28.9px; margin:0px0px1.5em; padding:0pxcolor:rgb(153,153,153); font-variant-ligatures:normal; font-variant-caps:normal; letter-spacing:normal; orphans:2; text-indent:0px; text-transform:none; white-space:normal; widows:2; word-spacing:0px; -webkit-text-stroke-width:0px; background-color:rgb(255,255,255); text-decoration-style:initial; text-decoration-color:initial; text-align:left;\">La senadora Alejandra Noem\u00ed Reynoso S\u00e1nchez, del Grupo Parlamentario del PAN, consider\u00f3 que las irregularidades en el ejercicio de los recursos p\u00fablicos destinados al Seguro Popular deben investigarse a detalle y aplicarse las sanciones correspondientes a los servidores p\u00fablicos involucrados.<\/p>\n<p style=\"box-sizing:border-box; -webkit-font-smoothing:antialiased; border:0px; font-family:\" noticiatext\",serif; font-size:17px; font-style:normal; font-weight:400; line-height:28.9px; margin:0px0px1.5em; padding:0pxcolor:rgb(153,153,153); font-variant-ligatures:normal; font-variant-caps:normal; letter-spacing:normal; orphans:2; text-indent:0px; text-transform:none; white-space:normal; widows:2; word-spacing:0px; -webkit-text-stroke-width:0px; background-color:rgb(255,255,255); text-decoration-style:initial; text-decoration-color:initial; text-align:left;\">Miguel \u00c1ngel Navarro Quintero, senador de Morena, consider\u00f3 la necesidad de analizar el federalismo en materia de salud, pues entre otros problemas, hay una de deuda a proveedores de alrededor de 70 mil millones de pesos; adem\u00e1s, existe una confusi\u00f3n en las licitaciones a medicamentos, material de curaci\u00f3n y otros insumos.<\/p>\n<p style=\"box-sizing:border-box; -webkit-font-smoothing:antialiased; border:0px; font-family:\" noticiatext\",serif; font-size:17px; font-style:normal; font-weight:400; line-height:28.9px; margin:0px0px1.5em; padding:0pxcolor:rgb(153,153,153); font-variant-ligatures:normal; font-variant-caps:normal; letter-spacing:normal; orphans:2; text-indent:0px; text-transform:none; white-space:normal; widows:2; word-spacing:0px; -webkit-text-stroke-width:0px; background-color:rgb(255,255,255); text-decoration-style:initial; text-decoration-color:initial; text-align:left;\">La senadora Cora Cecilia Pinedo Alonso, del PT, expres\u00f3: \u201cNo puede existir acto m\u00e1s vil que robarse los recursos destinados para combatir las enfermedades entre la poblaci\u00f3n m\u00e1s vulnerable\u201d. No se puede permitir, asent\u00f3, que quede la menor duda sobre el destino de los recursos destinados para este fin.<\/p>\n","protected":false},"excerpt":{"rendered":"<p>El Senado de la Rep\u00fablica solicit\u00f3 a la Fiscal\u00eda General de la Rep\u00fablica un informe<\/p>\n","protected":false},"author":1,"featured_media":4296,"comment_status":"open","ping_status":"open","sticky":false,"template":"","format":"standard","meta":{"footnotes":""},"categories":[1],"tags":[44],"class_list":["post-4297","post","type-post","status-publish","format-standard","has-post-thumbnail","hentry","category-municipales","tag-gobierno-de-la-republica"],"yoast_head":"<!-- This site is optimized with the Yoast SEO plugin v25.3 - https:\/\/yoast.com\/wordpress\/plugins\/seo\/ -->\n<title>Demandan a la Fiscal\u00eda General de la Rep\u00fablica, informe sobre irregularidades en el Seguro Popular - Volcanes<\/title>\n<meta name=\"robots\" content=\"index, follow, max-snippet:-1, max-image-preview:large, max-video-preview:-1\" \/>\n<link rel=\"canonical\" href=\"https:\/\/volcanes.net\/?p=4297\" \/>\n<meta property=\"og:locale\" content=\"es_MX\" \/>\n<meta property=\"og:type\" content=\"article\" \/>\n<meta property=\"og:title\" content=\"Demandan a la Fiscal\u00eda General de la Rep\u00fablica, informe sobre irregularidades en el Seguro Popular - Volcanes\" \/>\n<meta property=\"og:description\" content=\"El Senado de la Rep\u00fablica solicit\u00f3 a la Fiscal\u00eda General de la Rep\u00fablica un informe\" \/>\n<meta property=\"og:url\" content=\"https:\/\/volcanes.net\/?p=4297\" \/>\n<meta property=\"og:site_name\" content=\"Volcanes\" \/>\n<meta property=\"article:publisher\" content=\"https:\/\/www.facebook.com\/volcanes.net\/\" \/>\n<meta property=\"article:published_time\" content=\"2019-04-04T15:36:34+00:00\" \/>\n<meta property=\"article:modified_time\" content=\"2019-04-04T15:37:06+00:00\" \/>\n<meta property=\"og:image\" content=\"https:\/\/volcanes.net\/wp-content\/uploads\/2019\/04\/gqiSGIJEm9c0CwKdVGeAx0xqyjVfWUDOA1lBt4O0G9ylunSFzw2nVJplndrqUATVaBVQWczKKN3uL_Qxw9E3g2m-.jpeg\" \/>\n\t<meta property=\"og:image:width\" content=\"512\" \/>\n\t<meta property=\"og:image:height\" content=\"342\" \/>\n\t<meta property=\"og:image:type\" content=\"image\/jpeg\" \/>\n<meta name=\"author\" content=\"admin\" \/>\n<meta name=\"twitter:card\" content=\"summary_large_image\" \/>\n<meta name=\"twitter:label1\" content=\"Escrito por\" \/>\n\t<meta name=\"twitter:data1\" content=\"admin\" \/>\n\t<meta name=\"twitter:label2\" content=\"Tiempo de lectura\" \/>\n\t<meta name=\"twitter:data2\" content=\"2 minutos\" \/>\n<script type=\"application\/ld+json\" class=\"yoast-schema-graph\">{\"@context\":\"https:\/\/schema.org\",\"@graph\":[{\"@type\":\"Article\",\"@id\":\"https:\/\/volcanes.net\/?p=4297#article\",\"isPartOf\":{\"@id\":\"https:\/\/volcanes.net\/?p=4297\"},\"author\":{\"name\":\"admin\",\"@id\":\"https:\/\/volcanes.net\/#\/schema\/person\/4bf0f383940966a4abd53f5048c0e6b9\"},\"headline\":\"Demandan a la Fiscal\u00eda General de la Rep\u00fablica, informe sobre irregularidades en el Seguro Popular\",\"datePublished\":\"2019-04-04T15:36:34+00:00\",\"dateModified\":\"2019-04-04T15:37:06+00:00\",\"mainEntityOfPage\":{\"@id\":\"https:\/\/volcanes.net\/?p=4297\"},\"wordCount\":460,\"commentCount\":0,\"publisher\":{\"@id\":\"https:\/\/volcanes.net\/#organization\"},\"image\":{\"@id\":\"https:\/\/volcanes.net\/?p=4297#primaryimage\"},\"thumbnailUrl\":\"https:\/\/volcanes.net\/wp-content\/uploads\/2019\/04\/gqiSGIJEm9c0CwKdVGeAx0xqyjVfWUDOA1lBt4O0G9ylunSFzw2nVJplndrqUATVaBVQWczKKN3uL_Qxw9E3g2m-.jpeg\",\"keywords\":[\"Gobierno de la Rep\u00fablica\"],\"articleSection\":[\"Municipales\"],\"inLanguage\":\"es\",\"potentialAction\":[{\"@type\":\"CommentAction\",\"name\":\"Comment\",\"target\":[\"https:\/\/volcanes.net\/?p=4297#respond\"]}]},{\"@type\":\"WebPage\",\"@id\":\"https:\/\/volcanes.net\/?p=4297\",\"url\":\"https:\/\/volcanes.net\/?p=4297\",\"name\":\"Demandan a la Fiscal\u00eda General de la Rep\u00fablica, informe sobre irregularidades en el Seguro Popular - Volcanes\",\"isPartOf\":{\"@id\":\"https:\/\/volcanes.net\/#website\"},\"primaryImageOfPage\":{\"@id\":\"https:\/\/volcanes.net\/?p=4297#primaryimage\"},\"image\":{\"@id\":\"https:\/\/volcanes.net\/?p=4297#primaryimage\"},\"thumbnailUrl\":\"https:\/\/volcanes.net\/wp-content\/uploads\/2019\/04\/gqiSGIJEm9c0CwKdVGeAx0xqyjVfWUDOA1lBt4O0G9ylunSFzw2nVJplndrqUATVaBVQWczKKN3uL_Qxw9E3g2m-.jpeg\",\"datePublished\":\"2019-04-04T15:36:34+00:00\",\"dateModified\":\"2019-04-04T15:37:06+00:00\",\"breadcrumb\":{\"@id\":\"https:\/\/volcanes.net\/?p=4297#breadcrumb\"},\"inLanguage\":\"es\",\"potentialAction\":[{\"@type\":\"ReadAction\",\"target\":[\"https:\/\/volcanes.net\/?p=4297\"]}]},{\"@type\":\"ImageObject\",\"inLanguage\":\"es\",\"@id\":\"https:\/\/volcanes.net\/?p=4297#primaryimage\",\"url\":\"https:\/\/volcanes.net\/wp-content\/uploads\/2019\/04\/gqiSGIJEm9c0CwKdVGeAx0xqyjVfWUDOA1lBt4O0G9ylunSFzw2nVJplndrqUATVaBVQWczKKN3uL_Qxw9E3g2m-.jpeg\",\"contentUrl\":\"https:\/\/volcanes.net\/wp-content\/uploads\/2019\/04\/gqiSGIJEm9c0CwKdVGeAx0xqyjVfWUDOA1lBt4O0G9ylunSFzw2nVJplndrqUATVaBVQWczKKN3uL_Qxw9E3g2m-.jpeg\",\"width\":512,\"height\":342},{\"@type\":\"BreadcrumbList\",\"@id\":\"https:\/\/volcanes.net\/?p=4297#breadcrumb\",\"itemListElement\":[{\"@type\":\"ListItem\",\"position\":1,\"name\":\"Portada\",\"item\":\"https:\/\/volcanes.net\/\"},{\"@type\":\"ListItem\",\"position\":2,\"name\":\"Demandan a la Fiscal\u00eda General de la Rep\u00fablica, informe sobre irregularidades en el Seguro Popular\"}]},{\"@type\":\"WebSite\",\"@id\":\"https:\/\/volcanes.net\/#website\",\"url\":\"https:\/\/volcanes.net\/\",\"name\":\"Volcanes.Net\",\"description\":\"Periodismo Profesional\",\"publisher\":{\"@id\":\"https:\/\/volcanes.net\/#organization\"},\"potentialAction\":[{\"@type\":\"SearchAction\",\"target\":{\"@type\":\"EntryPoint\",\"urlTemplate\":\"https:\/\/volcanes.net\/?s={search_term_string}\"},\"query-input\":{\"@type\":\"PropertyValueSpecification\",\"valueRequired\":true,\"valueName\":\"search_term_string\"}}],\"inLanguage\":\"es\"},{\"@type\":\"Organization\",\"@id\":\"https:\/\/volcanes.net\/#organization\",\"name\":\"Grupo Volcanes\",\"url\":\"https:\/\/volcanes.net\/\",\"logo\":{\"@type\":\"ImageObject\",\"inLanguage\":\"es\",\"@id\":\"https:\/\/volcanes.net\/#\/schema\/logo\/image\/\",\"url\":\"http:\/\/volcanes.net\/wp-content\/uploads\/2017\/12\/Avatar2.jpg\",\"contentUrl\":\"http:\/\/volcanes.net\/wp-content\/uploads\/2017\/12\/Avatar2.jpg\",\"width\":378,\"height\":378,\"caption\":\"Grupo Volcanes\"},\"image\":{\"@id\":\"https:\/\/volcanes.net\/#\/schema\/logo\/image\/\"},\"sameAs\":[\"https:\/\/www.facebook.com\/volcanes.net\/\"]},{\"@type\":\"Person\",\"@id\":\"https:\/\/volcanes.net\/#\/schema\/person\/4bf0f383940966a4abd53f5048c0e6b9\",\"name\":\"admin\",\"image\":{\"@type\":\"ImageObject\",\"inLanguage\":\"es\",\"@id\":\"https:\/\/volcanes.net\/#\/schema\/person\/image\/\",\"url\":\"https:\/\/secure.gravatar.com\/avatar\/ca004e6cba8462b8cb7abc86e382930c?s=96&d=mm&r=g\",\"contentUrl\":\"https:\/\/secure.gravatar.com\/avatar\/ca004e6cba8462b8cb7abc86e382930c?s=96&d=mm&r=g\",\"caption\":\"admin\"}}]}<\/script>\n<!-- \/ Yoast SEO plugin. -->","yoast_head_json":{"title":"Demandan a la Fiscal\u00eda General de la Rep\u00fablica, informe sobre irregularidades en el Seguro Popular - Volcanes","robots":{"index":"index","follow":"follow","max-snippet":"max-snippet:-1","max-image-preview":"max-image-preview:large","max-video-preview":"max-video-preview:-1"},"canonical":"https:\/\/volcanes.net\/?p=4297","og_locale":"es_MX","og_type":"article","og_title":"Demandan a la Fiscal\u00eda General de la Rep\u00fablica, informe sobre irregularidades en el Seguro Popular - Volcanes","og_description":"El Senado de la Rep\u00fablica solicit\u00f3 a la Fiscal\u00eda General de la Rep\u00fablica un informe","og_url":"https:\/\/volcanes.net\/?p=4297","og_site_name":"Volcanes","article_publisher":"https:\/\/www.facebook.com\/volcanes.net\/","article_published_time":"2019-04-04T15:36:34+00:00","article_modified_time":"2019-04-04T15:37:06+00:00","og_image":[{"width":512,"height":342,"url":"https:\/\/volcanes.net\/wp-content\/uploads\/2019\/04\/gqiSGIJEm9c0CwKdVGeAx0xqyjVfWUDOA1lBt4O0G9ylunSFzw2nVJplndrqUATVaBVQWczKKN3uL_Qxw9E3g2m-.jpeg","type":"image\/jpeg"}],"author":"admin","twitter_card":"summary_large_image","twitter_misc":{"Escrito por":"admin","Tiempo de lectura":"2 minutos"},"schema":{"@context":"https:\/\/schema.org","@graph":[{"@type":"Article","@id":"https:\/\/volcanes.net\/?p=4297#article","isPartOf":{"@id":"https:\/\/volcanes.net\/?p=4297"},"author":{"name":"admin","@id":"https:\/\/volcanes.net\/#\/schema\/person\/4bf0f383940966a4abd53f5048c0e6b9"},"headline":"Demandan a la Fiscal\u00eda General de la Rep\u00fablica, informe sobre irregularidades en el Seguro Popular","datePublished":"2019-04-04T15:36:34+00:00","dateModified":"2019-04-04T15:37:06+00:00","mainEntityOfPage":{"@id":"https:\/\/volcanes.net\/?p=4297"},"wordCount":460,"commentCount":0,"publisher":{"@id":"https:\/\/volcanes.net\/#organization"},"image":{"@id":"https:\/\/volcanes.net\/?p=4297#primaryimage"},"thumbnailUrl":"https:\/\/volcanes.net\/wp-content\/uploads\/2019\/04\/gqiSGIJEm9c0CwKdVGeAx0xqyjVfWUDOA1lBt4O0G9ylunSFzw2nVJplndrqUATVaBVQWczKKN3uL_Qxw9E3g2m-.jpeg","keywords":["Gobierno de la Rep\u00fablica"],"articleSection":["Municipales"],"inLanguage":"es","potentialAction":[{"@type":"CommentAction","name":"Comment","target":["https:\/\/volcanes.net\/?p=4297#respond"]}]},{"@type":"WebPage","@id":"https:\/\/volcanes.net\/?p=4297","url":"https:\/\/volcanes.net\/?p=4297","name":"Demandan a la Fiscal\u00eda General de la Rep\u00fablica, informe sobre irregularidades en el Seguro Popular - Volcanes","isPartOf":{"@id":"https:\/\/volcanes.net\/#website"},"primaryImageOfPage":{"@id":"https:\/\/volcanes.net\/?p=4297#primaryimage"},"image":{"@id":"https:\/\/volcanes.net\/?p=4297#primaryimage"},"thumbnailUrl":"https:\/\/volcanes.net\/wp-content\/uploads\/2019\/04\/gqiSGIJEm9c0CwKdVGeAx0xqyjVfWUDOA1lBt4O0G9ylunSFzw2nVJplndrqUATVaBVQWczKKN3uL_Qxw9E3g2m-.jpeg","datePublished":"2019-04-04T15:36:34+00:00","dateModified":"2019-04-04T15:37:06+00:00","breadcrumb":{"@id":"https:\/\/volcanes.net\/?p=4297#breadcrumb"},"inLanguage":"es","potentialAction":[{"@type":"ReadAction","target":["https:\/\/volcanes.net\/?p=4297"]}]},{"@type":"ImageObject","inLanguage":"es","@id":"https:\/\/volcanes.net\/?p=4297#primaryimage","url":"https:\/\/volcanes.net\/wp-content\/uploads\/2019\/04\/gqiSGIJEm9c0CwKdVGeAx0xqyjVfWUDOA1lBt4O0G9ylunSFzw2nVJplndrqUATVaBVQWczKKN3uL_Qxw9E3g2m-.jpeg","contentUrl":"https:\/\/volcanes.net\/wp-content\/uploads\/2019\/04\/gqiSGIJEm9c0CwKdVGeAx0xqyjVfWUDOA1lBt4O0G9ylunSFzw2nVJplndrqUATVaBVQWczKKN3uL_Qxw9E3g2m-.jpeg","width":512,"height":342},{"@type":"BreadcrumbList","@id":"https:\/\/volcanes.net\/?p=4297#breadcrumb","itemListElement":[{"@type":"ListItem","position":1,"name":"Portada","item":"https:\/\/volcanes.net\/"},{"@type":"ListItem","position":2,"name":"Demandan a la Fiscal\u00eda General de la Rep\u00fablica, informe sobre irregularidades en el Seguro Popular"}]},{"@type":"WebSite","@id":"https:\/\/volcanes.net\/#website","url":"https:\/\/volcanes.net\/","name":"Volcanes.Net","description":"Periodismo Profesional","publisher":{"@id":"https:\/\/volcanes.net\/#organization"},"potentialAction":[{"@type":"SearchAction","target":{"@type":"EntryPoint","urlTemplate":"https:\/\/volcanes.net\/?s={search_term_string}"},"query-input":{"@type":"PropertyValueSpecification","valueRequired":true,"valueName":"search_term_string"}}],"inLanguage":"es"},{"@type":"Organization","@id":"https:\/\/volcanes.net\/#organization","name":"Grupo Volcanes","url":"https:\/\/volcanes.net\/","logo":{"@type":"ImageObject","inLanguage":"es","@id":"https:\/\/volcanes.net\/#\/schema\/logo\/image\/","url":"http:\/\/volcanes.net\/wp-content\/uploads\/2017\/12\/Avatar2.jpg","contentUrl":"http:\/\/volcanes.net\/wp-content\/uploads\/2017\/12\/Avatar2.jpg","width":378,"height":378,"caption":"Grupo Volcanes"},"image":{"@id":"https:\/\/volcanes.net\/#\/schema\/logo\/image\/"},"sameAs":["https:\/\/www.facebook.com\/volcanes.net\/"]},{"@type":"Person","@id":"https:\/\/volcanes.net\/#\/schema\/person\/4bf0f383940966a4abd53f5048c0e6b9","name":"admin","image":{"@type":"ImageObject","inLanguage":"es","@id":"https:\/\/volcanes.net\/#\/schema\/person\/image\/","url":"https:\/\/secure.gravatar.com\/avatar\/ca004e6cba8462b8cb7abc86e382930c?s=96&d=mm&r=g","contentUrl":"https:\/\/secure.gravatar.com\/avatar\/ca004e6cba8462b8cb7abc86e382930c?s=96&d=mm&r=g","caption":"admin"}}]}},"_links":{"self":[{"href":"https:\/\/volcanes.net\/index.php?rest_route=\/wp\/v2\/posts\/4297"}],"collection":[{"href":"https:\/\/volcanes.net\/index.php?rest_route=\/wp\/v2\/posts"}],"about":[{"href":"https:\/\/volcanes.net\/index.php?rest_route=\/wp\/v2\/types\/post"}],"author":[{"embeddable":true,"href":"https:\/\/volcanes.net\/index.php?rest_route=\/wp\/v2\/users\/1"}],"replies":[{"embeddable":true,"href":"https:\/\/volcanes.net\/index.php?rest_route=%2Fwp%2Fv2%2Fcomments&post=4297"}],"version-history":[{"count":1,"href":"https:\/\/volcanes.net\/index.php?rest_route=\/wp\/v2\/posts\/4297\/revisions"}],"predecessor-version":[{"id":4298,"href":"https:\/\/volcanes.net\/index.php?rest_route=\/wp\/v2\/posts\/4297\/revisions\/4298"}],"wp:featuredmedia":[{"embeddable":true,"href":"https:\/\/volcanes.net\/index.php?rest_route=\/wp\/v2\/media\/4296"}],"wp:attachment":[{"href":"https:\/\/volcanes.net\/index.php?rest_route=%2Fwp%2Fv2%2Fmedia&parent=4297"}],"wp:term":[{"taxonomy":"category","embeddable":true,"href":"https:\/\/volcanes.net\/index.php?rest_route=%2Fwp%2Fv2%2Fcategories&post=4297"},{"taxonomy":"post_tag","embeddable":true,"href":"https:\/\/volcanes.net\/index.php?rest_route=%2Fwp%2Fv2%2Ftags&post=4297"}],"curies":[{"name":"wp","href":"https:\/\/api.w.org\/{rel}","templated":true}]}}