{"id":4315,"date":"2019-04-04T18:18:45","date_gmt":"2019-04-05T00:18:45","guid":{"rendered":"http:\/\/volcanes.net\/?p=4315"},"modified":"2019-04-04T18:19:47","modified_gmt":"2019-04-05T00:19:47","slug":"uaem-presidira-un-ano-mas-red-de-organismos-defensores-de-los-derechos-universitarios","status":"publish","type":"post","link":"https:\/\/volcanes.net\/?p=4315","title":{"rendered":"UAEM presidir\u00e1 un a\u00f1o m\u00e1s\u00a0Red de Organismos  Defensores de los Derechos Universitarios"},"content":{"rendered":"<div style=\"margin-top: 0px; margin-bottom: 0px;\" class=\"sharethis-inline-share-buttons\" ><\/div><p align=\"center\" class=\"MsoNormal\" style=\"color:rgb(0,0,0); font-style:normal; font-variant-ligatures:normal; font-variant-caps:normal; font-weight:400; letter-spacing:normal; orphans:2; text-indent:0px; text-transform:none; white-space:normal; widows:2; word-spacing:0px; -webkit-text-stroke-width:0px; text-decoration-style:initial; text-decoration-color:initialmargin:0cm0cm0.0001pt; font-size:12pt; font-family:Calibri,sans-serif; text-align:center;\"><span lang=\"ES-MX\" style=\"font-size:14pt; font-family:Arial,sans-serif;\"><b> <\/b><\/span><\/p>\n<p class=\"m_-8289235293249496677gmail-MsoListParagraph\" style=\"color:rgb(0,0,0); font-style:normal; font-variant-ligatures:normal; font-variant-caps:normal; font-weight:400; letter-spacing:normal; orphans:2; text-indent:0px; text-transform:none; white-space:normal; widows:2; word-spacing:0px; -webkit-text-stroke-width:0px; text-decoration-style:initial; text-decoration-color:initialmargin:0cm0cm0.0001pt36pt; font-size:12pt; font-family:Calibri,sans-serif; text-align:left;\"><span lang=\"ES-TRAD\" style=\"font-size:11pt; font-family:Symbol;\">\u00b7<span style=\"font-variant-numeric:normal; font-variant-east-asian:normal; font-stretch:normal; font-size:7pt; line-height:normal; font-family:\" timesnewroman\";\">        <span> <\/span><\/span><\/span><span lang=\"ES-TRAD\" style=\"font-size:11pt; font-family:Arial,sans-serif;\"><i>La REDDU est\u00e1 conformada<\/i><span><i> <\/i><\/span><span style=\"color:rgb(8,8,8); background:rgb(247,247,247);\"><i>por defensor\u00edas y procuradur\u00edas de los derechos universitarios de Australia, Brasil, Espa\u00f1a, El Salvador, Honduras M\u00e9xico, Panam\u00e1 y Per\u00fa. <\/i><\/span><\/span><span lang=\"ES-TRAD\" style=\"font-size:11pt; font-family:\" timesnewroman\",serif;\"><i><\/i><\/span><\/p>\n<p class=\"MsoNormal\" style=\"color:rgb(0,0,0); font-style:normal; font-variant-ligatures:normal; font-variant-caps:normal; font-weight:400; letter-spacing:normal; orphans:2; text-indent:0px; text-transform:none; white-space:normal; widows:2; word-spacing:0px; -webkit-text-stroke-width:0px; text-decoration-style:initial; text-decoration-color:initialmargin:0cm0cm0.0001pt; font-size:12pt; font-family:Calibri,sans-serif; text-align:left;\"><span lang=\"ES-TRAD\" style=\"font-family:Arial,sans-serif;\"><b> <\/b><\/span><\/p>\n<p class=\"MsoNormal\" style=\"color:rgb(0,0,0); font-style:normal; font-variant-ligatures:normal; font-variant-caps:normal; font-weight:400; letter-spacing:normal; orphans:2; text-indent:0px; text-transform:none; white-space:normal; widows:2; word-spacing:0px; -webkit-text-stroke-width:0px; text-decoration-style:initial; text-decoration-color:initialmargin:0cm0cm0.0001pt; font-size:12pt; font-family:Calibri,sans-serif; text-align:left;\"><span lang=\"ES-MX\" style=\"font-family:Arial,sans-serif;\"><b>Toluca, M\u00e9x. \u2013 4 de abril de 2019.<\/b><\/span><span lang=\"ES-MX\" style=\"font-family:Arial,sans-serif;\"><span> <\/span>La Defensor\u00eda de los Derechos Universitarios de la Universidad Aut\u00f3noma del Estado de M\u00e9xico presidir\u00e1 por un a\u00f1o m\u00e1s la<span> <\/span><span style=\"color:rgb(8,8,8); background:rgb(247,247,247);\">Red de Organismos Defensores de los Derechos Universitarios<\/span><span> <\/span>(REDDU), conformada<span> <\/span><span style=\"color:rgb(8,8,8); background:rgb(247,247,247);\">por defensor\u00edas y procuradur\u00edas de los derechos universitarios de Australia, Brasil, Espa\u00f1a, El Salvador, Honduras M\u00e9xico, Panam\u00e1 y Per\u00fa. <\/span><\/span><\/p>\n<p class=\"MsoNormal\" style=\"color:rgb(0,0,0); font-style:normal; font-variant-ligatures:normal; font-variant-caps:normal; font-weight:400; letter-spacing:normal; orphans:2; text-indent:0px; text-transform:none; white-space:normal; widows:2; word-spacing:0px; -webkit-text-stroke-width:0px; text-decoration-style:initial; text-decoration-color:initialmargin:0cm0cm0.0001pt; font-size:12pt; font-family:Calibri,sans-serif; text-align:left;\"><span lang=\"ES-MX\" style=\"font-family:Arial,sans-serif;\">            Al rendir su informe de labores en la sesi\u00f3n ordinaria correspondiente al mes de marzo del H. Consejo Universitario, presidida por el rector Alfredo Barrera Baca, la titular de la Defensor\u00eda de los Derechos Universitarios, Mar\u00eda del Carmen Gayt\u00e1n Brunet, destac\u00f3 que como parte de esta responsabilidad de talla internacional, la UAEM realiza actividades de extensi\u00f3n y vinculaci\u00f3n en los \u00e1mbitos nacional e internacional, en conjunto con los 56 organismos que conforman la Red.<\/span><\/p>\n<p class=\"MsoNormal\" style=\"color:rgb(0,0,0); font-style:normal; font-variant-ligatures:normal; font-variant-caps:normal; font-weight:400; letter-spacing:normal; orphans:2; text-transform:none; white-space:normal; widows:2; word-spacing:0px; -webkit-text-stroke-width:0px; text-decoration-style:initial; text-decoration-color:initialtext-indent:35.4pt; margin:0cm0cm0.0001pt; font-size:12pt; font-family:Calibri,sans-serif; text-align:left;\"><span lang=\"ES-MX\" style=\"font-family:Arial,sans-serif;\">Subray\u00f3 la tendencia creciente de integrantes de la comunidad verde y oro para informarse con respecto a sus derechos y obligaciones, as\u00ed como el exponencial inter\u00e9s de las autoridades universitarias, que realizan acciones para prevenir casos de violaci\u00f3n a los derechos.<\/span><\/p>\n<p class=\"MsoNormal\" style=\"color:rgb(0,0,0); font-style:normal; font-variant-ligatures:normal; font-variant-caps:normal; font-weight:400; letter-spacing:normal; orphans:2; text-transform:none; white-space:normal; widows:2; word-spacing:0px; -webkit-text-stroke-width:0px; text-decoration-style:initial; text-decoration-color:initialtext-indent:35.4pt; margin:0cm0cm0.0001pt; font-size:12pt; font-family:Calibri,sans-serif; text-align:left;\"><span lang=\"ES-MX\" style=\"font-family:Arial,sans-serif;\">Ante el pleno del m\u00e1ximo \u00f3rgano de gobierno de la UAEM, Gayt\u00e1n Brunet abund\u00f3 que en el periodo que se informa se llevaron a cabo 45 sesiones plenarias ordinarias y ocho de car\u00e1cter extraordinaria; asimismo, enfatiz\u00f3 la disminuci\u00f3n de los tiempos de resoluci\u00f3n y que se favorece la mediaci\u00f3n y conciliaci\u00f3n.<\/span><\/p>\n<p class=\"MsoNormal\" style=\"color:rgb(0,0,0); font-style:normal; font-variant-ligatures:normal; font-variant-caps:normal; font-weight:400; letter-spacing:normal; orphans:2; text-transform:none; white-space:normal; widows:2; word-spacing:0px; -webkit-text-stroke-width:0px; text-decoration-style:initial; text-decoration-color:initialtext-indent:35.4pt; margin:0cm0cm0.0001pt; font-size:12pt; font-family:Calibri,sans-serif; text-align:left;\"><span lang=\"ES-MX\" style=\"font-family:Arial,sans-serif;\">Refiri\u00f3 que la Defensor\u00eda de los Derechos Universitarios de la UAEM llev\u00f3 a cabo 40 jornadas de difusi\u00f3n para alumnos de nivel medio superior y superior de 35 espacios acad\u00e9micos, en beneficio de un total de dos mil 716 j\u00f3venes. De la misma manera, 452 docentes fueron beneficiados con las 22 charlas que ofreci\u00f3 este organismo en el mismo n\u00famero de espacios universitarios.<\/span><\/p>\n<p class=\"MsoNormal\" style=\"color:rgb(0,0,0); font-style:normal; font-variant-ligatures:normal; font-variant-caps:normal; font-weight:400; letter-spacing:normal; orphans:2; text-transform:none; white-space:normal; widows:2; word-spacing:0px; -webkit-text-stroke-width:0px; text-decoration-style:initial; text-decoration-color:initialtext-indent:35.4pt; margin:0cm0cm0.0001pt; font-size:12pt; font-family:Calibri,sans-serif; text-align:left;\"><span lang=\"ES-MX\" style=\"font-family:Arial,sans-serif;\">El \u00f3rgano garante de los derechos universitarios en la Aut\u00f3noma mexiquense tiene como mandato visibilizar lo invisible, escuchar lo inaudible y franquear lo inexpugnable, a trav\u00e9s del fomento de la cultura de la paz, la legalidad y la denuncia formal, sostuvo Mar\u00eda del Carmen Gayt\u00e1n Brunet.<\/span><\/p>\n","protected":false},"excerpt":{"rendered":"<p>\u00b7 La REDDU est\u00e1 conformada por defensor\u00edas y procuradur\u00edas de los derechos universitarios de Australia,<\/p>\n","protected":false},"author":1,"featured_media":4314,"comment_status":"open","ping_status":"open","sticky":false,"template":"","format":"standard","meta":{"footnotes":""},"categories":[3],"tags":[25],"class_list":["post-4315","post","type-post","status-publish","format-standard","has-post-thumbnail","hentry","category-estatales","tag-uaem"],"yoast_head":"<!-- This site is optimized with the Yoast SEO plugin v25.3 - https:\/\/yoast.com\/wordpress\/plugins\/seo\/ -->\n<title>UAEM presidir\u00e1 un a\u00f1o m\u00e1s\u00a0Red de Organismos Defensores de los Derechos Universitarios - Volcanes<\/title>\n<meta name=\"robots\" content=\"index, follow, max-snippet:-1, max-image-preview:large, max-video-preview:-1\" \/>\n<link rel=\"canonical\" href=\"https:\/\/volcanes.net\/?p=4315\" \/>\n<meta property=\"og:locale\" content=\"es_MX\" \/>\n<meta property=\"og:type\" content=\"article\" \/>\n<meta property=\"og:title\" content=\"UAEM presidir\u00e1 un a\u00f1o m\u00e1s\u00a0Red de Organismos Defensores de los Derechos Universitarios - Volcanes\" \/>\n<meta property=\"og:description\" content=\"\u00b7 La REDDU est\u00e1 conformada por defensor\u00edas y procuradur\u00edas de los derechos universitarios de Australia,\" \/>\n<meta property=\"og:url\" content=\"https:\/\/volcanes.net\/?p=4315\" \/>\n<meta property=\"og:site_name\" content=\"Volcanes\" \/>\n<meta property=\"article:publisher\" content=\"https:\/\/www.facebook.com\/volcanes.net\/\" \/>\n<meta property=\"article:published_time\" content=\"2019-04-05T00:18:45+00:00\" \/>\n<meta property=\"article:modified_time\" content=\"2019-04-05T00:19:47+00:00\" \/>\n<meta property=\"og:image\" content=\"https:\/\/volcanes.net\/wp-content\/uploads\/2019\/04\/Comun-242-12_compress_8.jpg\" \/>\n\t<meta property=\"og:image:width\" content=\"1771\" \/>\n\t<meta property=\"og:image:height\" content=\"1181\" \/>\n\t<meta property=\"og:image:type\" content=\"image\/jpeg\" \/>\n<meta name=\"author\" content=\"admin\" \/>\n<meta name=\"twitter:card\" content=\"summary_large_image\" \/>\n<meta name=\"twitter:label1\" content=\"Escrito por\" \/>\n\t<meta name=\"twitter:data1\" content=\"admin\" \/>\n\t<meta name=\"twitter:label2\" content=\"Tiempo de lectura\" \/>\n\t<meta name=\"twitter:data2\" content=\"2 minutos\" \/>\n<script type=\"application\/ld+json\" class=\"yoast-schema-graph\">{\"@context\":\"https:\/\/schema.org\",\"@graph\":[{\"@type\":\"Article\",\"@id\":\"https:\/\/volcanes.net\/?p=4315#article\",\"isPartOf\":{\"@id\":\"https:\/\/volcanes.net\/?p=4315\"},\"author\":{\"name\":\"admin\",\"@id\":\"https:\/\/volcanes.net\/#\/schema\/person\/4bf0f383940966a4abd53f5048c0e6b9\"},\"headline\":\"UAEM presidir\u00e1 un a\u00f1o m\u00e1s\u00a0Red de Organismos Defensores de los Derechos Universitarios\",\"datePublished\":\"2019-04-05T00:18:45+00:00\",\"dateModified\":\"2019-04-05T00:19:47+00:00\",\"mainEntityOfPage\":{\"@id\":\"https:\/\/volcanes.net\/?p=4315\"},\"wordCount\":398,\"commentCount\":0,\"publisher\":{\"@id\":\"https:\/\/volcanes.net\/#organization\"},\"image\":{\"@id\":\"https:\/\/volcanes.net\/?p=4315#primaryimage\"},\"thumbnailUrl\":\"https:\/\/volcanes.net\/wp-content\/uploads\/2019\/04\/Comun-242-12_compress_8.jpg\",\"keywords\":[\"UAEM\"],\"articleSection\":[\"Estatales\"],\"inLanguage\":\"es\",\"potentialAction\":[{\"@type\":\"CommentAction\",\"name\":\"Comment\",\"target\":[\"https:\/\/volcanes.net\/?p=4315#respond\"]}]},{\"@type\":\"WebPage\",\"@id\":\"https:\/\/volcanes.net\/?p=4315\",\"url\":\"https:\/\/volcanes.net\/?p=4315\",\"name\":\"UAEM presidir\u00e1 un a\u00f1o m\u00e1s\u00a0Red de Organismos Defensores de los Derechos Universitarios - Volcanes\",\"isPartOf\":{\"@id\":\"https:\/\/volcanes.net\/#website\"},\"primaryImageOfPage\":{\"@id\":\"https:\/\/volcanes.net\/?p=4315#primaryimage\"},\"image\":{\"@id\":\"https:\/\/volcanes.net\/?p=4315#primaryimage\"},\"thumbnailUrl\":\"https:\/\/volcanes.net\/wp-content\/uploads\/2019\/04\/Comun-242-12_compress_8.jpg\",\"datePublished\":\"2019-04-05T00:18:45+00:00\",\"dateModified\":\"2019-04-05T00:19:47+00:00\",\"breadcrumb\":{\"@id\":\"https:\/\/volcanes.net\/?p=4315#breadcrumb\"},\"inLanguage\":\"es\",\"potentialAction\":[{\"@type\":\"ReadAction\",\"target\":[\"https:\/\/volcanes.net\/?p=4315\"]}]},{\"@type\":\"ImageObject\",\"inLanguage\":\"es\",\"@id\":\"https:\/\/volcanes.net\/?p=4315#primaryimage\",\"url\":\"https:\/\/volcanes.net\/wp-content\/uploads\/2019\/04\/Comun-242-12_compress_8.jpg\",\"contentUrl\":\"https:\/\/volcanes.net\/wp-content\/uploads\/2019\/04\/Comun-242-12_compress_8.jpg\",\"width\":1771,\"height\":1181},{\"@type\":\"BreadcrumbList\",\"@id\":\"https:\/\/volcanes.net\/?p=4315#breadcrumb\",\"itemListElement\":[{\"@type\":\"ListItem\",\"position\":1,\"name\":\"Portada\",\"item\":\"https:\/\/volcanes.net\/\"},{\"@type\":\"ListItem\",\"position\":2,\"name\":\"UAEM presidir\u00e1 un a\u00f1o m\u00e1s\u00a0Red de Organismos Defensores de los Derechos Universitarios\"}]},{\"@type\":\"WebSite\",\"@id\":\"https:\/\/volcanes.net\/#website\",\"url\":\"https:\/\/volcanes.net\/\",\"name\":\"Volcanes.Net\",\"description\":\"Periodismo Profesional\",\"publisher\":{\"@id\":\"https:\/\/volcanes.net\/#organization\"},\"potentialAction\":[{\"@type\":\"SearchAction\",\"target\":{\"@type\":\"EntryPoint\",\"urlTemplate\":\"https:\/\/volcanes.net\/?s={search_term_string}\"},\"query-input\":{\"@type\":\"PropertyValueSpecification\",\"valueRequired\":true,\"valueName\":\"search_term_string\"}}],\"inLanguage\":\"es\"},{\"@type\":\"Organization\",\"@id\":\"https:\/\/volcanes.net\/#organization\",\"name\":\"Grupo Volcanes\",\"url\":\"https:\/\/volcanes.net\/\",\"logo\":{\"@type\":\"ImageObject\",\"inLanguage\":\"es\",\"@id\":\"https:\/\/volcanes.net\/#\/schema\/logo\/image\/\",\"url\":\"http:\/\/volcanes.net\/wp-content\/uploads\/2017\/12\/Avatar2.jpg\",\"contentUrl\":\"http:\/\/volcanes.net\/wp-content\/uploads\/2017\/12\/Avatar2.jpg\",\"width\":378,\"height\":378,\"caption\":\"Grupo Volcanes\"},\"image\":{\"@id\":\"https:\/\/volcanes.net\/#\/schema\/logo\/image\/\"},\"sameAs\":[\"https:\/\/www.facebook.com\/volcanes.net\/\"]},{\"@type\":\"Person\",\"@id\":\"https:\/\/volcanes.net\/#\/schema\/person\/4bf0f383940966a4abd53f5048c0e6b9\",\"name\":\"admin\",\"image\":{\"@type\":\"ImageObject\",\"inLanguage\":\"es\",\"@id\":\"https:\/\/volcanes.net\/#\/schema\/person\/image\/\",\"url\":\"https:\/\/secure.gravatar.com\/avatar\/ca004e6cba8462b8cb7abc86e382930c?s=96&d=mm&r=g\",\"contentUrl\":\"https:\/\/secure.gravatar.com\/avatar\/ca004e6cba8462b8cb7abc86e382930c?s=96&d=mm&r=g\",\"caption\":\"admin\"}}]}<\/script>\n<!-- \/ Yoast SEO plugin. -->","yoast_head_json":{"title":"UAEM presidir\u00e1 un a\u00f1o m\u00e1s\u00a0Red de Organismos Defensores de los Derechos Universitarios - Volcanes","robots":{"index":"index","follow":"follow","max-snippet":"max-snippet:-1","max-image-preview":"max-image-preview:large","max-video-preview":"max-video-preview:-1"},"canonical":"https:\/\/volcanes.net\/?p=4315","og_locale":"es_MX","og_type":"article","og_title":"UAEM presidir\u00e1 un a\u00f1o m\u00e1s\u00a0Red de Organismos Defensores de los Derechos Universitarios - Volcanes","og_description":"\u00b7 La REDDU est\u00e1 conformada por defensor\u00edas y procuradur\u00edas de los derechos universitarios de Australia,","og_url":"https:\/\/volcanes.net\/?p=4315","og_site_name":"Volcanes","article_publisher":"https:\/\/www.facebook.com\/volcanes.net\/","article_published_time":"2019-04-05T00:18:45+00:00","article_modified_time":"2019-04-05T00:19:47+00:00","og_image":[{"width":1771,"height":1181,"url":"https:\/\/volcanes.net\/wp-content\/uploads\/2019\/04\/Comun-242-12_compress_8.jpg","type":"image\/jpeg"}],"author":"admin","twitter_card":"summary_large_image","twitter_misc":{"Escrito por":"admin","Tiempo de lectura":"2 minutos"},"schema":{"@context":"https:\/\/schema.org","@graph":[{"@type":"Article","@id":"https:\/\/volcanes.net\/?p=4315#article","isPartOf":{"@id":"https:\/\/volcanes.net\/?p=4315"},"author":{"name":"admin","@id":"https:\/\/volcanes.net\/#\/schema\/person\/4bf0f383940966a4abd53f5048c0e6b9"},"headline":"UAEM presidir\u00e1 un a\u00f1o m\u00e1s\u00a0Red de Organismos Defensores de los Derechos Universitarios","datePublished":"2019-04-05T00:18:45+00:00","dateModified":"2019-04-05T00:19:47+00:00","mainEntityOfPage":{"@id":"https:\/\/volcanes.net\/?p=4315"},"wordCount":398,"commentCount":0,"publisher":{"@id":"https:\/\/volcanes.net\/#organization"},"image":{"@id":"https:\/\/volcanes.net\/?p=4315#primaryimage"},"thumbnailUrl":"https:\/\/volcanes.net\/wp-content\/uploads\/2019\/04\/Comun-242-12_compress_8.jpg","keywords":["UAEM"],"articleSection":["Estatales"],"inLanguage":"es","potentialAction":[{"@type":"CommentAction","name":"Comment","target":["https:\/\/volcanes.net\/?p=4315#respond"]}]},{"@type":"WebPage","@id":"https:\/\/volcanes.net\/?p=4315","url":"https:\/\/volcanes.net\/?p=4315","name":"UAEM presidir\u00e1 un a\u00f1o m\u00e1s\u00a0Red de Organismos Defensores de los Derechos Universitarios - Volcanes","isPartOf":{"@id":"https:\/\/volcanes.net\/#website"},"primaryImageOfPage":{"@id":"https:\/\/volcanes.net\/?p=4315#primaryimage"},"image":{"@id":"https:\/\/volcanes.net\/?p=4315#primaryimage"},"thumbnailUrl":"https:\/\/volcanes.net\/wp-content\/uploads\/2019\/04\/Comun-242-12_compress_8.jpg","datePublished":"2019-04-05T00:18:45+00:00","dateModified":"2019-04-05T00:19:47+00:00","breadcrumb":{"@id":"https:\/\/volcanes.net\/?p=4315#breadcrumb"},"inLanguage":"es","potentialAction":[{"@type":"ReadAction","target":["https:\/\/volcanes.net\/?p=4315"]}]},{"@type":"ImageObject","inLanguage":"es","@id":"https:\/\/volcanes.net\/?p=4315#primaryimage","url":"https:\/\/volcanes.net\/wp-content\/uploads\/2019\/04\/Comun-242-12_compress_8.jpg","contentUrl":"https:\/\/volcanes.net\/wp-content\/uploads\/2019\/04\/Comun-242-12_compress_8.jpg","width":1771,"height":1181},{"@type":"BreadcrumbList","@id":"https:\/\/volcanes.net\/?p=4315#breadcrumb","itemListElement":[{"@type":"ListItem","position":1,"name":"Portada","item":"https:\/\/volcanes.net\/"},{"@type":"ListItem","position":2,"name":"UAEM presidir\u00e1 un a\u00f1o m\u00e1s\u00a0Red de Organismos Defensores de los Derechos Universitarios"}]},{"@type":"WebSite","@id":"https:\/\/volcanes.net\/#website","url":"https:\/\/volcanes.net\/","name":"Volcanes.Net","description":"Periodismo Profesional","publisher":{"@id":"https:\/\/volcanes.net\/#organization"},"potentialAction":[{"@type":"SearchAction","target":{"@type":"EntryPoint","urlTemplate":"https:\/\/volcanes.net\/?s={search_term_string}"},"query-input":{"@type":"PropertyValueSpecification","valueRequired":true,"valueName":"search_term_string"}}],"inLanguage":"es"},{"@type":"Organization","@id":"https:\/\/volcanes.net\/#organization","name":"Grupo Volcanes","url":"https:\/\/volcanes.net\/","logo":{"@type":"ImageObject","inLanguage":"es","@id":"https:\/\/volcanes.net\/#\/schema\/logo\/image\/","url":"http:\/\/volcanes.net\/wp-content\/uploads\/2017\/12\/Avatar2.jpg","contentUrl":"http:\/\/volcanes.net\/wp-content\/uploads\/2017\/12\/Avatar2.jpg","width":378,"height":378,"caption":"Grupo Volcanes"},"image":{"@id":"https:\/\/volcanes.net\/#\/schema\/logo\/image\/"},"sameAs":["https:\/\/www.facebook.com\/volcanes.net\/"]},{"@type":"Person","@id":"https:\/\/volcanes.net\/#\/schema\/person\/4bf0f383940966a4abd53f5048c0e6b9","name":"admin","image":{"@type":"ImageObject","inLanguage":"es","@id":"https:\/\/volcanes.net\/#\/schema\/person\/image\/","url":"https:\/\/secure.gravatar.com\/avatar\/ca004e6cba8462b8cb7abc86e382930c?s=96&d=mm&r=g","contentUrl":"https:\/\/secure.gravatar.com\/avatar\/ca004e6cba8462b8cb7abc86e382930c?s=96&d=mm&r=g","caption":"admin"}}]}},"_links":{"self":[{"href":"https:\/\/volcanes.net\/index.php?rest_route=\/wp\/v2\/posts\/4315"}],"collection":[{"href":"https:\/\/volcanes.net\/index.php?rest_route=\/wp\/v2\/posts"}],"about":[{"href":"https:\/\/volcanes.net\/index.php?rest_route=\/wp\/v2\/types\/post"}],"author":[{"embeddable":true,"href":"https:\/\/volcanes.net\/index.php?rest_route=\/wp\/v2\/users\/1"}],"replies":[{"embeddable":true,"href":"https:\/\/volcanes.net\/index.php?rest_route=%2Fwp%2Fv2%2Fcomments&post=4315"}],"version-history":[{"count":1,"href":"https:\/\/volcanes.net\/index.php?rest_route=\/wp\/v2\/posts\/4315\/revisions"}],"predecessor-version":[{"id":4316,"href":"https:\/\/volcanes.net\/index.php?rest_route=\/wp\/v2\/posts\/4315\/revisions\/4316"}],"wp:featuredmedia":[{"embeddable":true,"href":"https:\/\/volcanes.net\/index.php?rest_route=\/wp\/v2\/media\/4314"}],"wp:attachment":[{"href":"https:\/\/volcanes.net\/index.php?rest_route=%2Fwp%2Fv2%2Fmedia&parent=4315"}],"wp:term":[{"taxonomy":"category","embeddable":true,"href":"https:\/\/volcanes.net\/index.php?rest_route=%2Fwp%2Fv2%2Fcategories&post=4315"},{"taxonomy":"post_tag","embeddable":true,"href":"https:\/\/volcanes.net\/index.php?rest_route=%2Fwp%2Fv2%2Ftags&post=4315"}],"curies":[{"name":"wp","href":"https:\/\/api.w.org\/{rel}","templated":true}]}}