{"id":4318,"date":"2019-04-04T18:29:44","date_gmt":"2019-04-05T00:29:44","guid":{"rendered":"http:\/\/volcanes.net\/?p=4318"},"modified":"2019-04-04T18:30:12","modified_gmt":"2019-04-05T00:30:12","slug":"morena-busca-crear-otra-sala-en-la-corte-para-atender-casos-de-corrupcion","status":"publish","type":"post","link":"https:\/\/volcanes.net\/?p=4318","title":{"rendered":"Morena busca crear otra sala en la Corte para atender casos de corrupci\u00f3n"},"content":{"rendered":"<div style=\"margin-top: 0px; margin-bottom: 0px;\" class=\"sharethis-inline-share-buttons\" ><\/div><p style=\"box-sizing:border-box; -webkit-font-smoothing:antialiased; border:0px; font-family:\" noticiatext\",serif; font-size:17px; font-style:normal; font-weight:400; line-height:28.9px; margin:0px0px1.5em; padding:0pxcolor:rgb(153,153,153); font-variant-ligatures:normal; font-variant-caps:normal; letter-spacing:normal; orphans:2; text-indent:0px; text-transform:none; white-space:normal; widows:2; word-spacing:0px; -webkit-text-stroke-width:0px; background-color:rgb(255,255,255); text-decoration-style:initial; text-decoration-color:initial; text-align:left;\">El coordinador de la bancada de Morena en el Senado de la Rep\u00fablica, Ricardo Monreal \u00c1vila, presentar\u00e1 una iniciativa para crear una tercera sala en la Suprema Corte de Justicia de la Naci\u00f3n (SCJN), especializada en materia de anticorrupci\u00f3n.<\/p>\n<p style=\"box-sizing:border-box; -webkit-font-smoothing:antialiased; border:0px; font-family:\" noticiatext\",serif; font-size:17px; font-style:normal; font-weight:400; line-height:28.9px; margin:0px0px1.5em; padding:0pxcolor:rgb(153,153,153); font-variant-ligatures:normal; font-variant-caps:normal; letter-spacing:normal; orphans:2; text-indent:0px; text-transform:none; white-space:normal; widows:2; word-spacing:0px; -webkit-text-stroke-width:0px; background-color:rgb(255,255,255); text-decoration-style:initial; text-decoration-color:initial; text-align:left;\">El tambi\u00e9n presidente de la Junta de Coordinaci\u00f3n Pol\u00edtica (Jucopo) dijo que la SCJN debe contar con la competencia exclusiva para tratar temas de responsabilidad administrativa y delitos que tengan por origen hechos o actos de corrupci\u00f3n en los que participen servidores p\u00fablicos y particulares.<\/p>\n<p style=\"box-sizing:border-box; -webkit-font-smoothing:antialiased; border:0px; font-family:\" noticiatext\",serif; font-size:17px; font-style:normal; font-weight:400; line-height:28.9px; margin:0px0px1.5em; padding:0pxcolor:rgb(153,153,153); font-variant-ligatures:normal; font-variant-caps:normal; letter-spacing:normal; orphans:2; text-indent:0px; text-transform:none; white-space:normal; widows:2; word-spacing:0px; -webkit-text-stroke-width:0px; background-color:rgb(255,255,255); text-decoration-style:initial; text-decoration-color:initial; text-align:left;\">Monreal \u00c1vila precis\u00f3 que la Corte tambi\u00e9n debe tener competencia en materia de responsabilidad patrimonial del Estado y atribuciones establecidas por la Ley Org\u00e1nica del Poder Judicial de la Federaci\u00f3n.<\/p>\n<p style=\"box-sizing:border-box; -webkit-font-smoothing:antialiased; border:0px; font-family:\" noticiatext\",serif; font-size:17px; font-style:normal; font-weight:400; line-height:28.9px; margin:0px0px1.5em; padding:0pxcolor:rgb(153,153,153); font-variant-ligatures:normal; font-variant-caps:normal; letter-spacing:normal; orphans:2; text-indent:0px; text-transform:none; white-space:normal; widows:2; word-spacing:0px; -webkit-text-stroke-width:0px; background-color:rgb(255,255,255); text-decoration-style:initial; text-decoration-color:initial; text-align:left;\">La nueva sala, de acuerdo con la iniciativa, se integrar\u00e1 por cinco nuevos ministros, por lo que se propone modificar la integraci\u00f3n actual del pleno de la Suprema Corte de Justicia de la Naci\u00f3n, para pasar de 11 a 16 integrantes. Sus atribuciones se guiar\u00e1n por lo previsto en el marco normativo aplicable en general a las dem\u00e1s salas.<\/p>\n<p style=\"box-sizing:border-box; -webkit-font-smoothing:antialiased; border:0px; font-family:\" noticiatext\",serif; font-size:17px; font-style:normal; font-weight:400; line-height:28.9px; margin:0px0px1.5em; padding:0pxcolor:rgb(153,153,153); font-variant-ligatures:normal; font-variant-caps:normal; letter-spacing:normal; orphans:2; text-indent:0px; text-transform:none; white-space:normal; widows:2; word-spacing:0px; -webkit-text-stroke-width:0px; background-color:rgb(255,255,255); text-decoration-style:initial; text-decoration-color:initial; text-align:left;\">Adem\u00e1s, propone que el presidente de la Tercera Sala sea integrante del Comit\u00e9 Coordinador del Sistema Nacional Anticorrupci\u00f3n, y marca que la duraci\u00f3n del cargo de los nuevos ministros ser\u00eda escalonada en la primera integraci\u00f3n de la sala, en tanto que los subsecuentes nombramientos atender\u00edan al plazo de 15 a\u00f1os.<\/p>\n<p style=\"box-sizing:border-box; -webkit-font-smoothing:antialiased; border:0px; font-family:\" noticiatext\",serif; font-size:17px; font-style:normal; font-weight:400; line-height:28.9px; margin:0px0px1.5em; padding:0pxcolor:rgb(153,153,153); font-variant-ligatures:normal; font-variant-caps:normal; letter-spacing:normal; orphans:2; text-indent:0px; text-transform:none; white-space:normal; widows:2; word-spacing:0px; -webkit-text-stroke-width:0px; background-color:rgb(255,255,255); text-decoration-style:initial; text-decoration-color:initial; text-align:left;\">Entre los requisitos para ser ministro de la Suprema Corte de Justicia de la Naci\u00f3n, se\u00f1ala el senador Monreal \u00c1vila, se incorpora la inhabilitaci\u00f3n para ocupar el cargo si se ha incurrido en delitos por hechos de corrupci\u00f3n que ameriten pena privativa de libertad por m\u00e1s de un a\u00f1o.<\/p>\n<p style=\"box-sizing:border-box; -webkit-font-smoothing:antialiased; border:0px; font-family:\" noticiatext\",serif; font-size:17px; font-style:normal; font-weight:400; line-height:28.9px; margin:0px0px1.5em; padding:0pxcolor:rgb(153,153,153); font-variant-ligatures:normal; font-variant-caps:normal; letter-spacing:normal; orphans:2; text-indent:0px; text-transform:none; white-space:normal; widows:2; word-spacing:0px; -webkit-text-stroke-width:0px; background-color:rgb(255,255,255); text-decoration-style:initial; text-decoration-color:initial; text-align:left;\">Dada la relevancia que ha cobrado este delito en perjuicio de la administraci\u00f3n p\u00fablica, quien se ubique en este supuesto no podr\u00e1 acceder al m\u00e1ximo tribunal.<\/p>\n<p style=\"box-sizing:border-box; -webkit-font-smoothing:antialiased; border:0px; font-family:\" noticiatext\",serif; font-size:17px; font-style:normal; font-weight:400; line-height:28.9px; margin:0px0px1.5em; padding:0pxcolor:rgb(153,153,153); font-variant-ligatures:normal; font-variant-caps:normal; letter-spacing:normal; orphans:2; text-indent:0px; text-transform:none; white-space:normal; widows:2; word-spacing:0px; -webkit-text-stroke-width:0px; background-color:rgb(255,255,255); text-decoration-style:initial; text-decoration-color:initial; text-align:left;\">Tambi\u00e9n propone que todas las sesiones sean p\u00fablicas y se privilegie la especializaci\u00f3n por materias en los t\u00e9rminos que disponga la Ley Org\u00e1nica del Poder Judicial de la Federaci\u00f3n, regulando que los integrantes de la sala cuenten con experiencia en la materia.<\/p>\n<p style=\"box-sizing:border-box; -webkit-font-smoothing:antialiased; border:0px; font-family:\" noticiatext\",serif; font-size:17px; font-style:normal; font-weight:400; line-height:28.9px; margin:0px0px1.5em; padding:0pxcolor:rgb(153,153,153); font-variant-ligatures:normal; font-variant-caps:normal; letter-spacing:normal; orphans:2; text-indent:0px; text-transform:none; white-space:normal; widows:2; word-spacing:0px; -webkit-text-stroke-width:0px; background-color:rgb(255,255,255); text-decoration-style:initial; text-decoration-color:initial; text-align:left;\">El Ejecutivo federal someter\u00eda al Senado las ternas para la designaci\u00f3n de los cinco integrantes de esa sala de la SCJN especializada en materia de anticorrupci\u00f3n, en un plazo m\u00e1ximo de 60 d\u00edas naturales a partir de su publicaci\u00f3n en el Diario Oficial de la Federaci\u00f3n, conforme al procedimiento previsto en el art\u00edculo 96 de la Constituci\u00f3n.<\/p>\n<p style=\"box-sizing:border-box; -webkit-font-smoothing:antialiased; border:0px; font-family:\" noticiatext\",serif; font-size:17px; font-style:normal; font-weight:400; line-height:28.9px; margin:0px0px1.5em; padding:0pxcolor:rgb(153,153,153); font-variant-ligatures:normal; font-variant-caps:normal; letter-spacing:normal; orphans:2; text-indent:0px; text-transform:none; white-space:normal; widows:2; word-spacing:0px; -webkit-text-stroke-width:0px; background-color:rgb(255,255,255); text-decoration-style:initial; text-decoration-color:initial; text-align:left;\">Esta iniciativa busca apoyarse en los instrumentos internacionales en la materia, suscritos por M\u00e9xico, como la Convenci\u00f3n para Combatir el Cohecho de Servidores P\u00fablicos Extranjeros en Transacciones Comerciales Internacionales de la Organizaci\u00f3n para la Cooperaci\u00f3n y el Desarrollo Econ\u00f3micos (OCDE).<\/p>\n<p style=\"box-sizing:border-box; -webkit-font-smoothing:antialiased; border:0px; font-family:\" noticiatext\",serif; font-size:17px; font-style:normal; font-weight:400; line-height:28.9px; margin:0px0px1.5em; padding:0pxcolor:rgb(153,153,153); font-variant-ligatures:normal; font-variant-caps:normal; letter-spacing:normal; orphans:2; text-indent:0px; text-transform:none; white-space:normal; widows:2; word-spacing:0px; -webkit-text-stroke-width:0px; background-color:rgb(255,255,255); text-decoration-style:initial; text-decoration-color:initial; text-align:left;\">Adem\u00e1s, en la convenciones Interamericana contra la Corrupci\u00f3n de la Organizaci\u00f3n de los Estados Americanos (OEA), y de las Naciones Unidas Contra la Corrupci\u00f3n (UNCAC).<\/p>\n<p style=\"box-sizing:border-box; -webkit-font-smoothing:antialiased; border:0px; font-family:\" noticiatext\",serif; font-size:17px; font-style:normal; font-weight:400; line-height:28.9px; margin:0px0px1.5em; padding:0pxcolor:rgb(153,153,153); font-variant-ligatures:normal; font-variant-caps:normal; letter-spacing:normal; orphans:2; text-indent:0px; text-transform:none; white-space:normal; widows:2; word-spacing:0px; -webkit-text-stroke-width:0px; background-color:rgb(255,255,255); text-decoration-style:initial; text-decoration-color:initial; text-align:left;\">Fuente: NTX<\/p>\n","protected":false},"excerpt":{"rendered":"<p>El coordinador de la bancada de Morena en el Senado de la Rep\u00fablica, Ricardo Monreal<\/p>\n","protected":false},"author":1,"featured_media":4317,"comment_status":"open","ping_status":"open","sticky":false,"template":"","format":"standard","meta":{"footnotes":""},"categories":[1],"tags":[72],"class_list":["post-4318","post","type-post","status-publish","format-standard","has-post-thumbnail","hentry","category-municipales","tag-senado-de-la-republica"],"yoast_head":"<!-- This site is optimized with the Yoast SEO plugin v25.3 - https:\/\/yoast.com\/wordpress\/plugins\/seo\/ -->\n<title>Morena busca crear otra sala en la Corte para atender casos de corrupci\u00f3n - Volcanes<\/title>\n<meta name=\"robots\" content=\"index, follow, max-snippet:-1, max-image-preview:large, max-video-preview:-1\" \/>\n<link rel=\"canonical\" href=\"https:\/\/volcanes.net\/?p=4318\" \/>\n<meta property=\"og:locale\" content=\"es_MX\" \/>\n<meta property=\"og:type\" content=\"article\" \/>\n<meta property=\"og:title\" content=\"Morena busca crear otra sala en la Corte para atender casos de corrupci\u00f3n - Volcanes\" \/>\n<meta property=\"og:description\" content=\"El coordinador de la bancada de Morena en el Senado de la Rep\u00fablica, Ricardo Monreal\" \/>\n<meta property=\"og:url\" content=\"https:\/\/volcanes.net\/?p=4318\" \/>\n<meta property=\"og:site_name\" content=\"Volcanes\" \/>\n<meta property=\"article:publisher\" content=\"https:\/\/www.facebook.com\/volcanes.net\/\" \/>\n<meta property=\"article:published_time\" content=\"2019-04-05T00:29:44+00:00\" \/>\n<meta property=\"article:modified_time\" content=\"2019-04-05T00:30:12+00:00\" \/>\n<meta property=\"og:image\" content=\"https:\/\/volcanes.net\/wp-content\/uploads\/2019\/04\/monreal.jpg\" \/>\n\t<meta property=\"og:image:width\" content=\"550\" \/>\n\t<meta property=\"og:image:height\" content=\"369\" \/>\n\t<meta property=\"og:image:type\" content=\"image\/jpeg\" \/>\n<meta name=\"author\" content=\"admin\" \/>\n<meta name=\"twitter:card\" content=\"summary_large_image\" \/>\n<meta name=\"twitter:label1\" content=\"Escrito por\" \/>\n\t<meta name=\"twitter:data1\" content=\"admin\" \/>\n\t<meta name=\"twitter:label2\" content=\"Tiempo de lectura\" \/>\n\t<meta name=\"twitter:data2\" content=\"3 minutos\" \/>\n<script type=\"application\/ld+json\" class=\"yoast-schema-graph\">{\"@context\":\"https:\/\/schema.org\",\"@graph\":[{\"@type\":\"Article\",\"@id\":\"https:\/\/volcanes.net\/?p=4318#article\",\"isPartOf\":{\"@id\":\"https:\/\/volcanes.net\/?p=4318\"},\"author\":{\"name\":\"admin\",\"@id\":\"https:\/\/volcanes.net\/#\/schema\/person\/4bf0f383940966a4abd53f5048c0e6b9\"},\"headline\":\"Morena busca crear otra sala en la Corte para atender casos de corrupci\u00f3n\",\"datePublished\":\"2019-04-05T00:29:44+00:00\",\"dateModified\":\"2019-04-05T00:30:12+00:00\",\"mainEntityOfPage\":{\"@id\":\"https:\/\/volcanes.net\/?p=4318\"},\"wordCount\":529,\"commentCount\":0,\"publisher\":{\"@id\":\"https:\/\/volcanes.net\/#organization\"},\"image\":{\"@id\":\"https:\/\/volcanes.net\/?p=4318#primaryimage\"},\"thumbnailUrl\":\"https:\/\/volcanes.net\/wp-content\/uploads\/2019\/04\/monreal.jpg\",\"keywords\":[\"Senado de la Rep\u00fablica\"],\"articleSection\":[\"Municipales\"],\"inLanguage\":\"es\",\"potentialAction\":[{\"@type\":\"CommentAction\",\"name\":\"Comment\",\"target\":[\"https:\/\/volcanes.net\/?p=4318#respond\"]}]},{\"@type\":\"WebPage\",\"@id\":\"https:\/\/volcanes.net\/?p=4318\",\"url\":\"https:\/\/volcanes.net\/?p=4318\",\"name\":\"Morena busca crear otra sala en la Corte para atender casos de corrupci\u00f3n - Volcanes\",\"isPartOf\":{\"@id\":\"https:\/\/volcanes.net\/#website\"},\"primaryImageOfPage\":{\"@id\":\"https:\/\/volcanes.net\/?p=4318#primaryimage\"},\"image\":{\"@id\":\"https:\/\/volcanes.net\/?p=4318#primaryimage\"},\"thumbnailUrl\":\"https:\/\/volcanes.net\/wp-content\/uploads\/2019\/04\/monreal.jpg\",\"datePublished\":\"2019-04-05T00:29:44+00:00\",\"dateModified\":\"2019-04-05T00:30:12+00:00\",\"breadcrumb\":{\"@id\":\"https:\/\/volcanes.net\/?p=4318#breadcrumb\"},\"inLanguage\":\"es\",\"potentialAction\":[{\"@type\":\"ReadAction\",\"target\":[\"https:\/\/volcanes.net\/?p=4318\"]}]},{\"@type\":\"ImageObject\",\"inLanguage\":\"es\",\"@id\":\"https:\/\/volcanes.net\/?p=4318#primaryimage\",\"url\":\"https:\/\/volcanes.net\/wp-content\/uploads\/2019\/04\/monreal.jpg\",\"contentUrl\":\"https:\/\/volcanes.net\/wp-content\/uploads\/2019\/04\/monreal.jpg\",\"width\":550,\"height\":369},{\"@type\":\"BreadcrumbList\",\"@id\":\"https:\/\/volcanes.net\/?p=4318#breadcrumb\",\"itemListElement\":[{\"@type\":\"ListItem\",\"position\":1,\"name\":\"Portada\",\"item\":\"https:\/\/volcanes.net\/\"},{\"@type\":\"ListItem\",\"position\":2,\"name\":\"Morena busca crear otra sala en la Corte para atender casos de corrupci\u00f3n\"}]},{\"@type\":\"WebSite\",\"@id\":\"https:\/\/volcanes.net\/#website\",\"url\":\"https:\/\/volcanes.net\/\",\"name\":\"Volcanes.Net\",\"description\":\"Periodismo Profesional\",\"publisher\":{\"@id\":\"https:\/\/volcanes.net\/#organization\"},\"potentialAction\":[{\"@type\":\"SearchAction\",\"target\":{\"@type\":\"EntryPoint\",\"urlTemplate\":\"https:\/\/volcanes.net\/?s={search_term_string}\"},\"query-input\":{\"@type\":\"PropertyValueSpecification\",\"valueRequired\":true,\"valueName\":\"search_term_string\"}}],\"inLanguage\":\"es\"},{\"@type\":\"Organization\",\"@id\":\"https:\/\/volcanes.net\/#organization\",\"name\":\"Grupo Volcanes\",\"url\":\"https:\/\/volcanes.net\/\",\"logo\":{\"@type\":\"ImageObject\",\"inLanguage\":\"es\",\"@id\":\"https:\/\/volcanes.net\/#\/schema\/logo\/image\/\",\"url\":\"http:\/\/volcanes.net\/wp-content\/uploads\/2017\/12\/Avatar2.jpg\",\"contentUrl\":\"http:\/\/volcanes.net\/wp-content\/uploads\/2017\/12\/Avatar2.jpg\",\"width\":378,\"height\":378,\"caption\":\"Grupo Volcanes\"},\"image\":{\"@id\":\"https:\/\/volcanes.net\/#\/schema\/logo\/image\/\"},\"sameAs\":[\"https:\/\/www.facebook.com\/volcanes.net\/\"]},{\"@type\":\"Person\",\"@id\":\"https:\/\/volcanes.net\/#\/schema\/person\/4bf0f383940966a4abd53f5048c0e6b9\",\"name\":\"admin\",\"image\":{\"@type\":\"ImageObject\",\"inLanguage\":\"es\",\"@id\":\"https:\/\/volcanes.net\/#\/schema\/person\/image\/\",\"url\":\"https:\/\/secure.gravatar.com\/avatar\/ca004e6cba8462b8cb7abc86e382930c?s=96&d=mm&r=g\",\"contentUrl\":\"https:\/\/secure.gravatar.com\/avatar\/ca004e6cba8462b8cb7abc86e382930c?s=96&d=mm&r=g\",\"caption\":\"admin\"}}]}<\/script>\n<!-- \/ Yoast SEO plugin. -->","yoast_head_json":{"title":"Morena busca crear otra sala en la Corte para atender casos de corrupci\u00f3n - Volcanes","robots":{"index":"index","follow":"follow","max-snippet":"max-snippet:-1","max-image-preview":"max-image-preview:large","max-video-preview":"max-video-preview:-1"},"canonical":"https:\/\/volcanes.net\/?p=4318","og_locale":"es_MX","og_type":"article","og_title":"Morena busca crear otra sala en la Corte para atender casos de corrupci\u00f3n - Volcanes","og_description":"El coordinador de la bancada de Morena en el Senado de la Rep\u00fablica, Ricardo Monreal","og_url":"https:\/\/volcanes.net\/?p=4318","og_site_name":"Volcanes","article_publisher":"https:\/\/www.facebook.com\/volcanes.net\/","article_published_time":"2019-04-05T00:29:44+00:00","article_modified_time":"2019-04-05T00:30:12+00:00","og_image":[{"width":550,"height":369,"url":"https:\/\/volcanes.net\/wp-content\/uploads\/2019\/04\/monreal.jpg","type":"image\/jpeg"}],"author":"admin","twitter_card":"summary_large_image","twitter_misc":{"Escrito por":"admin","Tiempo de lectura":"3 minutos"},"schema":{"@context":"https:\/\/schema.org","@graph":[{"@type":"Article","@id":"https:\/\/volcanes.net\/?p=4318#article","isPartOf":{"@id":"https:\/\/volcanes.net\/?p=4318"},"author":{"name":"admin","@id":"https:\/\/volcanes.net\/#\/schema\/person\/4bf0f383940966a4abd53f5048c0e6b9"},"headline":"Morena busca crear otra sala en la Corte para atender casos de corrupci\u00f3n","datePublished":"2019-04-05T00:29:44+00:00","dateModified":"2019-04-05T00:30:12+00:00","mainEntityOfPage":{"@id":"https:\/\/volcanes.net\/?p=4318"},"wordCount":529,"commentCount":0,"publisher":{"@id":"https:\/\/volcanes.net\/#organization"},"image":{"@id":"https:\/\/volcanes.net\/?p=4318#primaryimage"},"thumbnailUrl":"https:\/\/volcanes.net\/wp-content\/uploads\/2019\/04\/monreal.jpg","keywords":["Senado de la Rep\u00fablica"],"articleSection":["Municipales"],"inLanguage":"es","potentialAction":[{"@type":"CommentAction","name":"Comment","target":["https:\/\/volcanes.net\/?p=4318#respond"]}]},{"@type":"WebPage","@id":"https:\/\/volcanes.net\/?p=4318","url":"https:\/\/volcanes.net\/?p=4318","name":"Morena busca crear otra sala en la Corte para atender casos de corrupci\u00f3n - Volcanes","isPartOf":{"@id":"https:\/\/volcanes.net\/#website"},"primaryImageOfPage":{"@id":"https:\/\/volcanes.net\/?p=4318#primaryimage"},"image":{"@id":"https:\/\/volcanes.net\/?p=4318#primaryimage"},"thumbnailUrl":"https:\/\/volcanes.net\/wp-content\/uploads\/2019\/04\/monreal.jpg","datePublished":"2019-04-05T00:29:44+00:00","dateModified":"2019-04-05T00:30:12+00:00","breadcrumb":{"@id":"https:\/\/volcanes.net\/?p=4318#breadcrumb"},"inLanguage":"es","potentialAction":[{"@type":"ReadAction","target":["https:\/\/volcanes.net\/?p=4318"]}]},{"@type":"ImageObject","inLanguage":"es","@id":"https:\/\/volcanes.net\/?p=4318#primaryimage","url":"https:\/\/volcanes.net\/wp-content\/uploads\/2019\/04\/monreal.jpg","contentUrl":"https:\/\/volcanes.net\/wp-content\/uploads\/2019\/04\/monreal.jpg","width":550,"height":369},{"@type":"BreadcrumbList","@id":"https:\/\/volcanes.net\/?p=4318#breadcrumb","itemListElement":[{"@type":"ListItem","position":1,"name":"Portada","item":"https:\/\/volcanes.net\/"},{"@type":"ListItem","position":2,"name":"Morena busca crear otra sala en la Corte para atender casos de corrupci\u00f3n"}]},{"@type":"WebSite","@id":"https:\/\/volcanes.net\/#website","url":"https:\/\/volcanes.net\/","name":"Volcanes.Net","description":"Periodismo Profesional","publisher":{"@id":"https:\/\/volcanes.net\/#organization"},"potentialAction":[{"@type":"SearchAction","target":{"@type":"EntryPoint","urlTemplate":"https:\/\/volcanes.net\/?s={search_term_string}"},"query-input":{"@type":"PropertyValueSpecification","valueRequired":true,"valueName":"search_term_string"}}],"inLanguage":"es"},{"@type":"Organization","@id":"https:\/\/volcanes.net\/#organization","name":"Grupo Volcanes","url":"https:\/\/volcanes.net\/","logo":{"@type":"ImageObject","inLanguage":"es","@id":"https:\/\/volcanes.net\/#\/schema\/logo\/image\/","url":"http:\/\/volcanes.net\/wp-content\/uploads\/2017\/12\/Avatar2.jpg","contentUrl":"http:\/\/volcanes.net\/wp-content\/uploads\/2017\/12\/Avatar2.jpg","width":378,"height":378,"caption":"Grupo Volcanes"},"image":{"@id":"https:\/\/volcanes.net\/#\/schema\/logo\/image\/"},"sameAs":["https:\/\/www.facebook.com\/volcanes.net\/"]},{"@type":"Person","@id":"https:\/\/volcanes.net\/#\/schema\/person\/4bf0f383940966a4abd53f5048c0e6b9","name":"admin","image":{"@type":"ImageObject","inLanguage":"es","@id":"https:\/\/volcanes.net\/#\/schema\/person\/image\/","url":"https:\/\/secure.gravatar.com\/avatar\/ca004e6cba8462b8cb7abc86e382930c?s=96&d=mm&r=g","contentUrl":"https:\/\/secure.gravatar.com\/avatar\/ca004e6cba8462b8cb7abc86e382930c?s=96&d=mm&r=g","caption":"admin"}}]}},"_links":{"self":[{"href":"https:\/\/volcanes.net\/index.php?rest_route=\/wp\/v2\/posts\/4318"}],"collection":[{"href":"https:\/\/volcanes.net\/index.php?rest_route=\/wp\/v2\/posts"}],"about":[{"href":"https:\/\/volcanes.net\/index.php?rest_route=\/wp\/v2\/types\/post"}],"author":[{"embeddable":true,"href":"https:\/\/volcanes.net\/index.php?rest_route=\/wp\/v2\/users\/1"}],"replies":[{"embeddable":true,"href":"https:\/\/volcanes.net\/index.php?rest_route=%2Fwp%2Fv2%2Fcomments&post=4318"}],"version-history":[{"count":1,"href":"https:\/\/volcanes.net\/index.php?rest_route=\/wp\/v2\/posts\/4318\/revisions"}],"predecessor-version":[{"id":4319,"href":"https:\/\/volcanes.net\/index.php?rest_route=\/wp\/v2\/posts\/4318\/revisions\/4319"}],"wp:featuredmedia":[{"embeddable":true,"href":"https:\/\/volcanes.net\/index.php?rest_route=\/wp\/v2\/media\/4317"}],"wp:attachment":[{"href":"https:\/\/volcanes.net\/index.php?rest_route=%2Fwp%2Fv2%2Fmedia&parent=4318"}],"wp:term":[{"taxonomy":"category","embeddable":true,"href":"https:\/\/volcanes.net\/index.php?rest_route=%2Fwp%2Fv2%2Fcategories&post=4318"},{"taxonomy":"post_tag","embeddable":true,"href":"https:\/\/volcanes.net\/index.php?rest_route=%2Fwp%2Fv2%2Ftags&post=4318"}],"curies":[{"name":"wp","href":"https:\/\/api.w.org\/{rel}","templated":true}]}}