{"id":433,"date":"2018-01-12T14:51:01","date_gmt":"2018-01-12T14:51:01","guid":{"rendered":"http:\/\/volcanes.net\/?p=433"},"modified":"2018-01-12T14:51:01","modified_gmt":"2018-01-12T14:51:01","slug":"sentencian-a-33-anos-de-prision-a-dos-personas-por-el-delito-de-trata-de-personas","status":"publish","type":"post","link":"https:\/\/volcanes.net\/?p=433","title":{"rendered":"Sentencian a 33 a\u00f1os de prisi\u00f3n a dos personas por el delito de trata de personas"},"content":{"rendered":"<div style=\"margin-top: 0px; margin-bottom: 0px;\" class=\"sharethis-inline-share-buttons\" ><\/div><ul>\n<li><em>Los condenados se encuentran presos en el Penal de Tenancingo en donde compurgan otra condena de 6 a\u00f1os y 4 meses de prisi\u00f3n por el delito de trata de personas, por lo que con esta sentencia enfrentan dos procesos legales en su contra.<\/em><\/li>\n<li><em>Ambas personas obligaban a menores de edad a sostener relaciones sexuales con hombres a cambio de dinero.<\/em><\/li>\n<\/ul>\n<p><strong>Toluca, M\u00e9xico, 11 de enero de 2018.-<\/strong>\u00a0El Representante Social de la Fiscal\u00eda General de Justicia del Estado de M\u00e9xico (FGJEM) acredit\u00f3 la participaci\u00f3n de dos individuos en el delito de trata de personas en la modalidad de explotaci\u00f3n mediante la prostituci\u00f3n, con la agravante de que la v\u00edctima sea una menor de 18 a\u00f1os, il\u00edcito por el que la Autoridad Judicial con sede en Tenancingo los sentenci\u00f3 a 33 a\u00f1os y nueve meses de prisi\u00f3n.<\/p>\n<p>Se trata de Ana Karen Villegas Miranda y Omar S\u00e1nchez Medina, quienes durante el a\u00f1o 2015 obligaron a una menor de 13 a\u00f1os de edad a sostener relaciones sexuales con hombres a cambio de dinero.<\/p>\n<p>De acuerdo con las indagatorias realizadas por personal de la entonces Procuradur\u00eda General de Justicia del Estado de M\u00e9xico, se pudo establecer que en el mes de abril del a\u00f1o 2015, la v\u00edctima conoci\u00f3 a los ahora sentenciados, quienes con base en enga\u00f1os la obligaron a pernoctar junto con ellos y otras adolescentes en un inmueble de la colonia Emiliano Zapata, en el municipio de Tenancingo.<\/p>\n<p>Ambas personas obligaron a la adolescente, as\u00ed como a tres v\u00edctimas m\u00e1s, a sostener relaciones sexuales con hombres a cambio de dinero, hasta el mes de julio, cuando \u00e9sta logr\u00f3 escapar del lugar.<\/p>\n<p>Cabe mencionar que estas personas fueron detenidas ese mismo mes del a\u00f1o 2015, por elementos de la polic\u00eda estatal, en atenci\u00f3n a una llamada de auxilio realizada por los familiares de tres adolescentes, quienes informaron que las v\u00edctimas se hab\u00edan ausentado de sus domicilios a mediados del mes de julio y al parecer se encontraban en un inmueble del municipio de Tenancingo.<\/p>\n<p>Elementos de la CES realizaron un operativo en un domicilio de la colonia Emiliano Zapata, en donde fueron encontradas las tres v\u00edctimas, y fueron detenidos los probables tratantes.<\/p>\n<p>Tras ser aseguradas estas personas fueron presentadas ante el Agente del Ministerio P\u00fablico, quien inici\u00f3 la carpeta de investigaci\u00f3n respectiva por el delito de trata de personas en la modalidad de explotaci\u00f3n sexual, y posteriormente fueron remitidos ante un Juez, quien previo proceso legal les dict\u00f3 una condena de 6 a\u00f1os y 4 meses de prisi\u00f3n.<\/p>\n<p>Adem\u00e1s, el Representante Social se encarg\u00f3 de integrar otra investigaci\u00f3n por este il\u00edcito en agravio de una v\u00edctima de 13 a\u00f1os de edad, por lo que solicit\u00f3 a la Autoridad Judicial con sede en Tenancingo, librar una orden de aprehensi\u00f3n en contra de estos sujetos, misma que fue cumplimentada en reclusi\u00f3n.<\/p>\n","protected":false},"excerpt":{"rendered":"<p>Los condenados se encuentran presos en el Penal de Tenancingo en donde compurgan otra condena<\/p>\n","protected":false},"author":1,"featured_media":434,"comment_status":"open","ping_status":"open","sticky":false,"template":"","format":"standard","meta":{"footnotes":""},"categories":[1],"tags":[74],"class_list":["post-433","post","type-post","status-publish","format-standard","has-post-thumbnail","hentry","category-municipales","tag-tenancingo"],"yoast_head":"<!-- This site is optimized with the Yoast SEO plugin v25.3 - https:\/\/yoast.com\/wordpress\/plugins\/seo\/ -->\n<title>Sentencian a 33 a\u00f1os de prisi\u00f3n a dos personas por el delito de trata de personas - Volcanes<\/title>\n<meta name=\"robots\" content=\"index, follow, max-snippet:-1, max-image-preview:large, max-video-preview:-1\" \/>\n<link rel=\"canonical\" href=\"https:\/\/volcanes.net\/?p=433\" \/>\n<meta property=\"og:locale\" content=\"es_MX\" \/>\n<meta property=\"og:type\" content=\"article\" \/>\n<meta property=\"og:title\" content=\"Sentencian a 33 a\u00f1os de prisi\u00f3n a dos personas por el delito de trata de personas - Volcanes\" \/>\n<meta property=\"og:description\" content=\"Los condenados se encuentran presos en el Penal de Tenancingo en donde compurgan otra condena\" \/>\n<meta property=\"og:url\" content=\"https:\/\/volcanes.net\/?p=433\" \/>\n<meta property=\"og:site_name\" content=\"Volcanes\" \/>\n<meta property=\"article:publisher\" content=\"https:\/\/www.facebook.com\/volcanes.net\/\" \/>\n<meta property=\"article:published_time\" content=\"2018-01-12T14:51:01+00:00\" \/>\n<meta property=\"og:image\" content=\"https:\/\/volcanes.net\/wp-content\/uploads\/2018\/01\/FOTO-C34.jpg\" \/>\n\t<meta property=\"og:image:width\" content=\"448\" \/>\n\t<meta property=\"og:image:height\" content=\"298\" \/>\n\t<meta property=\"og:image:type\" content=\"image\/jpeg\" \/>\n<meta name=\"author\" content=\"admin\" \/>\n<meta name=\"twitter:card\" content=\"summary_large_image\" \/>\n<meta name=\"twitter:label1\" content=\"Escrito por\" \/>\n\t<meta name=\"twitter:data1\" content=\"admin\" \/>\n\t<meta name=\"twitter:label2\" content=\"Tiempo de lectura\" \/>\n\t<meta name=\"twitter:data2\" content=\"2 minutos\" \/>\n<script type=\"application\/ld+json\" class=\"yoast-schema-graph\">{\"@context\":\"https:\/\/schema.org\",\"@graph\":[{\"@type\":\"Article\",\"@id\":\"https:\/\/volcanes.net\/?p=433#article\",\"isPartOf\":{\"@id\":\"https:\/\/volcanes.net\/?p=433\"},\"author\":{\"name\":\"admin\",\"@id\":\"https:\/\/volcanes.net\/#\/schema\/person\/4bf0f383940966a4abd53f5048c0e6b9\"},\"headline\":\"Sentencian a 33 a\u00f1os de prisi\u00f3n a dos personas por el delito de trata de personas\",\"datePublished\":\"2018-01-12T14:51:01+00:00\",\"mainEntityOfPage\":{\"@id\":\"https:\/\/volcanes.net\/?p=433\"},\"wordCount\":513,\"commentCount\":0,\"publisher\":{\"@id\":\"https:\/\/volcanes.net\/#organization\"},\"image\":{\"@id\":\"https:\/\/volcanes.net\/?p=433#primaryimage\"},\"thumbnailUrl\":\"https:\/\/volcanes.net\/wp-content\/uploads\/2018\/01\/FOTO-C34.jpg\",\"keywords\":[\"Tenancingo\"],\"articleSection\":[\"Municipales\"],\"inLanguage\":\"es\",\"potentialAction\":[{\"@type\":\"CommentAction\",\"name\":\"Comment\",\"target\":[\"https:\/\/volcanes.net\/?p=433#respond\"]}]},{\"@type\":\"WebPage\",\"@id\":\"https:\/\/volcanes.net\/?p=433\",\"url\":\"https:\/\/volcanes.net\/?p=433\",\"name\":\"Sentencian a 33 a\u00f1os de prisi\u00f3n a dos personas por el delito de trata de personas - Volcanes\",\"isPartOf\":{\"@id\":\"https:\/\/volcanes.net\/#website\"},\"primaryImageOfPage\":{\"@id\":\"https:\/\/volcanes.net\/?p=433#primaryimage\"},\"image\":{\"@id\":\"https:\/\/volcanes.net\/?p=433#primaryimage\"},\"thumbnailUrl\":\"https:\/\/volcanes.net\/wp-content\/uploads\/2018\/01\/FOTO-C34.jpg\",\"datePublished\":\"2018-01-12T14:51:01+00:00\",\"breadcrumb\":{\"@id\":\"https:\/\/volcanes.net\/?p=433#breadcrumb\"},\"inLanguage\":\"es\",\"potentialAction\":[{\"@type\":\"ReadAction\",\"target\":[\"https:\/\/volcanes.net\/?p=433\"]}]},{\"@type\":\"ImageObject\",\"inLanguage\":\"es\",\"@id\":\"https:\/\/volcanes.net\/?p=433#primaryimage\",\"url\":\"https:\/\/volcanes.net\/wp-content\/uploads\/2018\/01\/FOTO-C34.jpg\",\"contentUrl\":\"https:\/\/volcanes.net\/wp-content\/uploads\/2018\/01\/FOTO-C34.jpg\",\"width\":448,\"height\":298},{\"@type\":\"BreadcrumbList\",\"@id\":\"https:\/\/volcanes.net\/?p=433#breadcrumb\",\"itemListElement\":[{\"@type\":\"ListItem\",\"position\":1,\"name\":\"Portada\",\"item\":\"https:\/\/volcanes.net\/\"},{\"@type\":\"ListItem\",\"position\":2,\"name\":\"Sentencian a 33 a\u00f1os de prisi\u00f3n a dos personas por el delito de trata de personas\"}]},{\"@type\":\"WebSite\",\"@id\":\"https:\/\/volcanes.net\/#website\",\"url\":\"https:\/\/volcanes.net\/\",\"name\":\"Volcanes.Net\",\"description\":\"Periodismo Profesional\",\"publisher\":{\"@id\":\"https:\/\/volcanes.net\/#organization\"},\"potentialAction\":[{\"@type\":\"SearchAction\",\"target\":{\"@type\":\"EntryPoint\",\"urlTemplate\":\"https:\/\/volcanes.net\/?s={search_term_string}\"},\"query-input\":{\"@type\":\"PropertyValueSpecification\",\"valueRequired\":true,\"valueName\":\"search_term_string\"}}],\"inLanguage\":\"es\"},{\"@type\":\"Organization\",\"@id\":\"https:\/\/volcanes.net\/#organization\",\"name\":\"Grupo Volcanes\",\"url\":\"https:\/\/volcanes.net\/\",\"logo\":{\"@type\":\"ImageObject\",\"inLanguage\":\"es\",\"@id\":\"https:\/\/volcanes.net\/#\/schema\/logo\/image\/\",\"url\":\"http:\/\/volcanes.net\/wp-content\/uploads\/2017\/12\/Avatar2.jpg\",\"contentUrl\":\"http:\/\/volcanes.net\/wp-content\/uploads\/2017\/12\/Avatar2.jpg\",\"width\":378,\"height\":378,\"caption\":\"Grupo Volcanes\"},\"image\":{\"@id\":\"https:\/\/volcanes.net\/#\/schema\/logo\/image\/\"},\"sameAs\":[\"https:\/\/www.facebook.com\/volcanes.net\/\"]},{\"@type\":\"Person\",\"@id\":\"https:\/\/volcanes.net\/#\/schema\/person\/4bf0f383940966a4abd53f5048c0e6b9\",\"name\":\"admin\",\"image\":{\"@type\":\"ImageObject\",\"inLanguage\":\"es\",\"@id\":\"https:\/\/volcanes.net\/#\/schema\/person\/image\/\",\"url\":\"https:\/\/secure.gravatar.com\/avatar\/ca004e6cba8462b8cb7abc86e382930c?s=96&d=mm&r=g\",\"contentUrl\":\"https:\/\/secure.gravatar.com\/avatar\/ca004e6cba8462b8cb7abc86e382930c?s=96&d=mm&r=g\",\"caption\":\"admin\"}}]}<\/script>\n<!-- \/ Yoast SEO plugin. -->","yoast_head_json":{"title":"Sentencian a 33 a\u00f1os de prisi\u00f3n a dos personas por el delito de trata de personas - Volcanes","robots":{"index":"index","follow":"follow","max-snippet":"max-snippet:-1","max-image-preview":"max-image-preview:large","max-video-preview":"max-video-preview:-1"},"canonical":"https:\/\/volcanes.net\/?p=433","og_locale":"es_MX","og_type":"article","og_title":"Sentencian a 33 a\u00f1os de prisi\u00f3n a dos personas por el delito de trata de personas - Volcanes","og_description":"Los condenados se encuentran presos en el Penal de Tenancingo en donde compurgan otra condena","og_url":"https:\/\/volcanes.net\/?p=433","og_site_name":"Volcanes","article_publisher":"https:\/\/www.facebook.com\/volcanes.net\/","article_published_time":"2018-01-12T14:51:01+00:00","og_image":[{"width":448,"height":298,"url":"https:\/\/volcanes.net\/wp-content\/uploads\/2018\/01\/FOTO-C34.jpg","type":"image\/jpeg"}],"author":"admin","twitter_card":"summary_large_image","twitter_misc":{"Escrito por":"admin","Tiempo de lectura":"2 minutos"},"schema":{"@context":"https:\/\/schema.org","@graph":[{"@type":"Article","@id":"https:\/\/volcanes.net\/?p=433#article","isPartOf":{"@id":"https:\/\/volcanes.net\/?p=433"},"author":{"name":"admin","@id":"https:\/\/volcanes.net\/#\/schema\/person\/4bf0f383940966a4abd53f5048c0e6b9"},"headline":"Sentencian a 33 a\u00f1os de prisi\u00f3n a dos personas por el delito de trata de personas","datePublished":"2018-01-12T14:51:01+00:00","mainEntityOfPage":{"@id":"https:\/\/volcanes.net\/?p=433"},"wordCount":513,"commentCount":0,"publisher":{"@id":"https:\/\/volcanes.net\/#organization"},"image":{"@id":"https:\/\/volcanes.net\/?p=433#primaryimage"},"thumbnailUrl":"https:\/\/volcanes.net\/wp-content\/uploads\/2018\/01\/FOTO-C34.jpg","keywords":["Tenancingo"],"articleSection":["Municipales"],"inLanguage":"es","potentialAction":[{"@type":"CommentAction","name":"Comment","target":["https:\/\/volcanes.net\/?p=433#respond"]}]},{"@type":"WebPage","@id":"https:\/\/volcanes.net\/?p=433","url":"https:\/\/volcanes.net\/?p=433","name":"Sentencian a 33 a\u00f1os de prisi\u00f3n a dos personas por el delito de trata de personas - Volcanes","isPartOf":{"@id":"https:\/\/volcanes.net\/#website"},"primaryImageOfPage":{"@id":"https:\/\/volcanes.net\/?p=433#primaryimage"},"image":{"@id":"https:\/\/volcanes.net\/?p=433#primaryimage"},"thumbnailUrl":"https:\/\/volcanes.net\/wp-content\/uploads\/2018\/01\/FOTO-C34.jpg","datePublished":"2018-01-12T14:51:01+00:00","breadcrumb":{"@id":"https:\/\/volcanes.net\/?p=433#breadcrumb"},"inLanguage":"es","potentialAction":[{"@type":"ReadAction","target":["https:\/\/volcanes.net\/?p=433"]}]},{"@type":"ImageObject","inLanguage":"es","@id":"https:\/\/volcanes.net\/?p=433#primaryimage","url":"https:\/\/volcanes.net\/wp-content\/uploads\/2018\/01\/FOTO-C34.jpg","contentUrl":"https:\/\/volcanes.net\/wp-content\/uploads\/2018\/01\/FOTO-C34.jpg","width":448,"height":298},{"@type":"BreadcrumbList","@id":"https:\/\/volcanes.net\/?p=433#breadcrumb","itemListElement":[{"@type":"ListItem","position":1,"name":"Portada","item":"https:\/\/volcanes.net\/"},{"@type":"ListItem","position":2,"name":"Sentencian a 33 a\u00f1os de prisi\u00f3n a dos personas por el delito de trata de personas"}]},{"@type":"WebSite","@id":"https:\/\/volcanes.net\/#website","url":"https:\/\/volcanes.net\/","name":"Volcanes.Net","description":"Periodismo Profesional","publisher":{"@id":"https:\/\/volcanes.net\/#organization"},"potentialAction":[{"@type":"SearchAction","target":{"@type":"EntryPoint","urlTemplate":"https:\/\/volcanes.net\/?s={search_term_string}"},"query-input":{"@type":"PropertyValueSpecification","valueRequired":true,"valueName":"search_term_string"}}],"inLanguage":"es"},{"@type":"Organization","@id":"https:\/\/volcanes.net\/#organization","name":"Grupo Volcanes","url":"https:\/\/volcanes.net\/","logo":{"@type":"ImageObject","inLanguage":"es","@id":"https:\/\/volcanes.net\/#\/schema\/logo\/image\/","url":"http:\/\/volcanes.net\/wp-content\/uploads\/2017\/12\/Avatar2.jpg","contentUrl":"http:\/\/volcanes.net\/wp-content\/uploads\/2017\/12\/Avatar2.jpg","width":378,"height":378,"caption":"Grupo Volcanes"},"image":{"@id":"https:\/\/volcanes.net\/#\/schema\/logo\/image\/"},"sameAs":["https:\/\/www.facebook.com\/volcanes.net\/"]},{"@type":"Person","@id":"https:\/\/volcanes.net\/#\/schema\/person\/4bf0f383940966a4abd53f5048c0e6b9","name":"admin","image":{"@type":"ImageObject","inLanguage":"es","@id":"https:\/\/volcanes.net\/#\/schema\/person\/image\/","url":"https:\/\/secure.gravatar.com\/avatar\/ca004e6cba8462b8cb7abc86e382930c?s=96&d=mm&r=g","contentUrl":"https:\/\/secure.gravatar.com\/avatar\/ca004e6cba8462b8cb7abc86e382930c?s=96&d=mm&r=g","caption":"admin"}}]}},"_links":{"self":[{"href":"https:\/\/volcanes.net\/index.php?rest_route=\/wp\/v2\/posts\/433"}],"collection":[{"href":"https:\/\/volcanes.net\/index.php?rest_route=\/wp\/v2\/posts"}],"about":[{"href":"https:\/\/volcanes.net\/index.php?rest_route=\/wp\/v2\/types\/post"}],"author":[{"embeddable":true,"href":"https:\/\/volcanes.net\/index.php?rest_route=\/wp\/v2\/users\/1"}],"replies":[{"embeddable":true,"href":"https:\/\/volcanes.net\/index.php?rest_route=%2Fwp%2Fv2%2Fcomments&post=433"}],"version-history":[{"count":1,"href":"https:\/\/volcanes.net\/index.php?rest_route=\/wp\/v2\/posts\/433\/revisions"}],"predecessor-version":[{"id":435,"href":"https:\/\/volcanes.net\/index.php?rest_route=\/wp\/v2\/posts\/433\/revisions\/435"}],"wp:featuredmedia":[{"embeddable":true,"href":"https:\/\/volcanes.net\/index.php?rest_route=\/wp\/v2\/media\/434"}],"wp:attachment":[{"href":"https:\/\/volcanes.net\/index.php?rest_route=%2Fwp%2Fv2%2Fmedia&parent=433"}],"wp:term":[{"taxonomy":"category","embeddable":true,"href":"https:\/\/volcanes.net\/index.php?rest_route=%2Fwp%2Fv2%2Fcategories&post=433"},{"taxonomy":"post_tag","embeddable":true,"href":"https:\/\/volcanes.net\/index.php?rest_route=%2Fwp%2Fv2%2Ftags&post=433"}],"curies":[{"name":"wp","href":"https:\/\/api.w.org\/{rel}","templated":true}]}}