{"id":4332,"date":"2019-04-05T09:13:19","date_gmt":"2019-04-05T15:13:19","guid":{"rendered":"http:\/\/volcanes.net\/?p=4332"},"modified":"2019-04-05T09:13:48","modified_gmt":"2019-04-05T15:13:48","slug":"continuan-operativos-de-seguridad-en-cuautitlan-izcalli","status":"publish","type":"post","link":"https:\/\/volcanes.net\/?p=4332","title":{"rendered":"Contin\u00faan operativos de Seguridad en Cuautitl\u00e1n Izcalli"},"content":{"rendered":"<div style=\"margin-top: 0px; margin-bottom: 0px;\" class=\"sharethis-inline-share-buttons\" ><\/div><p>El Ayuntamiento de Cuautitl\u00e1n Izcalli a trav\u00e9s de la Comisaria de Seguridad P\u00fablica y Tr\u00e1nsito Municipal, contin\u00faa realizando operativos por diversas colonias del municipio con la finalidad de contrarrestar la inseguridad que padece la ciudadan\u00eda, coment\u00f3 Marco Antonio Grados Mart\u00ednez, polic\u00eda primero, encargado del Sector Dos del territorio.<\/p>\n<p>Con la puesta en marcha del operativo \u201cRastrillo\u201d realizado en la colonia Atlanta primera secci\u00f3n, se llev\u00f3 a cabo la revisi\u00f3n de personas y motociclistas, que manten\u00edan actitud sospechosa. Se detect\u00f3 la presencia de \u201chalcones\u201d, que son menores de edad utilizados por c\u00e9lulas del narcotr\u00e1fico, los cuales cumplen la labor de informar la proximidad de elementos de seguridad p\u00fablica municipal, estatal, del ej\u00e9rcito y la marina.<br \/>\nCabe mencionar que con la realizaci\u00f3n de los operativos, se ha logrado disminuir la venta de droga en la zona, sin que exista un lugar establecido para lo mismo.<\/p>\n","protected":false},"excerpt":{"rendered":"<p>El Ayuntamiento de Cuautitl\u00e1n Izcalli a trav\u00e9s de la Comisaria de Seguridad P\u00fablica y Tr\u00e1nsito<\/p>\n","protected":false},"author":1,"featured_media":4331,"comment_status":"open","ping_status":"open","sticky":false,"template":"","format":"standard","meta":{"footnotes":""},"categories":[1],"tags":[85],"class_list":["post-4332","post","type-post","status-publish","format-standard","has-post-thumbnail","hentry","category-municipales","tag-izcalli"],"yoast_head":"<!-- This site is optimized with the Yoast SEO plugin v25.3 - https:\/\/yoast.com\/wordpress\/plugins\/seo\/ -->\n<title>Contin\u00faan operativos de Seguridad en Cuautitl\u00e1n Izcalli - Volcanes<\/title>\n<meta name=\"robots\" content=\"index, follow, max-snippet:-1, max-image-preview:large, max-video-preview:-1\" \/>\n<link rel=\"canonical\" href=\"https:\/\/volcanes.net\/?p=4332\" \/>\n<meta property=\"og:locale\" content=\"es_MX\" \/>\n<meta property=\"og:type\" content=\"article\" \/>\n<meta property=\"og:title\" content=\"Contin\u00faan operativos de Seguridad en Cuautitl\u00e1n Izcalli - Volcanes\" \/>\n<meta property=\"og:description\" content=\"El Ayuntamiento de Cuautitl\u00e1n Izcalli a trav\u00e9s de la Comisaria de Seguridad P\u00fablica y Tr\u00e1nsito\" \/>\n<meta property=\"og:url\" content=\"https:\/\/volcanes.net\/?p=4332\" \/>\n<meta property=\"og:site_name\" content=\"Volcanes\" \/>\n<meta property=\"article:publisher\" content=\"https:\/\/www.facebook.com\/volcanes.net\/\" \/>\n<meta property=\"article:published_time\" content=\"2019-04-05T15:13:19+00:00\" \/>\n<meta property=\"article:modified_time\" content=\"2019-04-05T15:13:48+00:00\" \/>\n<meta property=\"og:image\" content=\"https:\/\/volcanes.net\/wp-content\/uploads\/2019\/04\/IMG_20190405_091218_000.jpg\" \/>\n\t<meta property=\"og:image:width\" content=\"720\" \/>\n\t<meta property=\"og:image:height\" content=\"404\" \/>\n\t<meta property=\"og:image:type\" content=\"image\/jpeg\" \/>\n<meta name=\"author\" content=\"admin\" \/>\n<meta name=\"twitter:card\" content=\"summary_large_image\" \/>\n<meta name=\"twitter:label1\" content=\"Escrito por\" \/>\n\t<meta name=\"twitter:data1\" content=\"admin\" \/>\n\t<meta name=\"twitter:label2\" content=\"Tiempo de lectura\" \/>\n\t<meta name=\"twitter:data2\" content=\"1 minuto\" \/>\n<script type=\"application\/ld+json\" class=\"yoast-schema-graph\">{\"@context\":\"https:\/\/schema.org\",\"@graph\":[{\"@type\":\"Article\",\"@id\":\"https:\/\/volcanes.net\/?p=4332#article\",\"isPartOf\":{\"@id\":\"https:\/\/volcanes.net\/?p=4332\"},\"author\":{\"name\":\"admin\",\"@id\":\"https:\/\/volcanes.net\/#\/schema\/person\/4bf0f383940966a4abd53f5048c0e6b9\"},\"headline\":\"Contin\u00faan operativos de Seguridad en Cuautitl\u00e1n Izcalli\",\"datePublished\":\"2019-04-05T15:13:19+00:00\",\"dateModified\":\"2019-04-05T15:13:48+00:00\",\"mainEntityOfPage\":{\"@id\":\"https:\/\/volcanes.net\/?p=4332\"},\"wordCount\":168,\"commentCount\":0,\"publisher\":{\"@id\":\"https:\/\/volcanes.net\/#organization\"},\"image\":{\"@id\":\"https:\/\/volcanes.net\/?p=4332#primaryimage\"},\"thumbnailUrl\":\"https:\/\/volcanes.net\/wp-content\/uploads\/2019\/04\/IMG_20190405_091218_000.jpg\",\"keywords\":[\"Izcalli\"],\"articleSection\":[\"Municipales\"],\"inLanguage\":\"es\",\"potentialAction\":[{\"@type\":\"CommentAction\",\"name\":\"Comment\",\"target\":[\"https:\/\/volcanes.net\/?p=4332#respond\"]}]},{\"@type\":\"WebPage\",\"@id\":\"https:\/\/volcanes.net\/?p=4332\",\"url\":\"https:\/\/volcanes.net\/?p=4332\",\"name\":\"Contin\u00faan operativos de Seguridad en Cuautitl\u00e1n Izcalli - Volcanes\",\"isPartOf\":{\"@id\":\"https:\/\/volcanes.net\/#website\"},\"primaryImageOfPage\":{\"@id\":\"https:\/\/volcanes.net\/?p=4332#primaryimage\"},\"image\":{\"@id\":\"https:\/\/volcanes.net\/?p=4332#primaryimage\"},\"thumbnailUrl\":\"https:\/\/volcanes.net\/wp-content\/uploads\/2019\/04\/IMG_20190405_091218_000.jpg\",\"datePublished\":\"2019-04-05T15:13:19+00:00\",\"dateModified\":\"2019-04-05T15:13:48+00:00\",\"breadcrumb\":{\"@id\":\"https:\/\/volcanes.net\/?p=4332#breadcrumb\"},\"inLanguage\":\"es\",\"potentialAction\":[{\"@type\":\"ReadAction\",\"target\":[\"https:\/\/volcanes.net\/?p=4332\"]}]},{\"@type\":\"ImageObject\",\"inLanguage\":\"es\",\"@id\":\"https:\/\/volcanes.net\/?p=4332#primaryimage\",\"url\":\"https:\/\/volcanes.net\/wp-content\/uploads\/2019\/04\/IMG_20190405_091218_000.jpg\",\"contentUrl\":\"https:\/\/volcanes.net\/wp-content\/uploads\/2019\/04\/IMG_20190405_091218_000.jpg\",\"width\":720,\"height\":404},{\"@type\":\"BreadcrumbList\",\"@id\":\"https:\/\/volcanes.net\/?p=4332#breadcrumb\",\"itemListElement\":[{\"@type\":\"ListItem\",\"position\":1,\"name\":\"Portada\",\"item\":\"https:\/\/volcanes.net\/\"},{\"@type\":\"ListItem\",\"position\":2,\"name\":\"Contin\u00faan operativos de Seguridad en Cuautitl\u00e1n Izcalli\"}]},{\"@type\":\"WebSite\",\"@id\":\"https:\/\/volcanes.net\/#website\",\"url\":\"https:\/\/volcanes.net\/\",\"name\":\"Volcanes.Net\",\"description\":\"Periodismo Profesional\",\"publisher\":{\"@id\":\"https:\/\/volcanes.net\/#organization\"},\"potentialAction\":[{\"@type\":\"SearchAction\",\"target\":{\"@type\":\"EntryPoint\",\"urlTemplate\":\"https:\/\/volcanes.net\/?s={search_term_string}\"},\"query-input\":{\"@type\":\"PropertyValueSpecification\",\"valueRequired\":true,\"valueName\":\"search_term_string\"}}],\"inLanguage\":\"es\"},{\"@type\":\"Organization\",\"@id\":\"https:\/\/volcanes.net\/#organization\",\"name\":\"Grupo Volcanes\",\"url\":\"https:\/\/volcanes.net\/\",\"logo\":{\"@type\":\"ImageObject\",\"inLanguage\":\"es\",\"@id\":\"https:\/\/volcanes.net\/#\/schema\/logo\/image\/\",\"url\":\"http:\/\/volcanes.net\/wp-content\/uploads\/2017\/12\/Avatar2.jpg\",\"contentUrl\":\"http:\/\/volcanes.net\/wp-content\/uploads\/2017\/12\/Avatar2.jpg\",\"width\":378,\"height\":378,\"caption\":\"Grupo Volcanes\"},\"image\":{\"@id\":\"https:\/\/volcanes.net\/#\/schema\/logo\/image\/\"},\"sameAs\":[\"https:\/\/www.facebook.com\/volcanes.net\/\"]},{\"@type\":\"Person\",\"@id\":\"https:\/\/volcanes.net\/#\/schema\/person\/4bf0f383940966a4abd53f5048c0e6b9\",\"name\":\"admin\",\"image\":{\"@type\":\"ImageObject\",\"inLanguage\":\"es\",\"@id\":\"https:\/\/volcanes.net\/#\/schema\/person\/image\/\",\"url\":\"https:\/\/secure.gravatar.com\/avatar\/ca004e6cba8462b8cb7abc86e382930c?s=96&d=mm&r=g\",\"contentUrl\":\"https:\/\/secure.gravatar.com\/avatar\/ca004e6cba8462b8cb7abc86e382930c?s=96&d=mm&r=g\",\"caption\":\"admin\"}}]}<\/script>\n<!-- \/ Yoast SEO plugin. -->","yoast_head_json":{"title":"Contin\u00faan operativos de Seguridad en Cuautitl\u00e1n Izcalli - Volcanes","robots":{"index":"index","follow":"follow","max-snippet":"max-snippet:-1","max-image-preview":"max-image-preview:large","max-video-preview":"max-video-preview:-1"},"canonical":"https:\/\/volcanes.net\/?p=4332","og_locale":"es_MX","og_type":"article","og_title":"Contin\u00faan operativos de Seguridad en Cuautitl\u00e1n Izcalli - Volcanes","og_description":"El Ayuntamiento de Cuautitl\u00e1n Izcalli a trav\u00e9s de la Comisaria de Seguridad P\u00fablica y Tr\u00e1nsito","og_url":"https:\/\/volcanes.net\/?p=4332","og_site_name":"Volcanes","article_publisher":"https:\/\/www.facebook.com\/volcanes.net\/","article_published_time":"2019-04-05T15:13:19+00:00","article_modified_time":"2019-04-05T15:13:48+00:00","og_image":[{"width":720,"height":404,"url":"https:\/\/volcanes.net\/wp-content\/uploads\/2019\/04\/IMG_20190405_091218_000.jpg","type":"image\/jpeg"}],"author":"admin","twitter_card":"summary_large_image","twitter_misc":{"Escrito por":"admin","Tiempo de lectura":"1 minuto"},"schema":{"@context":"https:\/\/schema.org","@graph":[{"@type":"Article","@id":"https:\/\/volcanes.net\/?p=4332#article","isPartOf":{"@id":"https:\/\/volcanes.net\/?p=4332"},"author":{"name":"admin","@id":"https:\/\/volcanes.net\/#\/schema\/person\/4bf0f383940966a4abd53f5048c0e6b9"},"headline":"Contin\u00faan operativos de Seguridad en Cuautitl\u00e1n Izcalli","datePublished":"2019-04-05T15:13:19+00:00","dateModified":"2019-04-05T15:13:48+00:00","mainEntityOfPage":{"@id":"https:\/\/volcanes.net\/?p=4332"},"wordCount":168,"commentCount":0,"publisher":{"@id":"https:\/\/volcanes.net\/#organization"},"image":{"@id":"https:\/\/volcanes.net\/?p=4332#primaryimage"},"thumbnailUrl":"https:\/\/volcanes.net\/wp-content\/uploads\/2019\/04\/IMG_20190405_091218_000.jpg","keywords":["Izcalli"],"articleSection":["Municipales"],"inLanguage":"es","potentialAction":[{"@type":"CommentAction","name":"Comment","target":["https:\/\/volcanes.net\/?p=4332#respond"]}]},{"@type":"WebPage","@id":"https:\/\/volcanes.net\/?p=4332","url":"https:\/\/volcanes.net\/?p=4332","name":"Contin\u00faan operativos de Seguridad en Cuautitl\u00e1n Izcalli - Volcanes","isPartOf":{"@id":"https:\/\/volcanes.net\/#website"},"primaryImageOfPage":{"@id":"https:\/\/volcanes.net\/?p=4332#primaryimage"},"image":{"@id":"https:\/\/volcanes.net\/?p=4332#primaryimage"},"thumbnailUrl":"https:\/\/volcanes.net\/wp-content\/uploads\/2019\/04\/IMG_20190405_091218_000.jpg","datePublished":"2019-04-05T15:13:19+00:00","dateModified":"2019-04-05T15:13:48+00:00","breadcrumb":{"@id":"https:\/\/volcanes.net\/?p=4332#breadcrumb"},"inLanguage":"es","potentialAction":[{"@type":"ReadAction","target":["https:\/\/volcanes.net\/?p=4332"]}]},{"@type":"ImageObject","inLanguage":"es","@id":"https:\/\/volcanes.net\/?p=4332#primaryimage","url":"https:\/\/volcanes.net\/wp-content\/uploads\/2019\/04\/IMG_20190405_091218_000.jpg","contentUrl":"https:\/\/volcanes.net\/wp-content\/uploads\/2019\/04\/IMG_20190405_091218_000.jpg","width":720,"height":404},{"@type":"BreadcrumbList","@id":"https:\/\/volcanes.net\/?p=4332#breadcrumb","itemListElement":[{"@type":"ListItem","position":1,"name":"Portada","item":"https:\/\/volcanes.net\/"},{"@type":"ListItem","position":2,"name":"Contin\u00faan operativos de Seguridad en Cuautitl\u00e1n Izcalli"}]},{"@type":"WebSite","@id":"https:\/\/volcanes.net\/#website","url":"https:\/\/volcanes.net\/","name":"Volcanes.Net","description":"Periodismo Profesional","publisher":{"@id":"https:\/\/volcanes.net\/#organization"},"potentialAction":[{"@type":"SearchAction","target":{"@type":"EntryPoint","urlTemplate":"https:\/\/volcanes.net\/?s={search_term_string}"},"query-input":{"@type":"PropertyValueSpecification","valueRequired":true,"valueName":"search_term_string"}}],"inLanguage":"es"},{"@type":"Organization","@id":"https:\/\/volcanes.net\/#organization","name":"Grupo Volcanes","url":"https:\/\/volcanes.net\/","logo":{"@type":"ImageObject","inLanguage":"es","@id":"https:\/\/volcanes.net\/#\/schema\/logo\/image\/","url":"http:\/\/volcanes.net\/wp-content\/uploads\/2017\/12\/Avatar2.jpg","contentUrl":"http:\/\/volcanes.net\/wp-content\/uploads\/2017\/12\/Avatar2.jpg","width":378,"height":378,"caption":"Grupo Volcanes"},"image":{"@id":"https:\/\/volcanes.net\/#\/schema\/logo\/image\/"},"sameAs":["https:\/\/www.facebook.com\/volcanes.net\/"]},{"@type":"Person","@id":"https:\/\/volcanes.net\/#\/schema\/person\/4bf0f383940966a4abd53f5048c0e6b9","name":"admin","image":{"@type":"ImageObject","inLanguage":"es","@id":"https:\/\/volcanes.net\/#\/schema\/person\/image\/","url":"https:\/\/secure.gravatar.com\/avatar\/ca004e6cba8462b8cb7abc86e382930c?s=96&d=mm&r=g","contentUrl":"https:\/\/secure.gravatar.com\/avatar\/ca004e6cba8462b8cb7abc86e382930c?s=96&d=mm&r=g","caption":"admin"}}]}},"_links":{"self":[{"href":"https:\/\/volcanes.net\/index.php?rest_route=\/wp\/v2\/posts\/4332"}],"collection":[{"href":"https:\/\/volcanes.net\/index.php?rest_route=\/wp\/v2\/posts"}],"about":[{"href":"https:\/\/volcanes.net\/index.php?rest_route=\/wp\/v2\/types\/post"}],"author":[{"embeddable":true,"href":"https:\/\/volcanes.net\/index.php?rest_route=\/wp\/v2\/users\/1"}],"replies":[{"embeddable":true,"href":"https:\/\/volcanes.net\/index.php?rest_route=%2Fwp%2Fv2%2Fcomments&post=4332"}],"version-history":[{"count":1,"href":"https:\/\/volcanes.net\/index.php?rest_route=\/wp\/v2\/posts\/4332\/revisions"}],"predecessor-version":[{"id":4333,"href":"https:\/\/volcanes.net\/index.php?rest_route=\/wp\/v2\/posts\/4332\/revisions\/4333"}],"wp:featuredmedia":[{"embeddable":true,"href":"https:\/\/volcanes.net\/index.php?rest_route=\/wp\/v2\/media\/4331"}],"wp:attachment":[{"href":"https:\/\/volcanes.net\/index.php?rest_route=%2Fwp%2Fv2%2Fmedia&parent=4332"}],"wp:term":[{"taxonomy":"category","embeddable":true,"href":"https:\/\/volcanes.net\/index.php?rest_route=%2Fwp%2Fv2%2Fcategories&post=4332"},{"taxonomy":"post_tag","embeddable":true,"href":"https:\/\/volcanes.net\/index.php?rest_route=%2Fwp%2Fv2%2Ftags&post=4332"}],"curies":[{"name":"wp","href":"https:\/\/api.w.org\/{rel}","templated":true}]}}