{"id":4338,"date":"2019-04-05T20:34:20","date_gmt":"2019-04-06T02:34:20","guid":{"rendered":"http:\/\/volcanes.net\/?p=4338"},"modified":"2019-04-05T20:35:04","modified_gmt":"2019-04-06T02:35:04","slug":"balacera-en-valle-de-chalco-termina-en-persecucion","status":"publish","type":"post","link":"https:\/\/volcanes.net\/?p=4338","title":{"rendered":"Balacera en Valle de Chalco termina en persecuci\u00f3n"},"content":{"rendered":"<div style=\"margin-top: 0px; margin-bottom: 0px;\" class=\"sharethis-inline-share-buttons\" ><\/div><p>Valle de Chalco, M\u00e9x, 5 de abril de 2019.- Tres muertos y un lesionado es el resultado extraoficial de una probable ejecuci\u00f3n  en la colonia Xico 4ta. secci\u00f3n municipio de Valle de Chalco.<\/p>\n<p>Fuentes extraoficiales aseguran que a las cuatro personas las levantaron en la calle Poniente 6 de la colonia Xico 4ta. Secci\u00f3n  y las trasladaron a la avenida Lombardo Toledano, esquina Tezozomoc, donde los ejecutaron.<\/p>\n<p>En el lugar fueron descubiertos los cuerpos sin vida de una mujer y dos hombres, mismos que presentan lesiones producidas por arma de fuego, mientras que otro hombre result\u00f3  lesionado en boca, mand\u00edbula y t\u00f3rax, por lo que fue trasladado al Hospital Fernando Quiroz.<\/p>\n<p>Tras esto, las c\u00e1maras de seguridad  p\u00fablica detectaron que una camioneta Optra color gris con sujetos armados  transitaba a alta velocidad por el municipio de Valle de Chalco, por lo que patrullas de la polic\u00eda  municipal iniciaron su persecuci\u00f3n.<\/p>\n<p>Sin embargo, los presuntos homicidas tomaron por la avenida  Solidaridad y salieron del municipio rumbo a Chalco, por lo que los uniformados solicitaron  apoyo a los polic\u00edas de ese municipio, pero no pudieron ser detenidos y continu\u00f3 la persecuci\u00f3n  hasta las inmediaciones de San Andr\u00e9s Metla del municipio de Cocotitl\u00e1n.<\/p>\n<p>Trascendi\u00f3 que fueron detenidos y se identificaron como polic\u00edas judiciales.<\/p>\n","protected":false},"excerpt":{"rendered":"<p>Valle de Chalco, M\u00e9x, 5 de abril de 2019.- Tres muertos y un lesionado es<\/p>\n","protected":false},"author":1,"featured_media":4337,"comment_status":"open","ping_status":"open","sticky":false,"template":"","format":"standard","meta":{"footnotes":""},"categories":[1],"tags":[5],"class_list":["post-4338","post","type-post","status-publish","format-standard","has-post-thumbnail","hentry","category-municipales","tag-valle-de-chalco"],"yoast_head":"<!-- This site is optimized with the Yoast SEO plugin v25.3 - https:\/\/yoast.com\/wordpress\/plugins\/seo\/ -->\n<title>Balacera en Valle de Chalco termina en persecuci\u00f3n - Volcanes<\/title>\n<meta name=\"robots\" content=\"index, follow, max-snippet:-1, max-image-preview:large, max-video-preview:-1\" \/>\n<link rel=\"canonical\" href=\"https:\/\/volcanes.net\/?p=4338\" \/>\n<meta property=\"og:locale\" content=\"es_MX\" \/>\n<meta property=\"og:type\" content=\"article\" \/>\n<meta property=\"og:title\" content=\"Balacera en Valle de Chalco termina en persecuci\u00f3n - Volcanes\" \/>\n<meta property=\"og:description\" content=\"Valle de Chalco, M\u00e9x, 5 de abril de 2019.- Tres muertos y un lesionado es\" \/>\n<meta property=\"og:url\" content=\"https:\/\/volcanes.net\/?p=4338\" \/>\n<meta property=\"og:site_name\" content=\"Volcanes\" \/>\n<meta property=\"article:publisher\" content=\"https:\/\/www.facebook.com\/volcanes.net\/\" \/>\n<meta property=\"article:published_time\" content=\"2019-04-06T02:34:20+00:00\" \/>\n<meta property=\"article:modified_time\" content=\"2019-04-06T02:35:04+00:00\" \/>\n<meta property=\"og:image\" content=\"https:\/\/volcanes.net\/wp-content\/uploads\/2019\/04\/IMG_20190405_141314_704.jpg\" \/>\n\t<meta property=\"og:image:width\" content=\"648\" \/>\n\t<meta property=\"og:image:height\" content=\"368\" \/>\n\t<meta property=\"og:image:type\" content=\"image\/jpeg\" \/>\n<meta name=\"author\" content=\"admin\" \/>\n<meta name=\"twitter:card\" content=\"summary_large_image\" \/>\n<meta name=\"twitter:label1\" content=\"Escrito por\" \/>\n\t<meta name=\"twitter:data1\" content=\"admin\" \/>\n\t<meta name=\"twitter:label2\" content=\"Tiempo de lectura\" \/>\n\t<meta name=\"twitter:data2\" content=\"1 minuto\" \/>\n<script type=\"application\/ld+json\" class=\"yoast-schema-graph\">{\"@context\":\"https:\/\/schema.org\",\"@graph\":[{\"@type\":\"Article\",\"@id\":\"https:\/\/volcanes.net\/?p=4338#article\",\"isPartOf\":{\"@id\":\"https:\/\/volcanes.net\/?p=4338\"},\"author\":{\"name\":\"admin\",\"@id\":\"https:\/\/volcanes.net\/#\/schema\/person\/4bf0f383940966a4abd53f5048c0e6b9\"},\"headline\":\"Balacera en Valle de Chalco termina en persecuci\u00f3n\",\"datePublished\":\"2019-04-06T02:34:20+00:00\",\"dateModified\":\"2019-04-06T02:35:04+00:00\",\"mainEntityOfPage\":{\"@id\":\"https:\/\/volcanes.net\/?p=4338\"},\"wordCount\":232,\"commentCount\":0,\"publisher\":{\"@id\":\"https:\/\/volcanes.net\/#organization\"},\"image\":{\"@id\":\"https:\/\/volcanes.net\/?p=4338#primaryimage\"},\"thumbnailUrl\":\"https:\/\/volcanes.net\/wp-content\/uploads\/2019\/04\/IMG_20190405_141314_704.jpg\",\"keywords\":[\"Valle de Chalco\"],\"articleSection\":[\"Municipales\"],\"inLanguage\":\"es\",\"potentialAction\":[{\"@type\":\"CommentAction\",\"name\":\"Comment\",\"target\":[\"https:\/\/volcanes.net\/?p=4338#respond\"]}]},{\"@type\":\"WebPage\",\"@id\":\"https:\/\/volcanes.net\/?p=4338\",\"url\":\"https:\/\/volcanes.net\/?p=4338\",\"name\":\"Balacera en Valle de Chalco termina en persecuci\u00f3n - Volcanes\",\"isPartOf\":{\"@id\":\"https:\/\/volcanes.net\/#website\"},\"primaryImageOfPage\":{\"@id\":\"https:\/\/volcanes.net\/?p=4338#primaryimage\"},\"image\":{\"@id\":\"https:\/\/volcanes.net\/?p=4338#primaryimage\"},\"thumbnailUrl\":\"https:\/\/volcanes.net\/wp-content\/uploads\/2019\/04\/IMG_20190405_141314_704.jpg\",\"datePublished\":\"2019-04-06T02:34:20+00:00\",\"dateModified\":\"2019-04-06T02:35:04+00:00\",\"breadcrumb\":{\"@id\":\"https:\/\/volcanes.net\/?p=4338#breadcrumb\"},\"inLanguage\":\"es\",\"potentialAction\":[{\"@type\":\"ReadAction\",\"target\":[\"https:\/\/volcanes.net\/?p=4338\"]}]},{\"@type\":\"ImageObject\",\"inLanguage\":\"es\",\"@id\":\"https:\/\/volcanes.net\/?p=4338#primaryimage\",\"url\":\"https:\/\/volcanes.net\/wp-content\/uploads\/2019\/04\/IMG_20190405_141314_704.jpg\",\"contentUrl\":\"https:\/\/volcanes.net\/wp-content\/uploads\/2019\/04\/IMG_20190405_141314_704.jpg\",\"width\":648,\"height\":368},{\"@type\":\"BreadcrumbList\",\"@id\":\"https:\/\/volcanes.net\/?p=4338#breadcrumb\",\"itemListElement\":[{\"@type\":\"ListItem\",\"position\":1,\"name\":\"Portada\",\"item\":\"https:\/\/volcanes.net\/\"},{\"@type\":\"ListItem\",\"position\":2,\"name\":\"Balacera en Valle de Chalco termina en persecuci\u00f3n\"}]},{\"@type\":\"WebSite\",\"@id\":\"https:\/\/volcanes.net\/#website\",\"url\":\"https:\/\/volcanes.net\/\",\"name\":\"Volcanes.Net\",\"description\":\"Periodismo Profesional\",\"publisher\":{\"@id\":\"https:\/\/volcanes.net\/#organization\"},\"potentialAction\":[{\"@type\":\"SearchAction\",\"target\":{\"@type\":\"EntryPoint\",\"urlTemplate\":\"https:\/\/volcanes.net\/?s={search_term_string}\"},\"query-input\":{\"@type\":\"PropertyValueSpecification\",\"valueRequired\":true,\"valueName\":\"search_term_string\"}}],\"inLanguage\":\"es\"},{\"@type\":\"Organization\",\"@id\":\"https:\/\/volcanes.net\/#organization\",\"name\":\"Grupo Volcanes\",\"url\":\"https:\/\/volcanes.net\/\",\"logo\":{\"@type\":\"ImageObject\",\"inLanguage\":\"es\",\"@id\":\"https:\/\/volcanes.net\/#\/schema\/logo\/image\/\",\"url\":\"http:\/\/volcanes.net\/wp-content\/uploads\/2017\/12\/Avatar2.jpg\",\"contentUrl\":\"http:\/\/volcanes.net\/wp-content\/uploads\/2017\/12\/Avatar2.jpg\",\"width\":378,\"height\":378,\"caption\":\"Grupo Volcanes\"},\"image\":{\"@id\":\"https:\/\/volcanes.net\/#\/schema\/logo\/image\/\"},\"sameAs\":[\"https:\/\/www.facebook.com\/volcanes.net\/\"]},{\"@type\":\"Person\",\"@id\":\"https:\/\/volcanes.net\/#\/schema\/person\/4bf0f383940966a4abd53f5048c0e6b9\",\"name\":\"admin\",\"image\":{\"@type\":\"ImageObject\",\"inLanguage\":\"es\",\"@id\":\"https:\/\/volcanes.net\/#\/schema\/person\/image\/\",\"url\":\"https:\/\/secure.gravatar.com\/avatar\/ca004e6cba8462b8cb7abc86e382930c?s=96&d=mm&r=g\",\"contentUrl\":\"https:\/\/secure.gravatar.com\/avatar\/ca004e6cba8462b8cb7abc86e382930c?s=96&d=mm&r=g\",\"caption\":\"admin\"}}]}<\/script>\n<!-- \/ Yoast SEO plugin. -->","yoast_head_json":{"title":"Balacera en Valle de Chalco termina en persecuci\u00f3n - Volcanes","robots":{"index":"index","follow":"follow","max-snippet":"max-snippet:-1","max-image-preview":"max-image-preview:large","max-video-preview":"max-video-preview:-1"},"canonical":"https:\/\/volcanes.net\/?p=4338","og_locale":"es_MX","og_type":"article","og_title":"Balacera en Valle de Chalco termina en persecuci\u00f3n - Volcanes","og_description":"Valle de Chalco, M\u00e9x, 5 de abril de 2019.- Tres muertos y un lesionado es","og_url":"https:\/\/volcanes.net\/?p=4338","og_site_name":"Volcanes","article_publisher":"https:\/\/www.facebook.com\/volcanes.net\/","article_published_time":"2019-04-06T02:34:20+00:00","article_modified_time":"2019-04-06T02:35:04+00:00","og_image":[{"width":648,"height":368,"url":"https:\/\/volcanes.net\/wp-content\/uploads\/2019\/04\/IMG_20190405_141314_704.jpg","type":"image\/jpeg"}],"author":"admin","twitter_card":"summary_large_image","twitter_misc":{"Escrito por":"admin","Tiempo de lectura":"1 minuto"},"schema":{"@context":"https:\/\/schema.org","@graph":[{"@type":"Article","@id":"https:\/\/volcanes.net\/?p=4338#article","isPartOf":{"@id":"https:\/\/volcanes.net\/?p=4338"},"author":{"name":"admin","@id":"https:\/\/volcanes.net\/#\/schema\/person\/4bf0f383940966a4abd53f5048c0e6b9"},"headline":"Balacera en Valle de Chalco termina en persecuci\u00f3n","datePublished":"2019-04-06T02:34:20+00:00","dateModified":"2019-04-06T02:35:04+00:00","mainEntityOfPage":{"@id":"https:\/\/volcanes.net\/?p=4338"},"wordCount":232,"commentCount":0,"publisher":{"@id":"https:\/\/volcanes.net\/#organization"},"image":{"@id":"https:\/\/volcanes.net\/?p=4338#primaryimage"},"thumbnailUrl":"https:\/\/volcanes.net\/wp-content\/uploads\/2019\/04\/IMG_20190405_141314_704.jpg","keywords":["Valle de Chalco"],"articleSection":["Municipales"],"inLanguage":"es","potentialAction":[{"@type":"CommentAction","name":"Comment","target":["https:\/\/volcanes.net\/?p=4338#respond"]}]},{"@type":"WebPage","@id":"https:\/\/volcanes.net\/?p=4338","url":"https:\/\/volcanes.net\/?p=4338","name":"Balacera en Valle de Chalco termina en persecuci\u00f3n - Volcanes","isPartOf":{"@id":"https:\/\/volcanes.net\/#website"},"primaryImageOfPage":{"@id":"https:\/\/volcanes.net\/?p=4338#primaryimage"},"image":{"@id":"https:\/\/volcanes.net\/?p=4338#primaryimage"},"thumbnailUrl":"https:\/\/volcanes.net\/wp-content\/uploads\/2019\/04\/IMG_20190405_141314_704.jpg","datePublished":"2019-04-06T02:34:20+00:00","dateModified":"2019-04-06T02:35:04+00:00","breadcrumb":{"@id":"https:\/\/volcanes.net\/?p=4338#breadcrumb"},"inLanguage":"es","potentialAction":[{"@type":"ReadAction","target":["https:\/\/volcanes.net\/?p=4338"]}]},{"@type":"ImageObject","inLanguage":"es","@id":"https:\/\/volcanes.net\/?p=4338#primaryimage","url":"https:\/\/volcanes.net\/wp-content\/uploads\/2019\/04\/IMG_20190405_141314_704.jpg","contentUrl":"https:\/\/volcanes.net\/wp-content\/uploads\/2019\/04\/IMG_20190405_141314_704.jpg","width":648,"height":368},{"@type":"BreadcrumbList","@id":"https:\/\/volcanes.net\/?p=4338#breadcrumb","itemListElement":[{"@type":"ListItem","position":1,"name":"Portada","item":"https:\/\/volcanes.net\/"},{"@type":"ListItem","position":2,"name":"Balacera en Valle de Chalco termina en persecuci\u00f3n"}]},{"@type":"WebSite","@id":"https:\/\/volcanes.net\/#website","url":"https:\/\/volcanes.net\/","name":"Volcanes.Net","description":"Periodismo Profesional","publisher":{"@id":"https:\/\/volcanes.net\/#organization"},"potentialAction":[{"@type":"SearchAction","target":{"@type":"EntryPoint","urlTemplate":"https:\/\/volcanes.net\/?s={search_term_string}"},"query-input":{"@type":"PropertyValueSpecification","valueRequired":true,"valueName":"search_term_string"}}],"inLanguage":"es"},{"@type":"Organization","@id":"https:\/\/volcanes.net\/#organization","name":"Grupo Volcanes","url":"https:\/\/volcanes.net\/","logo":{"@type":"ImageObject","inLanguage":"es","@id":"https:\/\/volcanes.net\/#\/schema\/logo\/image\/","url":"http:\/\/volcanes.net\/wp-content\/uploads\/2017\/12\/Avatar2.jpg","contentUrl":"http:\/\/volcanes.net\/wp-content\/uploads\/2017\/12\/Avatar2.jpg","width":378,"height":378,"caption":"Grupo Volcanes"},"image":{"@id":"https:\/\/volcanes.net\/#\/schema\/logo\/image\/"},"sameAs":["https:\/\/www.facebook.com\/volcanes.net\/"]},{"@type":"Person","@id":"https:\/\/volcanes.net\/#\/schema\/person\/4bf0f383940966a4abd53f5048c0e6b9","name":"admin","image":{"@type":"ImageObject","inLanguage":"es","@id":"https:\/\/volcanes.net\/#\/schema\/person\/image\/","url":"https:\/\/secure.gravatar.com\/avatar\/ca004e6cba8462b8cb7abc86e382930c?s=96&d=mm&r=g","contentUrl":"https:\/\/secure.gravatar.com\/avatar\/ca004e6cba8462b8cb7abc86e382930c?s=96&d=mm&r=g","caption":"admin"}}]}},"_links":{"self":[{"href":"https:\/\/volcanes.net\/index.php?rest_route=\/wp\/v2\/posts\/4338"}],"collection":[{"href":"https:\/\/volcanes.net\/index.php?rest_route=\/wp\/v2\/posts"}],"about":[{"href":"https:\/\/volcanes.net\/index.php?rest_route=\/wp\/v2\/types\/post"}],"author":[{"embeddable":true,"href":"https:\/\/volcanes.net\/index.php?rest_route=\/wp\/v2\/users\/1"}],"replies":[{"embeddable":true,"href":"https:\/\/volcanes.net\/index.php?rest_route=%2Fwp%2Fv2%2Fcomments&post=4338"}],"version-history":[{"count":1,"href":"https:\/\/volcanes.net\/index.php?rest_route=\/wp\/v2\/posts\/4338\/revisions"}],"predecessor-version":[{"id":4339,"href":"https:\/\/volcanes.net\/index.php?rest_route=\/wp\/v2\/posts\/4338\/revisions\/4339"}],"wp:featuredmedia":[{"embeddable":true,"href":"https:\/\/volcanes.net\/index.php?rest_route=\/wp\/v2\/media\/4337"}],"wp:attachment":[{"href":"https:\/\/volcanes.net\/index.php?rest_route=%2Fwp%2Fv2%2Fmedia&parent=4338"}],"wp:term":[{"taxonomy":"category","embeddable":true,"href":"https:\/\/volcanes.net\/index.php?rest_route=%2Fwp%2Fv2%2Fcategories&post=4338"},{"taxonomy":"post_tag","embeddable":true,"href":"https:\/\/volcanes.net\/index.php?rest_route=%2Fwp%2Fv2%2Ftags&post=4338"}],"curies":[{"name":"wp","href":"https:\/\/api.w.org\/{rel}","templated":true}]}}