{"id":436,"date":"2018-01-12T14:53:06","date_gmt":"2018-01-12T14:53:06","guid":{"rendered":"http:\/\/volcanes.net\/?p=436"},"modified":"2018-01-12T14:53:06","modified_gmt":"2018-01-12T14:53:06","slug":"el-gobierno-de-texcoco-invierte-16-millones-para-iniciar-remodelacion-del-mercado-san-antonio","status":"publish","type":"post","link":"https:\/\/volcanes.net\/?p=436","title":{"rendered":"El gobierno de Texcoco invierte 16 millones para iniciar remodelaci\u00f3n del mercado San Antonio"},"content":{"rendered":"<div style=\"margin-top: 0px; margin-bottom: 0px;\" class=\"sharethis-inline-share-buttons\" ><\/div><p>En el mercado San Antonio de Texcoco, arrancaron los trabajos de remodelaci\u00f3n, con una inversi\u00f3n inicial de 16 millones de pesos, en su primera etapa, con la finalidad de rescatar uno de los lugares tur\u00edsticos m\u00e1s importante de este municipio, por la venta de barbacoa.<\/p>\n<p>&nbsp;<\/p>\n<p>El Presidente Municipal de Texcoco, Higinio Mart\u00ednez Miranda, coloc\u00f3 la primera piedra de los trabajo de remodelaci\u00f3n, del mercado, en donde los locatarios recordaron que desde 1953, es decir hace 65 a\u00f1os, no se realizaban trabajos, haciendo evidente su deterioro.<\/p>\n<p>&nbsp;<\/p>\n<p>El alcalde fue acompa\u00f1ado por la Diputada Federa Luz Sandra Falc\u00f3n Venegas, la S\u00edndico Karla Almaz\u00e1n Burgos, Nazario Guti\u00e9rrez, el secretario del ayuntamiento Jes\u00fas Ad\u00e1n Gordo Ram\u00edrez, as\u00ed como regidores y directores de las diferentes \u00e1reas del gobierno municipal.<\/p>\n<p>&nbsp;<\/p>\n<p>El Doctor Higinio Mart\u00ednez, reconoci\u00f3 la importancia de este mercado en la historia de Texcoco, porque ha sido un atractivo tur\u00edstico, por la venta de barbacoa, tradici\u00f3n que se debe de rescatar.<\/p>\n<p>&nbsp;<\/p>\n<p>\u201cAqu\u00ed ven\u00eda a ayudarle a mi t\u00edo a vender barbacoa, en ese tiempo se vend\u00eda un borrego por hora, por qu\u00e9 no volver a hacerlo y superar esos tiempos\u201d, dijo el alcalde recordando parte de su vida ligada a este mercado.<\/p>\n<p>&nbsp;<\/p>\n<p>Mart\u00ednez Miranda, llam\u00f3 a los comerciantes a trabajar de manera conjunta, porque la inversi\u00f3n de 16 millones de pesos s\u00f3lo es la primera etapa de remodelaci\u00f3n de este mercado, cuyo prop\u00f3sito es que los locatarios y compradores puedan acudir con seguridad, y se pueda seguir promoviendo el producto texcocano por excelencia que es la barbacoa.<\/p>\n<p>&nbsp;<\/p>\n<p>Los trabajos en la actualidad se realizan en la parte nor-poniente del mercado, en la salida hacia la calle de Fray Pedro de Gante y Col\u00f3n, en donde comenzaron con el cambio de drenaje, afectando a locatarios del mercado que por el momento no pueden abrir sus puestos.<\/p>\n<p>&nbsp;<\/p>\n<p>El edil pidi\u00f3 a los locatarios su comprensi\u00f3n, porque los trabajos son para mejorar sus propias instalaciones, y as\u00ed seguir\u00e1n los trabajos por \u00e1reas, hasta terminar con la remodelaci\u00f3n total de este centro de abasto.<\/p>\n<p>&nbsp;<\/p>\n<p>Los locatarios agradecieron esta obra que se est\u00e1 haciendo en el mercado San Antonio, porque en 65 a\u00f1os, nadie hab\u00eda volteado a verlos, nadie se hab\u00eda preocupado por mejorar las condiciones de este centro de abasto, ni le hab\u00eda dado la importancia como centro comercial y de atractivo tur\u00edstico en la regi\u00f3n.<\/p>\n","protected":false},"excerpt":{"rendered":"<p>En el mercado San Antonio de Texcoco, arrancaron los trabajos de remodelaci\u00f3n, con una inversi\u00f3n<\/p>\n","protected":false},"author":1,"featured_media":437,"comment_status":"open","ping_status":"open","sticky":false,"template":"","format":"standard","meta":{"footnotes":""},"categories":[1],"tags":[22],"class_list":["post-436","post","type-post","status-publish","format-standard","has-post-thumbnail","hentry","category-municipales","tag-texcoco"],"yoast_head":"<!-- This site is optimized with the Yoast SEO plugin v25.3 - https:\/\/yoast.com\/wordpress\/plugins\/seo\/ -->\n<title>El gobierno de Texcoco invierte 16 millones para iniciar remodelaci\u00f3n del mercado San Antonio - Volcanes<\/title>\n<meta name=\"robots\" content=\"index, follow, max-snippet:-1, max-image-preview:large, max-video-preview:-1\" \/>\n<link rel=\"canonical\" href=\"https:\/\/volcanes.net\/?p=436\" \/>\n<meta property=\"og:locale\" content=\"es_MX\" \/>\n<meta property=\"og:type\" content=\"article\" \/>\n<meta property=\"og:title\" content=\"El gobierno de Texcoco invierte 16 millones para iniciar remodelaci\u00f3n del mercado San Antonio - Volcanes\" \/>\n<meta property=\"og:description\" content=\"En el mercado San Antonio de Texcoco, arrancaron los trabajos de remodelaci\u00f3n, con una inversi\u00f3n\" \/>\n<meta property=\"og:url\" content=\"https:\/\/volcanes.net\/?p=436\" \/>\n<meta property=\"og:site_name\" content=\"Volcanes\" \/>\n<meta property=\"article:publisher\" content=\"https:\/\/www.facebook.com\/volcanes.net\/\" \/>\n<meta property=\"article:published_time\" content=\"2018-01-12T14:53:06+00:00\" \/>\n<meta property=\"og:image\" content=\"https:\/\/volcanes.net\/wp-content\/uploads\/2018\/01\/IMG_3199.jpg\" \/>\n\t<meta property=\"og:image:width\" content=\"448\" \/>\n\t<meta property=\"og:image:height\" content=\"299\" \/>\n\t<meta property=\"og:image:type\" content=\"image\/jpeg\" \/>\n<meta name=\"author\" content=\"admin\" \/>\n<meta name=\"twitter:card\" content=\"summary_large_image\" \/>\n<meta name=\"twitter:label1\" content=\"Escrito por\" \/>\n\t<meta name=\"twitter:data1\" content=\"admin\" \/>\n\t<meta name=\"twitter:label2\" content=\"Tiempo de lectura\" \/>\n\t<meta name=\"twitter:data2\" content=\"2 minutos\" \/>\n<script type=\"application\/ld+json\" class=\"yoast-schema-graph\">{\"@context\":\"https:\/\/schema.org\",\"@graph\":[{\"@type\":\"Article\",\"@id\":\"https:\/\/volcanes.net\/?p=436#article\",\"isPartOf\":{\"@id\":\"https:\/\/volcanes.net\/?p=436\"},\"author\":{\"name\":\"admin\",\"@id\":\"https:\/\/volcanes.net\/#\/schema\/person\/4bf0f383940966a4abd53f5048c0e6b9\"},\"headline\":\"El gobierno de Texcoco invierte 16 millones para iniciar remodelaci\u00f3n del mercado San Antonio\",\"datePublished\":\"2018-01-12T14:53:06+00:00\",\"mainEntityOfPage\":{\"@id\":\"https:\/\/volcanes.net\/?p=436\"},\"wordCount\":440,\"commentCount\":0,\"publisher\":{\"@id\":\"https:\/\/volcanes.net\/#organization\"},\"image\":{\"@id\":\"https:\/\/volcanes.net\/?p=436#primaryimage\"},\"thumbnailUrl\":\"https:\/\/volcanes.net\/wp-content\/uploads\/2018\/01\/IMG_3199.jpg\",\"keywords\":[\"Texcoco\"],\"articleSection\":[\"Municipales\"],\"inLanguage\":\"es\",\"potentialAction\":[{\"@type\":\"CommentAction\",\"name\":\"Comment\",\"target\":[\"https:\/\/volcanes.net\/?p=436#respond\"]}]},{\"@type\":\"WebPage\",\"@id\":\"https:\/\/volcanes.net\/?p=436\",\"url\":\"https:\/\/volcanes.net\/?p=436\",\"name\":\"El gobierno de Texcoco invierte 16 millones para iniciar remodelaci\u00f3n del mercado San Antonio - Volcanes\",\"isPartOf\":{\"@id\":\"https:\/\/volcanes.net\/#website\"},\"primaryImageOfPage\":{\"@id\":\"https:\/\/volcanes.net\/?p=436#primaryimage\"},\"image\":{\"@id\":\"https:\/\/volcanes.net\/?p=436#primaryimage\"},\"thumbnailUrl\":\"https:\/\/volcanes.net\/wp-content\/uploads\/2018\/01\/IMG_3199.jpg\",\"datePublished\":\"2018-01-12T14:53:06+00:00\",\"breadcrumb\":{\"@id\":\"https:\/\/volcanes.net\/?p=436#breadcrumb\"},\"inLanguage\":\"es\",\"potentialAction\":[{\"@type\":\"ReadAction\",\"target\":[\"https:\/\/volcanes.net\/?p=436\"]}]},{\"@type\":\"ImageObject\",\"inLanguage\":\"es\",\"@id\":\"https:\/\/volcanes.net\/?p=436#primaryimage\",\"url\":\"https:\/\/volcanes.net\/wp-content\/uploads\/2018\/01\/IMG_3199.jpg\",\"contentUrl\":\"https:\/\/volcanes.net\/wp-content\/uploads\/2018\/01\/IMG_3199.jpg\",\"width\":448,\"height\":299},{\"@type\":\"BreadcrumbList\",\"@id\":\"https:\/\/volcanes.net\/?p=436#breadcrumb\",\"itemListElement\":[{\"@type\":\"ListItem\",\"position\":1,\"name\":\"Portada\",\"item\":\"https:\/\/volcanes.net\/\"},{\"@type\":\"ListItem\",\"position\":2,\"name\":\"El gobierno de Texcoco invierte 16 millones para iniciar remodelaci\u00f3n del mercado San Antonio\"}]},{\"@type\":\"WebSite\",\"@id\":\"https:\/\/volcanes.net\/#website\",\"url\":\"https:\/\/volcanes.net\/\",\"name\":\"Volcanes.Net\",\"description\":\"Periodismo Profesional\",\"publisher\":{\"@id\":\"https:\/\/volcanes.net\/#organization\"},\"potentialAction\":[{\"@type\":\"SearchAction\",\"target\":{\"@type\":\"EntryPoint\",\"urlTemplate\":\"https:\/\/volcanes.net\/?s={search_term_string}\"},\"query-input\":{\"@type\":\"PropertyValueSpecification\",\"valueRequired\":true,\"valueName\":\"search_term_string\"}}],\"inLanguage\":\"es\"},{\"@type\":\"Organization\",\"@id\":\"https:\/\/volcanes.net\/#organization\",\"name\":\"Grupo Volcanes\",\"url\":\"https:\/\/volcanes.net\/\",\"logo\":{\"@type\":\"ImageObject\",\"inLanguage\":\"es\",\"@id\":\"https:\/\/volcanes.net\/#\/schema\/logo\/image\/\",\"url\":\"http:\/\/volcanes.net\/wp-content\/uploads\/2017\/12\/Avatar2.jpg\",\"contentUrl\":\"http:\/\/volcanes.net\/wp-content\/uploads\/2017\/12\/Avatar2.jpg\",\"width\":378,\"height\":378,\"caption\":\"Grupo Volcanes\"},\"image\":{\"@id\":\"https:\/\/volcanes.net\/#\/schema\/logo\/image\/\"},\"sameAs\":[\"https:\/\/www.facebook.com\/volcanes.net\/\"]},{\"@type\":\"Person\",\"@id\":\"https:\/\/volcanes.net\/#\/schema\/person\/4bf0f383940966a4abd53f5048c0e6b9\",\"name\":\"admin\",\"image\":{\"@type\":\"ImageObject\",\"inLanguage\":\"es\",\"@id\":\"https:\/\/volcanes.net\/#\/schema\/person\/image\/\",\"url\":\"https:\/\/secure.gravatar.com\/avatar\/ca004e6cba8462b8cb7abc86e382930c?s=96&d=mm&r=g\",\"contentUrl\":\"https:\/\/secure.gravatar.com\/avatar\/ca004e6cba8462b8cb7abc86e382930c?s=96&d=mm&r=g\",\"caption\":\"admin\"}}]}<\/script>\n<!-- \/ Yoast SEO plugin. -->","yoast_head_json":{"title":"El gobierno de Texcoco invierte 16 millones para iniciar remodelaci\u00f3n del mercado San Antonio - Volcanes","robots":{"index":"index","follow":"follow","max-snippet":"max-snippet:-1","max-image-preview":"max-image-preview:large","max-video-preview":"max-video-preview:-1"},"canonical":"https:\/\/volcanes.net\/?p=436","og_locale":"es_MX","og_type":"article","og_title":"El gobierno de Texcoco invierte 16 millones para iniciar remodelaci\u00f3n del mercado San Antonio - Volcanes","og_description":"En el mercado San Antonio de Texcoco, arrancaron los trabajos de remodelaci\u00f3n, con una inversi\u00f3n","og_url":"https:\/\/volcanes.net\/?p=436","og_site_name":"Volcanes","article_publisher":"https:\/\/www.facebook.com\/volcanes.net\/","article_published_time":"2018-01-12T14:53:06+00:00","og_image":[{"width":448,"height":299,"url":"https:\/\/volcanes.net\/wp-content\/uploads\/2018\/01\/IMG_3199.jpg","type":"image\/jpeg"}],"author":"admin","twitter_card":"summary_large_image","twitter_misc":{"Escrito por":"admin","Tiempo de lectura":"2 minutos"},"schema":{"@context":"https:\/\/schema.org","@graph":[{"@type":"Article","@id":"https:\/\/volcanes.net\/?p=436#article","isPartOf":{"@id":"https:\/\/volcanes.net\/?p=436"},"author":{"name":"admin","@id":"https:\/\/volcanes.net\/#\/schema\/person\/4bf0f383940966a4abd53f5048c0e6b9"},"headline":"El gobierno de Texcoco invierte 16 millones para iniciar remodelaci\u00f3n del mercado San Antonio","datePublished":"2018-01-12T14:53:06+00:00","mainEntityOfPage":{"@id":"https:\/\/volcanes.net\/?p=436"},"wordCount":440,"commentCount":0,"publisher":{"@id":"https:\/\/volcanes.net\/#organization"},"image":{"@id":"https:\/\/volcanes.net\/?p=436#primaryimage"},"thumbnailUrl":"https:\/\/volcanes.net\/wp-content\/uploads\/2018\/01\/IMG_3199.jpg","keywords":["Texcoco"],"articleSection":["Municipales"],"inLanguage":"es","potentialAction":[{"@type":"CommentAction","name":"Comment","target":["https:\/\/volcanes.net\/?p=436#respond"]}]},{"@type":"WebPage","@id":"https:\/\/volcanes.net\/?p=436","url":"https:\/\/volcanes.net\/?p=436","name":"El gobierno de Texcoco invierte 16 millones para iniciar remodelaci\u00f3n del mercado San Antonio - Volcanes","isPartOf":{"@id":"https:\/\/volcanes.net\/#website"},"primaryImageOfPage":{"@id":"https:\/\/volcanes.net\/?p=436#primaryimage"},"image":{"@id":"https:\/\/volcanes.net\/?p=436#primaryimage"},"thumbnailUrl":"https:\/\/volcanes.net\/wp-content\/uploads\/2018\/01\/IMG_3199.jpg","datePublished":"2018-01-12T14:53:06+00:00","breadcrumb":{"@id":"https:\/\/volcanes.net\/?p=436#breadcrumb"},"inLanguage":"es","potentialAction":[{"@type":"ReadAction","target":["https:\/\/volcanes.net\/?p=436"]}]},{"@type":"ImageObject","inLanguage":"es","@id":"https:\/\/volcanes.net\/?p=436#primaryimage","url":"https:\/\/volcanes.net\/wp-content\/uploads\/2018\/01\/IMG_3199.jpg","contentUrl":"https:\/\/volcanes.net\/wp-content\/uploads\/2018\/01\/IMG_3199.jpg","width":448,"height":299},{"@type":"BreadcrumbList","@id":"https:\/\/volcanes.net\/?p=436#breadcrumb","itemListElement":[{"@type":"ListItem","position":1,"name":"Portada","item":"https:\/\/volcanes.net\/"},{"@type":"ListItem","position":2,"name":"El gobierno de Texcoco invierte 16 millones para iniciar remodelaci\u00f3n del mercado San Antonio"}]},{"@type":"WebSite","@id":"https:\/\/volcanes.net\/#website","url":"https:\/\/volcanes.net\/","name":"Volcanes.Net","description":"Periodismo Profesional","publisher":{"@id":"https:\/\/volcanes.net\/#organization"},"potentialAction":[{"@type":"SearchAction","target":{"@type":"EntryPoint","urlTemplate":"https:\/\/volcanes.net\/?s={search_term_string}"},"query-input":{"@type":"PropertyValueSpecification","valueRequired":true,"valueName":"search_term_string"}}],"inLanguage":"es"},{"@type":"Organization","@id":"https:\/\/volcanes.net\/#organization","name":"Grupo Volcanes","url":"https:\/\/volcanes.net\/","logo":{"@type":"ImageObject","inLanguage":"es","@id":"https:\/\/volcanes.net\/#\/schema\/logo\/image\/","url":"http:\/\/volcanes.net\/wp-content\/uploads\/2017\/12\/Avatar2.jpg","contentUrl":"http:\/\/volcanes.net\/wp-content\/uploads\/2017\/12\/Avatar2.jpg","width":378,"height":378,"caption":"Grupo Volcanes"},"image":{"@id":"https:\/\/volcanes.net\/#\/schema\/logo\/image\/"},"sameAs":["https:\/\/www.facebook.com\/volcanes.net\/"]},{"@type":"Person","@id":"https:\/\/volcanes.net\/#\/schema\/person\/4bf0f383940966a4abd53f5048c0e6b9","name":"admin","image":{"@type":"ImageObject","inLanguage":"es","@id":"https:\/\/volcanes.net\/#\/schema\/person\/image\/","url":"https:\/\/secure.gravatar.com\/avatar\/ca004e6cba8462b8cb7abc86e382930c?s=96&d=mm&r=g","contentUrl":"https:\/\/secure.gravatar.com\/avatar\/ca004e6cba8462b8cb7abc86e382930c?s=96&d=mm&r=g","caption":"admin"}}]}},"_links":{"self":[{"href":"https:\/\/volcanes.net\/index.php?rest_route=\/wp\/v2\/posts\/436"}],"collection":[{"href":"https:\/\/volcanes.net\/index.php?rest_route=\/wp\/v2\/posts"}],"about":[{"href":"https:\/\/volcanes.net\/index.php?rest_route=\/wp\/v2\/types\/post"}],"author":[{"embeddable":true,"href":"https:\/\/volcanes.net\/index.php?rest_route=\/wp\/v2\/users\/1"}],"replies":[{"embeddable":true,"href":"https:\/\/volcanes.net\/index.php?rest_route=%2Fwp%2Fv2%2Fcomments&post=436"}],"version-history":[{"count":1,"href":"https:\/\/volcanes.net\/index.php?rest_route=\/wp\/v2\/posts\/436\/revisions"}],"predecessor-version":[{"id":438,"href":"https:\/\/volcanes.net\/index.php?rest_route=\/wp\/v2\/posts\/436\/revisions\/438"}],"wp:featuredmedia":[{"embeddable":true,"href":"https:\/\/volcanes.net\/index.php?rest_route=\/wp\/v2\/media\/437"}],"wp:attachment":[{"href":"https:\/\/volcanes.net\/index.php?rest_route=%2Fwp%2Fv2%2Fmedia&parent=436"}],"wp:term":[{"taxonomy":"category","embeddable":true,"href":"https:\/\/volcanes.net\/index.php?rest_route=%2Fwp%2Fv2%2Fcategories&post=436"},{"taxonomy":"post_tag","embeddable":true,"href":"https:\/\/volcanes.net\/index.php?rest_route=%2Fwp%2Fv2%2Ftags&post=436"}],"curies":[{"name":"wp","href":"https:\/\/api.w.org\/{rel}","templated":true}]}}