{"id":4361,"date":"2019-04-06T06:48:46","date_gmt":"2019-04-06T12:48:46","guid":{"rendered":"http:\/\/volcanes.net\/?p=4361"},"modified":"2019-04-06T06:50:06","modified_gmt":"2019-04-06T12:50:06","slug":"continuar-la-lucha-por-hacer-realidad-las-aspiraciones-del-pueblo-el-mejor-homenaje-a-zapata-juan-pablo-villagomez","status":"publish","type":"post","link":"https:\/\/volcanes.net\/?p=4361","title":{"rendered":"Continuar la lucha por hacer realidad las aspiraciones del pueblo, el mejor homenaje a zapata: Juan Pablo Villag\u00f3mez"},"content":{"rendered":"<div style=\"margin-top: 0px; margin-bottom: 0px;\" class=\"sharethis-inline-share-buttons\" ><\/div><p>En el cent\u00e9simo aniversario luctuoso del general Emiliano Zapata Salazar, el diputado Juan Pablo Villag\u00f3mez S\u00e1nchez (morena) se\u00f1al\u00f3 que el mejor homenaje que se le puede brindar es conocer su obra revolucionaria y divulgarla, pero lo m\u00e1s importante es continuar la lucha para hacer realidad las aspiraciones del pueblo trabajador: edificar una sociedad libre y sin explotaci\u00f3n del hombre por el hombre.<br \/>\nEl pensamiento y el ejemplo del Caudillo del Sur, continu\u00f3 el diputado, establecen muchas de las claves que hoy son fundamentales para lograr \u201cla unidad de todos los explotados\u201d, para superar el gremialismo y formar un solo y gran frente en contra del capitalismo.<br \/>\nEn ese frente, dijo el legislador de morena, cada sector de los explotados \u2014mujeres, hombres, j\u00f3venes, mestizos, ind\u00edgenas, obreros y campesinos, entre otros\u2014 tendr\u00e1n un lugar en el programa que se habr\u00e1 de seguir para luchar contra el capital y alcanzar as\u00ed la plena libertad.<br \/>\nEn sesi\u00f3n del Segundo Periodo Ordinario, al recordar a Zapata ante el Pleno de la 60 Legislatura con motivo del centenario de su asesinato, perpetrado en la hacienda de Chinameca, Morelos, el 10 de abril de 1919, el diputado se\u00f1al\u00f3 que el zapatismo es una forma de pensamiento que se defini\u00f3 como la dignidad de los pueblos. \u201cEmiliano Zapata es dignidad, respeto y un claro cari\u00f1o a los pueblos mexicanos y los de Am\u00e9rica Latina\u201d, afirm\u00f3.<br \/>\nJuan Pablo Villag\u00f3mez expres\u00f3 que, \u201cahora que se cumple un aniversario m\u00e1s del asesinato del jefe revolucionario, es importante conocer que adem\u00e1s de un proyecto de naci\u00f3n con sustento en la propiedad colectiva de las tierras y en el poder organizado de los pueblos, los zapatistas pensaban que el triunfo de su causa requer\u00eda de la participaci\u00f3n de fuerzas revolucionarias de otras latitudes; que el cambio revolucionario, para tener \u00e9xito, deber\u00eda ser total\u201d.<br \/>\nCabe se\u00f1alar que la 60 Legislatura aprob\u00f3 en diciembre pasado declarar a \u201c2019. A\u00f1o del Cent\u00e9simo Aniversario Luctuoso de Emiliano Zapata Salazar, el Caudillo del Sur\u201d, por lo cual, durante este a\u00f1o, esta leyenda se insertar\u00e1 en toda correspondencia oficial de los poderes del estado, de los ayuntamientos, de los \u00f3rganos aut\u00f3nomos constitucionales y de los organismos auxiliares de car\u00e1cter estatal o municipal.<\/p>\n","protected":false},"excerpt":{"rendered":"<p>En el cent\u00e9simo aniversario luctuoso del general Emiliano Zapata Salazar, el diputado Juan Pablo Villag\u00f3mez<\/p>\n","protected":false},"author":1,"featured_media":4360,"comment_status":"open","ping_status":"open","sticky":false,"template":"","format":"standard","meta":{"footnotes":""},"categories":[1],"tags":[192],"class_list":["post-4361","post","type-post","status-publish","format-standard","has-post-thumbnail","hentry","category-municipales","tag-legislatura-edomex"],"yoast_head":"<!-- This site is optimized with the Yoast SEO plugin v25.3 - https:\/\/yoast.com\/wordpress\/plugins\/seo\/ -->\n<title>Continuar la lucha por hacer realidad las aspiraciones del pueblo, el mejor homenaje a zapata: Juan Pablo Villag\u00f3mez - Volcanes<\/title>\n<meta name=\"robots\" content=\"index, follow, max-snippet:-1, max-image-preview:large, max-video-preview:-1\" \/>\n<link rel=\"canonical\" href=\"https:\/\/volcanes.net\/?p=4361\" \/>\n<meta property=\"og:locale\" content=\"es_MX\" \/>\n<meta property=\"og:type\" content=\"article\" \/>\n<meta property=\"og:title\" content=\"Continuar la lucha por hacer realidad las aspiraciones del pueblo, el mejor homenaje a zapata: Juan Pablo Villag\u00f3mez - Volcanes\" \/>\n<meta property=\"og:description\" content=\"En el cent\u00e9simo aniversario luctuoso del general Emiliano Zapata Salazar, el diputado Juan Pablo Villag\u00f3mez\" \/>\n<meta property=\"og:url\" content=\"https:\/\/volcanes.net\/?p=4361\" \/>\n<meta property=\"og:site_name\" content=\"Volcanes\" \/>\n<meta property=\"article:publisher\" content=\"https:\/\/www.facebook.com\/volcanes.net\/\" \/>\n<meta property=\"article:published_time\" content=\"2019-04-06T12:48:46+00:00\" \/>\n<meta property=\"article:modified_time\" content=\"2019-04-06T12:50:06+00:00\" \/>\n<meta property=\"og:image\" content=\"https:\/\/volcanes.net\/wp-content\/uploads\/2019\/04\/0636_compress_98.jpg\" \/>\n\t<meta property=\"og:image:width\" content=\"512\" \/>\n\t<meta property=\"og:image:height\" content=\"342\" \/>\n\t<meta property=\"og:image:type\" content=\"image\/jpeg\" \/>\n<meta name=\"author\" content=\"admin\" \/>\n<meta name=\"twitter:card\" content=\"summary_large_image\" \/>\n<meta name=\"twitter:label1\" content=\"Escrito por\" \/>\n\t<meta name=\"twitter:data1\" content=\"admin\" \/>\n\t<meta name=\"twitter:label2\" content=\"Tiempo de lectura\" \/>\n\t<meta name=\"twitter:data2\" content=\"2 minutos\" \/>\n<script type=\"application\/ld+json\" class=\"yoast-schema-graph\">{\"@context\":\"https:\/\/schema.org\",\"@graph\":[{\"@type\":\"Article\",\"@id\":\"https:\/\/volcanes.net\/?p=4361#article\",\"isPartOf\":{\"@id\":\"https:\/\/volcanes.net\/?p=4361\"},\"author\":{\"name\":\"admin\",\"@id\":\"https:\/\/volcanes.net\/#\/schema\/person\/4bf0f383940966a4abd53f5048c0e6b9\"},\"headline\":\"Continuar la lucha por hacer realidad las aspiraciones del pueblo, el mejor homenaje a zapata: Juan Pablo Villag\u00f3mez\",\"datePublished\":\"2019-04-06T12:48:46+00:00\",\"dateModified\":\"2019-04-06T12:50:06+00:00\",\"mainEntityOfPage\":{\"@id\":\"https:\/\/volcanes.net\/?p=4361\"},\"wordCount\":403,\"commentCount\":0,\"publisher\":{\"@id\":\"https:\/\/volcanes.net\/#organization\"},\"image\":{\"@id\":\"https:\/\/volcanes.net\/?p=4361#primaryimage\"},\"thumbnailUrl\":\"https:\/\/volcanes.net\/wp-content\/uploads\/2019\/04\/0636_compress_98.jpg\",\"keywords\":[\"Legislatura Edomex\"],\"articleSection\":[\"Municipales\"],\"inLanguage\":\"es\",\"potentialAction\":[{\"@type\":\"CommentAction\",\"name\":\"Comment\",\"target\":[\"https:\/\/volcanes.net\/?p=4361#respond\"]}]},{\"@type\":\"WebPage\",\"@id\":\"https:\/\/volcanes.net\/?p=4361\",\"url\":\"https:\/\/volcanes.net\/?p=4361\",\"name\":\"Continuar la lucha por hacer realidad las aspiraciones del pueblo, el mejor homenaje a zapata: Juan Pablo Villag\u00f3mez - Volcanes\",\"isPartOf\":{\"@id\":\"https:\/\/volcanes.net\/#website\"},\"primaryImageOfPage\":{\"@id\":\"https:\/\/volcanes.net\/?p=4361#primaryimage\"},\"image\":{\"@id\":\"https:\/\/volcanes.net\/?p=4361#primaryimage\"},\"thumbnailUrl\":\"https:\/\/volcanes.net\/wp-content\/uploads\/2019\/04\/0636_compress_98.jpg\",\"datePublished\":\"2019-04-06T12:48:46+00:00\",\"dateModified\":\"2019-04-06T12:50:06+00:00\",\"breadcrumb\":{\"@id\":\"https:\/\/volcanes.net\/?p=4361#breadcrumb\"},\"inLanguage\":\"es\",\"potentialAction\":[{\"@type\":\"ReadAction\",\"target\":[\"https:\/\/volcanes.net\/?p=4361\"]}]},{\"@type\":\"ImageObject\",\"inLanguage\":\"es\",\"@id\":\"https:\/\/volcanes.net\/?p=4361#primaryimage\",\"url\":\"https:\/\/volcanes.net\/wp-content\/uploads\/2019\/04\/0636_compress_98.jpg\",\"contentUrl\":\"https:\/\/volcanes.net\/wp-content\/uploads\/2019\/04\/0636_compress_98.jpg\",\"width\":512,\"height\":342},{\"@type\":\"BreadcrumbList\",\"@id\":\"https:\/\/volcanes.net\/?p=4361#breadcrumb\",\"itemListElement\":[{\"@type\":\"ListItem\",\"position\":1,\"name\":\"Portada\",\"item\":\"https:\/\/volcanes.net\/\"},{\"@type\":\"ListItem\",\"position\":2,\"name\":\"Continuar la lucha por hacer realidad las aspiraciones del pueblo, el mejor homenaje a zapata: Juan Pablo Villag\u00f3mez\"}]},{\"@type\":\"WebSite\",\"@id\":\"https:\/\/volcanes.net\/#website\",\"url\":\"https:\/\/volcanes.net\/\",\"name\":\"Volcanes.Net\",\"description\":\"Periodismo Profesional\",\"publisher\":{\"@id\":\"https:\/\/volcanes.net\/#organization\"},\"potentialAction\":[{\"@type\":\"SearchAction\",\"target\":{\"@type\":\"EntryPoint\",\"urlTemplate\":\"https:\/\/volcanes.net\/?s={search_term_string}\"},\"query-input\":{\"@type\":\"PropertyValueSpecification\",\"valueRequired\":true,\"valueName\":\"search_term_string\"}}],\"inLanguage\":\"es\"},{\"@type\":\"Organization\",\"@id\":\"https:\/\/volcanes.net\/#organization\",\"name\":\"Grupo Volcanes\",\"url\":\"https:\/\/volcanes.net\/\",\"logo\":{\"@type\":\"ImageObject\",\"inLanguage\":\"es\",\"@id\":\"https:\/\/volcanes.net\/#\/schema\/logo\/image\/\",\"url\":\"http:\/\/volcanes.net\/wp-content\/uploads\/2017\/12\/Avatar2.jpg\",\"contentUrl\":\"http:\/\/volcanes.net\/wp-content\/uploads\/2017\/12\/Avatar2.jpg\",\"width\":378,\"height\":378,\"caption\":\"Grupo Volcanes\"},\"image\":{\"@id\":\"https:\/\/volcanes.net\/#\/schema\/logo\/image\/\"},\"sameAs\":[\"https:\/\/www.facebook.com\/volcanes.net\/\"]},{\"@type\":\"Person\",\"@id\":\"https:\/\/volcanes.net\/#\/schema\/person\/4bf0f383940966a4abd53f5048c0e6b9\",\"name\":\"admin\",\"image\":{\"@type\":\"ImageObject\",\"inLanguage\":\"es\",\"@id\":\"https:\/\/volcanes.net\/#\/schema\/person\/image\/\",\"url\":\"https:\/\/secure.gravatar.com\/avatar\/ca004e6cba8462b8cb7abc86e382930c?s=96&d=mm&r=g\",\"contentUrl\":\"https:\/\/secure.gravatar.com\/avatar\/ca004e6cba8462b8cb7abc86e382930c?s=96&d=mm&r=g\",\"caption\":\"admin\"}}]}<\/script>\n<!-- \/ Yoast SEO plugin. -->","yoast_head_json":{"title":"Continuar la lucha por hacer realidad las aspiraciones del pueblo, el mejor homenaje a zapata: Juan Pablo Villag\u00f3mez - Volcanes","robots":{"index":"index","follow":"follow","max-snippet":"max-snippet:-1","max-image-preview":"max-image-preview:large","max-video-preview":"max-video-preview:-1"},"canonical":"https:\/\/volcanes.net\/?p=4361","og_locale":"es_MX","og_type":"article","og_title":"Continuar la lucha por hacer realidad las aspiraciones del pueblo, el mejor homenaje a zapata: Juan Pablo Villag\u00f3mez - Volcanes","og_description":"En el cent\u00e9simo aniversario luctuoso del general Emiliano Zapata Salazar, el diputado Juan Pablo Villag\u00f3mez","og_url":"https:\/\/volcanes.net\/?p=4361","og_site_name":"Volcanes","article_publisher":"https:\/\/www.facebook.com\/volcanes.net\/","article_published_time":"2019-04-06T12:48:46+00:00","article_modified_time":"2019-04-06T12:50:06+00:00","og_image":[{"width":512,"height":342,"url":"https:\/\/volcanes.net\/wp-content\/uploads\/2019\/04\/0636_compress_98.jpg","type":"image\/jpeg"}],"author":"admin","twitter_card":"summary_large_image","twitter_misc":{"Escrito por":"admin","Tiempo de lectura":"2 minutos"},"schema":{"@context":"https:\/\/schema.org","@graph":[{"@type":"Article","@id":"https:\/\/volcanes.net\/?p=4361#article","isPartOf":{"@id":"https:\/\/volcanes.net\/?p=4361"},"author":{"name":"admin","@id":"https:\/\/volcanes.net\/#\/schema\/person\/4bf0f383940966a4abd53f5048c0e6b9"},"headline":"Continuar la lucha por hacer realidad las aspiraciones del pueblo, el mejor homenaje a zapata: Juan Pablo Villag\u00f3mez","datePublished":"2019-04-06T12:48:46+00:00","dateModified":"2019-04-06T12:50:06+00:00","mainEntityOfPage":{"@id":"https:\/\/volcanes.net\/?p=4361"},"wordCount":403,"commentCount":0,"publisher":{"@id":"https:\/\/volcanes.net\/#organization"},"image":{"@id":"https:\/\/volcanes.net\/?p=4361#primaryimage"},"thumbnailUrl":"https:\/\/volcanes.net\/wp-content\/uploads\/2019\/04\/0636_compress_98.jpg","keywords":["Legislatura Edomex"],"articleSection":["Municipales"],"inLanguage":"es","potentialAction":[{"@type":"CommentAction","name":"Comment","target":["https:\/\/volcanes.net\/?p=4361#respond"]}]},{"@type":"WebPage","@id":"https:\/\/volcanes.net\/?p=4361","url":"https:\/\/volcanes.net\/?p=4361","name":"Continuar la lucha por hacer realidad las aspiraciones del pueblo, el mejor homenaje a zapata: Juan Pablo Villag\u00f3mez - Volcanes","isPartOf":{"@id":"https:\/\/volcanes.net\/#website"},"primaryImageOfPage":{"@id":"https:\/\/volcanes.net\/?p=4361#primaryimage"},"image":{"@id":"https:\/\/volcanes.net\/?p=4361#primaryimage"},"thumbnailUrl":"https:\/\/volcanes.net\/wp-content\/uploads\/2019\/04\/0636_compress_98.jpg","datePublished":"2019-04-06T12:48:46+00:00","dateModified":"2019-04-06T12:50:06+00:00","breadcrumb":{"@id":"https:\/\/volcanes.net\/?p=4361#breadcrumb"},"inLanguage":"es","potentialAction":[{"@type":"ReadAction","target":["https:\/\/volcanes.net\/?p=4361"]}]},{"@type":"ImageObject","inLanguage":"es","@id":"https:\/\/volcanes.net\/?p=4361#primaryimage","url":"https:\/\/volcanes.net\/wp-content\/uploads\/2019\/04\/0636_compress_98.jpg","contentUrl":"https:\/\/volcanes.net\/wp-content\/uploads\/2019\/04\/0636_compress_98.jpg","width":512,"height":342},{"@type":"BreadcrumbList","@id":"https:\/\/volcanes.net\/?p=4361#breadcrumb","itemListElement":[{"@type":"ListItem","position":1,"name":"Portada","item":"https:\/\/volcanes.net\/"},{"@type":"ListItem","position":2,"name":"Continuar la lucha por hacer realidad las aspiraciones del pueblo, el mejor homenaje a zapata: Juan Pablo Villag\u00f3mez"}]},{"@type":"WebSite","@id":"https:\/\/volcanes.net\/#website","url":"https:\/\/volcanes.net\/","name":"Volcanes.Net","description":"Periodismo Profesional","publisher":{"@id":"https:\/\/volcanes.net\/#organization"},"potentialAction":[{"@type":"SearchAction","target":{"@type":"EntryPoint","urlTemplate":"https:\/\/volcanes.net\/?s={search_term_string}"},"query-input":{"@type":"PropertyValueSpecification","valueRequired":true,"valueName":"search_term_string"}}],"inLanguage":"es"},{"@type":"Organization","@id":"https:\/\/volcanes.net\/#organization","name":"Grupo Volcanes","url":"https:\/\/volcanes.net\/","logo":{"@type":"ImageObject","inLanguage":"es","@id":"https:\/\/volcanes.net\/#\/schema\/logo\/image\/","url":"http:\/\/volcanes.net\/wp-content\/uploads\/2017\/12\/Avatar2.jpg","contentUrl":"http:\/\/volcanes.net\/wp-content\/uploads\/2017\/12\/Avatar2.jpg","width":378,"height":378,"caption":"Grupo Volcanes"},"image":{"@id":"https:\/\/volcanes.net\/#\/schema\/logo\/image\/"},"sameAs":["https:\/\/www.facebook.com\/volcanes.net\/"]},{"@type":"Person","@id":"https:\/\/volcanes.net\/#\/schema\/person\/4bf0f383940966a4abd53f5048c0e6b9","name":"admin","image":{"@type":"ImageObject","inLanguage":"es","@id":"https:\/\/volcanes.net\/#\/schema\/person\/image\/","url":"https:\/\/secure.gravatar.com\/avatar\/ca004e6cba8462b8cb7abc86e382930c?s=96&d=mm&r=g","contentUrl":"https:\/\/secure.gravatar.com\/avatar\/ca004e6cba8462b8cb7abc86e382930c?s=96&d=mm&r=g","caption":"admin"}}]}},"_links":{"self":[{"href":"https:\/\/volcanes.net\/index.php?rest_route=\/wp\/v2\/posts\/4361"}],"collection":[{"href":"https:\/\/volcanes.net\/index.php?rest_route=\/wp\/v2\/posts"}],"about":[{"href":"https:\/\/volcanes.net\/index.php?rest_route=\/wp\/v2\/types\/post"}],"author":[{"embeddable":true,"href":"https:\/\/volcanes.net\/index.php?rest_route=\/wp\/v2\/users\/1"}],"replies":[{"embeddable":true,"href":"https:\/\/volcanes.net\/index.php?rest_route=%2Fwp%2Fv2%2Fcomments&post=4361"}],"version-history":[{"count":1,"href":"https:\/\/volcanes.net\/index.php?rest_route=\/wp\/v2\/posts\/4361\/revisions"}],"predecessor-version":[{"id":4362,"href":"https:\/\/volcanes.net\/index.php?rest_route=\/wp\/v2\/posts\/4361\/revisions\/4362"}],"wp:featuredmedia":[{"embeddable":true,"href":"https:\/\/volcanes.net\/index.php?rest_route=\/wp\/v2\/media\/4360"}],"wp:attachment":[{"href":"https:\/\/volcanes.net\/index.php?rest_route=%2Fwp%2Fv2%2Fmedia&parent=4361"}],"wp:term":[{"taxonomy":"category","embeddable":true,"href":"https:\/\/volcanes.net\/index.php?rest_route=%2Fwp%2Fv2%2Fcategories&post=4361"},{"taxonomy":"post_tag","embeddable":true,"href":"https:\/\/volcanes.net\/index.php?rest_route=%2Fwp%2Fv2%2Ftags&post=4361"}],"curies":[{"name":"wp","href":"https:\/\/api.w.org\/{rel}","templated":true}]}}