{"id":4375,"date":"2019-04-06T15:03:04","date_gmt":"2019-04-06T21:03:04","guid":{"rendered":"http:\/\/volcanes.net\/?p=4375"},"modified":"2019-04-06T15:04:12","modified_gmt":"2019-04-06T21:04:12","slug":"feben-modificarse-rutas-de-evacuacion-en-la-zona-de-los-volcanes-max-correa","status":"publish","type":"post","link":"https:\/\/volcanes.net\/?p=4375","title":{"rendered":"Deben modificarse rutas de evacuaci\u00f3n en la zona de los volcanes: Max Correa"},"content":{"rendered":"<div style=\"margin-top: 0px; margin-bottom: 0px;\" class=\"sharethis-inline-share-buttons\" ><\/div><p>* Tras una reuni\u00f3n que sostuvo el diputado de Morena en una de las rutas de evacuaci\u00f3n, alert\u00f3 sobre la formaci\u00f3n de al menos dos lahares entre las localidades de Atlautla y Ecatzingo.<\/p>\n<p>ATLAUTLA, M\u00e9x. Max Correa Hern\u00e1ndez, Presidente de la Comisi\u00f3n de Protecci\u00f3n Civil del Congreso mexiquense afirm\u00f3 que algunas de las rutas de evacuaci\u00f3n de las comunidades que se encuentran en la zona de los volcanes deben modificarse para garantizar un efectivo desalojo de sus pobladores.<\/p>\n<p>Detall\u00f3 que el pasado jueves se reuni\u00f3 con presidentes municipales en Amecameca para revisar, con base a las inspecciones realizadas por las direcciones de Protecci\u00f3n Civil locales, las rutas de evacuaci\u00f3n y las condiciones de los caminos.<\/p>\n<p>Hasta el momento son 20 las rutas definidas para una posible evacuaci\u00f3n, dijo.<\/p>\n<p>Asimismo tras el encuentro que sostuvo ayer viernes en una de las rutas de evacuaci\u00f3n con autoridades de Protecci\u00f3n Civil de los tres niveles de gobierno, alert\u00f3 sobre la formaci\u00f3n de al menos dos lahares (corrientes de lodo y escombros volc\u00e1nicos que descienden por las laderas del volc\u00e1n hasta depositarse e inundar las zonas m\u00e1s bajas), entre las localidades de Atlautla y Ecatzingo.<\/p>\n<p>\u201cHoy estuvimos en un punto entre estas dos demarcaciones donde, derivado del sismo de septiembre de 2017 se form\u00f3 un lahar, que se puede convertir en un riesgo que rompa la \u00fanica ruta de acceso y salida a esta zona, por ello revisaron rutas alternas de salida hacia el estado de Morelos\u201d.<\/p>\n<p>Max Correa explic\u00f3 que el material volc\u00e1nico que arroja el Popocat\u00e9petl, como cenizas y arena, se va acumulando en las faldas del coloso, pero cuando llueve o se presenta un sismo forman avalanchas de lodo, y a trav\u00e9s de las barrancas se crean lahares\u201d.<\/p>\n<p>En ese sentido, advirti\u00f3 que en temporada de lluvias hay que prevenir que los lahares no rompan caminos y puentes, y no afecten a la poblaci\u00f3n civil que construy\u00f3 viviendas y calles en barrancas\u2026\u201dy eso es lo que estamos revisando\u201d, resalt\u00f3.<\/p>\n<p>Finalmente, apunt\u00f3 que la reuni\u00f3n que con las autoridades de los tres niveles de Gobierno sirvi\u00f3 para tomar conciencia que las rutas de evacuaci\u00f3n, que se planearon desde hace 10 a\u00f1os, tienen que modificarse, y adelant\u00f3 que el pr\u00f3ximo lunes habr\u00e1 una reuni\u00f3n de trabajo para tratar de hacer un ajuste a dichas vialidades.<\/p>\n","protected":false},"excerpt":{"rendered":"<p>* Tras una reuni\u00f3n que sostuvo el diputado de Morena en una de las rutas<\/p>\n","protected":false},"author":1,"featured_media":4374,"comment_status":"open","ping_status":"open","sticky":false,"template":"","format":"standard","meta":{"footnotes":""},"categories":[1],"tags":[80],"class_list":["post-4375","post","type-post","status-publish","format-standard","has-post-thumbnail","hentry","category-municipales","tag-atlautla"],"yoast_head":"<!-- This site is optimized with the Yoast SEO plugin v25.3 - https:\/\/yoast.com\/wordpress\/plugins\/seo\/ -->\n<title>Deben modificarse rutas de evacuaci\u00f3n en la zona de los volcanes: Max Correa - Volcanes<\/title>\n<meta name=\"robots\" content=\"index, follow, max-snippet:-1, max-image-preview:large, max-video-preview:-1\" \/>\n<link rel=\"canonical\" href=\"https:\/\/volcanes.net\/?p=4375\" \/>\n<meta property=\"og:locale\" content=\"es_MX\" \/>\n<meta property=\"og:type\" content=\"article\" \/>\n<meta property=\"og:title\" content=\"Deben modificarse rutas de evacuaci\u00f3n en la zona de los volcanes: Max Correa - Volcanes\" \/>\n<meta property=\"og:description\" content=\"* Tras una reuni\u00f3n que sostuvo el diputado de Morena en una de las rutas\" \/>\n<meta property=\"og:url\" content=\"https:\/\/volcanes.net\/?p=4375\" \/>\n<meta property=\"og:site_name\" content=\"Volcanes\" \/>\n<meta property=\"article:publisher\" content=\"https:\/\/www.facebook.com\/volcanes.net\/\" \/>\n<meta property=\"article:published_time\" content=\"2019-04-06T21:03:04+00:00\" \/>\n<meta property=\"article:modified_time\" content=\"2019-04-06T21:04:12+00:00\" \/>\n<meta property=\"og:image\" content=\"https:\/\/volcanes.net\/wp-content\/uploads\/2019\/04\/IMG-20190406-WA0033-e1554765096938.jpg\" \/>\n\t<meta property=\"og:image:width\" content=\"600\" \/>\n\t<meta property=\"og:image:height\" content=\"400\" \/>\n\t<meta property=\"og:image:type\" content=\"image\/jpeg\" \/>\n<meta name=\"author\" content=\"admin\" \/>\n<meta name=\"twitter:card\" content=\"summary_large_image\" \/>\n<meta name=\"twitter:label1\" content=\"Escrito por\" \/>\n\t<meta name=\"twitter:data1\" content=\"admin\" \/>\n\t<meta name=\"twitter:label2\" content=\"Tiempo de lectura\" \/>\n\t<meta name=\"twitter:data2\" content=\"2 minutos\" \/>\n<script type=\"application\/ld+json\" class=\"yoast-schema-graph\">{\"@context\":\"https:\/\/schema.org\",\"@graph\":[{\"@type\":\"Article\",\"@id\":\"https:\/\/volcanes.net\/?p=4375#article\",\"isPartOf\":{\"@id\":\"https:\/\/volcanes.net\/?p=4375\"},\"author\":{\"name\":\"admin\",\"@id\":\"https:\/\/volcanes.net\/#\/schema\/person\/4bf0f383940966a4abd53f5048c0e6b9\"},\"headline\":\"Deben modificarse rutas de evacuaci\u00f3n en la zona de los volcanes: Max Correa\",\"datePublished\":\"2019-04-06T21:03:04+00:00\",\"dateModified\":\"2019-04-06T21:04:12+00:00\",\"mainEntityOfPage\":{\"@id\":\"https:\/\/volcanes.net\/?p=4375\"},\"wordCount\":419,\"commentCount\":0,\"publisher\":{\"@id\":\"https:\/\/volcanes.net\/#organization\"},\"image\":{\"@id\":\"https:\/\/volcanes.net\/?p=4375#primaryimage\"},\"thumbnailUrl\":\"https:\/\/volcanes.net\/wp-content\/uploads\/2019\/04\/IMG-20190406-WA0033-e1554765096938.jpg\",\"keywords\":[\"Atlautla\"],\"articleSection\":[\"Municipales\"],\"inLanguage\":\"es\",\"potentialAction\":[{\"@type\":\"CommentAction\",\"name\":\"Comment\",\"target\":[\"https:\/\/volcanes.net\/?p=4375#respond\"]}]},{\"@type\":\"WebPage\",\"@id\":\"https:\/\/volcanes.net\/?p=4375\",\"url\":\"https:\/\/volcanes.net\/?p=4375\",\"name\":\"Deben modificarse rutas de evacuaci\u00f3n en la zona de los volcanes: Max Correa - Volcanes\",\"isPartOf\":{\"@id\":\"https:\/\/volcanes.net\/#website\"},\"primaryImageOfPage\":{\"@id\":\"https:\/\/volcanes.net\/?p=4375#primaryimage\"},\"image\":{\"@id\":\"https:\/\/volcanes.net\/?p=4375#primaryimage\"},\"thumbnailUrl\":\"https:\/\/volcanes.net\/wp-content\/uploads\/2019\/04\/IMG-20190406-WA0033-e1554765096938.jpg\",\"datePublished\":\"2019-04-06T21:03:04+00:00\",\"dateModified\":\"2019-04-06T21:04:12+00:00\",\"breadcrumb\":{\"@id\":\"https:\/\/volcanes.net\/?p=4375#breadcrumb\"},\"inLanguage\":\"es\",\"potentialAction\":[{\"@type\":\"ReadAction\",\"target\":[\"https:\/\/volcanes.net\/?p=4375\"]}]},{\"@type\":\"ImageObject\",\"inLanguage\":\"es\",\"@id\":\"https:\/\/volcanes.net\/?p=4375#primaryimage\",\"url\":\"https:\/\/volcanes.net\/wp-content\/uploads\/2019\/04\/IMG-20190406-WA0033-e1554765096938.jpg\",\"contentUrl\":\"https:\/\/volcanes.net\/wp-content\/uploads\/2019\/04\/IMG-20190406-WA0033-e1554765096938.jpg\",\"width\":600,\"height\":400},{\"@type\":\"BreadcrumbList\",\"@id\":\"https:\/\/volcanes.net\/?p=4375#breadcrumb\",\"itemListElement\":[{\"@type\":\"ListItem\",\"position\":1,\"name\":\"Portada\",\"item\":\"https:\/\/volcanes.net\/\"},{\"@type\":\"ListItem\",\"position\":2,\"name\":\"Deben modificarse rutas de evacuaci\u00f3n en la zona de los volcanes: Max Correa\"}]},{\"@type\":\"WebSite\",\"@id\":\"https:\/\/volcanes.net\/#website\",\"url\":\"https:\/\/volcanes.net\/\",\"name\":\"Volcanes.Net\",\"description\":\"Periodismo Profesional\",\"publisher\":{\"@id\":\"https:\/\/volcanes.net\/#organization\"},\"potentialAction\":[{\"@type\":\"SearchAction\",\"target\":{\"@type\":\"EntryPoint\",\"urlTemplate\":\"https:\/\/volcanes.net\/?s={search_term_string}\"},\"query-input\":{\"@type\":\"PropertyValueSpecification\",\"valueRequired\":true,\"valueName\":\"search_term_string\"}}],\"inLanguage\":\"es\"},{\"@type\":\"Organization\",\"@id\":\"https:\/\/volcanes.net\/#organization\",\"name\":\"Grupo Volcanes\",\"url\":\"https:\/\/volcanes.net\/\",\"logo\":{\"@type\":\"ImageObject\",\"inLanguage\":\"es\",\"@id\":\"https:\/\/volcanes.net\/#\/schema\/logo\/image\/\",\"url\":\"http:\/\/volcanes.net\/wp-content\/uploads\/2017\/12\/Avatar2.jpg\",\"contentUrl\":\"http:\/\/volcanes.net\/wp-content\/uploads\/2017\/12\/Avatar2.jpg\",\"width\":378,\"height\":378,\"caption\":\"Grupo Volcanes\"},\"image\":{\"@id\":\"https:\/\/volcanes.net\/#\/schema\/logo\/image\/\"},\"sameAs\":[\"https:\/\/www.facebook.com\/volcanes.net\/\"]},{\"@type\":\"Person\",\"@id\":\"https:\/\/volcanes.net\/#\/schema\/person\/4bf0f383940966a4abd53f5048c0e6b9\",\"name\":\"admin\",\"image\":{\"@type\":\"ImageObject\",\"inLanguage\":\"es\",\"@id\":\"https:\/\/volcanes.net\/#\/schema\/person\/image\/\",\"url\":\"https:\/\/secure.gravatar.com\/avatar\/ca004e6cba8462b8cb7abc86e382930c?s=96&d=mm&r=g\",\"contentUrl\":\"https:\/\/secure.gravatar.com\/avatar\/ca004e6cba8462b8cb7abc86e382930c?s=96&d=mm&r=g\",\"caption\":\"admin\"}}]}<\/script>\n<!-- \/ Yoast SEO plugin. -->","yoast_head_json":{"title":"Deben modificarse rutas de evacuaci\u00f3n en la zona de los volcanes: Max Correa - Volcanes","robots":{"index":"index","follow":"follow","max-snippet":"max-snippet:-1","max-image-preview":"max-image-preview:large","max-video-preview":"max-video-preview:-1"},"canonical":"https:\/\/volcanes.net\/?p=4375","og_locale":"es_MX","og_type":"article","og_title":"Deben modificarse rutas de evacuaci\u00f3n en la zona de los volcanes: Max Correa - Volcanes","og_description":"* Tras una reuni\u00f3n que sostuvo el diputado de Morena en una de las rutas","og_url":"https:\/\/volcanes.net\/?p=4375","og_site_name":"Volcanes","article_publisher":"https:\/\/www.facebook.com\/volcanes.net\/","article_published_time":"2019-04-06T21:03:04+00:00","article_modified_time":"2019-04-06T21:04:12+00:00","og_image":[{"width":600,"height":400,"url":"https:\/\/volcanes.net\/wp-content\/uploads\/2019\/04\/IMG-20190406-WA0033-e1554765096938.jpg","type":"image\/jpeg"}],"author":"admin","twitter_card":"summary_large_image","twitter_misc":{"Escrito por":"admin","Tiempo de lectura":"2 minutos"},"schema":{"@context":"https:\/\/schema.org","@graph":[{"@type":"Article","@id":"https:\/\/volcanes.net\/?p=4375#article","isPartOf":{"@id":"https:\/\/volcanes.net\/?p=4375"},"author":{"name":"admin","@id":"https:\/\/volcanes.net\/#\/schema\/person\/4bf0f383940966a4abd53f5048c0e6b9"},"headline":"Deben modificarse rutas de evacuaci\u00f3n en la zona de los volcanes: Max Correa","datePublished":"2019-04-06T21:03:04+00:00","dateModified":"2019-04-06T21:04:12+00:00","mainEntityOfPage":{"@id":"https:\/\/volcanes.net\/?p=4375"},"wordCount":419,"commentCount":0,"publisher":{"@id":"https:\/\/volcanes.net\/#organization"},"image":{"@id":"https:\/\/volcanes.net\/?p=4375#primaryimage"},"thumbnailUrl":"https:\/\/volcanes.net\/wp-content\/uploads\/2019\/04\/IMG-20190406-WA0033-e1554765096938.jpg","keywords":["Atlautla"],"articleSection":["Municipales"],"inLanguage":"es","potentialAction":[{"@type":"CommentAction","name":"Comment","target":["https:\/\/volcanes.net\/?p=4375#respond"]}]},{"@type":"WebPage","@id":"https:\/\/volcanes.net\/?p=4375","url":"https:\/\/volcanes.net\/?p=4375","name":"Deben modificarse rutas de evacuaci\u00f3n en la zona de los volcanes: Max Correa - Volcanes","isPartOf":{"@id":"https:\/\/volcanes.net\/#website"},"primaryImageOfPage":{"@id":"https:\/\/volcanes.net\/?p=4375#primaryimage"},"image":{"@id":"https:\/\/volcanes.net\/?p=4375#primaryimage"},"thumbnailUrl":"https:\/\/volcanes.net\/wp-content\/uploads\/2019\/04\/IMG-20190406-WA0033-e1554765096938.jpg","datePublished":"2019-04-06T21:03:04+00:00","dateModified":"2019-04-06T21:04:12+00:00","breadcrumb":{"@id":"https:\/\/volcanes.net\/?p=4375#breadcrumb"},"inLanguage":"es","potentialAction":[{"@type":"ReadAction","target":["https:\/\/volcanes.net\/?p=4375"]}]},{"@type":"ImageObject","inLanguage":"es","@id":"https:\/\/volcanes.net\/?p=4375#primaryimage","url":"https:\/\/volcanes.net\/wp-content\/uploads\/2019\/04\/IMG-20190406-WA0033-e1554765096938.jpg","contentUrl":"https:\/\/volcanes.net\/wp-content\/uploads\/2019\/04\/IMG-20190406-WA0033-e1554765096938.jpg","width":600,"height":400},{"@type":"BreadcrumbList","@id":"https:\/\/volcanes.net\/?p=4375#breadcrumb","itemListElement":[{"@type":"ListItem","position":1,"name":"Portada","item":"https:\/\/volcanes.net\/"},{"@type":"ListItem","position":2,"name":"Deben modificarse rutas de evacuaci\u00f3n en la zona de los volcanes: Max Correa"}]},{"@type":"WebSite","@id":"https:\/\/volcanes.net\/#website","url":"https:\/\/volcanes.net\/","name":"Volcanes.Net","description":"Periodismo Profesional","publisher":{"@id":"https:\/\/volcanes.net\/#organization"},"potentialAction":[{"@type":"SearchAction","target":{"@type":"EntryPoint","urlTemplate":"https:\/\/volcanes.net\/?s={search_term_string}"},"query-input":{"@type":"PropertyValueSpecification","valueRequired":true,"valueName":"search_term_string"}}],"inLanguage":"es"},{"@type":"Organization","@id":"https:\/\/volcanes.net\/#organization","name":"Grupo Volcanes","url":"https:\/\/volcanes.net\/","logo":{"@type":"ImageObject","inLanguage":"es","@id":"https:\/\/volcanes.net\/#\/schema\/logo\/image\/","url":"http:\/\/volcanes.net\/wp-content\/uploads\/2017\/12\/Avatar2.jpg","contentUrl":"http:\/\/volcanes.net\/wp-content\/uploads\/2017\/12\/Avatar2.jpg","width":378,"height":378,"caption":"Grupo Volcanes"},"image":{"@id":"https:\/\/volcanes.net\/#\/schema\/logo\/image\/"},"sameAs":["https:\/\/www.facebook.com\/volcanes.net\/"]},{"@type":"Person","@id":"https:\/\/volcanes.net\/#\/schema\/person\/4bf0f383940966a4abd53f5048c0e6b9","name":"admin","image":{"@type":"ImageObject","inLanguage":"es","@id":"https:\/\/volcanes.net\/#\/schema\/person\/image\/","url":"https:\/\/secure.gravatar.com\/avatar\/ca004e6cba8462b8cb7abc86e382930c?s=96&d=mm&r=g","contentUrl":"https:\/\/secure.gravatar.com\/avatar\/ca004e6cba8462b8cb7abc86e382930c?s=96&d=mm&r=g","caption":"admin"}}]}},"_links":{"self":[{"href":"https:\/\/volcanes.net\/index.php?rest_route=\/wp\/v2\/posts\/4375"}],"collection":[{"href":"https:\/\/volcanes.net\/index.php?rest_route=\/wp\/v2\/posts"}],"about":[{"href":"https:\/\/volcanes.net\/index.php?rest_route=\/wp\/v2\/types\/post"}],"author":[{"embeddable":true,"href":"https:\/\/volcanes.net\/index.php?rest_route=\/wp\/v2\/users\/1"}],"replies":[{"embeddable":true,"href":"https:\/\/volcanes.net\/index.php?rest_route=%2Fwp%2Fv2%2Fcomments&post=4375"}],"version-history":[{"count":2,"href":"https:\/\/volcanes.net\/index.php?rest_route=\/wp\/v2\/posts\/4375\/revisions"}],"predecessor-version":[{"id":4377,"href":"https:\/\/volcanes.net\/index.php?rest_route=\/wp\/v2\/posts\/4375\/revisions\/4377"}],"wp:featuredmedia":[{"embeddable":true,"href":"https:\/\/volcanes.net\/index.php?rest_route=\/wp\/v2\/media\/4374"}],"wp:attachment":[{"href":"https:\/\/volcanes.net\/index.php?rest_route=%2Fwp%2Fv2%2Fmedia&parent=4375"}],"wp:term":[{"taxonomy":"category","embeddable":true,"href":"https:\/\/volcanes.net\/index.php?rest_route=%2Fwp%2Fv2%2Fcategories&post=4375"},{"taxonomy":"post_tag","embeddable":true,"href":"https:\/\/volcanes.net\/index.php?rest_route=%2Fwp%2Fv2%2Ftags&post=4375"}],"curies":[{"name":"wp","href":"https:\/\/api.w.org\/{rel}","templated":true}]}}