{"id":4386,"date":"2019-04-08T05:27:05","date_gmt":"2019-04-08T11:27:05","guid":{"rendered":"http:\/\/volcanes.net\/?p=4386"},"modified":"2019-04-08T05:27:43","modified_gmt":"2019-04-08T11:27:43","slug":"alfredo-barrera-llama-a-universitarios-a-defender-autonomia-de-la-uaem","status":"publish","type":"post","link":"https:\/\/volcanes.net\/?p=4386","title":{"rendered":"Alfredo Barrera llama a universitarios a defender autonom\u00eda  de la UAEM"},"content":{"rendered":"<div style=\"margin-top: 0px; margin-bottom: 0px;\" class=\"sharethis-inline-share-buttons\" ><\/div><p><span lang=\"ES-TRAD\" style=\"font-size:11pt; font-family:Symbol; color:black;\">\u00b7<span style=\"font-variant-numeric:normal; font-variant-east-asian:normal; font-stretch:normal; font-size:7pt; line-height:normal; font-family:\" timesnewroman\";\">        <span> <\/span><\/span><\/span><span lang=\"ES-TRAD\" style=\"font-size:11pt; font-family:Arial,sans-serif; color:black;\"><i>El rector anunci\u00f3 que esta semana entregar\u00e1 a la LX Legislatura del Estado de M\u00e9xico la propuesta institucional de reforma a la Ley de la UAEM en compa\u00f1\u00eda de los universitarios, quienes la construyeron con base en un debate al interior de la instituci\u00f3n.<\/i><\/span><\/p>\n<p class=\"MsoNormal\" style=\"color:rgb(0,0,0); font-style:normal; font-variant-ligatures:normal; font-variant-caps:normal; font-weight:400; letter-spacing:normal; orphans:2; text-indent:0px; text-transform:none; white-space:normal; widows:2; word-spacing:0px; -webkit-text-stroke-width:0px; text-decoration-style:initial; text-decoration-color:initialmargin:0cm0cm0.0001pt; font-size:12pt; font-family:Calibri,sans-serif; text-align:left;\"><span lang=\"ES-TRAD\" style=\"font-family:Arial,sans-serif;\"><b> <\/b><\/span><\/p>\n<p class=\"MsoNormal\" style=\"color:rgb(0,0,0); font-style:normal; font-variant-ligatures:normal; font-variant-caps:normal; font-weight:400; letter-spacing:normal; orphans:2; text-indent:0px; text-transform:none; white-space:normal; widows:2; word-spacing:0px; -webkit-text-stroke-width:0px; text-decoration-style:initial; text-decoration-color:initialmargin:0cm0cm0.0001pt; font-size:12pt; font-family:Calibri,sans-serif; text-align:left;\"><span lang=\"ES-MX\" style=\"font-family:Arial,sans-serif;\"><b>Toluca, M\u00e9x. \u2013 7 de abril de 2019.<\/b><\/span><span lang=\"ES-MX\" style=\"font-family:Arial,sans-serif;\"><span> <\/span><\/span><span lang=\"ES-MX\" style=\"font-family:Arial,sans-serif; color:black;\">El rector de la Universidad Aut\u00f3noma del Estado de M\u00e9xico, Alfredo Barrera Baca, llam\u00f3 a la comunidad universitaria a mantenerse alerta y actuar con serenidad, inteligencia, unidad y firmeza para defender la autonom\u00eda de esta casa de estudios.<\/span><\/p>\n<p class=\"MsoNormal\" style=\"color:rgb(0,0,0); font-style:normal; font-variant-ligatures:normal; font-variant-caps:normal; font-weight:400; letter-spacing:normal; orphans:2; text-transform:none; white-space:normal; widows:2; word-spacing:0px; -webkit-text-stroke-width:0px; text-decoration-style:initial; text-decoration-color:initialtext-indent:36pt; margin:0cm0cm0.0001pt; font-size:12pt; font-family:Calibri,sans-serif; text-align:left;\"><span lang=\"ES-MX\" style=\"font-family:Arial,sans-serif; color:black;\">Anunci\u00f3 que esta semana entregar\u00e1 a la LX Legislatura del Estado de M\u00e9xico la propuesta institucional de reforma a la Ley de la UAEM en compa\u00f1\u00eda de los universitarios, quienes la construyeron con base en un debate al interior de la instituci\u00f3n.<\/span><\/p>\n<p class=\"MsoNormal\" style=\"color:rgb(0,0,0); font-style:normal; font-variant-ligatures:normal; font-variant-caps:normal; font-weight:400; letter-spacing:normal; orphans:2; text-transform:none; white-space:normal; widows:2; word-spacing:0px; -webkit-text-stroke-width:0px; text-decoration-style:initial; text-decoration-color:initialtext-indent:36pt; margin:0cm0cm0.0001pt; font-size:12pt; font-family:Calibri,sans-serif; text-align:left;\"><span lang=\"ES-MX\" style=\"font-family:Arial,sans-serif; color:black;\">Durante la conferencia magistral que dict\u00f3 el director general de Evaluaci\u00f3n Institucional de la Universidad Nacional Aut\u00f3noma de M\u00e9xico, Imanol Ordorika Sacrist\u00e1n, el rector Alfredo Barrera enfatiz\u00f3 que \u201ces momento de demostrar, de manera voluntaria y pac\u00edfica, los leg\u00edtimos deseos para actualizar el r\u00e9gimen interno de la instituci\u00f3n y modular las relaciones de la UAEM con los poderes instituidos de la entidad y el pa\u00eds\u201d.<\/span><\/p>\n<p class=\"MsoNormal\" style=\"color:rgb(0,0,0); font-style:normal; font-variant-ligatures:normal; font-variant-caps:normal; font-weight:400; letter-spacing:normal; orphans:2; text-transform:none; white-space:normal; widows:2; word-spacing:0px; -webkit-text-stroke-width:0px; text-decoration-style:initial; text-decoration-color:initialtext-indent:36pt; margin:0cm0cm0.0001pt; font-size:12pt; font-family:Calibri,sans-serif; text-align:left;\"><span lang=\"ES-MX\" style=\"font-family:Arial,sans-serif; color:black;\">En el Aula Magna \u201cLic. Adolfo L\u00f3pez Mateos\u201d del Edificio de Rector\u00eda, Barrera Baca rechaz\u00f3 la propuesta de reforma a la Ley Universitaria presentada en la LX Legislatura del Estado de M\u00e9xico, la cual \u201cignora el gobierno leg\u00edtimo de la instituci\u00f3n y los deseos de transformaci\u00f3n de los aut\u00e9nticos universitarios\u201d.<\/span><\/p>\n<p class=\"MsoNormal\" style=\"color:rgb(0,0,0); font-style:normal; font-variant-ligatures:normal; font-variant-caps:normal; font-weight:400; letter-spacing:normal; orphans:2; text-transform:none; white-space:normal; widows:2; word-spacing:0px; -webkit-text-stroke-width:0px; text-decoration-style:initial; text-decoration-color:initialtext-indent:36pt; margin:0cm0cm0.0001pt; font-size:12pt; font-family:Calibri,sans-serif; text-align:left;\"><span lang=\"ES-MX\" style=\"font-family:Arial,sans-serif; color:black;\">Sostuvo que se trata de una iniciativa cuyo contenido socava la vida acad\u00e9mica de la Aut\u00f3noma mexiquense, impone reglas de autogobierno que promueven el conflicto y se propone defenestrar, en un plazo de 60 d\u00edas, al rector y al Consejo Universitario.<\/span><\/p>\n<p class=\"MsoNormal\" style=\"color:rgb(0,0,0); font-style:normal; font-variant-ligatures:normal; font-variant-caps:normal; font-weight:400; letter-spacing:normal; orphans:2; text-transform:none; white-space:normal; widows:2; word-spacing:0px; -webkit-text-stroke-width:0px; text-decoration-style:initial; text-decoration-color:initialtext-indent:36pt; margin:0cm0cm0.0001pt; font-size:12pt; font-family:Calibri,sans-serif; text-align:left;\"><span lang=\"ES-MX\" style=\"font-family:Arial,sans-serif; color:black;\">Alfredo Barrera Baca expres\u00f3 que la libertad de pensar, discernir, ense\u00f1ar e imaginar seguir\u00e1 siendo central en la vida de la comunidad de la m\u00e1xima casa de estudios mexiquense y afirm\u00f3 que es fundamental redefinir el sentido de la autonom\u00eda universitaria, acorde a los tiempos actuales, as\u00ed como clarificar su papel ante los relevos pol\u00edticos.<\/span><\/p>\n<p class=\"MsoNormal\" style=\"color:rgb(0,0,0); font-style:normal; font-variant-ligatures:normal; font-variant-caps:normal; font-weight:400; letter-spacing:normal; orphans:2; text-transform:none; white-space:normal; widows:2; word-spacing:0px; -webkit-text-stroke-width:0px; text-decoration-style:initial; text-decoration-color:initialtext-indent:36pt; margin:0cm0cm0.0001pt; font-size:12pt; font-family:Calibri,sans-serif; text-align:left;\"><span lang=\"ES-MX\" style=\"font-family:Arial,sans-serif; color:black;\">Al dictar la conferencia \u201cLa autonom\u00eda y el gobierno en las universidades p\u00fablicas de M\u00e9xico\u201d, Imanol Ordorika subray\u00f3 que la autonom\u00eda es el poder que tiene una universidad para gobernarse a s\u00ed misma sin control externo. \u201cEsta es la autonom\u00eda en su forma pura\u201d.<\/span><\/p>\n<p class=\"MsoNormal\" style=\"color:rgb(0,0,0); font-style:normal; font-variant-ligatures:normal; font-variant-caps:normal; font-weight:400; letter-spacing:normal; orphans:2; text-transform:none; white-space:normal; widows:2; word-spacing:0px; -webkit-text-stroke-width:0px; text-decoration-style:initial; text-decoration-color:initialtext-indent:36pt; margin:0cm0cm0.0001pt; font-size:12pt; font-family:Calibri,sans-serif; text-align:left;\"><span lang=\"ES-MX\" style=\"font-family:Arial,sans-serif; color:black;\">Resalt\u00f3 que la universidad es una instituci\u00f3n pol\u00edtica de la sociedad, aunque no en el mismo sentido que una c\u00e1mara de diputados o un partido. Se trata, dijo, de entender que en ella coexisten visiones diferentes sobre el futuro de la propia instituci\u00f3n y el pa\u00eds, que no existe una verdad absoluta y s\u00ed v\u00edas institucionales para canalizar las diferencias.<\/span><\/p>\n","protected":false},"excerpt":{"rendered":"<p>\u00b7 El rector anunci\u00f3 que esta semana entregar\u00e1 a la LX Legislatura del Estado de<\/p>\n","protected":false},"author":1,"featured_media":4385,"comment_status":"open","ping_status":"open","sticky":false,"template":"","format":"standard","meta":{"footnotes":""},"categories":[1],"tags":[25],"class_list":["post-4386","post","type-post","status-publish","format-standard","has-post-thumbnail","hentry","category-municipales","tag-uaem"],"yoast_head":"<!-- This site is optimized with the Yoast SEO plugin v25.3 - https:\/\/yoast.com\/wordpress\/plugins\/seo\/ -->\n<title>Alfredo Barrera llama a universitarios a defender autonom\u00eda de la UAEM - Volcanes<\/title>\n<meta name=\"robots\" content=\"index, follow, max-snippet:-1, max-image-preview:large, max-video-preview:-1\" \/>\n<link rel=\"canonical\" href=\"https:\/\/volcanes.net\/?p=4386\" \/>\n<meta property=\"og:locale\" content=\"es_MX\" \/>\n<meta property=\"og:type\" content=\"article\" \/>\n<meta property=\"og:title\" content=\"Alfredo Barrera llama a universitarios a defender autonom\u00eda de la UAEM - Volcanes\" \/>\n<meta property=\"og:description\" content=\"\u00b7 El rector anunci\u00f3 que esta semana entregar\u00e1 a la LX Legislatura del Estado de\" \/>\n<meta property=\"og:url\" content=\"https:\/\/volcanes.net\/?p=4386\" \/>\n<meta property=\"og:site_name\" content=\"Volcanes\" \/>\n<meta property=\"article:publisher\" content=\"https:\/\/www.facebook.com\/volcanes.net\/\" \/>\n<meta property=\"article:published_time\" content=\"2019-04-08T11:27:05+00:00\" \/>\n<meta property=\"article:modified_time\" content=\"2019-04-08T11:27:43+00:00\" \/>\n<meta property=\"og:image\" content=\"https:\/\/volcanes.net\/wp-content\/uploads\/2019\/04\/comun-0249-12_compress_42.jpg\" \/>\n\t<meta property=\"og:image:width\" content=\"1771\" \/>\n\t<meta property=\"og:image:height\" content=\"1181\" \/>\n\t<meta property=\"og:image:type\" content=\"image\/jpeg\" \/>\n<meta name=\"author\" content=\"admin\" \/>\n<meta name=\"twitter:card\" content=\"summary_large_image\" \/>\n<meta name=\"twitter:label1\" content=\"Escrito por\" \/>\n\t<meta name=\"twitter:data1\" content=\"admin\" \/>\n\t<meta name=\"twitter:label2\" content=\"Tiempo de lectura\" \/>\n\t<meta name=\"twitter:data2\" content=\"2 minutos\" \/>\n<script type=\"application\/ld+json\" class=\"yoast-schema-graph\">{\"@context\":\"https:\/\/schema.org\",\"@graph\":[{\"@type\":\"Article\",\"@id\":\"https:\/\/volcanes.net\/?p=4386#article\",\"isPartOf\":{\"@id\":\"https:\/\/volcanes.net\/?p=4386\"},\"author\":{\"name\":\"admin\",\"@id\":\"https:\/\/volcanes.net\/#\/schema\/person\/4bf0f383940966a4abd53f5048c0e6b9\"},\"headline\":\"Alfredo Barrera llama a universitarios a defender autonom\u00eda de la UAEM\",\"datePublished\":\"2019-04-08T11:27:05+00:00\",\"dateModified\":\"2019-04-08T11:27:43+00:00\",\"mainEntityOfPage\":{\"@id\":\"https:\/\/volcanes.net\/?p=4386\"},\"wordCount\":499,\"commentCount\":0,\"publisher\":{\"@id\":\"https:\/\/volcanes.net\/#organization\"},\"image\":{\"@id\":\"https:\/\/volcanes.net\/?p=4386#primaryimage\"},\"thumbnailUrl\":\"https:\/\/volcanes.net\/wp-content\/uploads\/2019\/04\/comun-0249-12_compress_42.jpg\",\"keywords\":[\"UAEM\"],\"articleSection\":[\"Municipales\"],\"inLanguage\":\"es\",\"potentialAction\":[{\"@type\":\"CommentAction\",\"name\":\"Comment\",\"target\":[\"https:\/\/volcanes.net\/?p=4386#respond\"]}]},{\"@type\":\"WebPage\",\"@id\":\"https:\/\/volcanes.net\/?p=4386\",\"url\":\"https:\/\/volcanes.net\/?p=4386\",\"name\":\"Alfredo Barrera llama a universitarios a defender autonom\u00eda de la UAEM - Volcanes\",\"isPartOf\":{\"@id\":\"https:\/\/volcanes.net\/#website\"},\"primaryImageOfPage\":{\"@id\":\"https:\/\/volcanes.net\/?p=4386#primaryimage\"},\"image\":{\"@id\":\"https:\/\/volcanes.net\/?p=4386#primaryimage\"},\"thumbnailUrl\":\"https:\/\/volcanes.net\/wp-content\/uploads\/2019\/04\/comun-0249-12_compress_42.jpg\",\"datePublished\":\"2019-04-08T11:27:05+00:00\",\"dateModified\":\"2019-04-08T11:27:43+00:00\",\"breadcrumb\":{\"@id\":\"https:\/\/volcanes.net\/?p=4386#breadcrumb\"},\"inLanguage\":\"es\",\"potentialAction\":[{\"@type\":\"ReadAction\",\"target\":[\"https:\/\/volcanes.net\/?p=4386\"]}]},{\"@type\":\"ImageObject\",\"inLanguage\":\"es\",\"@id\":\"https:\/\/volcanes.net\/?p=4386#primaryimage\",\"url\":\"https:\/\/volcanes.net\/wp-content\/uploads\/2019\/04\/comun-0249-12_compress_42.jpg\",\"contentUrl\":\"https:\/\/volcanes.net\/wp-content\/uploads\/2019\/04\/comun-0249-12_compress_42.jpg\",\"width\":1771,\"height\":1181},{\"@type\":\"BreadcrumbList\",\"@id\":\"https:\/\/volcanes.net\/?p=4386#breadcrumb\",\"itemListElement\":[{\"@type\":\"ListItem\",\"position\":1,\"name\":\"Portada\",\"item\":\"https:\/\/volcanes.net\/\"},{\"@type\":\"ListItem\",\"position\":2,\"name\":\"Alfredo Barrera llama a universitarios a defender autonom\u00eda de la UAEM\"}]},{\"@type\":\"WebSite\",\"@id\":\"https:\/\/volcanes.net\/#website\",\"url\":\"https:\/\/volcanes.net\/\",\"name\":\"Volcanes.Net\",\"description\":\"Periodismo Profesional\",\"publisher\":{\"@id\":\"https:\/\/volcanes.net\/#organization\"},\"potentialAction\":[{\"@type\":\"SearchAction\",\"target\":{\"@type\":\"EntryPoint\",\"urlTemplate\":\"https:\/\/volcanes.net\/?s={search_term_string}\"},\"query-input\":{\"@type\":\"PropertyValueSpecification\",\"valueRequired\":true,\"valueName\":\"search_term_string\"}}],\"inLanguage\":\"es\"},{\"@type\":\"Organization\",\"@id\":\"https:\/\/volcanes.net\/#organization\",\"name\":\"Grupo Volcanes\",\"url\":\"https:\/\/volcanes.net\/\",\"logo\":{\"@type\":\"ImageObject\",\"inLanguage\":\"es\",\"@id\":\"https:\/\/volcanes.net\/#\/schema\/logo\/image\/\",\"url\":\"http:\/\/volcanes.net\/wp-content\/uploads\/2017\/12\/Avatar2.jpg\",\"contentUrl\":\"http:\/\/volcanes.net\/wp-content\/uploads\/2017\/12\/Avatar2.jpg\",\"width\":378,\"height\":378,\"caption\":\"Grupo Volcanes\"},\"image\":{\"@id\":\"https:\/\/volcanes.net\/#\/schema\/logo\/image\/\"},\"sameAs\":[\"https:\/\/www.facebook.com\/volcanes.net\/\"]},{\"@type\":\"Person\",\"@id\":\"https:\/\/volcanes.net\/#\/schema\/person\/4bf0f383940966a4abd53f5048c0e6b9\",\"name\":\"admin\",\"image\":{\"@type\":\"ImageObject\",\"inLanguage\":\"es\",\"@id\":\"https:\/\/volcanes.net\/#\/schema\/person\/image\/\",\"url\":\"https:\/\/secure.gravatar.com\/avatar\/ca004e6cba8462b8cb7abc86e382930c?s=96&d=mm&r=g\",\"contentUrl\":\"https:\/\/secure.gravatar.com\/avatar\/ca004e6cba8462b8cb7abc86e382930c?s=96&d=mm&r=g\",\"caption\":\"admin\"}}]}<\/script>\n<!-- \/ Yoast SEO plugin. -->","yoast_head_json":{"title":"Alfredo Barrera llama a universitarios a defender autonom\u00eda de la UAEM - Volcanes","robots":{"index":"index","follow":"follow","max-snippet":"max-snippet:-1","max-image-preview":"max-image-preview:large","max-video-preview":"max-video-preview:-1"},"canonical":"https:\/\/volcanes.net\/?p=4386","og_locale":"es_MX","og_type":"article","og_title":"Alfredo Barrera llama a universitarios a defender autonom\u00eda de la UAEM - Volcanes","og_description":"\u00b7 El rector anunci\u00f3 que esta semana entregar\u00e1 a la LX Legislatura del Estado de","og_url":"https:\/\/volcanes.net\/?p=4386","og_site_name":"Volcanes","article_publisher":"https:\/\/www.facebook.com\/volcanes.net\/","article_published_time":"2019-04-08T11:27:05+00:00","article_modified_time":"2019-04-08T11:27:43+00:00","og_image":[{"width":1771,"height":1181,"url":"https:\/\/volcanes.net\/wp-content\/uploads\/2019\/04\/comun-0249-12_compress_42.jpg","type":"image\/jpeg"}],"author":"admin","twitter_card":"summary_large_image","twitter_misc":{"Escrito por":"admin","Tiempo de lectura":"2 minutos"},"schema":{"@context":"https:\/\/schema.org","@graph":[{"@type":"Article","@id":"https:\/\/volcanes.net\/?p=4386#article","isPartOf":{"@id":"https:\/\/volcanes.net\/?p=4386"},"author":{"name":"admin","@id":"https:\/\/volcanes.net\/#\/schema\/person\/4bf0f383940966a4abd53f5048c0e6b9"},"headline":"Alfredo Barrera llama a universitarios a defender autonom\u00eda de la UAEM","datePublished":"2019-04-08T11:27:05+00:00","dateModified":"2019-04-08T11:27:43+00:00","mainEntityOfPage":{"@id":"https:\/\/volcanes.net\/?p=4386"},"wordCount":499,"commentCount":0,"publisher":{"@id":"https:\/\/volcanes.net\/#organization"},"image":{"@id":"https:\/\/volcanes.net\/?p=4386#primaryimage"},"thumbnailUrl":"https:\/\/volcanes.net\/wp-content\/uploads\/2019\/04\/comun-0249-12_compress_42.jpg","keywords":["UAEM"],"articleSection":["Municipales"],"inLanguage":"es","potentialAction":[{"@type":"CommentAction","name":"Comment","target":["https:\/\/volcanes.net\/?p=4386#respond"]}]},{"@type":"WebPage","@id":"https:\/\/volcanes.net\/?p=4386","url":"https:\/\/volcanes.net\/?p=4386","name":"Alfredo Barrera llama a universitarios a defender autonom\u00eda de la UAEM - Volcanes","isPartOf":{"@id":"https:\/\/volcanes.net\/#website"},"primaryImageOfPage":{"@id":"https:\/\/volcanes.net\/?p=4386#primaryimage"},"image":{"@id":"https:\/\/volcanes.net\/?p=4386#primaryimage"},"thumbnailUrl":"https:\/\/volcanes.net\/wp-content\/uploads\/2019\/04\/comun-0249-12_compress_42.jpg","datePublished":"2019-04-08T11:27:05+00:00","dateModified":"2019-04-08T11:27:43+00:00","breadcrumb":{"@id":"https:\/\/volcanes.net\/?p=4386#breadcrumb"},"inLanguage":"es","potentialAction":[{"@type":"ReadAction","target":["https:\/\/volcanes.net\/?p=4386"]}]},{"@type":"ImageObject","inLanguage":"es","@id":"https:\/\/volcanes.net\/?p=4386#primaryimage","url":"https:\/\/volcanes.net\/wp-content\/uploads\/2019\/04\/comun-0249-12_compress_42.jpg","contentUrl":"https:\/\/volcanes.net\/wp-content\/uploads\/2019\/04\/comun-0249-12_compress_42.jpg","width":1771,"height":1181},{"@type":"BreadcrumbList","@id":"https:\/\/volcanes.net\/?p=4386#breadcrumb","itemListElement":[{"@type":"ListItem","position":1,"name":"Portada","item":"https:\/\/volcanes.net\/"},{"@type":"ListItem","position":2,"name":"Alfredo Barrera llama a universitarios a defender autonom\u00eda de la UAEM"}]},{"@type":"WebSite","@id":"https:\/\/volcanes.net\/#website","url":"https:\/\/volcanes.net\/","name":"Volcanes.Net","description":"Periodismo Profesional","publisher":{"@id":"https:\/\/volcanes.net\/#organization"},"potentialAction":[{"@type":"SearchAction","target":{"@type":"EntryPoint","urlTemplate":"https:\/\/volcanes.net\/?s={search_term_string}"},"query-input":{"@type":"PropertyValueSpecification","valueRequired":true,"valueName":"search_term_string"}}],"inLanguage":"es"},{"@type":"Organization","@id":"https:\/\/volcanes.net\/#organization","name":"Grupo Volcanes","url":"https:\/\/volcanes.net\/","logo":{"@type":"ImageObject","inLanguage":"es","@id":"https:\/\/volcanes.net\/#\/schema\/logo\/image\/","url":"http:\/\/volcanes.net\/wp-content\/uploads\/2017\/12\/Avatar2.jpg","contentUrl":"http:\/\/volcanes.net\/wp-content\/uploads\/2017\/12\/Avatar2.jpg","width":378,"height":378,"caption":"Grupo Volcanes"},"image":{"@id":"https:\/\/volcanes.net\/#\/schema\/logo\/image\/"},"sameAs":["https:\/\/www.facebook.com\/volcanes.net\/"]},{"@type":"Person","@id":"https:\/\/volcanes.net\/#\/schema\/person\/4bf0f383940966a4abd53f5048c0e6b9","name":"admin","image":{"@type":"ImageObject","inLanguage":"es","@id":"https:\/\/volcanes.net\/#\/schema\/person\/image\/","url":"https:\/\/secure.gravatar.com\/avatar\/ca004e6cba8462b8cb7abc86e382930c?s=96&d=mm&r=g","contentUrl":"https:\/\/secure.gravatar.com\/avatar\/ca004e6cba8462b8cb7abc86e382930c?s=96&d=mm&r=g","caption":"admin"}}]}},"_links":{"self":[{"href":"https:\/\/volcanes.net\/index.php?rest_route=\/wp\/v2\/posts\/4386"}],"collection":[{"href":"https:\/\/volcanes.net\/index.php?rest_route=\/wp\/v2\/posts"}],"about":[{"href":"https:\/\/volcanes.net\/index.php?rest_route=\/wp\/v2\/types\/post"}],"author":[{"embeddable":true,"href":"https:\/\/volcanes.net\/index.php?rest_route=\/wp\/v2\/users\/1"}],"replies":[{"embeddable":true,"href":"https:\/\/volcanes.net\/index.php?rest_route=%2Fwp%2Fv2%2Fcomments&post=4386"}],"version-history":[{"count":1,"href":"https:\/\/volcanes.net\/index.php?rest_route=\/wp\/v2\/posts\/4386\/revisions"}],"predecessor-version":[{"id":4387,"href":"https:\/\/volcanes.net\/index.php?rest_route=\/wp\/v2\/posts\/4386\/revisions\/4387"}],"wp:featuredmedia":[{"embeddable":true,"href":"https:\/\/volcanes.net\/index.php?rest_route=\/wp\/v2\/media\/4385"}],"wp:attachment":[{"href":"https:\/\/volcanes.net\/index.php?rest_route=%2Fwp%2Fv2%2Fmedia&parent=4386"}],"wp:term":[{"taxonomy":"category","embeddable":true,"href":"https:\/\/volcanes.net\/index.php?rest_route=%2Fwp%2Fv2%2Fcategories&post=4386"},{"taxonomy":"post_tag","embeddable":true,"href":"https:\/\/volcanes.net\/index.php?rest_route=%2Fwp%2Fv2%2Ftags&post=4386"}],"curies":[{"name":"wp","href":"https:\/\/api.w.org\/{rel}","templated":true}]}}