{"id":4388,"date":"2019-04-08T17:12:59","date_gmt":"2019-04-08T23:12:59","guid":{"rendered":"http:\/\/volcanes.net\/?p=4388"},"modified":"2019-04-08T17:12:59","modified_gmt":"2019-04-08T23:12:59","slug":"transportistas-del-estado-de-mexico-se-alistan-para-iniciar-obras-del-nuevo-aeropuerto","status":"publish","type":"post","link":"https:\/\/volcanes.net\/?p=4388","title":{"rendered":"Transportistas del Estado de M\u00e9xico se alistan para iniciar obras del Nuevo Aeropuerto"},"content":{"rendered":"<div style=\"margin-top: 0px; margin-bottom: 0px;\" class=\"sharethis-inline-share-buttons\" ><\/div><p>Alrededor de 20 organizaciones sindicales del transporte de carga, se reunieron en Tec\u00e1mac, Estado de M\u00e9xico, para solicitar al Presidente de la Rep\u00fablica, les considere para las obras de construcci\u00f3n del Nuevo Aeropuerto.<\/p>\n<p>Conformando un s\u00f3lo gremio del transporte y cobijados bajo la CATEM (Confederaci\u00f3n Aut\u00f3noma de Trabajadores y Empleados de M\u00e9xico), que dirige el Senador, Pedro Haces Barba, miles de transportistas acordaron conformar un solo frente para que les sea respetado su derecho a participar en las obras del nuevo proyecto del Aeropuerto en Tec\u00e1mac y Toluca.<\/p>\n<p>Jorge Neyra Sosa, en su car\u00e1cter de Secretario General de la CATEM en el Estado de M\u00e9xico, parafraseando lo dicho por el general<\/p>\n<p>Emiliano Zapata, se\u00f1al\u00f3 que han solicitado que los trabajos del nuevo aeropuerto en tierras mexiquenses, sea primeramente para los trabajadores de la entidad&#8230;<\/p>\n<p>&#8220;La tierra es de qui\u00e9n la trabaja, y por lo tanto, si la tierra es mexiquense, que sea de los mexiquenses&#8230; desde aqu\u00ed, le expresamos al capital, al se\u00f1or Presidente de la Rep\u00fablica, al se\u00f1or Gobernador y a las autoridades en general y a la sociedad sobre todo, decirles que en CATEM los transportistas somos gente de respeto, somos gente de trabajo, no somos gente de bronca, por el contrario, aqu\u00ed no se trata de competir, se trata de compartir, pero primero los que estamos aqu\u00ed y despu\u00e9s con mucho gusto lo que venga adelante&#8221;.<\/p>\n<p>Agreg\u00f3 y fue claro&#8230;<\/p>\n<p>&#8220;Aqu\u00ed tambi\u00e9n tenemos que reiterar algo compa\u00f1eros transportistas, todos los que me escuchan, no se puede hacer acuerdos a espaldas de los trabajadores, se cotiza una tarifa y cuando llega a manos de los transportistas, ya no llegan ni 10 centavos, eso ya no se puede&#8221;.<\/p>\n<p>Ericka Le\u00f3n Hern\u00e1ndez, responsable de la organizaci\u00f3n de esta reuni\u00f3n y Secretaria de Acci\u00f3n Femenil de la CATEM<\/p>\n<p>, luego de manifestar ante los miles de asistentes, su orgullo por ser una de las pocas mujeres transportistas l\u00edderes en el pa\u00eds, agradeci\u00f3 la oportunidad de ser contemplados para este mega proyecto&#8230;<\/p>\n<p>&#8220;Significa trabajo para todos nuestros transportistas y beneficio tambi\u00e9n para toda la gente que viajamos&#8230; que pedir\u00eda, pues pedir\u00eda que tuvi\u00e9ramos tarifas justas para nuestros transportistas&#8230; Estamos demostrando la unidad d<\/p>\n<p>e todos los Sindicatos y que vamos por un mismo tema, un mismo fin, que todos nuestros transportistas tengan un pago justo y que podamos tener un trabajo, lo que es parejo para todos, que podamos compartir el trabajo, defender los derechos de nuestros transportistas&#8221;.<\/p>\n<p>En su oportunidad Ra\u00fal Uribe, Secretario de Organizaci\u00f3n de la CATEM, enfatiz\u00f3 su benepl\u00e1cito por la uni\u00f3n que han conformado los sindicatos de transportistas en torno a la Confederaci\u00f3n&#8230;<\/p>\n<p>Me siento muy orgulloso de que hoy esas 20 organizaciones del Estado, de los diferentes Sindicatos que verdaderamente somos mexiquenses, hoy estemos aqu\u00ed unidos por un s\u00f3lo objetivo, de acabar con esas ratas, de esos seudo lideres que siempre han vivido del camioneo&#8230; CATEM tiene derecho a las obras y a las inversiones del gobierno federal, para que nuestros trabajadores, para que todo el transporte de acarreos de aqu\u00ed de la zona no se quede fuera, que participen en esta magna obra que es un proyecto que se propuso el Presidente y que lo vamos a ayudar a concluir con respeto, con trabajo y disciplina&#8221;.<\/p>\n<p>Hoy, m\u00e1s de 2000 transportistas, de 20 Sindicatos independientes, agrupados en la CATEM, est\u00e1n en espera de que el Gobierno Federal designe con que Sindicatos trabajar\u00e1n en las obras programadas para el nuevo aeropuerto en Santa Luc\u00eda y la Ciudad de Toluca en el Estado de M\u00e9xico.<\/p>\n","protected":false},"excerpt":{"rendered":"<p>Alrededor de 20 organizaciones sindicales del transporte de carga, se reunieron en Tec\u00e1mac, Estado de<\/p>\n","protected":false},"author":1,"featured_media":4389,"comment_status":"open","ping_status":"open","sticky":false,"template":"","format":"standard","meta":{"footnotes":""},"categories":[1],"tags":[71],"class_list":["post-4388","post","type-post","status-publish","format-standard","has-post-thumbnail","hentry","category-municipales","tag-tecamac"],"yoast_head":"<!-- This site is optimized with the Yoast SEO plugin v25.3 - https:\/\/yoast.com\/wordpress\/plugins\/seo\/ -->\n<title>Transportistas del Estado de M\u00e9xico se alistan para iniciar obras del Nuevo Aeropuerto - Volcanes<\/title>\n<meta name=\"robots\" content=\"index, follow, max-snippet:-1, max-image-preview:large, max-video-preview:-1\" \/>\n<link rel=\"canonical\" href=\"https:\/\/volcanes.net\/?p=4388\" \/>\n<meta property=\"og:locale\" content=\"es_MX\" \/>\n<meta property=\"og:type\" content=\"article\" \/>\n<meta property=\"og:title\" content=\"Transportistas del Estado de M\u00e9xico se alistan para iniciar obras del Nuevo Aeropuerto - Volcanes\" \/>\n<meta property=\"og:description\" content=\"Alrededor de 20 organizaciones sindicales del transporte de carga, se reunieron en Tec\u00e1mac, Estado de\" \/>\n<meta property=\"og:url\" content=\"https:\/\/volcanes.net\/?p=4388\" \/>\n<meta property=\"og:site_name\" content=\"Volcanes\" \/>\n<meta property=\"article:publisher\" content=\"https:\/\/www.facebook.com\/volcanes.net\/\" \/>\n<meta property=\"article:published_time\" content=\"2019-04-08T23:12:59+00:00\" \/>\n<meta property=\"og:image\" content=\"https:\/\/volcanes.net\/wp-content\/uploads\/2019\/04\/WhatsApp-Image-2019-04-08-at-3.51.59-PM.jpeg\" \/>\n\t<meta property=\"og:image:width\" content=\"400\" \/>\n\t<meta property=\"og:image:height\" content=\"533\" \/>\n\t<meta property=\"og:image:type\" content=\"image\/jpeg\" \/>\n<meta name=\"author\" content=\"admin\" \/>\n<meta name=\"twitter:card\" content=\"summary_large_image\" \/>\n<meta name=\"twitter:label1\" content=\"Escrito por\" \/>\n\t<meta name=\"twitter:data1\" content=\"admin\" \/>\n\t<meta name=\"twitter:label2\" content=\"Tiempo de lectura\" \/>\n\t<meta name=\"twitter:data2\" content=\"3 minutos\" \/>\n<script type=\"application\/ld+json\" class=\"yoast-schema-graph\">{\"@context\":\"https:\/\/schema.org\",\"@graph\":[{\"@type\":\"Article\",\"@id\":\"https:\/\/volcanes.net\/?p=4388#article\",\"isPartOf\":{\"@id\":\"https:\/\/volcanes.net\/?p=4388\"},\"author\":{\"name\":\"admin\",\"@id\":\"https:\/\/volcanes.net\/#\/schema\/person\/4bf0f383940966a4abd53f5048c0e6b9\"},\"headline\":\"Transportistas del Estado de M\u00e9xico se alistan para iniciar obras del Nuevo Aeropuerto\",\"datePublished\":\"2019-04-08T23:12:59+00:00\",\"mainEntityOfPage\":{\"@id\":\"https:\/\/volcanes.net\/?p=4388\"},\"wordCount\":636,\"commentCount\":0,\"publisher\":{\"@id\":\"https:\/\/volcanes.net\/#organization\"},\"image\":{\"@id\":\"https:\/\/volcanes.net\/?p=4388#primaryimage\"},\"thumbnailUrl\":\"https:\/\/volcanes.net\/wp-content\/uploads\/2019\/04\/WhatsApp-Image-2019-04-08-at-3.51.59-PM.jpeg\",\"keywords\":[\"Tec\u00e1mac\"],\"articleSection\":[\"Municipales\"],\"inLanguage\":\"es\",\"potentialAction\":[{\"@type\":\"CommentAction\",\"name\":\"Comment\",\"target\":[\"https:\/\/volcanes.net\/?p=4388#respond\"]}]},{\"@type\":\"WebPage\",\"@id\":\"https:\/\/volcanes.net\/?p=4388\",\"url\":\"https:\/\/volcanes.net\/?p=4388\",\"name\":\"Transportistas del Estado de M\u00e9xico se alistan para iniciar obras del Nuevo Aeropuerto - Volcanes\",\"isPartOf\":{\"@id\":\"https:\/\/volcanes.net\/#website\"},\"primaryImageOfPage\":{\"@id\":\"https:\/\/volcanes.net\/?p=4388#primaryimage\"},\"image\":{\"@id\":\"https:\/\/volcanes.net\/?p=4388#primaryimage\"},\"thumbnailUrl\":\"https:\/\/volcanes.net\/wp-content\/uploads\/2019\/04\/WhatsApp-Image-2019-04-08-at-3.51.59-PM.jpeg\",\"datePublished\":\"2019-04-08T23:12:59+00:00\",\"breadcrumb\":{\"@id\":\"https:\/\/volcanes.net\/?p=4388#breadcrumb\"},\"inLanguage\":\"es\",\"potentialAction\":[{\"@type\":\"ReadAction\",\"target\":[\"https:\/\/volcanes.net\/?p=4388\"]}]},{\"@type\":\"ImageObject\",\"inLanguage\":\"es\",\"@id\":\"https:\/\/volcanes.net\/?p=4388#primaryimage\",\"url\":\"https:\/\/volcanes.net\/wp-content\/uploads\/2019\/04\/WhatsApp-Image-2019-04-08-at-3.51.59-PM.jpeg\",\"contentUrl\":\"https:\/\/volcanes.net\/wp-content\/uploads\/2019\/04\/WhatsApp-Image-2019-04-08-at-3.51.59-PM.jpeg\",\"width\":400,\"height\":533},{\"@type\":\"BreadcrumbList\",\"@id\":\"https:\/\/volcanes.net\/?p=4388#breadcrumb\",\"itemListElement\":[{\"@type\":\"ListItem\",\"position\":1,\"name\":\"Portada\",\"item\":\"https:\/\/volcanes.net\/\"},{\"@type\":\"ListItem\",\"position\":2,\"name\":\"Transportistas del Estado de M\u00e9xico se alistan para iniciar obras del Nuevo Aeropuerto\"}]},{\"@type\":\"WebSite\",\"@id\":\"https:\/\/volcanes.net\/#website\",\"url\":\"https:\/\/volcanes.net\/\",\"name\":\"Volcanes.Net\",\"description\":\"Periodismo Profesional\",\"publisher\":{\"@id\":\"https:\/\/volcanes.net\/#organization\"},\"potentialAction\":[{\"@type\":\"SearchAction\",\"target\":{\"@type\":\"EntryPoint\",\"urlTemplate\":\"https:\/\/volcanes.net\/?s={search_term_string}\"},\"query-input\":{\"@type\":\"PropertyValueSpecification\",\"valueRequired\":true,\"valueName\":\"search_term_string\"}}],\"inLanguage\":\"es\"},{\"@type\":\"Organization\",\"@id\":\"https:\/\/volcanes.net\/#organization\",\"name\":\"Grupo Volcanes\",\"url\":\"https:\/\/volcanes.net\/\",\"logo\":{\"@type\":\"ImageObject\",\"inLanguage\":\"es\",\"@id\":\"https:\/\/volcanes.net\/#\/schema\/logo\/image\/\",\"url\":\"http:\/\/volcanes.net\/wp-content\/uploads\/2017\/12\/Avatar2.jpg\",\"contentUrl\":\"http:\/\/volcanes.net\/wp-content\/uploads\/2017\/12\/Avatar2.jpg\",\"width\":378,\"height\":378,\"caption\":\"Grupo Volcanes\"},\"image\":{\"@id\":\"https:\/\/volcanes.net\/#\/schema\/logo\/image\/\"},\"sameAs\":[\"https:\/\/www.facebook.com\/volcanes.net\/\"]},{\"@type\":\"Person\",\"@id\":\"https:\/\/volcanes.net\/#\/schema\/person\/4bf0f383940966a4abd53f5048c0e6b9\",\"name\":\"admin\",\"image\":{\"@type\":\"ImageObject\",\"inLanguage\":\"es\",\"@id\":\"https:\/\/volcanes.net\/#\/schema\/person\/image\/\",\"url\":\"https:\/\/secure.gravatar.com\/avatar\/ca004e6cba8462b8cb7abc86e382930c?s=96&d=mm&r=g\",\"contentUrl\":\"https:\/\/secure.gravatar.com\/avatar\/ca004e6cba8462b8cb7abc86e382930c?s=96&d=mm&r=g\",\"caption\":\"admin\"}}]}<\/script>\n<!-- \/ Yoast SEO plugin. -->","yoast_head_json":{"title":"Transportistas del Estado de M\u00e9xico se alistan para iniciar obras del Nuevo Aeropuerto - Volcanes","robots":{"index":"index","follow":"follow","max-snippet":"max-snippet:-1","max-image-preview":"max-image-preview:large","max-video-preview":"max-video-preview:-1"},"canonical":"https:\/\/volcanes.net\/?p=4388","og_locale":"es_MX","og_type":"article","og_title":"Transportistas del Estado de M\u00e9xico se alistan para iniciar obras del Nuevo Aeropuerto - Volcanes","og_description":"Alrededor de 20 organizaciones sindicales del transporte de carga, se reunieron en Tec\u00e1mac, Estado de","og_url":"https:\/\/volcanes.net\/?p=4388","og_site_name":"Volcanes","article_publisher":"https:\/\/www.facebook.com\/volcanes.net\/","article_published_time":"2019-04-08T23:12:59+00:00","og_image":[{"width":400,"height":533,"url":"https:\/\/volcanes.net\/wp-content\/uploads\/2019\/04\/WhatsApp-Image-2019-04-08-at-3.51.59-PM.jpeg","type":"image\/jpeg"}],"author":"admin","twitter_card":"summary_large_image","twitter_misc":{"Escrito por":"admin","Tiempo de lectura":"3 minutos"},"schema":{"@context":"https:\/\/schema.org","@graph":[{"@type":"Article","@id":"https:\/\/volcanes.net\/?p=4388#article","isPartOf":{"@id":"https:\/\/volcanes.net\/?p=4388"},"author":{"name":"admin","@id":"https:\/\/volcanes.net\/#\/schema\/person\/4bf0f383940966a4abd53f5048c0e6b9"},"headline":"Transportistas del Estado de M\u00e9xico se alistan para iniciar obras del Nuevo Aeropuerto","datePublished":"2019-04-08T23:12:59+00:00","mainEntityOfPage":{"@id":"https:\/\/volcanes.net\/?p=4388"},"wordCount":636,"commentCount":0,"publisher":{"@id":"https:\/\/volcanes.net\/#organization"},"image":{"@id":"https:\/\/volcanes.net\/?p=4388#primaryimage"},"thumbnailUrl":"https:\/\/volcanes.net\/wp-content\/uploads\/2019\/04\/WhatsApp-Image-2019-04-08-at-3.51.59-PM.jpeg","keywords":["Tec\u00e1mac"],"articleSection":["Municipales"],"inLanguage":"es","potentialAction":[{"@type":"CommentAction","name":"Comment","target":["https:\/\/volcanes.net\/?p=4388#respond"]}]},{"@type":"WebPage","@id":"https:\/\/volcanes.net\/?p=4388","url":"https:\/\/volcanes.net\/?p=4388","name":"Transportistas del Estado de M\u00e9xico se alistan para iniciar obras del Nuevo Aeropuerto - Volcanes","isPartOf":{"@id":"https:\/\/volcanes.net\/#website"},"primaryImageOfPage":{"@id":"https:\/\/volcanes.net\/?p=4388#primaryimage"},"image":{"@id":"https:\/\/volcanes.net\/?p=4388#primaryimage"},"thumbnailUrl":"https:\/\/volcanes.net\/wp-content\/uploads\/2019\/04\/WhatsApp-Image-2019-04-08-at-3.51.59-PM.jpeg","datePublished":"2019-04-08T23:12:59+00:00","breadcrumb":{"@id":"https:\/\/volcanes.net\/?p=4388#breadcrumb"},"inLanguage":"es","potentialAction":[{"@type":"ReadAction","target":["https:\/\/volcanes.net\/?p=4388"]}]},{"@type":"ImageObject","inLanguage":"es","@id":"https:\/\/volcanes.net\/?p=4388#primaryimage","url":"https:\/\/volcanes.net\/wp-content\/uploads\/2019\/04\/WhatsApp-Image-2019-04-08-at-3.51.59-PM.jpeg","contentUrl":"https:\/\/volcanes.net\/wp-content\/uploads\/2019\/04\/WhatsApp-Image-2019-04-08-at-3.51.59-PM.jpeg","width":400,"height":533},{"@type":"BreadcrumbList","@id":"https:\/\/volcanes.net\/?p=4388#breadcrumb","itemListElement":[{"@type":"ListItem","position":1,"name":"Portada","item":"https:\/\/volcanes.net\/"},{"@type":"ListItem","position":2,"name":"Transportistas del Estado de M\u00e9xico se alistan para iniciar obras del Nuevo Aeropuerto"}]},{"@type":"WebSite","@id":"https:\/\/volcanes.net\/#website","url":"https:\/\/volcanes.net\/","name":"Volcanes.Net","description":"Periodismo Profesional","publisher":{"@id":"https:\/\/volcanes.net\/#organization"},"potentialAction":[{"@type":"SearchAction","target":{"@type":"EntryPoint","urlTemplate":"https:\/\/volcanes.net\/?s={search_term_string}"},"query-input":{"@type":"PropertyValueSpecification","valueRequired":true,"valueName":"search_term_string"}}],"inLanguage":"es"},{"@type":"Organization","@id":"https:\/\/volcanes.net\/#organization","name":"Grupo Volcanes","url":"https:\/\/volcanes.net\/","logo":{"@type":"ImageObject","inLanguage":"es","@id":"https:\/\/volcanes.net\/#\/schema\/logo\/image\/","url":"http:\/\/volcanes.net\/wp-content\/uploads\/2017\/12\/Avatar2.jpg","contentUrl":"http:\/\/volcanes.net\/wp-content\/uploads\/2017\/12\/Avatar2.jpg","width":378,"height":378,"caption":"Grupo Volcanes"},"image":{"@id":"https:\/\/volcanes.net\/#\/schema\/logo\/image\/"},"sameAs":["https:\/\/www.facebook.com\/volcanes.net\/"]},{"@type":"Person","@id":"https:\/\/volcanes.net\/#\/schema\/person\/4bf0f383940966a4abd53f5048c0e6b9","name":"admin","image":{"@type":"ImageObject","inLanguage":"es","@id":"https:\/\/volcanes.net\/#\/schema\/person\/image\/","url":"https:\/\/secure.gravatar.com\/avatar\/ca004e6cba8462b8cb7abc86e382930c?s=96&d=mm&r=g","contentUrl":"https:\/\/secure.gravatar.com\/avatar\/ca004e6cba8462b8cb7abc86e382930c?s=96&d=mm&r=g","caption":"admin"}}]}},"_links":{"self":[{"href":"https:\/\/volcanes.net\/index.php?rest_route=\/wp\/v2\/posts\/4388"}],"collection":[{"href":"https:\/\/volcanes.net\/index.php?rest_route=\/wp\/v2\/posts"}],"about":[{"href":"https:\/\/volcanes.net\/index.php?rest_route=\/wp\/v2\/types\/post"}],"author":[{"embeddable":true,"href":"https:\/\/volcanes.net\/index.php?rest_route=\/wp\/v2\/users\/1"}],"replies":[{"embeddable":true,"href":"https:\/\/volcanes.net\/index.php?rest_route=%2Fwp%2Fv2%2Fcomments&post=4388"}],"version-history":[{"count":1,"href":"https:\/\/volcanes.net\/index.php?rest_route=\/wp\/v2\/posts\/4388\/revisions"}],"predecessor-version":[{"id":4390,"href":"https:\/\/volcanes.net\/index.php?rest_route=\/wp\/v2\/posts\/4388\/revisions\/4390"}],"wp:featuredmedia":[{"embeddable":true,"href":"https:\/\/volcanes.net\/index.php?rest_route=\/wp\/v2\/media\/4389"}],"wp:attachment":[{"href":"https:\/\/volcanes.net\/index.php?rest_route=%2Fwp%2Fv2%2Fmedia&parent=4388"}],"wp:term":[{"taxonomy":"category","embeddable":true,"href":"https:\/\/volcanes.net\/index.php?rest_route=%2Fwp%2Fv2%2Fcategories&post=4388"},{"taxonomy":"post_tag","embeddable":true,"href":"https:\/\/volcanes.net\/index.php?rest_route=%2Fwp%2Fv2%2Ftags&post=4388"}],"curies":[{"name":"wp","href":"https:\/\/api.w.org\/{rel}","templated":true}]}}