{"id":439,"date":"2018-01-12T14:56:25","date_gmt":"2018-01-12T14:56:25","guid":{"rendered":"http:\/\/volcanes.net\/?p=439"},"modified":"2018-01-12T14:56:25","modified_gmt":"2018-01-12T14:56:25","slug":"entrega-alcalde-juan-hugo-de-la-rosa-mobiliario-a-escuelas-publicas-en-neza","status":"publish","type":"post","link":"https:\/\/volcanes.net\/?p=439","title":{"rendered":"Entrega alcalde Juan Hugo de la Rosa mobiliario a escuelas p\u00fablicas en Neza"},"content":{"rendered":"<div style=\"margin-top: 0px; margin-bottom: 0px;\" class=\"sharethis-inline-share-buttons\" ><\/div><p class=\"m-7120024841756278625gmail-msonormal\" style=\"background: white\"><span style=\"font-family: 'Arial','sans-serif';color: #222222\">Con el objetivo de que las escuelas p\u00fablicas de Nezahualc\u00f3yotl cuenten con lo necesario para que los estudiantes puedan realizar sus actividades de manera adecuada y digna, el alcalde Juan Hugo de la Rosa Garc\u00eda hizo entrega de mobiliario a 15 instituciones escolares de la localidad, acci\u00f3n que se suma a los esfuerzos realizados por el gobierno municipal para mejorar la infraestructura educativa en el municipio.\u00a0<\/span><\/p>\n<p class=\"m-7120024841756278625gmail-msonormal\" style=\"background: white;text-align: start\"><span style=\"font-family: 'Arial','sans-serif';color: #222222\">Durante el evento, el presidente municipal acompa\u00f1ado de integrantes del Cabildo, maestros, estudiantes y padres de familia, resalt\u00f3 que el rezago en este rubro es grande debido a que las autoridades federales y estatales han descuidado durante mucho tiempo a las escuelas, en ese sentido afirm\u00f3 que el gobierno municipal pese a sus limitantes realiza grandes esfuerzos que han permitido, por ejemplo, el haber logrado apoyar durante el a\u00f1o anterior a 32 planteles con m\u00f3dulos sanitarios, techumbres y aulas, entre otras obras.\u00a0\u00a0<\/span><\/p>\n<p class=\"m-7120024841756278625gmail-msonormal\" style=\"background: white;text-align: start\"><span style=\"font-family: 'Arial','sans-serif';color: #222222\">Precis\u00f3 que, luego de realizar visitas a las escuelas p\u00fablicas, en atenci\u00f3n a sus necesidades y solicitudes, se determin\u00f3 que el renovar el mobiliario en muchas de ellas era un tema apremiante, motivo por el cual de manera inmediata se buscaron los mecanismos para mejorarlo, teniendo como resultado la entrega de poco m\u00e1s de 2 mil 500 enseres, entre ellos: pupitres, escritorios, sillas, bancos para laboratorio, mesas plegables y estanter\u00eda.\u00a0<\/span><\/p>\n<p class=\"m-7120024841756278625gmail-msonormal\" style=\"background: white;text-align: start\"><span style=\"font-family: 'Arial','sans-serif';color: #222222\">De la Rosa Garc\u00eda detall\u00f3 que en esta oportunidad se vieron favorecidas las escuelas primarias Cuauht\u00e9moc, Laura M\u00e9ndez, Horacio Z\u00fa\u00f1iga, Gregorio Torres, Juan \u00c1lvarez, Agust\u00edn Melgar, Carlos Hank, Gustavo Baz, Horacio Z\u00fa\u00f1iga Vespertino, Alfonso Reyes, Guadalupe Victoria, Leyes de Reforma, Rafael Ram\u00edrez y dos colegios pertenecientes al Sistema DIF municipal, beneficiando con ello a miles de estudiantes.\u00a0<\/span><\/p>\n<p class=\"m-7120024841756278625gmail-msonormal\" style=\"background: white;text-align: start\"><span style=\"font-family: 'Arial','sans-serif';color: #222222\">Record\u00f3 que desde el primer momento de su gobierno se han implementado apoyos y est\u00edmulos, como la repartici\u00f3n de paquetes escolares, los programas de becas a estudiantes de nivel b\u00e1sico y medio superior, los cursos de capacitaci\u00f3n para el examen COMIPEMS y la entrega de laptops a estudiantes destacados, con el fin de lograr que verdaderamente en Nezahualc\u00f3yotl la educaci\u00f3n est\u00e9 al alcance de todos.\u00a0<\/span><\/p>\n<p class=\"m-7120024841756278625gmail-msonormal\" style=\"background: white;text-align: start\"><span style=\"font-family: 'Arial','sans-serif';color: #222222\">Por su parte, el subdirector de la escuela primaria Alfonso Reyes, Germ\u00e1n Casasola reconoci\u00f3 la labor del alcalde, pues afirm\u00f3 que para las instituciones escolares es muy importante el apoyo de las autoridades ya que les ayuda a cumplir con la labor de educar de la mejor manera a los alumnos, por lo que manifest\u00f3 su agradecimiento y celebr\u00f3 la preocupaci\u00f3n y el trabajo del gobierno municipal por mejorar la educaci\u00f3n en Nezahualc\u00f3yotl.\u00a0<\/span><\/p>\n<p class=\"m-7120024841756278625gmail-msonormal\" style=\"background: white;text-align: start\"><span style=\"font-family: 'Arial','sans-serif';color: #222222\">Finalmente, el presidente municipal Juan Hugo de la Rosa reiter\u00f3 su compromiso de brindar a los estudiantes mejores condiciones para que terminen con \u00e9xito sus estudios y continuar impulsando programas en su beneficio y el de sus familias.\u00a0<\/span><\/p>\n","protected":false},"excerpt":{"rendered":"<p>Con el objetivo de que las escuelas p\u00fablicas de Nezahualc\u00f3yotl cuenten con lo necesario para<\/p>\n","protected":false},"author":1,"featured_media":440,"comment_status":"open","ping_status":"open","sticky":false,"template":"","format":"standard","meta":{"footnotes":""},"categories":[1],"tags":[21],"class_list":["post-439","post","type-post","status-publish","format-standard","has-post-thumbnail","hentry","category-municipales","tag-nezahualcoyotl"],"yoast_head":"<!-- This site is optimized with the Yoast SEO plugin v25.3 - https:\/\/yoast.com\/wordpress\/plugins\/seo\/ -->\n<title>Entrega alcalde Juan Hugo de la Rosa mobiliario a escuelas p\u00fablicas en Neza - Volcanes<\/title>\n<meta name=\"robots\" content=\"index, follow, max-snippet:-1, max-image-preview:large, max-video-preview:-1\" \/>\n<link rel=\"canonical\" href=\"https:\/\/volcanes.net\/?p=439\" \/>\n<meta property=\"og:locale\" content=\"es_MX\" \/>\n<meta property=\"og:type\" content=\"article\" \/>\n<meta property=\"og:title\" content=\"Entrega alcalde Juan Hugo de la Rosa mobiliario a escuelas p\u00fablicas en Neza - Volcanes\" \/>\n<meta property=\"og:description\" content=\"Con el objetivo de que las escuelas p\u00fablicas de Nezahualc\u00f3yotl cuenten con lo necesario para\" \/>\n<meta property=\"og:url\" content=\"https:\/\/volcanes.net\/?p=439\" \/>\n<meta property=\"og:site_name\" content=\"Volcanes\" \/>\n<meta property=\"article:publisher\" content=\"https:\/\/www.facebook.com\/volcanes.net\/\" \/>\n<meta property=\"article:published_time\" content=\"2018-01-12T14:56:25+00:00\" \/>\n<meta property=\"og:image\" content=\"https:\/\/volcanes.net\/wp-content\/uploads\/2018\/01\/MG_3288.jpg\" \/>\n\t<meta property=\"og:image:width\" content=\"448\" \/>\n\t<meta property=\"og:image:height\" content=\"299\" \/>\n\t<meta property=\"og:image:type\" content=\"image\/jpeg\" \/>\n<meta name=\"author\" content=\"admin\" \/>\n<meta name=\"twitter:card\" content=\"summary_large_image\" \/>\n<meta name=\"twitter:label1\" content=\"Escrito por\" \/>\n\t<meta name=\"twitter:data1\" content=\"admin\" \/>\n\t<meta name=\"twitter:label2\" content=\"Tiempo de lectura\" \/>\n\t<meta name=\"twitter:data2\" content=\"2 minutos\" \/>\n<script type=\"application\/ld+json\" class=\"yoast-schema-graph\">{\"@context\":\"https:\/\/schema.org\",\"@graph\":[{\"@type\":\"Article\",\"@id\":\"https:\/\/volcanes.net\/?p=439#article\",\"isPartOf\":{\"@id\":\"https:\/\/volcanes.net\/?p=439\"},\"author\":{\"name\":\"admin\",\"@id\":\"https:\/\/volcanes.net\/#\/schema\/person\/4bf0f383940966a4abd53f5048c0e6b9\"},\"headline\":\"Entrega alcalde Juan Hugo de la Rosa mobiliario a escuelas p\u00fablicas en Neza\",\"datePublished\":\"2018-01-12T14:56:25+00:00\",\"mainEntityOfPage\":{\"@id\":\"https:\/\/volcanes.net\/?p=439\"},\"wordCount\":489,\"commentCount\":0,\"publisher\":{\"@id\":\"https:\/\/volcanes.net\/#organization\"},\"image\":{\"@id\":\"https:\/\/volcanes.net\/?p=439#primaryimage\"},\"thumbnailUrl\":\"https:\/\/volcanes.net\/wp-content\/uploads\/2018\/01\/MG_3288.jpg\",\"keywords\":[\"Nezahualc\u00f3yotl\"],\"articleSection\":[\"Municipales\"],\"inLanguage\":\"es\",\"potentialAction\":[{\"@type\":\"CommentAction\",\"name\":\"Comment\",\"target\":[\"https:\/\/volcanes.net\/?p=439#respond\"]}]},{\"@type\":\"WebPage\",\"@id\":\"https:\/\/volcanes.net\/?p=439\",\"url\":\"https:\/\/volcanes.net\/?p=439\",\"name\":\"Entrega alcalde Juan Hugo de la Rosa mobiliario a escuelas p\u00fablicas en Neza - Volcanes\",\"isPartOf\":{\"@id\":\"https:\/\/volcanes.net\/#website\"},\"primaryImageOfPage\":{\"@id\":\"https:\/\/volcanes.net\/?p=439#primaryimage\"},\"image\":{\"@id\":\"https:\/\/volcanes.net\/?p=439#primaryimage\"},\"thumbnailUrl\":\"https:\/\/volcanes.net\/wp-content\/uploads\/2018\/01\/MG_3288.jpg\",\"datePublished\":\"2018-01-12T14:56:25+00:00\",\"breadcrumb\":{\"@id\":\"https:\/\/volcanes.net\/?p=439#breadcrumb\"},\"inLanguage\":\"es\",\"potentialAction\":[{\"@type\":\"ReadAction\",\"target\":[\"https:\/\/volcanes.net\/?p=439\"]}]},{\"@type\":\"ImageObject\",\"inLanguage\":\"es\",\"@id\":\"https:\/\/volcanes.net\/?p=439#primaryimage\",\"url\":\"https:\/\/volcanes.net\/wp-content\/uploads\/2018\/01\/MG_3288.jpg\",\"contentUrl\":\"https:\/\/volcanes.net\/wp-content\/uploads\/2018\/01\/MG_3288.jpg\",\"width\":448,\"height\":299},{\"@type\":\"BreadcrumbList\",\"@id\":\"https:\/\/volcanes.net\/?p=439#breadcrumb\",\"itemListElement\":[{\"@type\":\"ListItem\",\"position\":1,\"name\":\"Portada\",\"item\":\"https:\/\/volcanes.net\/\"},{\"@type\":\"ListItem\",\"position\":2,\"name\":\"Entrega alcalde Juan Hugo de la Rosa mobiliario a escuelas p\u00fablicas en Neza\"}]},{\"@type\":\"WebSite\",\"@id\":\"https:\/\/volcanes.net\/#website\",\"url\":\"https:\/\/volcanes.net\/\",\"name\":\"Volcanes.Net\",\"description\":\"Periodismo Profesional\",\"publisher\":{\"@id\":\"https:\/\/volcanes.net\/#organization\"},\"potentialAction\":[{\"@type\":\"SearchAction\",\"target\":{\"@type\":\"EntryPoint\",\"urlTemplate\":\"https:\/\/volcanes.net\/?s={search_term_string}\"},\"query-input\":{\"@type\":\"PropertyValueSpecification\",\"valueRequired\":true,\"valueName\":\"search_term_string\"}}],\"inLanguage\":\"es\"},{\"@type\":\"Organization\",\"@id\":\"https:\/\/volcanes.net\/#organization\",\"name\":\"Grupo Volcanes\",\"url\":\"https:\/\/volcanes.net\/\",\"logo\":{\"@type\":\"ImageObject\",\"inLanguage\":\"es\",\"@id\":\"https:\/\/volcanes.net\/#\/schema\/logo\/image\/\",\"url\":\"http:\/\/volcanes.net\/wp-content\/uploads\/2017\/12\/Avatar2.jpg\",\"contentUrl\":\"http:\/\/volcanes.net\/wp-content\/uploads\/2017\/12\/Avatar2.jpg\",\"width\":378,\"height\":378,\"caption\":\"Grupo Volcanes\"},\"image\":{\"@id\":\"https:\/\/volcanes.net\/#\/schema\/logo\/image\/\"},\"sameAs\":[\"https:\/\/www.facebook.com\/volcanes.net\/\"]},{\"@type\":\"Person\",\"@id\":\"https:\/\/volcanes.net\/#\/schema\/person\/4bf0f383940966a4abd53f5048c0e6b9\",\"name\":\"admin\",\"image\":{\"@type\":\"ImageObject\",\"inLanguage\":\"es\",\"@id\":\"https:\/\/volcanes.net\/#\/schema\/person\/image\/\",\"url\":\"https:\/\/secure.gravatar.com\/avatar\/ca004e6cba8462b8cb7abc86e382930c?s=96&d=mm&r=g\",\"contentUrl\":\"https:\/\/secure.gravatar.com\/avatar\/ca004e6cba8462b8cb7abc86e382930c?s=96&d=mm&r=g\",\"caption\":\"admin\"}}]}<\/script>\n<!-- \/ Yoast SEO plugin. -->","yoast_head_json":{"title":"Entrega alcalde Juan Hugo de la Rosa mobiliario a escuelas p\u00fablicas en Neza - Volcanes","robots":{"index":"index","follow":"follow","max-snippet":"max-snippet:-1","max-image-preview":"max-image-preview:large","max-video-preview":"max-video-preview:-1"},"canonical":"https:\/\/volcanes.net\/?p=439","og_locale":"es_MX","og_type":"article","og_title":"Entrega alcalde Juan Hugo de la Rosa mobiliario a escuelas p\u00fablicas en Neza - Volcanes","og_description":"Con el objetivo de que las escuelas p\u00fablicas de Nezahualc\u00f3yotl cuenten con lo necesario para","og_url":"https:\/\/volcanes.net\/?p=439","og_site_name":"Volcanes","article_publisher":"https:\/\/www.facebook.com\/volcanes.net\/","article_published_time":"2018-01-12T14:56:25+00:00","og_image":[{"width":448,"height":299,"url":"https:\/\/volcanes.net\/wp-content\/uploads\/2018\/01\/MG_3288.jpg","type":"image\/jpeg"}],"author":"admin","twitter_card":"summary_large_image","twitter_misc":{"Escrito por":"admin","Tiempo de lectura":"2 minutos"},"schema":{"@context":"https:\/\/schema.org","@graph":[{"@type":"Article","@id":"https:\/\/volcanes.net\/?p=439#article","isPartOf":{"@id":"https:\/\/volcanes.net\/?p=439"},"author":{"name":"admin","@id":"https:\/\/volcanes.net\/#\/schema\/person\/4bf0f383940966a4abd53f5048c0e6b9"},"headline":"Entrega alcalde Juan Hugo de la Rosa mobiliario a escuelas p\u00fablicas en Neza","datePublished":"2018-01-12T14:56:25+00:00","mainEntityOfPage":{"@id":"https:\/\/volcanes.net\/?p=439"},"wordCount":489,"commentCount":0,"publisher":{"@id":"https:\/\/volcanes.net\/#organization"},"image":{"@id":"https:\/\/volcanes.net\/?p=439#primaryimage"},"thumbnailUrl":"https:\/\/volcanes.net\/wp-content\/uploads\/2018\/01\/MG_3288.jpg","keywords":["Nezahualc\u00f3yotl"],"articleSection":["Municipales"],"inLanguage":"es","potentialAction":[{"@type":"CommentAction","name":"Comment","target":["https:\/\/volcanes.net\/?p=439#respond"]}]},{"@type":"WebPage","@id":"https:\/\/volcanes.net\/?p=439","url":"https:\/\/volcanes.net\/?p=439","name":"Entrega alcalde Juan Hugo de la Rosa mobiliario a escuelas p\u00fablicas en Neza - Volcanes","isPartOf":{"@id":"https:\/\/volcanes.net\/#website"},"primaryImageOfPage":{"@id":"https:\/\/volcanes.net\/?p=439#primaryimage"},"image":{"@id":"https:\/\/volcanes.net\/?p=439#primaryimage"},"thumbnailUrl":"https:\/\/volcanes.net\/wp-content\/uploads\/2018\/01\/MG_3288.jpg","datePublished":"2018-01-12T14:56:25+00:00","breadcrumb":{"@id":"https:\/\/volcanes.net\/?p=439#breadcrumb"},"inLanguage":"es","potentialAction":[{"@type":"ReadAction","target":["https:\/\/volcanes.net\/?p=439"]}]},{"@type":"ImageObject","inLanguage":"es","@id":"https:\/\/volcanes.net\/?p=439#primaryimage","url":"https:\/\/volcanes.net\/wp-content\/uploads\/2018\/01\/MG_3288.jpg","contentUrl":"https:\/\/volcanes.net\/wp-content\/uploads\/2018\/01\/MG_3288.jpg","width":448,"height":299},{"@type":"BreadcrumbList","@id":"https:\/\/volcanes.net\/?p=439#breadcrumb","itemListElement":[{"@type":"ListItem","position":1,"name":"Portada","item":"https:\/\/volcanes.net\/"},{"@type":"ListItem","position":2,"name":"Entrega alcalde Juan Hugo de la Rosa mobiliario a escuelas p\u00fablicas en Neza"}]},{"@type":"WebSite","@id":"https:\/\/volcanes.net\/#website","url":"https:\/\/volcanes.net\/","name":"Volcanes.Net","description":"Periodismo Profesional","publisher":{"@id":"https:\/\/volcanes.net\/#organization"},"potentialAction":[{"@type":"SearchAction","target":{"@type":"EntryPoint","urlTemplate":"https:\/\/volcanes.net\/?s={search_term_string}"},"query-input":{"@type":"PropertyValueSpecification","valueRequired":true,"valueName":"search_term_string"}}],"inLanguage":"es"},{"@type":"Organization","@id":"https:\/\/volcanes.net\/#organization","name":"Grupo Volcanes","url":"https:\/\/volcanes.net\/","logo":{"@type":"ImageObject","inLanguage":"es","@id":"https:\/\/volcanes.net\/#\/schema\/logo\/image\/","url":"http:\/\/volcanes.net\/wp-content\/uploads\/2017\/12\/Avatar2.jpg","contentUrl":"http:\/\/volcanes.net\/wp-content\/uploads\/2017\/12\/Avatar2.jpg","width":378,"height":378,"caption":"Grupo Volcanes"},"image":{"@id":"https:\/\/volcanes.net\/#\/schema\/logo\/image\/"},"sameAs":["https:\/\/www.facebook.com\/volcanes.net\/"]},{"@type":"Person","@id":"https:\/\/volcanes.net\/#\/schema\/person\/4bf0f383940966a4abd53f5048c0e6b9","name":"admin","image":{"@type":"ImageObject","inLanguage":"es","@id":"https:\/\/volcanes.net\/#\/schema\/person\/image\/","url":"https:\/\/secure.gravatar.com\/avatar\/ca004e6cba8462b8cb7abc86e382930c?s=96&d=mm&r=g","contentUrl":"https:\/\/secure.gravatar.com\/avatar\/ca004e6cba8462b8cb7abc86e382930c?s=96&d=mm&r=g","caption":"admin"}}]}},"_links":{"self":[{"href":"https:\/\/volcanes.net\/index.php?rest_route=\/wp\/v2\/posts\/439"}],"collection":[{"href":"https:\/\/volcanes.net\/index.php?rest_route=\/wp\/v2\/posts"}],"about":[{"href":"https:\/\/volcanes.net\/index.php?rest_route=\/wp\/v2\/types\/post"}],"author":[{"embeddable":true,"href":"https:\/\/volcanes.net\/index.php?rest_route=\/wp\/v2\/users\/1"}],"replies":[{"embeddable":true,"href":"https:\/\/volcanes.net\/index.php?rest_route=%2Fwp%2Fv2%2Fcomments&post=439"}],"version-history":[{"count":1,"href":"https:\/\/volcanes.net\/index.php?rest_route=\/wp\/v2\/posts\/439\/revisions"}],"predecessor-version":[{"id":441,"href":"https:\/\/volcanes.net\/index.php?rest_route=\/wp\/v2\/posts\/439\/revisions\/441"}],"wp:featuredmedia":[{"embeddable":true,"href":"https:\/\/volcanes.net\/index.php?rest_route=\/wp\/v2\/media\/440"}],"wp:attachment":[{"href":"https:\/\/volcanes.net\/index.php?rest_route=%2Fwp%2Fv2%2Fmedia&parent=439"}],"wp:term":[{"taxonomy":"category","embeddable":true,"href":"https:\/\/volcanes.net\/index.php?rest_route=%2Fwp%2Fv2%2Fcategories&post=439"},{"taxonomy":"post_tag","embeddable":true,"href":"https:\/\/volcanes.net\/index.php?rest_route=%2Fwp%2Fv2%2Ftags&post=439"}],"curies":[{"name":"wp","href":"https:\/\/api.w.org\/{rel}","templated":true}]}}