{"id":4398,"date":"2019-04-09T10:54:50","date_gmt":"2019-04-09T16:54:50","guid":{"rendered":"http:\/\/volcanes.net\/?p=4398"},"modified":"2019-04-09T10:55:48","modified_gmt":"2019-04-09T16:55:48","slug":"inauguran-la-unidad-de-basica-de-rehabilitacion-en-valle-de-chalco","status":"publish","type":"post","link":"https:\/\/volcanes.net\/?p=4398","title":{"rendered":"Inauguran la Unidad de b\u00e1sica de rehabilitaci\u00f3n en Valle de Chalco"},"content":{"rendered":"<div style=\"margin-top: 0px; margin-bottom: 0px;\" class=\"sharethis-inline-share-buttons\" ><\/div><p>Valle de Chalco, M\u00e9x, 8 de abril de 2019.- En el marco de la inauguraci\u00f3n de la Unidad B\u00e1sica de Rehabilitaci\u00f3n e Integraci\u00f3n Social (UBRIS) de Valle de Chalco, que tuvo una inversi\u00f3n suprior a los 4 millones de pesos, el alcalde Francisco Tenorio Contreras se comprometi\u00f3 a convertir este espacio en un Centro de Rehabilitaci\u00f3n e Integraci\u00f3n Social (CRIS), para atender a la poblaci\u00f3n con capacidades diferentes.<br \/>\nEn la colonia Am\u00e9ricas 1ra. secci\u00f3n, la presidenta del DIF, Yesica Rojas Hern\u00e1ndez anunci\u00f3 que \u201cla discapacidad no discrimina y nuestro gobierno quiere dar muestra de que si se puede atender a este sector\u201d, por lo que solicit\u00f3 al presidente municipal la construcci\u00f3n de un CRIS, que ser\u00eda el 6to.construido en el estado de M\u00e9xico.<br \/>\nAdem\u00e1s de que destac\u00f3 el equipamiento del cuarto de estimulaci\u00f3n multisensorial en el UBRIS que tuvo un costo de m\u00e1s de un mill\u00f3n de pesos.<br \/>\nPor su parte, el edil respondi\u00f3 afirmativamente a la petici\u00f3n y sostuvo que se van ampliar las instalaciones del UBRIS, equipar y contratar m\u00e1s personal para buscar la certificaci\u00f3n y que el pr\u00f3ximo a\u00f1o se inaugure el CRIS en Valle de Chalco.<br \/>\nObra con la que se pretende ampliar la atenci\u00f3n a m\u00e1s n\u00famero de vallechalquenses que sufren alguna discapacidad, muchas de las cuales se ven obligadas a ir a la Ciudad de M\u00e9xico para recibir atenci\u00f3n especializada.<br \/>\n\u201cLa discapacidad\u2026 esta generalmente en nuestra mente en nuestro cerebro no concibo que por una cuesti\u00f3n circunstancial e involuntaria se piense que las personas que viven\u2026 algunos desde el nacimiento y otros por consecuencia de alguna enfermedad o alg\u00fan accidente tengan que enfrentar y muchas veces solos o solas esta problem\u00e1tica. Que la pobreza sea el c\u00e1ncer que no permite que la gente tenga acceso a estos servicios, por eso estamos muy comprometidos para que el pr\u00f3ximo a\u00f1o\u2026hoy estamos inaugurando una Unidad B\u00e1sica pero el pr\u00f3ximo a\u00f1o seguramente estaremos inaugurando un Centro de Rehabilitaci\u00f3n que ser\u00eda el 6to. del estado de M\u00e9xico\u201d, dijo Tenorio Contreras.<br \/>\nDurante el evento, Yesica Rojas y Francisco Tenorio entregaron 10 sillas de rueda y una rodillera especial.<\/p>\n","protected":false},"excerpt":{"rendered":"<p>Valle de Chalco, M\u00e9x, 8 de abril de 2019.- En el marco de la inauguraci\u00f3n<\/p>\n","protected":false},"author":1,"featured_media":4397,"comment_status":"open","ping_status":"open","sticky":false,"template":"","format":"standard","meta":{"footnotes":""},"categories":[1],"tags":[5],"class_list":["post-4398","post","type-post","status-publish","format-standard","has-post-thumbnail","hentry","category-municipales","tag-valle-de-chalco"],"yoast_head":"<!-- This site is optimized with the Yoast SEO plugin v25.3 - https:\/\/yoast.com\/wordpress\/plugins\/seo\/ -->\n<title>Inauguran la Unidad de b\u00e1sica de rehabilitaci\u00f3n en Valle de Chalco - Volcanes<\/title>\n<meta name=\"robots\" content=\"index, follow, max-snippet:-1, max-image-preview:large, max-video-preview:-1\" \/>\n<link rel=\"canonical\" href=\"https:\/\/volcanes.net\/?p=4398\" \/>\n<meta property=\"og:locale\" content=\"es_MX\" \/>\n<meta property=\"og:type\" content=\"article\" \/>\n<meta property=\"og:title\" content=\"Inauguran la Unidad de b\u00e1sica de rehabilitaci\u00f3n en Valle de Chalco - Volcanes\" \/>\n<meta property=\"og:description\" content=\"Valle de Chalco, M\u00e9x, 8 de abril de 2019.- En el marco de la inauguraci\u00f3n\" \/>\n<meta property=\"og:url\" content=\"https:\/\/volcanes.net\/?p=4398\" \/>\n<meta property=\"og:site_name\" content=\"Volcanes\" \/>\n<meta property=\"article:publisher\" content=\"https:\/\/www.facebook.com\/volcanes.net\/\" \/>\n<meta property=\"article:published_time\" content=\"2019-04-09T16:54:50+00:00\" \/>\n<meta property=\"article:modified_time\" content=\"2019-04-09T16:55:48+00:00\" \/>\n<meta property=\"og:image\" content=\"https:\/\/volcanes.net\/wp-content\/uploads\/2019\/04\/IMG-20190409-WA0011_compress_93.jpg\" \/>\n\t<meta property=\"og:image:width\" content=\"1280\" \/>\n\t<meta property=\"og:image:height\" content=\"960\" \/>\n\t<meta property=\"og:image:type\" content=\"image\/jpeg\" \/>\n<meta name=\"author\" content=\"admin\" \/>\n<meta name=\"twitter:card\" content=\"summary_large_image\" \/>\n<meta name=\"twitter:label1\" content=\"Escrito por\" \/>\n\t<meta name=\"twitter:data1\" content=\"admin\" \/>\n\t<meta name=\"twitter:label2\" content=\"Tiempo de lectura\" \/>\n\t<meta name=\"twitter:data2\" content=\"2 minutos\" \/>\n<script type=\"application\/ld+json\" class=\"yoast-schema-graph\">{\"@context\":\"https:\/\/schema.org\",\"@graph\":[{\"@type\":\"Article\",\"@id\":\"https:\/\/volcanes.net\/?p=4398#article\",\"isPartOf\":{\"@id\":\"https:\/\/volcanes.net\/?p=4398\"},\"author\":{\"name\":\"admin\",\"@id\":\"https:\/\/volcanes.net\/#\/schema\/person\/4bf0f383940966a4abd53f5048c0e6b9\"},\"headline\":\"Inauguran la Unidad de b\u00e1sica de rehabilitaci\u00f3n en Valle de Chalco\",\"datePublished\":\"2019-04-09T16:54:50+00:00\",\"dateModified\":\"2019-04-09T16:55:48+00:00\",\"mainEntityOfPage\":{\"@id\":\"https:\/\/volcanes.net\/?p=4398\"},\"wordCount\":401,\"commentCount\":0,\"publisher\":{\"@id\":\"https:\/\/volcanes.net\/#organization\"},\"image\":{\"@id\":\"https:\/\/volcanes.net\/?p=4398#primaryimage\"},\"thumbnailUrl\":\"https:\/\/volcanes.net\/wp-content\/uploads\/2019\/04\/IMG-20190409-WA0011_compress_93.jpg\",\"keywords\":[\"Valle de Chalco\"],\"articleSection\":[\"Municipales\"],\"inLanguage\":\"es\",\"potentialAction\":[{\"@type\":\"CommentAction\",\"name\":\"Comment\",\"target\":[\"https:\/\/volcanes.net\/?p=4398#respond\"]}]},{\"@type\":\"WebPage\",\"@id\":\"https:\/\/volcanes.net\/?p=4398\",\"url\":\"https:\/\/volcanes.net\/?p=4398\",\"name\":\"Inauguran la Unidad de b\u00e1sica de rehabilitaci\u00f3n en Valle de Chalco - Volcanes\",\"isPartOf\":{\"@id\":\"https:\/\/volcanes.net\/#website\"},\"primaryImageOfPage\":{\"@id\":\"https:\/\/volcanes.net\/?p=4398#primaryimage\"},\"image\":{\"@id\":\"https:\/\/volcanes.net\/?p=4398#primaryimage\"},\"thumbnailUrl\":\"https:\/\/volcanes.net\/wp-content\/uploads\/2019\/04\/IMG-20190409-WA0011_compress_93.jpg\",\"datePublished\":\"2019-04-09T16:54:50+00:00\",\"dateModified\":\"2019-04-09T16:55:48+00:00\",\"breadcrumb\":{\"@id\":\"https:\/\/volcanes.net\/?p=4398#breadcrumb\"},\"inLanguage\":\"es\",\"potentialAction\":[{\"@type\":\"ReadAction\",\"target\":[\"https:\/\/volcanes.net\/?p=4398\"]}]},{\"@type\":\"ImageObject\",\"inLanguage\":\"es\",\"@id\":\"https:\/\/volcanes.net\/?p=4398#primaryimage\",\"url\":\"https:\/\/volcanes.net\/wp-content\/uploads\/2019\/04\/IMG-20190409-WA0011_compress_93.jpg\",\"contentUrl\":\"https:\/\/volcanes.net\/wp-content\/uploads\/2019\/04\/IMG-20190409-WA0011_compress_93.jpg\",\"width\":1280,\"height\":960},{\"@type\":\"BreadcrumbList\",\"@id\":\"https:\/\/volcanes.net\/?p=4398#breadcrumb\",\"itemListElement\":[{\"@type\":\"ListItem\",\"position\":1,\"name\":\"Portada\",\"item\":\"https:\/\/volcanes.net\/\"},{\"@type\":\"ListItem\",\"position\":2,\"name\":\"Inauguran la Unidad de b\u00e1sica de rehabilitaci\u00f3n en Valle de Chalco\"}]},{\"@type\":\"WebSite\",\"@id\":\"https:\/\/volcanes.net\/#website\",\"url\":\"https:\/\/volcanes.net\/\",\"name\":\"Volcanes.Net\",\"description\":\"Periodismo Profesional\",\"publisher\":{\"@id\":\"https:\/\/volcanes.net\/#organization\"},\"potentialAction\":[{\"@type\":\"SearchAction\",\"target\":{\"@type\":\"EntryPoint\",\"urlTemplate\":\"https:\/\/volcanes.net\/?s={search_term_string}\"},\"query-input\":{\"@type\":\"PropertyValueSpecification\",\"valueRequired\":true,\"valueName\":\"search_term_string\"}}],\"inLanguage\":\"es\"},{\"@type\":\"Organization\",\"@id\":\"https:\/\/volcanes.net\/#organization\",\"name\":\"Grupo Volcanes\",\"url\":\"https:\/\/volcanes.net\/\",\"logo\":{\"@type\":\"ImageObject\",\"inLanguage\":\"es\",\"@id\":\"https:\/\/volcanes.net\/#\/schema\/logo\/image\/\",\"url\":\"http:\/\/volcanes.net\/wp-content\/uploads\/2017\/12\/Avatar2.jpg\",\"contentUrl\":\"http:\/\/volcanes.net\/wp-content\/uploads\/2017\/12\/Avatar2.jpg\",\"width\":378,\"height\":378,\"caption\":\"Grupo Volcanes\"},\"image\":{\"@id\":\"https:\/\/volcanes.net\/#\/schema\/logo\/image\/\"},\"sameAs\":[\"https:\/\/www.facebook.com\/volcanes.net\/\"]},{\"@type\":\"Person\",\"@id\":\"https:\/\/volcanes.net\/#\/schema\/person\/4bf0f383940966a4abd53f5048c0e6b9\",\"name\":\"admin\",\"image\":{\"@type\":\"ImageObject\",\"inLanguage\":\"es\",\"@id\":\"https:\/\/volcanes.net\/#\/schema\/person\/image\/\",\"url\":\"https:\/\/secure.gravatar.com\/avatar\/ca004e6cba8462b8cb7abc86e382930c?s=96&d=mm&r=g\",\"contentUrl\":\"https:\/\/secure.gravatar.com\/avatar\/ca004e6cba8462b8cb7abc86e382930c?s=96&d=mm&r=g\",\"caption\":\"admin\"}}]}<\/script>\n<!-- \/ Yoast SEO plugin. -->","yoast_head_json":{"title":"Inauguran la Unidad de b\u00e1sica de rehabilitaci\u00f3n en Valle de Chalco - Volcanes","robots":{"index":"index","follow":"follow","max-snippet":"max-snippet:-1","max-image-preview":"max-image-preview:large","max-video-preview":"max-video-preview:-1"},"canonical":"https:\/\/volcanes.net\/?p=4398","og_locale":"es_MX","og_type":"article","og_title":"Inauguran la Unidad de b\u00e1sica de rehabilitaci\u00f3n en Valle de Chalco - Volcanes","og_description":"Valle de Chalco, M\u00e9x, 8 de abril de 2019.- En el marco de la inauguraci\u00f3n","og_url":"https:\/\/volcanes.net\/?p=4398","og_site_name":"Volcanes","article_publisher":"https:\/\/www.facebook.com\/volcanes.net\/","article_published_time":"2019-04-09T16:54:50+00:00","article_modified_time":"2019-04-09T16:55:48+00:00","og_image":[{"width":1280,"height":960,"url":"https:\/\/volcanes.net\/wp-content\/uploads\/2019\/04\/IMG-20190409-WA0011_compress_93.jpg","type":"image\/jpeg"}],"author":"admin","twitter_card":"summary_large_image","twitter_misc":{"Escrito por":"admin","Tiempo de lectura":"2 minutos"},"schema":{"@context":"https:\/\/schema.org","@graph":[{"@type":"Article","@id":"https:\/\/volcanes.net\/?p=4398#article","isPartOf":{"@id":"https:\/\/volcanes.net\/?p=4398"},"author":{"name":"admin","@id":"https:\/\/volcanes.net\/#\/schema\/person\/4bf0f383940966a4abd53f5048c0e6b9"},"headline":"Inauguran la Unidad de b\u00e1sica de rehabilitaci\u00f3n en Valle de Chalco","datePublished":"2019-04-09T16:54:50+00:00","dateModified":"2019-04-09T16:55:48+00:00","mainEntityOfPage":{"@id":"https:\/\/volcanes.net\/?p=4398"},"wordCount":401,"commentCount":0,"publisher":{"@id":"https:\/\/volcanes.net\/#organization"},"image":{"@id":"https:\/\/volcanes.net\/?p=4398#primaryimage"},"thumbnailUrl":"https:\/\/volcanes.net\/wp-content\/uploads\/2019\/04\/IMG-20190409-WA0011_compress_93.jpg","keywords":["Valle de Chalco"],"articleSection":["Municipales"],"inLanguage":"es","potentialAction":[{"@type":"CommentAction","name":"Comment","target":["https:\/\/volcanes.net\/?p=4398#respond"]}]},{"@type":"WebPage","@id":"https:\/\/volcanes.net\/?p=4398","url":"https:\/\/volcanes.net\/?p=4398","name":"Inauguran la Unidad de b\u00e1sica de rehabilitaci\u00f3n en Valle de Chalco - Volcanes","isPartOf":{"@id":"https:\/\/volcanes.net\/#website"},"primaryImageOfPage":{"@id":"https:\/\/volcanes.net\/?p=4398#primaryimage"},"image":{"@id":"https:\/\/volcanes.net\/?p=4398#primaryimage"},"thumbnailUrl":"https:\/\/volcanes.net\/wp-content\/uploads\/2019\/04\/IMG-20190409-WA0011_compress_93.jpg","datePublished":"2019-04-09T16:54:50+00:00","dateModified":"2019-04-09T16:55:48+00:00","breadcrumb":{"@id":"https:\/\/volcanes.net\/?p=4398#breadcrumb"},"inLanguage":"es","potentialAction":[{"@type":"ReadAction","target":["https:\/\/volcanes.net\/?p=4398"]}]},{"@type":"ImageObject","inLanguage":"es","@id":"https:\/\/volcanes.net\/?p=4398#primaryimage","url":"https:\/\/volcanes.net\/wp-content\/uploads\/2019\/04\/IMG-20190409-WA0011_compress_93.jpg","contentUrl":"https:\/\/volcanes.net\/wp-content\/uploads\/2019\/04\/IMG-20190409-WA0011_compress_93.jpg","width":1280,"height":960},{"@type":"BreadcrumbList","@id":"https:\/\/volcanes.net\/?p=4398#breadcrumb","itemListElement":[{"@type":"ListItem","position":1,"name":"Portada","item":"https:\/\/volcanes.net\/"},{"@type":"ListItem","position":2,"name":"Inauguran la Unidad de b\u00e1sica de rehabilitaci\u00f3n en Valle de Chalco"}]},{"@type":"WebSite","@id":"https:\/\/volcanes.net\/#website","url":"https:\/\/volcanes.net\/","name":"Volcanes.Net","description":"Periodismo Profesional","publisher":{"@id":"https:\/\/volcanes.net\/#organization"},"potentialAction":[{"@type":"SearchAction","target":{"@type":"EntryPoint","urlTemplate":"https:\/\/volcanes.net\/?s={search_term_string}"},"query-input":{"@type":"PropertyValueSpecification","valueRequired":true,"valueName":"search_term_string"}}],"inLanguage":"es"},{"@type":"Organization","@id":"https:\/\/volcanes.net\/#organization","name":"Grupo Volcanes","url":"https:\/\/volcanes.net\/","logo":{"@type":"ImageObject","inLanguage":"es","@id":"https:\/\/volcanes.net\/#\/schema\/logo\/image\/","url":"http:\/\/volcanes.net\/wp-content\/uploads\/2017\/12\/Avatar2.jpg","contentUrl":"http:\/\/volcanes.net\/wp-content\/uploads\/2017\/12\/Avatar2.jpg","width":378,"height":378,"caption":"Grupo Volcanes"},"image":{"@id":"https:\/\/volcanes.net\/#\/schema\/logo\/image\/"},"sameAs":["https:\/\/www.facebook.com\/volcanes.net\/"]},{"@type":"Person","@id":"https:\/\/volcanes.net\/#\/schema\/person\/4bf0f383940966a4abd53f5048c0e6b9","name":"admin","image":{"@type":"ImageObject","inLanguage":"es","@id":"https:\/\/volcanes.net\/#\/schema\/person\/image\/","url":"https:\/\/secure.gravatar.com\/avatar\/ca004e6cba8462b8cb7abc86e382930c?s=96&d=mm&r=g","contentUrl":"https:\/\/secure.gravatar.com\/avatar\/ca004e6cba8462b8cb7abc86e382930c?s=96&d=mm&r=g","caption":"admin"}}]}},"_links":{"self":[{"href":"https:\/\/volcanes.net\/index.php?rest_route=\/wp\/v2\/posts\/4398"}],"collection":[{"href":"https:\/\/volcanes.net\/index.php?rest_route=\/wp\/v2\/posts"}],"about":[{"href":"https:\/\/volcanes.net\/index.php?rest_route=\/wp\/v2\/types\/post"}],"author":[{"embeddable":true,"href":"https:\/\/volcanes.net\/index.php?rest_route=\/wp\/v2\/users\/1"}],"replies":[{"embeddable":true,"href":"https:\/\/volcanes.net\/index.php?rest_route=%2Fwp%2Fv2%2Fcomments&post=4398"}],"version-history":[{"count":1,"href":"https:\/\/volcanes.net\/index.php?rest_route=\/wp\/v2\/posts\/4398\/revisions"}],"predecessor-version":[{"id":4399,"href":"https:\/\/volcanes.net\/index.php?rest_route=\/wp\/v2\/posts\/4398\/revisions\/4399"}],"wp:featuredmedia":[{"embeddable":true,"href":"https:\/\/volcanes.net\/index.php?rest_route=\/wp\/v2\/media\/4397"}],"wp:attachment":[{"href":"https:\/\/volcanes.net\/index.php?rest_route=%2Fwp%2Fv2%2Fmedia&parent=4398"}],"wp:term":[{"taxonomy":"category","embeddable":true,"href":"https:\/\/volcanes.net\/index.php?rest_route=%2Fwp%2Fv2%2Fcategories&post=4398"},{"taxonomy":"post_tag","embeddable":true,"href":"https:\/\/volcanes.net\/index.php?rest_route=%2Fwp%2Fv2%2Ftags&post=4398"}],"curies":[{"name":"wp","href":"https:\/\/api.w.org\/{rel}","templated":true}]}}