{"id":44,"date":"2017-08-07T02:51:42","date_gmt":"2017-08-07T02:51:42","guid":{"rendered":"http:\/\/volcanes.net\/?p=44"},"modified":"2017-08-07T02:51:42","modified_gmt":"2017-08-07T02:51:42","slug":"representa-balderas-a-edomex-en-los-juegos-mundiales-de-policias-y-bomberos","status":"publish","type":"post","link":"https:\/\/volcanes.net\/?p=44","title":{"rendered":"Representa Balderas a Edom\u00e9x en los Juegos Mundiales de Polic\u00edas y Bomberos"},"content":{"rendered":"<div style=\"margin-top: 0px; margin-bottom: 0px;\" class=\"sharethis-inline-share-buttons\" ><\/div><p>Por onceava ocasi\u00f3n consecutiva, el Estado de M\u00e9xico tendr\u00e1 un representante en los Juegos Mundiales de Polic\u00edas y Bomberos 2017. en los \u00c1ngeles, California,\u00a0que arranc\u00f3 este domingo, se trata del comisario, Marco Antonio Balderas D\u00edaz, de la Comisi\u00f3n Estatal de Seguridad Ciudadana (CES).<\/p>\n<p>El doble medallista mundial, en Adelaida 2007 y Nueva York 2011, participar\u00e1 en la prueba de biatl\u00f3n, misma que se desarrollar\u00e1 del 14 al 16 de agosto en el Coliseo de Los \u00c1ngeles.<\/p>\n<p>Adem\u00e1s de constituir una competencia deportiva, construye compa\u00f1erismo y ofrece una oportunidad de reunir diferentes culturas y pensamientos al convocar a m\u00e1s de 10 mil elementos, retirados o \u00a0activos, de 70 pa\u00edses, para reafirmar que los polic\u00edas son grandes h\u00e9roes o grandes atletas.<\/p>\n<p>Cabe mencionar que, el representante del Edom\u00e9x y de la CES, fue medallista de plata en Adelaida 2007, en bench press, categor\u00eda Master B en 90 kilogramos o menos, y en Nueva York 2011, fue bronce en push-pull lifting, en Master B 90 kilogramos o menos.<\/p>\n<p>La competencia se llevar\u00e1 a cabo del 6 al 16 de agosto, con la participaci\u00f3n de los elementos en 56 deportes, algunos de ellos con reglas ol\u00edmpicas y otros espec\u00edficos para polic\u00edas y bomberos.<\/p>\n<p><strong>Tagged:<\/strong>\u00a0<a href=\"http:\/\/edomexinforma.com\/seguridadyjusticia\/tag\/ces\/\" rel=\"tag\">CES<\/a>,\u00a0<a href=\"http:\/\/edomexinforma.com\/seguridadyjusticia\/tag\/estado-de-mexico\/\" rel=\"tag\">Estado de M\u00e9xico<\/a>,\u00a0<a href=\"http:\/\/edomexinforma.com\/seguridadyjusticia\/tag\/juegos-mundiales-de-policias-y-bomberos-2017\/\" rel=\"tag\">Juegos Mundiales de Polic\u00edas y Bomberos 2017<\/a><\/p>\n","protected":false},"excerpt":{"rendered":"<p>Por onceava ocasi\u00f3n consecutiva, el Estado de M\u00e9xico tendr\u00e1 un representante en los Juegos Mundiales<\/p>\n","protected":false},"author":1,"featured_media":45,"comment_status":"open","ping_status":"open","sticky":false,"template":"","format":"standard","meta":{"footnotes":""},"categories":[3],"tags":[4],"class_list":["post-44","post","type-post","status-publish","format-standard","has-post-thumbnail","hentry","category-estatales","tag-gobierno-del-estado-de-mexico"],"yoast_head":"<!-- This site is optimized with the Yoast SEO plugin v25.3 - https:\/\/yoast.com\/wordpress\/plugins\/seo\/ -->\n<title>Representa Balderas a Edom\u00e9x en los Juegos Mundiales de Polic\u00edas y Bomberos - Volcanes<\/title>\n<meta name=\"robots\" content=\"index, follow, max-snippet:-1, max-image-preview:large, max-video-preview:-1\" \/>\n<link rel=\"canonical\" href=\"https:\/\/volcanes.net\/?p=44\" \/>\n<meta property=\"og:locale\" content=\"es_MX\" \/>\n<meta property=\"og:type\" content=\"article\" \/>\n<meta property=\"og:title\" content=\"Representa Balderas a Edom\u00e9x en los Juegos Mundiales de Polic\u00edas y Bomberos - Volcanes\" \/>\n<meta property=\"og:description\" content=\"Por onceava ocasi\u00f3n consecutiva, el Estado de M\u00e9xico tendr\u00e1 un representante en los Juegos Mundiales\" \/>\n<meta property=\"og:url\" content=\"https:\/\/volcanes.net\/?p=44\" \/>\n<meta property=\"og:site_name\" content=\"Volcanes\" \/>\n<meta property=\"article:publisher\" content=\"https:\/\/www.facebook.com\/volcanes.net\/\" \/>\n<meta property=\"article:published_time\" content=\"2017-08-07T02:51:42+00:00\" \/>\n<meta property=\"og:image\" content=\"https:\/\/volcanes.net\/wp-content\/uploads\/2017\/08\/juegos1.jpg\" \/>\n\t<meta property=\"og:image:width\" content=\"448\" \/>\n\t<meta property=\"og:image:height\" content=\"301\" \/>\n\t<meta property=\"og:image:type\" content=\"image\/jpeg\" \/>\n<meta name=\"author\" content=\"admin\" \/>\n<meta name=\"twitter:card\" content=\"summary_large_image\" \/>\n<meta name=\"twitter:label1\" content=\"Escrito por\" \/>\n\t<meta name=\"twitter:data1\" content=\"admin\" \/>\n\t<meta name=\"twitter:label2\" content=\"Tiempo de lectura\" \/>\n\t<meta name=\"twitter:data2\" content=\"1 minuto\" \/>\n<script type=\"application\/ld+json\" class=\"yoast-schema-graph\">{\"@context\":\"https:\/\/schema.org\",\"@graph\":[{\"@type\":\"Article\",\"@id\":\"https:\/\/volcanes.net\/?p=44#article\",\"isPartOf\":{\"@id\":\"https:\/\/volcanes.net\/?p=44\"},\"author\":{\"name\":\"admin\",\"@id\":\"https:\/\/volcanes.net\/#\/schema\/person\/4bf0f383940966a4abd53f5048c0e6b9\"},\"headline\":\"Representa Balderas a Edom\u00e9x en los Juegos Mundiales de Polic\u00edas y Bomberos\",\"datePublished\":\"2017-08-07T02:51:42+00:00\",\"mainEntityOfPage\":{\"@id\":\"https:\/\/volcanes.net\/?p=44\"},\"wordCount\":231,\"commentCount\":0,\"publisher\":{\"@id\":\"https:\/\/volcanes.net\/#organization\"},\"image\":{\"@id\":\"https:\/\/volcanes.net\/?p=44#primaryimage\"},\"thumbnailUrl\":\"https:\/\/volcanes.net\/wp-content\/uploads\/2017\/08\/juegos1.jpg\",\"keywords\":[\"Gobierno del Estado de M\u00e9xico\"],\"articleSection\":[\"Estatales\"],\"inLanguage\":\"es\",\"potentialAction\":[{\"@type\":\"CommentAction\",\"name\":\"Comment\",\"target\":[\"https:\/\/volcanes.net\/?p=44#respond\"]}]},{\"@type\":\"WebPage\",\"@id\":\"https:\/\/volcanes.net\/?p=44\",\"url\":\"https:\/\/volcanes.net\/?p=44\",\"name\":\"Representa Balderas a Edom\u00e9x en los Juegos Mundiales de Polic\u00edas y Bomberos - Volcanes\",\"isPartOf\":{\"@id\":\"https:\/\/volcanes.net\/#website\"},\"primaryImageOfPage\":{\"@id\":\"https:\/\/volcanes.net\/?p=44#primaryimage\"},\"image\":{\"@id\":\"https:\/\/volcanes.net\/?p=44#primaryimage\"},\"thumbnailUrl\":\"https:\/\/volcanes.net\/wp-content\/uploads\/2017\/08\/juegos1.jpg\",\"datePublished\":\"2017-08-07T02:51:42+00:00\",\"breadcrumb\":{\"@id\":\"https:\/\/volcanes.net\/?p=44#breadcrumb\"},\"inLanguage\":\"es\",\"potentialAction\":[{\"@type\":\"ReadAction\",\"target\":[\"https:\/\/volcanes.net\/?p=44\"]}]},{\"@type\":\"ImageObject\",\"inLanguage\":\"es\",\"@id\":\"https:\/\/volcanes.net\/?p=44#primaryimage\",\"url\":\"https:\/\/volcanes.net\/wp-content\/uploads\/2017\/08\/juegos1.jpg\",\"contentUrl\":\"https:\/\/volcanes.net\/wp-content\/uploads\/2017\/08\/juegos1.jpg\",\"width\":448,\"height\":301},{\"@type\":\"BreadcrumbList\",\"@id\":\"https:\/\/volcanes.net\/?p=44#breadcrumb\",\"itemListElement\":[{\"@type\":\"ListItem\",\"position\":1,\"name\":\"Portada\",\"item\":\"https:\/\/volcanes.net\/\"},{\"@type\":\"ListItem\",\"position\":2,\"name\":\"Representa Balderas a Edom\u00e9x en los Juegos Mundiales de Polic\u00edas y Bomberos\"}]},{\"@type\":\"WebSite\",\"@id\":\"https:\/\/volcanes.net\/#website\",\"url\":\"https:\/\/volcanes.net\/\",\"name\":\"Volcanes.Net\",\"description\":\"Periodismo Profesional\",\"publisher\":{\"@id\":\"https:\/\/volcanes.net\/#organization\"},\"potentialAction\":[{\"@type\":\"SearchAction\",\"target\":{\"@type\":\"EntryPoint\",\"urlTemplate\":\"https:\/\/volcanes.net\/?s={search_term_string}\"},\"query-input\":{\"@type\":\"PropertyValueSpecification\",\"valueRequired\":true,\"valueName\":\"search_term_string\"}}],\"inLanguage\":\"es\"},{\"@type\":\"Organization\",\"@id\":\"https:\/\/volcanes.net\/#organization\",\"name\":\"Grupo Volcanes\",\"url\":\"https:\/\/volcanes.net\/\",\"logo\":{\"@type\":\"ImageObject\",\"inLanguage\":\"es\",\"@id\":\"https:\/\/volcanes.net\/#\/schema\/logo\/image\/\",\"url\":\"http:\/\/volcanes.net\/wp-content\/uploads\/2017\/12\/Avatar2.jpg\",\"contentUrl\":\"http:\/\/volcanes.net\/wp-content\/uploads\/2017\/12\/Avatar2.jpg\",\"width\":378,\"height\":378,\"caption\":\"Grupo Volcanes\"},\"image\":{\"@id\":\"https:\/\/volcanes.net\/#\/schema\/logo\/image\/\"},\"sameAs\":[\"https:\/\/www.facebook.com\/volcanes.net\/\"]},{\"@type\":\"Person\",\"@id\":\"https:\/\/volcanes.net\/#\/schema\/person\/4bf0f383940966a4abd53f5048c0e6b9\",\"name\":\"admin\",\"image\":{\"@type\":\"ImageObject\",\"inLanguage\":\"es\",\"@id\":\"https:\/\/volcanes.net\/#\/schema\/person\/image\/\",\"url\":\"https:\/\/secure.gravatar.com\/avatar\/ca004e6cba8462b8cb7abc86e382930c?s=96&d=mm&r=g\",\"contentUrl\":\"https:\/\/secure.gravatar.com\/avatar\/ca004e6cba8462b8cb7abc86e382930c?s=96&d=mm&r=g\",\"caption\":\"admin\"}}]}<\/script>\n<!-- \/ Yoast SEO plugin. -->","yoast_head_json":{"title":"Representa Balderas a Edom\u00e9x en los Juegos Mundiales de Polic\u00edas y Bomberos - Volcanes","robots":{"index":"index","follow":"follow","max-snippet":"max-snippet:-1","max-image-preview":"max-image-preview:large","max-video-preview":"max-video-preview:-1"},"canonical":"https:\/\/volcanes.net\/?p=44","og_locale":"es_MX","og_type":"article","og_title":"Representa Balderas a Edom\u00e9x en los Juegos Mundiales de Polic\u00edas y Bomberos - Volcanes","og_description":"Por onceava ocasi\u00f3n consecutiva, el Estado de M\u00e9xico tendr\u00e1 un representante en los Juegos Mundiales","og_url":"https:\/\/volcanes.net\/?p=44","og_site_name":"Volcanes","article_publisher":"https:\/\/www.facebook.com\/volcanes.net\/","article_published_time":"2017-08-07T02:51:42+00:00","og_image":[{"width":448,"height":301,"url":"https:\/\/volcanes.net\/wp-content\/uploads\/2017\/08\/juegos1.jpg","type":"image\/jpeg"}],"author":"admin","twitter_card":"summary_large_image","twitter_misc":{"Escrito por":"admin","Tiempo de lectura":"1 minuto"},"schema":{"@context":"https:\/\/schema.org","@graph":[{"@type":"Article","@id":"https:\/\/volcanes.net\/?p=44#article","isPartOf":{"@id":"https:\/\/volcanes.net\/?p=44"},"author":{"name":"admin","@id":"https:\/\/volcanes.net\/#\/schema\/person\/4bf0f383940966a4abd53f5048c0e6b9"},"headline":"Representa Balderas a Edom\u00e9x en los Juegos Mundiales de Polic\u00edas y Bomberos","datePublished":"2017-08-07T02:51:42+00:00","mainEntityOfPage":{"@id":"https:\/\/volcanes.net\/?p=44"},"wordCount":231,"commentCount":0,"publisher":{"@id":"https:\/\/volcanes.net\/#organization"},"image":{"@id":"https:\/\/volcanes.net\/?p=44#primaryimage"},"thumbnailUrl":"https:\/\/volcanes.net\/wp-content\/uploads\/2017\/08\/juegos1.jpg","keywords":["Gobierno del Estado de M\u00e9xico"],"articleSection":["Estatales"],"inLanguage":"es","potentialAction":[{"@type":"CommentAction","name":"Comment","target":["https:\/\/volcanes.net\/?p=44#respond"]}]},{"@type":"WebPage","@id":"https:\/\/volcanes.net\/?p=44","url":"https:\/\/volcanes.net\/?p=44","name":"Representa Balderas a Edom\u00e9x en los Juegos Mundiales de Polic\u00edas y Bomberos - Volcanes","isPartOf":{"@id":"https:\/\/volcanes.net\/#website"},"primaryImageOfPage":{"@id":"https:\/\/volcanes.net\/?p=44#primaryimage"},"image":{"@id":"https:\/\/volcanes.net\/?p=44#primaryimage"},"thumbnailUrl":"https:\/\/volcanes.net\/wp-content\/uploads\/2017\/08\/juegos1.jpg","datePublished":"2017-08-07T02:51:42+00:00","breadcrumb":{"@id":"https:\/\/volcanes.net\/?p=44#breadcrumb"},"inLanguage":"es","potentialAction":[{"@type":"ReadAction","target":["https:\/\/volcanes.net\/?p=44"]}]},{"@type":"ImageObject","inLanguage":"es","@id":"https:\/\/volcanes.net\/?p=44#primaryimage","url":"https:\/\/volcanes.net\/wp-content\/uploads\/2017\/08\/juegos1.jpg","contentUrl":"https:\/\/volcanes.net\/wp-content\/uploads\/2017\/08\/juegos1.jpg","width":448,"height":301},{"@type":"BreadcrumbList","@id":"https:\/\/volcanes.net\/?p=44#breadcrumb","itemListElement":[{"@type":"ListItem","position":1,"name":"Portada","item":"https:\/\/volcanes.net\/"},{"@type":"ListItem","position":2,"name":"Representa Balderas a Edom\u00e9x en los Juegos Mundiales de Polic\u00edas y Bomberos"}]},{"@type":"WebSite","@id":"https:\/\/volcanes.net\/#website","url":"https:\/\/volcanes.net\/","name":"Volcanes.Net","description":"Periodismo Profesional","publisher":{"@id":"https:\/\/volcanes.net\/#organization"},"potentialAction":[{"@type":"SearchAction","target":{"@type":"EntryPoint","urlTemplate":"https:\/\/volcanes.net\/?s={search_term_string}"},"query-input":{"@type":"PropertyValueSpecification","valueRequired":true,"valueName":"search_term_string"}}],"inLanguage":"es"},{"@type":"Organization","@id":"https:\/\/volcanes.net\/#organization","name":"Grupo Volcanes","url":"https:\/\/volcanes.net\/","logo":{"@type":"ImageObject","inLanguage":"es","@id":"https:\/\/volcanes.net\/#\/schema\/logo\/image\/","url":"http:\/\/volcanes.net\/wp-content\/uploads\/2017\/12\/Avatar2.jpg","contentUrl":"http:\/\/volcanes.net\/wp-content\/uploads\/2017\/12\/Avatar2.jpg","width":378,"height":378,"caption":"Grupo Volcanes"},"image":{"@id":"https:\/\/volcanes.net\/#\/schema\/logo\/image\/"},"sameAs":["https:\/\/www.facebook.com\/volcanes.net\/"]},{"@type":"Person","@id":"https:\/\/volcanes.net\/#\/schema\/person\/4bf0f383940966a4abd53f5048c0e6b9","name":"admin","image":{"@type":"ImageObject","inLanguage":"es","@id":"https:\/\/volcanes.net\/#\/schema\/person\/image\/","url":"https:\/\/secure.gravatar.com\/avatar\/ca004e6cba8462b8cb7abc86e382930c?s=96&d=mm&r=g","contentUrl":"https:\/\/secure.gravatar.com\/avatar\/ca004e6cba8462b8cb7abc86e382930c?s=96&d=mm&r=g","caption":"admin"}}]}},"_links":{"self":[{"href":"https:\/\/volcanes.net\/index.php?rest_route=\/wp\/v2\/posts\/44"}],"collection":[{"href":"https:\/\/volcanes.net\/index.php?rest_route=\/wp\/v2\/posts"}],"about":[{"href":"https:\/\/volcanes.net\/index.php?rest_route=\/wp\/v2\/types\/post"}],"author":[{"embeddable":true,"href":"https:\/\/volcanes.net\/index.php?rest_route=\/wp\/v2\/users\/1"}],"replies":[{"embeddable":true,"href":"https:\/\/volcanes.net\/index.php?rest_route=%2Fwp%2Fv2%2Fcomments&post=44"}],"version-history":[{"count":1,"href":"https:\/\/volcanes.net\/index.php?rest_route=\/wp\/v2\/posts\/44\/revisions"}],"predecessor-version":[{"id":46,"href":"https:\/\/volcanes.net\/index.php?rest_route=\/wp\/v2\/posts\/44\/revisions\/46"}],"wp:featuredmedia":[{"embeddable":true,"href":"https:\/\/volcanes.net\/index.php?rest_route=\/wp\/v2\/media\/45"}],"wp:attachment":[{"href":"https:\/\/volcanes.net\/index.php?rest_route=%2Fwp%2Fv2%2Fmedia&parent=44"}],"wp:term":[{"taxonomy":"category","embeddable":true,"href":"https:\/\/volcanes.net\/index.php?rest_route=%2Fwp%2Fv2%2Fcategories&post=44"},{"taxonomy":"post_tag","embeddable":true,"href":"https:\/\/volcanes.net\/index.php?rest_route=%2Fwp%2Fv2%2Ftags&post=44"}],"curies":[{"name":"wp","href":"https:\/\/api.w.org\/{rel}","templated":true}]}}