{"id":4401,"date":"2019-04-10T17:22:08","date_gmt":"2019-04-10T23:22:08","guid":{"rendered":"http:\/\/volcanes.net\/?p=4401"},"modified":"2019-04-10T17:22:08","modified_gmt":"2019-04-10T23:22:08","slug":"gobierno-de-valle-de-chalco-fortalece-seguridad-publica","status":"publish","type":"post","link":"https:\/\/volcanes.net\/?p=4401","title":{"rendered":"Gobierno de Valle de Chalco fortalece Seguridad P\u00fablica"},"content":{"rendered":"<div style=\"margin-top: 0px; margin-bottom: 0px;\" class=\"sharethis-inline-share-buttons\" ><\/div><div id=\"page\" class=\"grid \">\n<div id=\"main\" class=\"row\">\n<div id=\"primary\" class=\"c8\" role=\"main\">\n<div id=\"featured\" class=\"row\">\n<article id=\"post-94\" class=\"c12 post-94 post type-post status-publish format-aside sticky hentry category-uncategorized tag-amecameca tag-asesinan tag-la-paz tag-motonetas tag-policias tag-robo post_format-post-format-aside\">\n<div class=\"entry-content\">\n<div class=\"addtoany_share_save_container addtoany_content addtoany_content_bottom\">\n<blockquote>\n<div class=\"a2a_kit a2a_kit_size_32 addtoany_list\" data-a2a-title=\"SEGURIDAD\" data-a2a-url=\"http:\/\/eje19.com.mx\/seguridad\/\">A 100 d\u00edas de Gobierno se fortalece Seguridad P\u00fablica de Valle de Chalco con un Girocoptero, anuncia Francisco Tenorio<\/div>\n<\/blockquote>\n<div data-a2a-title=\"SEGURIDAD\" data-a2a-url=\"http:\/\/eje19.com.mx\/seguridad\/\">\n<div id=\"page\" class=\"grid \">\n<div id=\"main\" class=\"row\">\n<div id=\"primary\" class=\"c8\" role=\"main\">\n<article id=\"post-49018\" class=\"post-49018 post type-post status-publish format-standard has-post-thumbnail hentry category-politica tag-100-dias-de-gobierno tag-fortalece tag-francisco-tenorio tag-girocoptero tag-seguridad-publica tag-valle-de-chalco\">\n<div class=\"entry-content\">\n<p>Valle de Chalco, M\u00e9x, 10 de abril de 2019.-Al rendir su informe por los primeros 100 d\u00edas de Gobierno, el presidente municipal, Francisco Tenorio Contreras,\u00a0 anunci\u00f3 que los integrantes del ayuntamiento aprobaron el proyecto para la adquisici\u00f3n de un Girocoptero, que vigilar\u00e1 desde el aire el territorio municipal, con lo que se fortalece la seguridad \u00a0de los vallechalquenses.<\/p>\n<p>Ante m\u00e1s de 5 mil personas reunidas en la explanada del palacio municipal, durante su informe, el edil record\u00f3 que en las pasadas administraciones se hab\u00eda contratado un helic\u00f3ptero para seguridad, pero que el actual gobierno va\u00a0 adquirir un Girocoptero que sumado a 4 drones van a fortalecer la vigilancia desde el aire; adem\u00e1s de que se contratar\u00e1n a 100 polic\u00edas m\u00e1s \u00a0y a mediano plazo estar\u00e1 en operaci\u00f3n una App que podr\u00e1 ser descargada en los tel\u00e9fonos y desde donde cualquier vecino del municipio podr\u00e1 solicitar ayuda en caso de estar en peligro.<\/p>\n<p>El alcalde indic\u00f3 que\u00a0 adem\u00e1s el Gobierno del Estado instalar\u00e1 72 postes, 300 c\u00e1maras de alta tecnolog\u00eda y con identificador facial, adem\u00e1s de 4 arcos. Con estas acciones consider\u00f3 que a mediano plazo Valle de Chalco se convertir\u00e1 en el municipio m\u00e1s seguro del estado de M\u00e9xico.<\/p>\n<p>Subray\u00f3 , que en los primeros 100 d\u00edas de gobierno \u00a0se van a dar de baja a 20 elementos de seguridad, debido a que \u201chemos detectado los malos elementos\u00a0 que se supone debieran proteger el patrimonio y la integridad \u00a0f\u00edsica de sus ciudadanos y por eso se iniciaron procedimientos\u00a0 administrativos y en algunos casos jur\u00eddicos para que los malos elementos de seguridad publica enfrenten las consecuencias de sus actos de no actuar\u00a0 con honor, ni con honestidad, ni con honradez, \u00a0ni con los\u00a0 principios de defender a nuestro pueblo y combatir la delincuencia\u201d.<\/p>\n<p>El alcalde enfatiz\u00f3 que se \u00a0ha logrado una disminuci\u00f3n del 40% en los \u00edndices delictivos. subrayando que \u00a0se ha logrado bajar hasta en un 80% los \u00edndices de robo de veh\u00edculos \u00a0y \u00a0se han detenido a los integrantes de 15 organizaciones delictivas. Por lo que m\u00e1s de 250 delincuentes han sido detenidos y est\u00e1n purgando condenas en el reclusorio de Huitzilzingo.<\/p>\n<p>Finalmente, Tenorio Contreras indic\u00f3 que en el plano social se est\u00e1n haciendo\u00a0 los censos para que m\u00e1s de 18 mil familias tengan acceso a los programas sociales; y en materia econ\u00f3mica en este a\u00f1o se van a crear un promedio de 5 mil empleos \u00a0para los vallechalquenses y que el 26 de mayo se va a realizar la consulta ciudadana para preguntarle a los pobladores del municipio si\u00a0 quieren el cambio de nombre de Valle de Xico, principalmente.<\/p>\n<p>Durante el evento estuvo acompa\u00f1ado por el Senador Higinio Mart\u00ednez Miranda, la presidenta del DIF, Yesica Rojas, el enlace federal, Armando\u00a0 Garc\u00eda y los integrantes del Honorable Ayuntamiento, entre otros invitados especiales.<\/p>\n<\/div>\n<\/article>\n<\/div>\n<\/div>\n<\/div>\n<\/div>\n<\/div>\n<\/div>\n<\/article>\n<\/div>\n<\/div>\n<\/div>\n<\/div>\n","protected":false},"excerpt":{"rendered":"<p>A 100 d\u00edas de Gobierno se fortalece Seguridad P\u00fablica de Valle de Chalco con un<\/p>\n","protected":false},"author":1,"featured_media":4402,"comment_status":"open","ping_status":"open","sticky":false,"template":"","format":"standard","meta":{"footnotes":""},"categories":[1],"tags":[5],"class_list":["post-4401","post","type-post","status-publish","format-standard","has-post-thumbnail","hentry","category-municipales","tag-valle-de-chalco"],"yoast_head":"<!-- This site is optimized with the Yoast SEO plugin v25.3 - https:\/\/yoast.com\/wordpress\/plugins\/seo\/ -->\n<title>Gobierno de Valle de Chalco fortalece Seguridad P\u00fablica - Volcanes<\/title>\n<meta name=\"robots\" content=\"index, follow, max-snippet:-1, max-image-preview:large, max-video-preview:-1\" \/>\n<link rel=\"canonical\" href=\"https:\/\/volcanes.net\/?p=4401\" \/>\n<meta property=\"og:locale\" content=\"es_MX\" \/>\n<meta property=\"og:type\" content=\"article\" \/>\n<meta property=\"og:title\" content=\"Gobierno de Valle de Chalco fortalece Seguridad P\u00fablica - Volcanes\" \/>\n<meta property=\"og:description\" content=\"A 100 d\u00edas de Gobierno se fortalece Seguridad P\u00fablica de Valle de Chalco con un\" \/>\n<meta property=\"og:url\" content=\"https:\/\/volcanes.net\/?p=4401\" \/>\n<meta property=\"og:site_name\" content=\"Volcanes\" \/>\n<meta property=\"article:publisher\" content=\"https:\/\/www.facebook.com\/volcanes.net\/\" \/>\n<meta property=\"article:published_time\" content=\"2019-04-10T23:22:08+00:00\" \/>\n<meta property=\"og:image\" content=\"https:\/\/volcanes.net\/wp-content\/uploads\/2019\/04\/WhatsApp-Image-2019-04-10-at-6.19.19-PM-e1554938510868.jpeg\" \/>\n\t<meta property=\"og:image:width\" content=\"1280\" \/>\n\t<meta property=\"og:image:height\" content=\"671\" \/>\n\t<meta property=\"og:image:type\" content=\"image\/jpeg\" \/>\n<meta name=\"author\" content=\"admin\" \/>\n<meta name=\"twitter:card\" content=\"summary_large_image\" \/>\n<meta name=\"twitter:label1\" content=\"Escrito por\" \/>\n\t<meta name=\"twitter:data1\" content=\"admin\" \/>\n\t<meta name=\"twitter:label2\" content=\"Tiempo de lectura\" \/>\n\t<meta name=\"twitter:data2\" content=\"2 minutos\" \/>\n<script type=\"application\/ld+json\" class=\"yoast-schema-graph\">{\"@context\":\"https:\/\/schema.org\",\"@graph\":[{\"@type\":\"Article\",\"@id\":\"https:\/\/volcanes.net\/?p=4401#article\",\"isPartOf\":{\"@id\":\"https:\/\/volcanes.net\/?p=4401\"},\"author\":{\"name\":\"admin\",\"@id\":\"https:\/\/volcanes.net\/#\/schema\/person\/4bf0f383940966a4abd53f5048c0e6b9\"},\"headline\":\"Gobierno de Valle de Chalco fortalece Seguridad P\u00fablica\",\"datePublished\":\"2019-04-10T23:22:08+00:00\",\"mainEntityOfPage\":{\"@id\":\"https:\/\/volcanes.net\/?p=4401\"},\"wordCount\":506,\"commentCount\":0,\"publisher\":{\"@id\":\"https:\/\/volcanes.net\/#organization\"},\"image\":{\"@id\":\"https:\/\/volcanes.net\/?p=4401#primaryimage\"},\"thumbnailUrl\":\"https:\/\/volcanes.net\/wp-content\/uploads\/2019\/04\/WhatsApp-Image-2019-04-10-at-6.19.19-PM-e1554938510868.jpeg\",\"keywords\":[\"Valle de Chalco\"],\"articleSection\":[\"Municipales\"],\"inLanguage\":\"es\",\"potentialAction\":[{\"@type\":\"CommentAction\",\"name\":\"Comment\",\"target\":[\"https:\/\/volcanes.net\/?p=4401#respond\"]}]},{\"@type\":\"WebPage\",\"@id\":\"https:\/\/volcanes.net\/?p=4401\",\"url\":\"https:\/\/volcanes.net\/?p=4401\",\"name\":\"Gobierno de Valle de Chalco fortalece Seguridad P\u00fablica - Volcanes\",\"isPartOf\":{\"@id\":\"https:\/\/volcanes.net\/#website\"},\"primaryImageOfPage\":{\"@id\":\"https:\/\/volcanes.net\/?p=4401#primaryimage\"},\"image\":{\"@id\":\"https:\/\/volcanes.net\/?p=4401#primaryimage\"},\"thumbnailUrl\":\"https:\/\/volcanes.net\/wp-content\/uploads\/2019\/04\/WhatsApp-Image-2019-04-10-at-6.19.19-PM-e1554938510868.jpeg\",\"datePublished\":\"2019-04-10T23:22:08+00:00\",\"breadcrumb\":{\"@id\":\"https:\/\/volcanes.net\/?p=4401#breadcrumb\"},\"inLanguage\":\"es\",\"potentialAction\":[{\"@type\":\"ReadAction\",\"target\":[\"https:\/\/volcanes.net\/?p=4401\"]}]},{\"@type\":\"ImageObject\",\"inLanguage\":\"es\",\"@id\":\"https:\/\/volcanes.net\/?p=4401#primaryimage\",\"url\":\"https:\/\/volcanes.net\/wp-content\/uploads\/2019\/04\/WhatsApp-Image-2019-04-10-at-6.19.19-PM-e1554938510868.jpeg\",\"contentUrl\":\"https:\/\/volcanes.net\/wp-content\/uploads\/2019\/04\/WhatsApp-Image-2019-04-10-at-6.19.19-PM-e1554938510868.jpeg\",\"width\":1280,\"height\":671},{\"@type\":\"BreadcrumbList\",\"@id\":\"https:\/\/volcanes.net\/?p=4401#breadcrumb\",\"itemListElement\":[{\"@type\":\"ListItem\",\"position\":1,\"name\":\"Portada\",\"item\":\"https:\/\/volcanes.net\/\"},{\"@type\":\"ListItem\",\"position\":2,\"name\":\"Gobierno de Valle de Chalco fortalece Seguridad P\u00fablica\"}]},{\"@type\":\"WebSite\",\"@id\":\"https:\/\/volcanes.net\/#website\",\"url\":\"https:\/\/volcanes.net\/\",\"name\":\"Volcanes.Net\",\"description\":\"Periodismo Profesional\",\"publisher\":{\"@id\":\"https:\/\/volcanes.net\/#organization\"},\"potentialAction\":[{\"@type\":\"SearchAction\",\"target\":{\"@type\":\"EntryPoint\",\"urlTemplate\":\"https:\/\/volcanes.net\/?s={search_term_string}\"},\"query-input\":{\"@type\":\"PropertyValueSpecification\",\"valueRequired\":true,\"valueName\":\"search_term_string\"}}],\"inLanguage\":\"es\"},{\"@type\":\"Organization\",\"@id\":\"https:\/\/volcanes.net\/#organization\",\"name\":\"Grupo Volcanes\",\"url\":\"https:\/\/volcanes.net\/\",\"logo\":{\"@type\":\"ImageObject\",\"inLanguage\":\"es\",\"@id\":\"https:\/\/volcanes.net\/#\/schema\/logo\/image\/\",\"url\":\"http:\/\/volcanes.net\/wp-content\/uploads\/2017\/12\/Avatar2.jpg\",\"contentUrl\":\"http:\/\/volcanes.net\/wp-content\/uploads\/2017\/12\/Avatar2.jpg\",\"width\":378,\"height\":378,\"caption\":\"Grupo Volcanes\"},\"image\":{\"@id\":\"https:\/\/volcanes.net\/#\/schema\/logo\/image\/\"},\"sameAs\":[\"https:\/\/www.facebook.com\/volcanes.net\/\"]},{\"@type\":\"Person\",\"@id\":\"https:\/\/volcanes.net\/#\/schema\/person\/4bf0f383940966a4abd53f5048c0e6b9\",\"name\":\"admin\",\"image\":{\"@type\":\"ImageObject\",\"inLanguage\":\"es\",\"@id\":\"https:\/\/volcanes.net\/#\/schema\/person\/image\/\",\"url\":\"https:\/\/secure.gravatar.com\/avatar\/ca004e6cba8462b8cb7abc86e382930c?s=96&d=mm&r=g\",\"contentUrl\":\"https:\/\/secure.gravatar.com\/avatar\/ca004e6cba8462b8cb7abc86e382930c?s=96&d=mm&r=g\",\"caption\":\"admin\"}}]}<\/script>\n<!-- \/ Yoast SEO plugin. -->","yoast_head_json":{"title":"Gobierno de Valle de Chalco fortalece Seguridad P\u00fablica - Volcanes","robots":{"index":"index","follow":"follow","max-snippet":"max-snippet:-1","max-image-preview":"max-image-preview:large","max-video-preview":"max-video-preview:-1"},"canonical":"https:\/\/volcanes.net\/?p=4401","og_locale":"es_MX","og_type":"article","og_title":"Gobierno de Valle de Chalco fortalece Seguridad P\u00fablica - Volcanes","og_description":"A 100 d\u00edas de Gobierno se fortalece Seguridad P\u00fablica de Valle de Chalco con un","og_url":"https:\/\/volcanes.net\/?p=4401","og_site_name":"Volcanes","article_publisher":"https:\/\/www.facebook.com\/volcanes.net\/","article_published_time":"2019-04-10T23:22:08+00:00","og_image":[{"width":1280,"height":671,"url":"https:\/\/volcanes.net\/wp-content\/uploads\/2019\/04\/WhatsApp-Image-2019-04-10-at-6.19.19-PM-e1554938510868.jpeg","type":"image\/jpeg"}],"author":"admin","twitter_card":"summary_large_image","twitter_misc":{"Escrito por":"admin","Tiempo de lectura":"2 minutos"},"schema":{"@context":"https:\/\/schema.org","@graph":[{"@type":"Article","@id":"https:\/\/volcanes.net\/?p=4401#article","isPartOf":{"@id":"https:\/\/volcanes.net\/?p=4401"},"author":{"name":"admin","@id":"https:\/\/volcanes.net\/#\/schema\/person\/4bf0f383940966a4abd53f5048c0e6b9"},"headline":"Gobierno de Valle de Chalco fortalece Seguridad P\u00fablica","datePublished":"2019-04-10T23:22:08+00:00","mainEntityOfPage":{"@id":"https:\/\/volcanes.net\/?p=4401"},"wordCount":506,"commentCount":0,"publisher":{"@id":"https:\/\/volcanes.net\/#organization"},"image":{"@id":"https:\/\/volcanes.net\/?p=4401#primaryimage"},"thumbnailUrl":"https:\/\/volcanes.net\/wp-content\/uploads\/2019\/04\/WhatsApp-Image-2019-04-10-at-6.19.19-PM-e1554938510868.jpeg","keywords":["Valle de Chalco"],"articleSection":["Municipales"],"inLanguage":"es","potentialAction":[{"@type":"CommentAction","name":"Comment","target":["https:\/\/volcanes.net\/?p=4401#respond"]}]},{"@type":"WebPage","@id":"https:\/\/volcanes.net\/?p=4401","url":"https:\/\/volcanes.net\/?p=4401","name":"Gobierno de Valle de Chalco fortalece Seguridad P\u00fablica - Volcanes","isPartOf":{"@id":"https:\/\/volcanes.net\/#website"},"primaryImageOfPage":{"@id":"https:\/\/volcanes.net\/?p=4401#primaryimage"},"image":{"@id":"https:\/\/volcanes.net\/?p=4401#primaryimage"},"thumbnailUrl":"https:\/\/volcanes.net\/wp-content\/uploads\/2019\/04\/WhatsApp-Image-2019-04-10-at-6.19.19-PM-e1554938510868.jpeg","datePublished":"2019-04-10T23:22:08+00:00","breadcrumb":{"@id":"https:\/\/volcanes.net\/?p=4401#breadcrumb"},"inLanguage":"es","potentialAction":[{"@type":"ReadAction","target":["https:\/\/volcanes.net\/?p=4401"]}]},{"@type":"ImageObject","inLanguage":"es","@id":"https:\/\/volcanes.net\/?p=4401#primaryimage","url":"https:\/\/volcanes.net\/wp-content\/uploads\/2019\/04\/WhatsApp-Image-2019-04-10-at-6.19.19-PM-e1554938510868.jpeg","contentUrl":"https:\/\/volcanes.net\/wp-content\/uploads\/2019\/04\/WhatsApp-Image-2019-04-10-at-6.19.19-PM-e1554938510868.jpeg","width":1280,"height":671},{"@type":"BreadcrumbList","@id":"https:\/\/volcanes.net\/?p=4401#breadcrumb","itemListElement":[{"@type":"ListItem","position":1,"name":"Portada","item":"https:\/\/volcanes.net\/"},{"@type":"ListItem","position":2,"name":"Gobierno de Valle de Chalco fortalece Seguridad P\u00fablica"}]},{"@type":"WebSite","@id":"https:\/\/volcanes.net\/#website","url":"https:\/\/volcanes.net\/","name":"Volcanes.Net","description":"Periodismo Profesional","publisher":{"@id":"https:\/\/volcanes.net\/#organization"},"potentialAction":[{"@type":"SearchAction","target":{"@type":"EntryPoint","urlTemplate":"https:\/\/volcanes.net\/?s={search_term_string}"},"query-input":{"@type":"PropertyValueSpecification","valueRequired":true,"valueName":"search_term_string"}}],"inLanguage":"es"},{"@type":"Organization","@id":"https:\/\/volcanes.net\/#organization","name":"Grupo Volcanes","url":"https:\/\/volcanes.net\/","logo":{"@type":"ImageObject","inLanguage":"es","@id":"https:\/\/volcanes.net\/#\/schema\/logo\/image\/","url":"http:\/\/volcanes.net\/wp-content\/uploads\/2017\/12\/Avatar2.jpg","contentUrl":"http:\/\/volcanes.net\/wp-content\/uploads\/2017\/12\/Avatar2.jpg","width":378,"height":378,"caption":"Grupo Volcanes"},"image":{"@id":"https:\/\/volcanes.net\/#\/schema\/logo\/image\/"},"sameAs":["https:\/\/www.facebook.com\/volcanes.net\/"]},{"@type":"Person","@id":"https:\/\/volcanes.net\/#\/schema\/person\/4bf0f383940966a4abd53f5048c0e6b9","name":"admin","image":{"@type":"ImageObject","inLanguage":"es","@id":"https:\/\/volcanes.net\/#\/schema\/person\/image\/","url":"https:\/\/secure.gravatar.com\/avatar\/ca004e6cba8462b8cb7abc86e382930c?s=96&d=mm&r=g","contentUrl":"https:\/\/secure.gravatar.com\/avatar\/ca004e6cba8462b8cb7abc86e382930c?s=96&d=mm&r=g","caption":"admin"}}]}},"_links":{"self":[{"href":"https:\/\/volcanes.net\/index.php?rest_route=\/wp\/v2\/posts\/4401"}],"collection":[{"href":"https:\/\/volcanes.net\/index.php?rest_route=\/wp\/v2\/posts"}],"about":[{"href":"https:\/\/volcanes.net\/index.php?rest_route=\/wp\/v2\/types\/post"}],"author":[{"embeddable":true,"href":"https:\/\/volcanes.net\/index.php?rest_route=\/wp\/v2\/users\/1"}],"replies":[{"embeddable":true,"href":"https:\/\/volcanes.net\/index.php?rest_route=%2Fwp%2Fv2%2Fcomments&post=4401"}],"version-history":[{"count":1,"href":"https:\/\/volcanes.net\/index.php?rest_route=\/wp\/v2\/posts\/4401\/revisions"}],"predecessor-version":[{"id":4403,"href":"https:\/\/volcanes.net\/index.php?rest_route=\/wp\/v2\/posts\/4401\/revisions\/4403"}],"wp:featuredmedia":[{"embeddable":true,"href":"https:\/\/volcanes.net\/index.php?rest_route=\/wp\/v2\/media\/4402"}],"wp:attachment":[{"href":"https:\/\/volcanes.net\/index.php?rest_route=%2Fwp%2Fv2%2Fmedia&parent=4401"}],"wp:term":[{"taxonomy":"category","embeddable":true,"href":"https:\/\/volcanes.net\/index.php?rest_route=%2Fwp%2Fv2%2Fcategories&post=4401"},{"taxonomy":"post_tag","embeddable":true,"href":"https:\/\/volcanes.net\/index.php?rest_route=%2Fwp%2Fv2%2Ftags&post=4401"}],"curies":[{"name":"wp","href":"https:\/\/api.w.org\/{rel}","templated":true}]}}