{"id":4408,"date":"2019-04-24T07:30:08","date_gmt":"2019-04-24T13:30:08","guid":{"rendered":"http:\/\/volcanes.net\/?p=4408"},"modified":"2019-04-24T07:30:08","modified_gmt":"2019-04-24T13:30:08","slug":"uaem-dedico-liturgia-literaria-a-fernando-del-paso","status":"publish","type":"post","link":"https:\/\/volcanes.net\/?p=4408","title":{"rendered":"UAEM dedic\u00f3 liturgia literaria a Fernando del paso"},"content":{"rendered":"<div style=\"margin-top: 0px; margin-bottom: 0px;\" class=\"sharethis-inline-share-buttons\" ><\/div><ul>\n<li style=\"font-weight: 400;\"><em>De esta manera, la instituci\u00f3n conmemor\u00f3 el D\u00eda Mundial del Libro y del Derecho de Autor.<\/em><\/li>\n<\/ul>\n<p style=\"font-weight: 400;\"><strong>\u00a0<\/strong><\/p>\n<p style=\"font-weight: 400;\"><strong>Toluca, M\u00e9x. \u2013 23 de abril de 2019.<\/strong>\u00a0En el marco de su Programa \u201cAbril, Mes de la Lectura\u201d y con motivo del D\u00eda Mundial del Libro y del Derecho de Autor, la Universidad Aut\u00f3noma del Estado de M\u00e9xico llev\u00f3 a cabo su anual liturgia literaria, que en esta ocasi\u00f3n dedic\u00f3 al escritor mexicano Fernando del Paso.<\/p>\n<p style=\"font-weight: 400;\">En el Jard\u00edn de la Autonom\u00eda del Edificio de Rector\u00eda, alrededor de 350 universitarios leyeron en voz alta fragmentos de las novelas y poemas del autor de\u00a0<em>Palinuro de M\u00e9xico<\/em>.<\/p>\n<p style=\"font-weight: 400;\">Al respecto, el director de Publicaciones Universitarias, Jorge Robles \u00c1lvarez, expres\u00f3 que desde 1995 la Organizaci\u00f3n de las Naciones Unidas para la Educaci\u00f3n, la Ciencia y la Cultura (UNESCO) conmemora al libro y los derechos de autor.<\/p>\n<p style=\"font-weight: 400;\">Con \u201cAbril, Mes de la Lectura\u201d, dijo, la UAEM se suma a esta celebraci\u00f3n y lleva a cabo actividades culturales y acad\u00e9micas que tienen como objetivo fomentar la lectura.<\/p>\n<p style=\"font-weight: 400;\">Destac\u00f3 que la liturgia literaria, que este a\u00f1o se dedic\u00f3 a Fernando del Paso, \u201cpor la trascendencia de su obra y su gran legado cultural\u201d, se realiz\u00f3 de forma simult\u00e1nea en todos los organismos acad\u00e9micos y administrativos de la m\u00e1xima casa de estudios mexiquense.<\/p>\n<p style=\"font-weight: 400;\">Alumnos, acad\u00e9micos y trabajadores administrativos rememoraron textos del ganador del Premio de Literatura en Lengua Castellana Miguel de Cervantes. \u201cTodos los universitarios nos unimos para leer, al mismo tiempo y a la misma voz, a Fernando del Paso\u201d.<\/p>\n<p style=\"font-weight: 400;\">Por su parte, el director de Infraestructura Acad\u00e9mica de esta casa de estudios, Federico Malaqu\u00edas Rodr\u00edguez, enfatiz\u00f3 que el objetivo de este programa es promover entre la comunidad universitaria el h\u00e1bito de la lectura, la reflexi\u00f3n, la introspecci\u00f3n y la cr\u00edtica, as\u00ed como destacar la importancia que el libro tiene para la humanidad.<\/p>\n<p style=\"font-weight: 400;\">Cabe se\u00f1alar que \u201cAbril, Mes de la Lectura\u201d contempla la realizaci\u00f3n de m\u00e1s de m\u00e1s de 800 actividades en todo el Estado de M\u00e9xico, entre las que destacan 49 presentaciones de libros, 47 conferencias, 26 presentaciones de cine, 23 talleres, 21 lecturas en voz alta, 10 conciertos, cinco obras de teatro y cuatro caravanas art\u00edsticas, entre otras.<\/p>\n<p style=\"font-weight: 400;\">El programa de este evento cultural, que concluye el pr\u00f3ximo martes 30 de abril, est\u00e1 a disposici\u00f3n en el sitio web\u00a0<a href=\"http:\/\/abrilmesdelalectura.uaemex.mx\/\" data-saferedirecturl=\"https:\/\/www.google.com\/url?q=http:\/\/abrilmesdelalectura.uaemex.mx&amp;source=gmail&amp;ust=1556198849325000&amp;usg=AFQjCNFWQh9OgHTxnau4xJ-o4dLAprFGIA\">abrilmesdelalectura.uaemex.mx<\/a>\u00a0y en los perfiles de Facebook Secretar\u00eda de Docencia UAEM y Secretar\u00eda de Difusi\u00f3n Cultural UAEM.<\/p>\n","protected":false},"excerpt":{"rendered":"<p>De esta manera, la instituci\u00f3n conmemor\u00f3 el D\u00eda Mundial del Libro y del Derecho de<\/p>\n","protected":false},"author":1,"featured_media":4409,"comment_status":"open","ping_status":"open","sticky":false,"template":"","format":"standard","meta":{"footnotes":""},"categories":[1],"tags":[25],"class_list":["post-4408","post","type-post","status-publish","format-standard","has-post-thumbnail","hentry","category-municipales","tag-uaem"],"yoast_head":"<!-- This site is optimized with the Yoast SEO plugin v25.3 - https:\/\/yoast.com\/wordpress\/plugins\/seo\/ -->\n<title>UAEM dedic\u00f3 liturgia literaria a Fernando del paso - Volcanes<\/title>\n<meta name=\"robots\" content=\"index, follow, max-snippet:-1, max-image-preview:large, max-video-preview:-1\" \/>\n<link rel=\"canonical\" href=\"https:\/\/volcanes.net\/?p=4408\" \/>\n<meta property=\"og:locale\" content=\"es_MX\" \/>\n<meta property=\"og:type\" content=\"article\" \/>\n<meta property=\"og:title\" content=\"UAEM dedic\u00f3 liturgia literaria a Fernando del paso - Volcanes\" \/>\n<meta property=\"og:description\" content=\"De esta manera, la instituci\u00f3n conmemor\u00f3 el D\u00eda Mundial del Libro y del Derecho de\" \/>\n<meta property=\"og:url\" content=\"https:\/\/volcanes.net\/?p=4408\" \/>\n<meta property=\"og:site_name\" content=\"Volcanes\" \/>\n<meta property=\"article:publisher\" content=\"https:\/\/www.facebook.com\/volcanes.net\/\" \/>\n<meta property=\"article:published_time\" content=\"2019-04-24T13:30:08+00:00\" \/>\n<meta property=\"og:image\" content=\"https:\/\/volcanes.net\/wp-content\/uploads\/2019\/04\/Comun-228-12.jpg\" \/>\n\t<meta property=\"og:image:width\" content=\"426\" \/>\n\t<meta property=\"og:image:height\" content=\"284\" \/>\n\t<meta property=\"og:image:type\" content=\"image\/jpeg\" \/>\n<meta name=\"author\" content=\"admin\" \/>\n<meta name=\"twitter:card\" content=\"summary_large_image\" \/>\n<meta name=\"twitter:label1\" content=\"Escrito por\" \/>\n\t<meta name=\"twitter:data1\" content=\"admin\" \/>\n\t<meta name=\"twitter:label2\" content=\"Tiempo de lectura\" \/>\n\t<meta name=\"twitter:data2\" content=\"2 minutos\" \/>\n<script type=\"application\/ld+json\" class=\"yoast-schema-graph\">{\"@context\":\"https:\/\/schema.org\",\"@graph\":[{\"@type\":\"Article\",\"@id\":\"https:\/\/volcanes.net\/?p=4408#article\",\"isPartOf\":{\"@id\":\"https:\/\/volcanes.net\/?p=4408\"},\"author\":{\"name\":\"admin\",\"@id\":\"https:\/\/volcanes.net\/#\/schema\/person\/4bf0f383940966a4abd53f5048c0e6b9\"},\"headline\":\"UAEM dedic\u00f3 liturgia literaria a Fernando del paso\",\"datePublished\":\"2019-04-24T13:30:08+00:00\",\"mainEntityOfPage\":{\"@id\":\"https:\/\/volcanes.net\/?p=4408\"},\"wordCount\":434,\"commentCount\":0,\"publisher\":{\"@id\":\"https:\/\/volcanes.net\/#organization\"},\"image\":{\"@id\":\"https:\/\/volcanes.net\/?p=4408#primaryimage\"},\"thumbnailUrl\":\"https:\/\/volcanes.net\/wp-content\/uploads\/2019\/04\/Comun-228-12.jpg\",\"keywords\":[\"UAEM\"],\"articleSection\":[\"Municipales\"],\"inLanguage\":\"es\",\"potentialAction\":[{\"@type\":\"CommentAction\",\"name\":\"Comment\",\"target\":[\"https:\/\/volcanes.net\/?p=4408#respond\"]}]},{\"@type\":\"WebPage\",\"@id\":\"https:\/\/volcanes.net\/?p=4408\",\"url\":\"https:\/\/volcanes.net\/?p=4408\",\"name\":\"UAEM dedic\u00f3 liturgia literaria a Fernando del paso - Volcanes\",\"isPartOf\":{\"@id\":\"https:\/\/volcanes.net\/#website\"},\"primaryImageOfPage\":{\"@id\":\"https:\/\/volcanes.net\/?p=4408#primaryimage\"},\"image\":{\"@id\":\"https:\/\/volcanes.net\/?p=4408#primaryimage\"},\"thumbnailUrl\":\"https:\/\/volcanes.net\/wp-content\/uploads\/2019\/04\/Comun-228-12.jpg\",\"datePublished\":\"2019-04-24T13:30:08+00:00\",\"breadcrumb\":{\"@id\":\"https:\/\/volcanes.net\/?p=4408#breadcrumb\"},\"inLanguage\":\"es\",\"potentialAction\":[{\"@type\":\"ReadAction\",\"target\":[\"https:\/\/volcanes.net\/?p=4408\"]}]},{\"@type\":\"ImageObject\",\"inLanguage\":\"es\",\"@id\":\"https:\/\/volcanes.net\/?p=4408#primaryimage\",\"url\":\"https:\/\/volcanes.net\/wp-content\/uploads\/2019\/04\/Comun-228-12.jpg\",\"contentUrl\":\"https:\/\/volcanes.net\/wp-content\/uploads\/2019\/04\/Comun-228-12.jpg\",\"width\":426,\"height\":284},{\"@type\":\"BreadcrumbList\",\"@id\":\"https:\/\/volcanes.net\/?p=4408#breadcrumb\",\"itemListElement\":[{\"@type\":\"ListItem\",\"position\":1,\"name\":\"Portada\",\"item\":\"https:\/\/volcanes.net\/\"},{\"@type\":\"ListItem\",\"position\":2,\"name\":\"UAEM dedic\u00f3 liturgia literaria a Fernando del paso\"}]},{\"@type\":\"WebSite\",\"@id\":\"https:\/\/volcanes.net\/#website\",\"url\":\"https:\/\/volcanes.net\/\",\"name\":\"Volcanes.Net\",\"description\":\"Periodismo Profesional\",\"publisher\":{\"@id\":\"https:\/\/volcanes.net\/#organization\"},\"potentialAction\":[{\"@type\":\"SearchAction\",\"target\":{\"@type\":\"EntryPoint\",\"urlTemplate\":\"https:\/\/volcanes.net\/?s={search_term_string}\"},\"query-input\":{\"@type\":\"PropertyValueSpecification\",\"valueRequired\":true,\"valueName\":\"search_term_string\"}}],\"inLanguage\":\"es\"},{\"@type\":\"Organization\",\"@id\":\"https:\/\/volcanes.net\/#organization\",\"name\":\"Grupo Volcanes\",\"url\":\"https:\/\/volcanes.net\/\",\"logo\":{\"@type\":\"ImageObject\",\"inLanguage\":\"es\",\"@id\":\"https:\/\/volcanes.net\/#\/schema\/logo\/image\/\",\"url\":\"http:\/\/volcanes.net\/wp-content\/uploads\/2017\/12\/Avatar2.jpg\",\"contentUrl\":\"http:\/\/volcanes.net\/wp-content\/uploads\/2017\/12\/Avatar2.jpg\",\"width\":378,\"height\":378,\"caption\":\"Grupo Volcanes\"},\"image\":{\"@id\":\"https:\/\/volcanes.net\/#\/schema\/logo\/image\/\"},\"sameAs\":[\"https:\/\/www.facebook.com\/volcanes.net\/\"]},{\"@type\":\"Person\",\"@id\":\"https:\/\/volcanes.net\/#\/schema\/person\/4bf0f383940966a4abd53f5048c0e6b9\",\"name\":\"admin\",\"image\":{\"@type\":\"ImageObject\",\"inLanguage\":\"es\",\"@id\":\"https:\/\/volcanes.net\/#\/schema\/person\/image\/\",\"url\":\"https:\/\/secure.gravatar.com\/avatar\/ca004e6cba8462b8cb7abc86e382930c?s=96&d=mm&r=g\",\"contentUrl\":\"https:\/\/secure.gravatar.com\/avatar\/ca004e6cba8462b8cb7abc86e382930c?s=96&d=mm&r=g\",\"caption\":\"admin\"}}]}<\/script>\n<!-- \/ Yoast SEO plugin. -->","yoast_head_json":{"title":"UAEM dedic\u00f3 liturgia literaria a Fernando del paso - Volcanes","robots":{"index":"index","follow":"follow","max-snippet":"max-snippet:-1","max-image-preview":"max-image-preview:large","max-video-preview":"max-video-preview:-1"},"canonical":"https:\/\/volcanes.net\/?p=4408","og_locale":"es_MX","og_type":"article","og_title":"UAEM dedic\u00f3 liturgia literaria a Fernando del paso - Volcanes","og_description":"De esta manera, la instituci\u00f3n conmemor\u00f3 el D\u00eda Mundial del Libro y del Derecho de","og_url":"https:\/\/volcanes.net\/?p=4408","og_site_name":"Volcanes","article_publisher":"https:\/\/www.facebook.com\/volcanes.net\/","article_published_time":"2019-04-24T13:30:08+00:00","og_image":[{"width":426,"height":284,"url":"https:\/\/volcanes.net\/wp-content\/uploads\/2019\/04\/Comun-228-12.jpg","type":"image\/jpeg"}],"author":"admin","twitter_card":"summary_large_image","twitter_misc":{"Escrito por":"admin","Tiempo de lectura":"2 minutos"},"schema":{"@context":"https:\/\/schema.org","@graph":[{"@type":"Article","@id":"https:\/\/volcanes.net\/?p=4408#article","isPartOf":{"@id":"https:\/\/volcanes.net\/?p=4408"},"author":{"name":"admin","@id":"https:\/\/volcanes.net\/#\/schema\/person\/4bf0f383940966a4abd53f5048c0e6b9"},"headline":"UAEM dedic\u00f3 liturgia literaria a Fernando del paso","datePublished":"2019-04-24T13:30:08+00:00","mainEntityOfPage":{"@id":"https:\/\/volcanes.net\/?p=4408"},"wordCount":434,"commentCount":0,"publisher":{"@id":"https:\/\/volcanes.net\/#organization"},"image":{"@id":"https:\/\/volcanes.net\/?p=4408#primaryimage"},"thumbnailUrl":"https:\/\/volcanes.net\/wp-content\/uploads\/2019\/04\/Comun-228-12.jpg","keywords":["UAEM"],"articleSection":["Municipales"],"inLanguage":"es","potentialAction":[{"@type":"CommentAction","name":"Comment","target":["https:\/\/volcanes.net\/?p=4408#respond"]}]},{"@type":"WebPage","@id":"https:\/\/volcanes.net\/?p=4408","url":"https:\/\/volcanes.net\/?p=4408","name":"UAEM dedic\u00f3 liturgia literaria a Fernando del paso - Volcanes","isPartOf":{"@id":"https:\/\/volcanes.net\/#website"},"primaryImageOfPage":{"@id":"https:\/\/volcanes.net\/?p=4408#primaryimage"},"image":{"@id":"https:\/\/volcanes.net\/?p=4408#primaryimage"},"thumbnailUrl":"https:\/\/volcanes.net\/wp-content\/uploads\/2019\/04\/Comun-228-12.jpg","datePublished":"2019-04-24T13:30:08+00:00","breadcrumb":{"@id":"https:\/\/volcanes.net\/?p=4408#breadcrumb"},"inLanguage":"es","potentialAction":[{"@type":"ReadAction","target":["https:\/\/volcanes.net\/?p=4408"]}]},{"@type":"ImageObject","inLanguage":"es","@id":"https:\/\/volcanes.net\/?p=4408#primaryimage","url":"https:\/\/volcanes.net\/wp-content\/uploads\/2019\/04\/Comun-228-12.jpg","contentUrl":"https:\/\/volcanes.net\/wp-content\/uploads\/2019\/04\/Comun-228-12.jpg","width":426,"height":284},{"@type":"BreadcrumbList","@id":"https:\/\/volcanes.net\/?p=4408#breadcrumb","itemListElement":[{"@type":"ListItem","position":1,"name":"Portada","item":"https:\/\/volcanes.net\/"},{"@type":"ListItem","position":2,"name":"UAEM dedic\u00f3 liturgia literaria a Fernando del paso"}]},{"@type":"WebSite","@id":"https:\/\/volcanes.net\/#website","url":"https:\/\/volcanes.net\/","name":"Volcanes.Net","description":"Periodismo Profesional","publisher":{"@id":"https:\/\/volcanes.net\/#organization"},"potentialAction":[{"@type":"SearchAction","target":{"@type":"EntryPoint","urlTemplate":"https:\/\/volcanes.net\/?s={search_term_string}"},"query-input":{"@type":"PropertyValueSpecification","valueRequired":true,"valueName":"search_term_string"}}],"inLanguage":"es"},{"@type":"Organization","@id":"https:\/\/volcanes.net\/#organization","name":"Grupo Volcanes","url":"https:\/\/volcanes.net\/","logo":{"@type":"ImageObject","inLanguage":"es","@id":"https:\/\/volcanes.net\/#\/schema\/logo\/image\/","url":"http:\/\/volcanes.net\/wp-content\/uploads\/2017\/12\/Avatar2.jpg","contentUrl":"http:\/\/volcanes.net\/wp-content\/uploads\/2017\/12\/Avatar2.jpg","width":378,"height":378,"caption":"Grupo Volcanes"},"image":{"@id":"https:\/\/volcanes.net\/#\/schema\/logo\/image\/"},"sameAs":["https:\/\/www.facebook.com\/volcanes.net\/"]},{"@type":"Person","@id":"https:\/\/volcanes.net\/#\/schema\/person\/4bf0f383940966a4abd53f5048c0e6b9","name":"admin","image":{"@type":"ImageObject","inLanguage":"es","@id":"https:\/\/volcanes.net\/#\/schema\/person\/image\/","url":"https:\/\/secure.gravatar.com\/avatar\/ca004e6cba8462b8cb7abc86e382930c?s=96&d=mm&r=g","contentUrl":"https:\/\/secure.gravatar.com\/avatar\/ca004e6cba8462b8cb7abc86e382930c?s=96&d=mm&r=g","caption":"admin"}}]}},"_links":{"self":[{"href":"https:\/\/volcanes.net\/index.php?rest_route=\/wp\/v2\/posts\/4408"}],"collection":[{"href":"https:\/\/volcanes.net\/index.php?rest_route=\/wp\/v2\/posts"}],"about":[{"href":"https:\/\/volcanes.net\/index.php?rest_route=\/wp\/v2\/types\/post"}],"author":[{"embeddable":true,"href":"https:\/\/volcanes.net\/index.php?rest_route=\/wp\/v2\/users\/1"}],"replies":[{"embeddable":true,"href":"https:\/\/volcanes.net\/index.php?rest_route=%2Fwp%2Fv2%2Fcomments&post=4408"}],"version-history":[{"count":1,"href":"https:\/\/volcanes.net\/index.php?rest_route=\/wp\/v2\/posts\/4408\/revisions"}],"predecessor-version":[{"id":4410,"href":"https:\/\/volcanes.net\/index.php?rest_route=\/wp\/v2\/posts\/4408\/revisions\/4410"}],"wp:featuredmedia":[{"embeddable":true,"href":"https:\/\/volcanes.net\/index.php?rest_route=\/wp\/v2\/media\/4409"}],"wp:attachment":[{"href":"https:\/\/volcanes.net\/index.php?rest_route=%2Fwp%2Fv2%2Fmedia&parent=4408"}],"wp:term":[{"taxonomy":"category","embeddable":true,"href":"https:\/\/volcanes.net\/index.php?rest_route=%2Fwp%2Fv2%2Fcategories&post=4408"},{"taxonomy":"post_tag","embeddable":true,"href":"https:\/\/volcanes.net\/index.php?rest_route=%2Fwp%2Fv2%2Ftags&post=4408"}],"curies":[{"name":"wp","href":"https:\/\/api.w.org\/{rel}","templated":true}]}}