{"id":4411,"date":"2019-04-24T07:35:36","date_gmt":"2019-04-24T13:35:36","guid":{"rendered":"http:\/\/volcanes.net\/?p=4411"},"modified":"2019-04-24T07:35:36","modified_gmt":"2019-04-24T13:35:36","slug":"celebran-56-aniversario-de-nezahualcoyotl-con-reconocimientos-en-materia-de-seguridad-e-infraestructura","status":"publish","type":"post","link":"https:\/\/volcanes.net\/?p=4411","title":{"rendered":"Celebran 56 aniversario de Nezahualc\u00f3yotl con reconocimientos en materia de seguridad e infraestructura"},"content":{"rendered":"<div style=\"margin-top: 0px; margin-bottom: 0px;\" class=\"sharethis-inline-share-buttons\" ><\/div><p style=\"font-weight: 400; text-align: justify;\">Con un crecimiento vertiginoso que lo ha convertido en uno de los municipios m\u00e1s importantes del pa\u00eds, Nezahualc\u00f3yotl celebra 56 a\u00f1os de existencia siendo considerado un polo de desarrollo que ha trazado el desarrollo en la zona oriente del Valle de M\u00e9xico debido a sus avances en infraestructura, servicios y seguridad, rubro en el que recientemente ha sido reconocido por su polic\u00eda municipal, la cual ha sido evaluada como la mejor y m\u00e1s confiable del Estado de M\u00e9xico por el Instituto Nacional de Estad\u00edstica y Geograf\u00eda (INEGI) en la Encuesta Nacional P\u00fablica Urbana (ENSU).<\/p>\n<p style=\"font-weight: 400; text-align: justify;\">\n<p style=\"font-weight: 400; text-align: justify;\">En ese sentido durante la Sesi\u00f3n Solemne de Cabildo en conmemoraci\u00f3n de la fundaci\u00f3n del municipio en el centro Pluricultural Emiliano Zapata, el presidente municipal, acompa\u00f1ado del cuerpo edilicio, el alcalde de la Gustavo A Madero Francisco Ch\u00edguil Figueroa, y Gerardo Monroy Serrano, representante del gobierno del Estado de M\u00e9xico, se\u00f1al\u00f3 que a pesar de que Nezahualc\u00f3yotl se mantiene en el primer lugar de las cinco ciudades con m\u00e1s de 100 mil habitantes del Estado de M\u00e9xico en materia de efectividad y desempe\u00f1o, se encuentra abierto a recibir apoyo por parte de la nueva Guardia Nacional, siempre y cuando las condiciones sean favorables.<\/p>\n<p style=\"font-weight: 400; text-align: justify;\">\n<p style=\"font-weight: 400; text-align: justify;\">Inform\u00f3 que con una calificaci\u00f3n de 58.7 por cierto Nezahualc\u00f3yotl fue el mejor calificado por el INEGI de entre los municipios de Ecatepec, Tlalnepantla y Naucalpan que alcanzaron las calificaciones de 24.1, 22 y 20.4 por cierto respectivamente, e incluso por encima de la ciudad de Toluca, capital del Estado, la cual alcanz\u00f3 la cifra de 25.2 por cierto, incrementando un 11.5 los niveles de confianza de la poblaci\u00f3n en comparaci\u00f3n con los del a\u00f1o 2018.<\/p>\n<p style=\"font-weight: 400; text-align: justify;\">\n<p style=\"font-weight: 400; text-align: justify;\">De la Rosa Garc\u00eda precis\u00f3 que para el gobierno municipal de Nezahualc\u00f3yotl ha sido de vital importancia innovar hacia un modelo de seguridad p\u00fablica con proximidad social que de manera eficaz prevenga la comisi\u00f3n de delitos, sin embargo, dijo existen circunstancias en las que indudablemente es necesaria la fuerza reactiva de la Guardia Nacional y las autoridades estatales.<\/p>\n<p style=\"font-weight: 400; text-align: justify;\">\n<p style=\"font-weight: 400; text-align: justify;\">Al respecto apoy\u00f3 la presencia de dichos cuerpos de seguridad en los territorios municipales, pero de manera puntual se manifest\u00f3 en contra de que el contar con su ayuda tenga un costo directo para los Ayuntamientos, quienes han visto reducidos sus recursos de manera importante y para quienes ser\u00eda imposible costear los gastos de operaci\u00f3n de los uniformados.<\/p>\n<p style=\"font-weight: 400; text-align: justify;\">\n<p style=\"font-weight: 400; text-align: justify;\">Asegur\u00f3 que, a pesar de los alcances a\u00fan hay mucho trabajo por hacer por lo que reafirm\u00f3 su compromiso y exhort\u00f3 a la poblaci\u00f3n a continuar escribiendo historias de \u00e9xito que lleven a la ciudad a seguir siendo ejemplo de crecimiento y desarrollo como hasta al momento se ha hecho, con el esfuerzo de cada uno de quienes habitan en la ciudad de todos.<\/p>\n<p style=\"font-weight: 400; text-align: justify;\">\n<p style=\"font-weight: 400; text-align: justify;\">Record\u00f3 que, durante los \u00faltimos a\u00f1os en materia de infraestructura, se ha trabajado arduamente en la renovaci\u00f3n de redes hidr\u00e1ulicas, la instalaci\u00f3n de plantas potabilizadoras, la creaci\u00f3n de nuevos espacios p\u00fablicos y la instalaci\u00f3n de una red de fibra \u00f3ptica en todo el territorio municipal, elementos sustanciales que introducen a la ciudad en una nueva era en que los servicios p\u00fablicos deben ser mas eficientes a la vez que inteligentes y acordes al desarrollo sustentable.<\/p>\n<p style=\"font-weight: 400; text-align: justify;\">\n<p style=\"font-weight: 400; text-align: justify;\">Finalmente, el presidente municipal Juan Hugo de la Rosa extendi\u00f3 una afectuosa felicitaci\u00f3n al municipio y sus habitantes y anunci\u00f3 los festejos apenas comienzan, al tiempo de inaugurar la exposici\u00f3n \u201cPl\u00e1stica con trayectoria de Nezahualc\u00f3yotl\u201d que re\u00fane la obra de 11 artistas esenciales para comprender la historia de Neza a partir de sus perspectivas y retratos de la ciudad.<\/p>\n","protected":false},"excerpt":{"rendered":"<p>Con un crecimiento vertiginoso que lo ha convertido en uno de los municipios m\u00e1s importantes<\/p>\n","protected":false},"author":1,"featured_media":4412,"comment_status":"open","ping_status":"open","sticky":false,"template":"","format":"standard","meta":{"footnotes":""},"categories":[1],"tags":[21],"class_list":["post-4411","post","type-post","status-publish","format-standard","has-post-thumbnail","hentry","category-municipales","tag-nezahualcoyotl"],"yoast_head":"<!-- This site is optimized with the Yoast SEO plugin v25.3 - https:\/\/yoast.com\/wordpress\/plugins\/seo\/ -->\n<title>Celebran 56 aniversario de Nezahualc\u00f3yotl con reconocimientos en materia de seguridad e infraestructura - Volcanes<\/title>\n<meta name=\"robots\" content=\"index, follow, max-snippet:-1, max-image-preview:large, max-video-preview:-1\" \/>\n<link rel=\"canonical\" href=\"https:\/\/volcanes.net\/?p=4411\" \/>\n<meta property=\"og:locale\" content=\"es_MX\" \/>\n<meta property=\"og:type\" content=\"article\" \/>\n<meta property=\"og:title\" content=\"Celebran 56 aniversario de Nezahualc\u00f3yotl con reconocimientos en materia de seguridad e infraestructura - Volcanes\" \/>\n<meta property=\"og:description\" content=\"Con un crecimiento vertiginoso que lo ha convertido en uno de los municipios m\u00e1s importantes\" \/>\n<meta property=\"og:url\" content=\"https:\/\/volcanes.net\/?p=4411\" \/>\n<meta property=\"og:site_name\" content=\"Volcanes\" \/>\n<meta property=\"article:publisher\" content=\"https:\/\/www.facebook.com\/volcanes.net\/\" \/>\n<meta property=\"article:published_time\" content=\"2019-04-24T13:35:36+00:00\" \/>\n<meta property=\"og:image\" content=\"https:\/\/volcanes.net\/wp-content\/uploads\/2019\/04\/DSC_1812.jpg\" \/>\n\t<meta property=\"og:image:width\" content=\"461\" \/>\n\t<meta property=\"og:image:height\" content=\"289\" \/>\n\t<meta property=\"og:image:type\" content=\"image\/jpeg\" \/>\n<meta name=\"author\" content=\"admin\" \/>\n<meta name=\"twitter:card\" content=\"summary_large_image\" \/>\n<meta name=\"twitter:label1\" content=\"Escrito por\" \/>\n\t<meta name=\"twitter:data1\" content=\"admin\" \/>\n\t<meta name=\"twitter:label2\" content=\"Tiempo de lectura\" \/>\n\t<meta name=\"twitter:data2\" content=\"3 minutos\" \/>\n<script type=\"application\/ld+json\" class=\"yoast-schema-graph\">{\"@context\":\"https:\/\/schema.org\",\"@graph\":[{\"@type\":\"Article\",\"@id\":\"https:\/\/volcanes.net\/?p=4411#article\",\"isPartOf\":{\"@id\":\"https:\/\/volcanes.net\/?p=4411\"},\"author\":{\"name\":\"admin\",\"@id\":\"https:\/\/volcanes.net\/#\/schema\/person\/4bf0f383940966a4abd53f5048c0e6b9\"},\"headline\":\"Celebran 56 aniversario de Nezahualc\u00f3yotl con reconocimientos en materia de seguridad e infraestructura\",\"datePublished\":\"2019-04-24T13:35:36+00:00\",\"mainEntityOfPage\":{\"@id\":\"https:\/\/volcanes.net\/?p=4411\"},\"wordCount\":638,\"commentCount\":0,\"publisher\":{\"@id\":\"https:\/\/volcanes.net\/#organization\"},\"image\":{\"@id\":\"https:\/\/volcanes.net\/?p=4411#primaryimage\"},\"thumbnailUrl\":\"https:\/\/volcanes.net\/wp-content\/uploads\/2019\/04\/DSC_1812.jpg\",\"keywords\":[\"Nezahualc\u00f3yotl\"],\"articleSection\":[\"Municipales\"],\"inLanguage\":\"es\",\"potentialAction\":[{\"@type\":\"CommentAction\",\"name\":\"Comment\",\"target\":[\"https:\/\/volcanes.net\/?p=4411#respond\"]}]},{\"@type\":\"WebPage\",\"@id\":\"https:\/\/volcanes.net\/?p=4411\",\"url\":\"https:\/\/volcanes.net\/?p=4411\",\"name\":\"Celebran 56 aniversario de Nezahualc\u00f3yotl con reconocimientos en materia de seguridad e infraestructura - Volcanes\",\"isPartOf\":{\"@id\":\"https:\/\/volcanes.net\/#website\"},\"primaryImageOfPage\":{\"@id\":\"https:\/\/volcanes.net\/?p=4411#primaryimage\"},\"image\":{\"@id\":\"https:\/\/volcanes.net\/?p=4411#primaryimage\"},\"thumbnailUrl\":\"https:\/\/volcanes.net\/wp-content\/uploads\/2019\/04\/DSC_1812.jpg\",\"datePublished\":\"2019-04-24T13:35:36+00:00\",\"breadcrumb\":{\"@id\":\"https:\/\/volcanes.net\/?p=4411#breadcrumb\"},\"inLanguage\":\"es\",\"potentialAction\":[{\"@type\":\"ReadAction\",\"target\":[\"https:\/\/volcanes.net\/?p=4411\"]}]},{\"@type\":\"ImageObject\",\"inLanguage\":\"es\",\"@id\":\"https:\/\/volcanes.net\/?p=4411#primaryimage\",\"url\":\"https:\/\/volcanes.net\/wp-content\/uploads\/2019\/04\/DSC_1812.jpg\",\"contentUrl\":\"https:\/\/volcanes.net\/wp-content\/uploads\/2019\/04\/DSC_1812.jpg\",\"width\":461,\"height\":289},{\"@type\":\"BreadcrumbList\",\"@id\":\"https:\/\/volcanes.net\/?p=4411#breadcrumb\",\"itemListElement\":[{\"@type\":\"ListItem\",\"position\":1,\"name\":\"Portada\",\"item\":\"https:\/\/volcanes.net\/\"},{\"@type\":\"ListItem\",\"position\":2,\"name\":\"Celebran 56 aniversario de Nezahualc\u00f3yotl con reconocimientos en materia de seguridad e infraestructura\"}]},{\"@type\":\"WebSite\",\"@id\":\"https:\/\/volcanes.net\/#website\",\"url\":\"https:\/\/volcanes.net\/\",\"name\":\"Volcanes.Net\",\"description\":\"Periodismo Profesional\",\"publisher\":{\"@id\":\"https:\/\/volcanes.net\/#organization\"},\"potentialAction\":[{\"@type\":\"SearchAction\",\"target\":{\"@type\":\"EntryPoint\",\"urlTemplate\":\"https:\/\/volcanes.net\/?s={search_term_string}\"},\"query-input\":{\"@type\":\"PropertyValueSpecification\",\"valueRequired\":true,\"valueName\":\"search_term_string\"}}],\"inLanguage\":\"es\"},{\"@type\":\"Organization\",\"@id\":\"https:\/\/volcanes.net\/#organization\",\"name\":\"Grupo Volcanes\",\"url\":\"https:\/\/volcanes.net\/\",\"logo\":{\"@type\":\"ImageObject\",\"inLanguage\":\"es\",\"@id\":\"https:\/\/volcanes.net\/#\/schema\/logo\/image\/\",\"url\":\"http:\/\/volcanes.net\/wp-content\/uploads\/2017\/12\/Avatar2.jpg\",\"contentUrl\":\"http:\/\/volcanes.net\/wp-content\/uploads\/2017\/12\/Avatar2.jpg\",\"width\":378,\"height\":378,\"caption\":\"Grupo Volcanes\"},\"image\":{\"@id\":\"https:\/\/volcanes.net\/#\/schema\/logo\/image\/\"},\"sameAs\":[\"https:\/\/www.facebook.com\/volcanes.net\/\"]},{\"@type\":\"Person\",\"@id\":\"https:\/\/volcanes.net\/#\/schema\/person\/4bf0f383940966a4abd53f5048c0e6b9\",\"name\":\"admin\",\"image\":{\"@type\":\"ImageObject\",\"inLanguage\":\"es\",\"@id\":\"https:\/\/volcanes.net\/#\/schema\/person\/image\/\",\"url\":\"https:\/\/secure.gravatar.com\/avatar\/ca004e6cba8462b8cb7abc86e382930c?s=96&d=mm&r=g\",\"contentUrl\":\"https:\/\/secure.gravatar.com\/avatar\/ca004e6cba8462b8cb7abc86e382930c?s=96&d=mm&r=g\",\"caption\":\"admin\"}}]}<\/script>\n<!-- \/ Yoast SEO plugin. -->","yoast_head_json":{"title":"Celebran 56 aniversario de Nezahualc\u00f3yotl con reconocimientos en materia de seguridad e infraestructura - Volcanes","robots":{"index":"index","follow":"follow","max-snippet":"max-snippet:-1","max-image-preview":"max-image-preview:large","max-video-preview":"max-video-preview:-1"},"canonical":"https:\/\/volcanes.net\/?p=4411","og_locale":"es_MX","og_type":"article","og_title":"Celebran 56 aniversario de Nezahualc\u00f3yotl con reconocimientos en materia de seguridad e infraestructura - Volcanes","og_description":"Con un crecimiento vertiginoso que lo ha convertido en uno de los municipios m\u00e1s importantes","og_url":"https:\/\/volcanes.net\/?p=4411","og_site_name":"Volcanes","article_publisher":"https:\/\/www.facebook.com\/volcanes.net\/","article_published_time":"2019-04-24T13:35:36+00:00","og_image":[{"width":461,"height":289,"url":"https:\/\/volcanes.net\/wp-content\/uploads\/2019\/04\/DSC_1812.jpg","type":"image\/jpeg"}],"author":"admin","twitter_card":"summary_large_image","twitter_misc":{"Escrito por":"admin","Tiempo de lectura":"3 minutos"},"schema":{"@context":"https:\/\/schema.org","@graph":[{"@type":"Article","@id":"https:\/\/volcanes.net\/?p=4411#article","isPartOf":{"@id":"https:\/\/volcanes.net\/?p=4411"},"author":{"name":"admin","@id":"https:\/\/volcanes.net\/#\/schema\/person\/4bf0f383940966a4abd53f5048c0e6b9"},"headline":"Celebran 56 aniversario de Nezahualc\u00f3yotl con reconocimientos en materia de seguridad e infraestructura","datePublished":"2019-04-24T13:35:36+00:00","mainEntityOfPage":{"@id":"https:\/\/volcanes.net\/?p=4411"},"wordCount":638,"commentCount":0,"publisher":{"@id":"https:\/\/volcanes.net\/#organization"},"image":{"@id":"https:\/\/volcanes.net\/?p=4411#primaryimage"},"thumbnailUrl":"https:\/\/volcanes.net\/wp-content\/uploads\/2019\/04\/DSC_1812.jpg","keywords":["Nezahualc\u00f3yotl"],"articleSection":["Municipales"],"inLanguage":"es","potentialAction":[{"@type":"CommentAction","name":"Comment","target":["https:\/\/volcanes.net\/?p=4411#respond"]}]},{"@type":"WebPage","@id":"https:\/\/volcanes.net\/?p=4411","url":"https:\/\/volcanes.net\/?p=4411","name":"Celebran 56 aniversario de Nezahualc\u00f3yotl con reconocimientos en materia de seguridad e infraestructura - Volcanes","isPartOf":{"@id":"https:\/\/volcanes.net\/#website"},"primaryImageOfPage":{"@id":"https:\/\/volcanes.net\/?p=4411#primaryimage"},"image":{"@id":"https:\/\/volcanes.net\/?p=4411#primaryimage"},"thumbnailUrl":"https:\/\/volcanes.net\/wp-content\/uploads\/2019\/04\/DSC_1812.jpg","datePublished":"2019-04-24T13:35:36+00:00","breadcrumb":{"@id":"https:\/\/volcanes.net\/?p=4411#breadcrumb"},"inLanguage":"es","potentialAction":[{"@type":"ReadAction","target":["https:\/\/volcanes.net\/?p=4411"]}]},{"@type":"ImageObject","inLanguage":"es","@id":"https:\/\/volcanes.net\/?p=4411#primaryimage","url":"https:\/\/volcanes.net\/wp-content\/uploads\/2019\/04\/DSC_1812.jpg","contentUrl":"https:\/\/volcanes.net\/wp-content\/uploads\/2019\/04\/DSC_1812.jpg","width":461,"height":289},{"@type":"BreadcrumbList","@id":"https:\/\/volcanes.net\/?p=4411#breadcrumb","itemListElement":[{"@type":"ListItem","position":1,"name":"Portada","item":"https:\/\/volcanes.net\/"},{"@type":"ListItem","position":2,"name":"Celebran 56 aniversario de Nezahualc\u00f3yotl con reconocimientos en materia de seguridad e infraestructura"}]},{"@type":"WebSite","@id":"https:\/\/volcanes.net\/#website","url":"https:\/\/volcanes.net\/","name":"Volcanes.Net","description":"Periodismo Profesional","publisher":{"@id":"https:\/\/volcanes.net\/#organization"},"potentialAction":[{"@type":"SearchAction","target":{"@type":"EntryPoint","urlTemplate":"https:\/\/volcanes.net\/?s={search_term_string}"},"query-input":{"@type":"PropertyValueSpecification","valueRequired":true,"valueName":"search_term_string"}}],"inLanguage":"es"},{"@type":"Organization","@id":"https:\/\/volcanes.net\/#organization","name":"Grupo Volcanes","url":"https:\/\/volcanes.net\/","logo":{"@type":"ImageObject","inLanguage":"es","@id":"https:\/\/volcanes.net\/#\/schema\/logo\/image\/","url":"http:\/\/volcanes.net\/wp-content\/uploads\/2017\/12\/Avatar2.jpg","contentUrl":"http:\/\/volcanes.net\/wp-content\/uploads\/2017\/12\/Avatar2.jpg","width":378,"height":378,"caption":"Grupo Volcanes"},"image":{"@id":"https:\/\/volcanes.net\/#\/schema\/logo\/image\/"},"sameAs":["https:\/\/www.facebook.com\/volcanes.net\/"]},{"@type":"Person","@id":"https:\/\/volcanes.net\/#\/schema\/person\/4bf0f383940966a4abd53f5048c0e6b9","name":"admin","image":{"@type":"ImageObject","inLanguage":"es","@id":"https:\/\/volcanes.net\/#\/schema\/person\/image\/","url":"https:\/\/secure.gravatar.com\/avatar\/ca004e6cba8462b8cb7abc86e382930c?s=96&d=mm&r=g","contentUrl":"https:\/\/secure.gravatar.com\/avatar\/ca004e6cba8462b8cb7abc86e382930c?s=96&d=mm&r=g","caption":"admin"}}]}},"_links":{"self":[{"href":"https:\/\/volcanes.net\/index.php?rest_route=\/wp\/v2\/posts\/4411"}],"collection":[{"href":"https:\/\/volcanes.net\/index.php?rest_route=\/wp\/v2\/posts"}],"about":[{"href":"https:\/\/volcanes.net\/index.php?rest_route=\/wp\/v2\/types\/post"}],"author":[{"embeddable":true,"href":"https:\/\/volcanes.net\/index.php?rest_route=\/wp\/v2\/users\/1"}],"replies":[{"embeddable":true,"href":"https:\/\/volcanes.net\/index.php?rest_route=%2Fwp%2Fv2%2Fcomments&post=4411"}],"version-history":[{"count":1,"href":"https:\/\/volcanes.net\/index.php?rest_route=\/wp\/v2\/posts\/4411\/revisions"}],"predecessor-version":[{"id":4413,"href":"https:\/\/volcanes.net\/index.php?rest_route=\/wp\/v2\/posts\/4411\/revisions\/4413"}],"wp:featuredmedia":[{"embeddable":true,"href":"https:\/\/volcanes.net\/index.php?rest_route=\/wp\/v2\/media\/4412"}],"wp:attachment":[{"href":"https:\/\/volcanes.net\/index.php?rest_route=%2Fwp%2Fv2%2Fmedia&parent=4411"}],"wp:term":[{"taxonomy":"category","embeddable":true,"href":"https:\/\/volcanes.net\/index.php?rest_route=%2Fwp%2Fv2%2Fcategories&post=4411"},{"taxonomy":"post_tag","embeddable":true,"href":"https:\/\/volcanes.net\/index.php?rest_route=%2Fwp%2Fv2%2Ftags&post=4411"}],"curies":[{"name":"wp","href":"https:\/\/api.w.org\/{rel}","templated":true}]}}