{"id":4425,"date":"2019-04-30T06:24:57","date_gmt":"2019-04-30T12:24:57","guid":{"rendered":"http:\/\/volcanes.net\/?p=4425"},"modified":"2019-04-30T06:25:29","modified_gmt":"2019-04-30T12:25:29","slug":"en-valle-de-chalco-nombran-a-nuevo-encargado-de-despacho-de-seguridad-publica","status":"publish","type":"post","link":"https:\/\/volcanes.net\/?p=4425","title":{"rendered":"En Valle de Chalco nombran a nuevo encargado de Despacho de Seguridad P\u00fablica"},"content":{"rendered":"<div style=\"margin-top: 0px; margin-bottom: 0px;\" class=\"sharethis-inline-share-buttons\" ><\/div><p style=\"box-sizing:border-box; overflow-wrap:break-word; color:rgb(85,85,85); font-family:Arial,sans-serif; font-size:14px; font-style:normal; font-variant-ligatures:normal; font-variant-caps:normal; font-weight:400; letter-spacing:normal; orphans:2; text-indent:0px; text-transform:none; white-space:normal; widows:2; word-spacing:0px; -webkit-text-stroke-width:0px; background-color:rgb(255,255,255); text-decoration-style:initial; text-decoration-color:initial; text-align:left;\"><span style=\"box-sizing:border-box; overflow-wrap:break-word; font-weight:400;\">Valle de Chalco, M\u00e9x, 29 de abril de 2019.- El d\u00eda de hoy fue nombrado  como encargado del Despacho de la Direcci\u00f3n de Seguridad P\u00fablica, Jos\u00e9 Alfonso Vel\u00e1zquez Agui\u00f1aga, luego de que el presidente municipal, Francisco Tenorio Contreras, junto con el s\u00edndico y regidores  aprobaron en sesi\u00f3n de Cabildo la remoci\u00f3n del anterior Comisario de Seguridad.<\/span><\/p>\n<p style=\"box-sizing:border-box; overflow-wrap:break-word; color:rgb(85,85,85); font-family:Arial,sans-serif; font-size:14px; font-style:normal; font-variant-ligatures:normal; font-variant-caps:normal; font-weight:400; letter-spacing:normal; orphans:2; text-indent:0px; text-transform:none; white-space:normal; widows:2; word-spacing:0px; -webkit-text-stroke-width:0px; background-color:rgb(255,255,255); text-decoration-style:initial; text-decoration-color:initial; text-align:left;\"><span style=\"box-sizing:border-box; overflow-wrap:break-word; font-weight:400;\">En la colonia Carlos Salinas de Gortari, las autoridades  municipales acudieron a celebrar la D\u00e9cimo Octava Sesi\u00f3n Ordinaria  y 2da. Sesi\u00f3n Abierta de Cabildo y en el punto 9no. del Orden del D\u00eda trataron la remoci\u00f3n del director de Seguridad P\u00fablica de Valle de Chalco.<\/span><\/p>\n<p style=\"box-sizing:border-box; overflow-wrap:break-word; color:rgb(85,85,85); font-family:Arial,sans-serif; font-size:14px; font-style:normal; font-variant-ligatures:normal; font-variant-caps:normal; font-weight:400; letter-spacing:normal; orphans:2; text-indent:0px; text-transform:none; white-space:normal; widows:2; word-spacing:0px; -webkit-text-stroke-width:0px; background-color:rgb(255,255,255); text-decoration-style:initial; text-decoration-color:initial; text-align:left;\"><span style=\"box-sizing:border-box; overflow-wrap:break-word; font-weight:400;\"><a class=\"image-anchor\" href=\"http:\/\/eje19.com.mx\/wp-content\/uploads\/2019\/04\/IMG-20190429-WA0080.jpg\" rel=\"attachment wp-att-49350\" style=\"box-sizing: border-box; overflow-wrap: break-word; color: rgb(61, 151, 194); border-top: 0px !important; border-right: 0px !important; border-bottom: 1px dotted; border-left: 0px !important; border-image: initial !important; text-decoration: none;\"><img loading=\"lazy\" decoding=\"async\" class=\"size-medium wp-image-49350 alignleft\" src=\"http:\/\/eje19.com.mx\/wp-content\/uploads\/2019\/04\/IMG-20190429-WA0080-620x465.jpg\" alt=\"IMG-20190429-WA0080\" width=\"620\" height=\"465\" srcset=\"http:\/\/eje19.com.mx\/wp-content\/uploads\/2019\/04\/IMG-20190429-WA0080-300x225.jpg 300w, http:\/\/eje19.com.mx\/wp-content\/uploads\/2019\/04\/IMG-20190429-WA0080-620x465.jpg 620w, http:\/\/eje19.com.mx\/wp-content\/uploads\/2019\/04\/IMG-20190429-WA0080-768x576.jpg 768w, http:\/\/eje19.com.mx\/wp-content\/uploads\/2019\/04\/IMG-20190429-WA0080-940x705.jpg 940w, http:\/\/eje19.com.mx\/wp-content\/uploads\/2019\/04\/IMG-20190429-WA0080-560x420.jpg 560w, http:\/\/eje19.com.mx\/wp-content\/uploads\/2019\/04\/IMG-20190429-WA0080-260x195.jpg 260w, http:\/\/eje19.com.mx\/wp-content\/uploads\/2019\/04\/IMG-20190429-WA0080-160x120.jpg 160w, http:\/\/eje19.com.mx\/wp-content\/uploads\/2019\/04\/IMG-20190429-WA0080.jpg 1280w\" sizes=\"(max-width: 620px) 100vw, 620px\" style=\"box-sizing: border-box; overflow-wrap: break-word; border: 1px solid rgb(226, 226, 226); max-width: 100%; height: auto; float: left; margin: 5px 20px 20px 0px;\"><\/a>En la exposici\u00f3n  de motivos, Tenorio Contreras inform\u00f3  que hay diversas denuncias ciudadanas en contra de polic\u00edas municipales  por presuntos actos il\u00edcitos, \u201chay elementos de seguridad p\u00fablica que lejos de contribuir con el papel que les corresponde, fungir como protectores  del patrimonio y de la vida de nuestros y nuestras ciudadanas hacen todo lo contrario\u201d.<\/span><\/p>\n<p><span style=\"box-sizing:border-box; overflow-wrap:break-word; font-weight:400;\">En la exposici\u00f3n  de motivos, Tenorio Contreras inform\u00f3  que hay diversas denuncias ciudadanas en contra de polic\u00edas municipales  por presuntos actos il\u00edcitos, \u201chay elementos de seguridad p\u00fablica que lejos de contribuir con el papel que les corresponde, fungir como protectores  del patrimonio y de la vida de nuestros y nuestras ciudadanas hacen todo lo contrario\u201d.<\/span><\/p>\n<p style=\"box-sizing:border-box; overflow-wrap:break-word; color:rgb(85,85,85); font-family:Arial,sans-serif; font-size:14px; font-style:normal; font-variant-ligatures:normal; font-variant-caps:normal; font-weight:400; letter-spacing:normal; orphans:2; text-indent:0px; text-transform:none; white-space:normal; widows:2; word-spacing:0px; -webkit-text-stroke-width:0px; background-color:rgb(255,255,255); text-decoration-style:initial; text-decoration-color:initial; text-align:left;\"><span style=\"box-sizing:border-box; overflow-wrap:break-word; font-weight:400;\">Y puso como ejemplo que  en d\u00edas pasados elementos de seguridad se presentaron en un negocio donde \u201cextrajeron de su interior a 18 personas que estaban ah\u00ed y que al parecer les extrajeron sus pertenencias\u201d y posteriormente los trasladaron a la Oficial\u00eda Conciliadora donde tambi\u00e9n habr\u00e1  movimientos\u201d.<\/span><\/p>\n<p style=\"box-sizing:border-box; overflow-wrap:break-word; color:rgb(85,85,85); font-family:Arial,sans-serif; font-size:14px; font-style:normal; font-variant-ligatures:normal; font-variant-caps:normal; font-weight:400; letter-spacing:normal; orphans:2text-indent:0px; text-transform:none; white-space:normal; widows:2; word-spacing:0px; -webkit-text-stroke-width:0px; background-color:rgb(255,255,255); text-decoration-style:initial; text-decoration-color:initial; text-align:left;\"><a class=\"image-anchor\" href=\"http:\/\/eje19.com.mx\/wp-content\/uploads\/2019\/04\/IMG-20190429-WA0081.jpg\" rel=\"attachment wp-att-49351\" style=\"box-sizing: border-box; overflow-wrap: break-word; color: rgb(61, 151, 194); border-top: 0px !important; border-right: 0px !important; border-bottom: 1px dotted; border-left: 0px !important; border-image: initial !important; text-decoration: none;\"><img loading=\"lazy\" decoding=\"async\" class=\"size-medium wp-image-49351 alignleft\" src=\"http:\/\/eje19.com.mx\/wp-content\/uploads\/2019\/04\/IMG-20190429-WA0081-620x465.jpg\" alt=\"IMG-20190429-WA0081\" width=\"620\" height=\"465\" srcset=\"http:\/\/eje19.com.mx\/wp-content\/uploads\/2019\/04\/IMG-20190429-WA0081-300x225.jpg 300w, http:\/\/eje19.com.mx\/wp-content\/uploads\/2019\/04\/IMG-20190429-WA0081-620x465.jpg 620w, http:\/\/eje19.com.mx\/wp-content\/uploads\/2019\/04\/IMG-20190429-WA0081-768x576.jpg 768w, http:\/\/eje19.com.mx\/wp-content\/uploads\/2019\/04\/IMG-20190429-WA0081-940x705.jpg 940w, http:\/\/eje19.com.mx\/wp-content\/uploads\/2019\/04\/IMG-20190429-WA0081-560x420.jpg 560w, http:\/\/eje19.com.mx\/wp-content\/uploads\/2019\/04\/IMG-20190429-WA0081-260x195.jpg 260w, http:\/\/eje19.com.mx\/wp-content\/uploads\/2019\/04\/IMG-20190429-WA0081-160x120.jpg 160w, http:\/\/eje19.com.mx\/wp-content\/uploads\/2019\/04\/IMG-20190429-WA0081.jpg 1280w\" sizes=\"(max-width: 620px) 100vw, 620px\" style=\"box-sizing: border-box; overflow-wrap: break-word; border: 1px solid rgb(226, 226, 226); max-width: 100%; height: auto; float: left; margin: 5px 20px 20px 0px;\"><\/a><\/p>\n<p style=\"box-sizing:border-box; overflow-wrap:break-word; color:rgb(85,85,85); font-family:Arial,sans-serif; font-size:14px; font-style:normal; font-variant-ligatures:normal; font-variant-caps:normal; font-weight:400; letter-spacing:normal; orphans:2; text-indent:0px; text-transform:none; white-space:normal; widows:2; word-spacing:0px; -webkit-text-stroke-width:0px; background-color:rgb(255,255,255); text-decoration-style:initial; text-decoration-color:initial; text-align:left;\"><span style=\"box-sizing:border-box; overflow-wrap:break-word; font-weight:400;\">El edil, subray\u00f3  que \u201cquiero que se entienda que si tengo que cambiar 10 veces de director hasta que encontremos la clave de esto lo vamos hacer\u201d.<\/span><\/p>\n<p style=\"box-sizing:border-box; overflow-wrap:break-word; color:rgb(85,85,85); font-family:Arial,sans-serif; font-size:14px; font-style:normal; font-variant-ligatures:normal; font-variant-caps:normal; font-weight:400; letter-spacing:normal; orphans:2; text-indent:0px; text-transform:none; white-space:normal; widows:2; word-spacing:0px; -webkit-text-stroke-width:0px; background-color:rgb(255,255,255); text-decoration-style:initial; text-decoration-color:initial; text-align:left;\"><span style=\"box-sizing:border-box; overflow-wrap:break-word; font-weight:400;\">Con respecto  al nombramiento de Vel\u00e1zquez Agui\u00f1aga, como Encargado de Despacho de Seguridad P\u00fablica indic\u00f3  que no ser\u00e1 nombrado como director \u201chasta que no nos responda\u201d a la vez que lo invit\u00f3 a que se conduzca con integridad, con  lealtad, y que haga de la Ley la Justicia.<\/span><\/p>\n<p style=\"box-sizing:border-box; overflow-wrap:break-word; color:rgb(85,85,85); font-family:Arial,sans-serif; font-size:14px; font-style:normal; font-variant-ligatures:normal; font-variant-caps:normal; font-weight:400; letter-spacing:normal; orphans:2; text-indent:0px; text-transform:none; white-space:normal; widows:2; word-spacing:0px; -webkit-text-stroke-width:0px; background-color:rgb(255,255,255); text-decoration-style:initial; text-decoration-color:initial; text-align:left;\"><span style=\"box-sizing:border-box; overflow-wrap:break-word; font-weight:400;\">Tras esto, por unanimidad, los integrantes del H. Ayuntamiento votaron a favor de la remoci\u00f3n  del comisario de seguridad p\u00fablica del municipio 122, Aaron S\u00e1nchez Aguilera.<\/span><\/p>\n<p style=\"box-sizing:border-box; overflow-wrap:break-word; color:rgb(85,85,85); font-family:Arial,sans-serif; font-size:14px; font-style:normal; font-variant-ligatures:normal; font-variant-caps:normal; font-weight:400; letter-spacing:normal; orphans:2; text-indent:0px; text-transform:none; white-space:normal; widows:2; word-spacing:0px; -webkit-text-stroke-width:0px; background-color:rgb(255,255,255); text-decoration-style:initial; text-decoration-color:initial; text-align:left;\"><span style=\"box-sizing:border-box; overflow-wrap:break-word; font-weight:400;\">Es importante destacar que tambi\u00e9n en dicha sesi\u00f3n se llev\u00f3 a cabo la toma de protesta de la Comisi\u00f3n de Honor y Justicia de la Direcci\u00f3n de Seguridad P\u00fablica, que est\u00e1 integrada por el presidente municipal, Francisco Tenorio Contreras,  Jos\u00e9 Luis Rosales, director del Jur\u00eddico de la Direcci\u00f3n de Seguridad P\u00fablica y Jos\u00e9 Alfredo Alfaro Garc\u00eda, integrante de la unidad operativa de esta dependencia.<\/span><\/p>\n","protected":false},"excerpt":{"rendered":"<p>Valle de Chalco, M\u00e9x, 29 de abril de 2019.- El d\u00eda de hoy fue nombrado<\/p>\n","protected":false},"author":1,"featured_media":4424,"comment_status":"open","ping_status":"open","sticky":false,"template":"","format":"standard","meta":{"footnotes":""},"categories":[1],"tags":[5],"class_list":["post-4425","post","type-post","status-publish","format-standard","has-post-thumbnail","hentry","category-municipales","tag-valle-de-chalco"],"yoast_head":"<!-- This site is optimized with the Yoast SEO plugin v25.3 - https:\/\/yoast.com\/wordpress\/plugins\/seo\/ -->\n<title>En Valle de Chalco nombran a nuevo encargado de Despacho de Seguridad P\u00fablica - Volcanes<\/title>\n<meta name=\"robots\" content=\"index, follow, max-snippet:-1, max-image-preview:large, max-video-preview:-1\" \/>\n<link rel=\"canonical\" href=\"https:\/\/volcanes.net\/?p=4425\" \/>\n<meta property=\"og:locale\" content=\"es_MX\" \/>\n<meta property=\"og:type\" content=\"article\" \/>\n<meta property=\"og:title\" content=\"En Valle de Chalco nombran a nuevo encargado de Despacho de Seguridad P\u00fablica - Volcanes\" \/>\n<meta property=\"og:description\" content=\"Valle de Chalco, M\u00e9x, 29 de abril de 2019.- El d\u00eda de hoy fue nombrado\" \/>\n<meta property=\"og:url\" content=\"https:\/\/volcanes.net\/?p=4425\" \/>\n<meta property=\"og:site_name\" content=\"Volcanes\" \/>\n<meta property=\"article:publisher\" content=\"https:\/\/www.facebook.com\/volcanes.net\/\" \/>\n<meta property=\"article:published_time\" content=\"2019-04-30T12:24:57+00:00\" \/>\n<meta property=\"article:modified_time\" content=\"2019-04-30T12:25:29+00:00\" \/>\n<meta property=\"og:image\" content=\"https:\/\/volcanes.net\/wp-content\/uploads\/2019\/04\/FB_IMG_1556627028381.jpg\" \/>\n\t<meta property=\"og:image:width\" content=\"720\" \/>\n\t<meta property=\"og:image:height\" content=\"540\" \/>\n\t<meta property=\"og:image:type\" content=\"image\/jpeg\" \/>\n<meta name=\"author\" content=\"admin\" \/>\n<meta name=\"twitter:card\" content=\"summary_large_image\" \/>\n<meta name=\"twitter:label1\" content=\"Escrito por\" \/>\n\t<meta name=\"twitter:data1\" content=\"admin\" \/>\n\t<meta name=\"twitter:label2\" content=\"Tiempo de lectura\" \/>\n\t<meta name=\"twitter:data2\" content=\"2 minutos\" \/>\n<script type=\"application\/ld+json\" class=\"yoast-schema-graph\">{\"@context\":\"https:\/\/schema.org\",\"@graph\":[{\"@type\":\"Article\",\"@id\":\"https:\/\/volcanes.net\/?p=4425#article\",\"isPartOf\":{\"@id\":\"https:\/\/volcanes.net\/?p=4425\"},\"author\":{\"name\":\"admin\",\"@id\":\"https:\/\/volcanes.net\/#\/schema\/person\/4bf0f383940966a4abd53f5048c0e6b9\"},\"headline\":\"En Valle de Chalco nombran a nuevo encargado de Despacho de Seguridad P\u00fablica\",\"datePublished\":\"2019-04-30T12:24:57+00:00\",\"dateModified\":\"2019-04-30T12:25:29+00:00\",\"mainEntityOfPage\":{\"@id\":\"https:\/\/volcanes.net\/?p=4425\"},\"wordCount\":474,\"commentCount\":0,\"publisher\":{\"@id\":\"https:\/\/volcanes.net\/#organization\"},\"image\":{\"@id\":\"https:\/\/volcanes.net\/?p=4425#primaryimage\"},\"thumbnailUrl\":\"https:\/\/volcanes.net\/wp-content\/uploads\/2019\/04\/FB_IMG_1556627028381.jpg\",\"keywords\":[\"Valle de Chalco\"],\"articleSection\":[\"Municipales\"],\"inLanguage\":\"es\",\"potentialAction\":[{\"@type\":\"CommentAction\",\"name\":\"Comment\",\"target\":[\"https:\/\/volcanes.net\/?p=4425#respond\"]}]},{\"@type\":\"WebPage\",\"@id\":\"https:\/\/volcanes.net\/?p=4425\",\"url\":\"https:\/\/volcanes.net\/?p=4425\",\"name\":\"En Valle de Chalco nombran a nuevo encargado de Despacho de Seguridad P\u00fablica - Volcanes\",\"isPartOf\":{\"@id\":\"https:\/\/volcanes.net\/#website\"},\"primaryImageOfPage\":{\"@id\":\"https:\/\/volcanes.net\/?p=4425#primaryimage\"},\"image\":{\"@id\":\"https:\/\/volcanes.net\/?p=4425#primaryimage\"},\"thumbnailUrl\":\"https:\/\/volcanes.net\/wp-content\/uploads\/2019\/04\/FB_IMG_1556627028381.jpg\",\"datePublished\":\"2019-04-30T12:24:57+00:00\",\"dateModified\":\"2019-04-30T12:25:29+00:00\",\"breadcrumb\":{\"@id\":\"https:\/\/volcanes.net\/?p=4425#breadcrumb\"},\"inLanguage\":\"es\",\"potentialAction\":[{\"@type\":\"ReadAction\",\"target\":[\"https:\/\/volcanes.net\/?p=4425\"]}]},{\"@type\":\"ImageObject\",\"inLanguage\":\"es\",\"@id\":\"https:\/\/volcanes.net\/?p=4425#primaryimage\",\"url\":\"https:\/\/volcanes.net\/wp-content\/uploads\/2019\/04\/FB_IMG_1556627028381.jpg\",\"contentUrl\":\"https:\/\/volcanes.net\/wp-content\/uploads\/2019\/04\/FB_IMG_1556627028381.jpg\",\"width\":720,\"height\":540},{\"@type\":\"BreadcrumbList\",\"@id\":\"https:\/\/volcanes.net\/?p=4425#breadcrumb\",\"itemListElement\":[{\"@type\":\"ListItem\",\"position\":1,\"name\":\"Portada\",\"item\":\"https:\/\/volcanes.net\/\"},{\"@type\":\"ListItem\",\"position\":2,\"name\":\"En Valle de Chalco nombran a nuevo encargado de Despacho de Seguridad P\u00fablica\"}]},{\"@type\":\"WebSite\",\"@id\":\"https:\/\/volcanes.net\/#website\",\"url\":\"https:\/\/volcanes.net\/\",\"name\":\"Volcanes.Net\",\"description\":\"Periodismo Profesional\",\"publisher\":{\"@id\":\"https:\/\/volcanes.net\/#organization\"},\"potentialAction\":[{\"@type\":\"SearchAction\",\"target\":{\"@type\":\"EntryPoint\",\"urlTemplate\":\"https:\/\/volcanes.net\/?s={search_term_string}\"},\"query-input\":{\"@type\":\"PropertyValueSpecification\",\"valueRequired\":true,\"valueName\":\"search_term_string\"}}],\"inLanguage\":\"es\"},{\"@type\":\"Organization\",\"@id\":\"https:\/\/volcanes.net\/#organization\",\"name\":\"Grupo Volcanes\",\"url\":\"https:\/\/volcanes.net\/\",\"logo\":{\"@type\":\"ImageObject\",\"inLanguage\":\"es\",\"@id\":\"https:\/\/volcanes.net\/#\/schema\/logo\/image\/\",\"url\":\"http:\/\/volcanes.net\/wp-content\/uploads\/2017\/12\/Avatar2.jpg\",\"contentUrl\":\"http:\/\/volcanes.net\/wp-content\/uploads\/2017\/12\/Avatar2.jpg\",\"width\":378,\"height\":378,\"caption\":\"Grupo Volcanes\"},\"image\":{\"@id\":\"https:\/\/volcanes.net\/#\/schema\/logo\/image\/\"},\"sameAs\":[\"https:\/\/www.facebook.com\/volcanes.net\/\"]},{\"@type\":\"Person\",\"@id\":\"https:\/\/volcanes.net\/#\/schema\/person\/4bf0f383940966a4abd53f5048c0e6b9\",\"name\":\"admin\",\"image\":{\"@type\":\"ImageObject\",\"inLanguage\":\"es\",\"@id\":\"https:\/\/volcanes.net\/#\/schema\/person\/image\/\",\"url\":\"https:\/\/secure.gravatar.com\/avatar\/ca004e6cba8462b8cb7abc86e382930c?s=96&d=mm&r=g\",\"contentUrl\":\"https:\/\/secure.gravatar.com\/avatar\/ca004e6cba8462b8cb7abc86e382930c?s=96&d=mm&r=g\",\"caption\":\"admin\"}}]}<\/script>\n<!-- \/ Yoast SEO plugin. -->","yoast_head_json":{"title":"En Valle de Chalco nombran a nuevo encargado de Despacho de Seguridad P\u00fablica - Volcanes","robots":{"index":"index","follow":"follow","max-snippet":"max-snippet:-1","max-image-preview":"max-image-preview:large","max-video-preview":"max-video-preview:-1"},"canonical":"https:\/\/volcanes.net\/?p=4425","og_locale":"es_MX","og_type":"article","og_title":"En Valle de Chalco nombran a nuevo encargado de Despacho de Seguridad P\u00fablica - Volcanes","og_description":"Valle de Chalco, M\u00e9x, 29 de abril de 2019.- El d\u00eda de hoy fue nombrado","og_url":"https:\/\/volcanes.net\/?p=4425","og_site_name":"Volcanes","article_publisher":"https:\/\/www.facebook.com\/volcanes.net\/","article_published_time":"2019-04-30T12:24:57+00:00","article_modified_time":"2019-04-30T12:25:29+00:00","og_image":[{"width":720,"height":540,"url":"https:\/\/volcanes.net\/wp-content\/uploads\/2019\/04\/FB_IMG_1556627028381.jpg","type":"image\/jpeg"}],"author":"admin","twitter_card":"summary_large_image","twitter_misc":{"Escrito por":"admin","Tiempo de lectura":"2 minutos"},"schema":{"@context":"https:\/\/schema.org","@graph":[{"@type":"Article","@id":"https:\/\/volcanes.net\/?p=4425#article","isPartOf":{"@id":"https:\/\/volcanes.net\/?p=4425"},"author":{"name":"admin","@id":"https:\/\/volcanes.net\/#\/schema\/person\/4bf0f383940966a4abd53f5048c0e6b9"},"headline":"En Valle de Chalco nombran a nuevo encargado de Despacho de Seguridad P\u00fablica","datePublished":"2019-04-30T12:24:57+00:00","dateModified":"2019-04-30T12:25:29+00:00","mainEntityOfPage":{"@id":"https:\/\/volcanes.net\/?p=4425"},"wordCount":474,"commentCount":0,"publisher":{"@id":"https:\/\/volcanes.net\/#organization"},"image":{"@id":"https:\/\/volcanes.net\/?p=4425#primaryimage"},"thumbnailUrl":"https:\/\/volcanes.net\/wp-content\/uploads\/2019\/04\/FB_IMG_1556627028381.jpg","keywords":["Valle de Chalco"],"articleSection":["Municipales"],"inLanguage":"es","potentialAction":[{"@type":"CommentAction","name":"Comment","target":["https:\/\/volcanes.net\/?p=4425#respond"]}]},{"@type":"WebPage","@id":"https:\/\/volcanes.net\/?p=4425","url":"https:\/\/volcanes.net\/?p=4425","name":"En Valle de Chalco nombran a nuevo encargado de Despacho de Seguridad P\u00fablica - Volcanes","isPartOf":{"@id":"https:\/\/volcanes.net\/#website"},"primaryImageOfPage":{"@id":"https:\/\/volcanes.net\/?p=4425#primaryimage"},"image":{"@id":"https:\/\/volcanes.net\/?p=4425#primaryimage"},"thumbnailUrl":"https:\/\/volcanes.net\/wp-content\/uploads\/2019\/04\/FB_IMG_1556627028381.jpg","datePublished":"2019-04-30T12:24:57+00:00","dateModified":"2019-04-30T12:25:29+00:00","breadcrumb":{"@id":"https:\/\/volcanes.net\/?p=4425#breadcrumb"},"inLanguage":"es","potentialAction":[{"@type":"ReadAction","target":["https:\/\/volcanes.net\/?p=4425"]}]},{"@type":"ImageObject","inLanguage":"es","@id":"https:\/\/volcanes.net\/?p=4425#primaryimage","url":"https:\/\/volcanes.net\/wp-content\/uploads\/2019\/04\/FB_IMG_1556627028381.jpg","contentUrl":"https:\/\/volcanes.net\/wp-content\/uploads\/2019\/04\/FB_IMG_1556627028381.jpg","width":720,"height":540},{"@type":"BreadcrumbList","@id":"https:\/\/volcanes.net\/?p=4425#breadcrumb","itemListElement":[{"@type":"ListItem","position":1,"name":"Portada","item":"https:\/\/volcanes.net\/"},{"@type":"ListItem","position":2,"name":"En Valle de Chalco nombran a nuevo encargado de Despacho de Seguridad P\u00fablica"}]},{"@type":"WebSite","@id":"https:\/\/volcanes.net\/#website","url":"https:\/\/volcanes.net\/","name":"Volcanes.Net","description":"Periodismo Profesional","publisher":{"@id":"https:\/\/volcanes.net\/#organization"},"potentialAction":[{"@type":"SearchAction","target":{"@type":"EntryPoint","urlTemplate":"https:\/\/volcanes.net\/?s={search_term_string}"},"query-input":{"@type":"PropertyValueSpecification","valueRequired":true,"valueName":"search_term_string"}}],"inLanguage":"es"},{"@type":"Organization","@id":"https:\/\/volcanes.net\/#organization","name":"Grupo Volcanes","url":"https:\/\/volcanes.net\/","logo":{"@type":"ImageObject","inLanguage":"es","@id":"https:\/\/volcanes.net\/#\/schema\/logo\/image\/","url":"http:\/\/volcanes.net\/wp-content\/uploads\/2017\/12\/Avatar2.jpg","contentUrl":"http:\/\/volcanes.net\/wp-content\/uploads\/2017\/12\/Avatar2.jpg","width":378,"height":378,"caption":"Grupo Volcanes"},"image":{"@id":"https:\/\/volcanes.net\/#\/schema\/logo\/image\/"},"sameAs":["https:\/\/www.facebook.com\/volcanes.net\/"]},{"@type":"Person","@id":"https:\/\/volcanes.net\/#\/schema\/person\/4bf0f383940966a4abd53f5048c0e6b9","name":"admin","image":{"@type":"ImageObject","inLanguage":"es","@id":"https:\/\/volcanes.net\/#\/schema\/person\/image\/","url":"https:\/\/secure.gravatar.com\/avatar\/ca004e6cba8462b8cb7abc86e382930c?s=96&d=mm&r=g","contentUrl":"https:\/\/secure.gravatar.com\/avatar\/ca004e6cba8462b8cb7abc86e382930c?s=96&d=mm&r=g","caption":"admin"}}]}},"_links":{"self":[{"href":"https:\/\/volcanes.net\/index.php?rest_route=\/wp\/v2\/posts\/4425"}],"collection":[{"href":"https:\/\/volcanes.net\/index.php?rest_route=\/wp\/v2\/posts"}],"about":[{"href":"https:\/\/volcanes.net\/index.php?rest_route=\/wp\/v2\/types\/post"}],"author":[{"embeddable":true,"href":"https:\/\/volcanes.net\/index.php?rest_route=\/wp\/v2\/users\/1"}],"replies":[{"embeddable":true,"href":"https:\/\/volcanes.net\/index.php?rest_route=%2Fwp%2Fv2%2Fcomments&post=4425"}],"version-history":[{"count":1,"href":"https:\/\/volcanes.net\/index.php?rest_route=\/wp\/v2\/posts\/4425\/revisions"}],"predecessor-version":[{"id":4426,"href":"https:\/\/volcanes.net\/index.php?rest_route=\/wp\/v2\/posts\/4425\/revisions\/4426"}],"wp:featuredmedia":[{"embeddable":true,"href":"https:\/\/volcanes.net\/index.php?rest_route=\/wp\/v2\/media\/4424"}],"wp:attachment":[{"href":"https:\/\/volcanes.net\/index.php?rest_route=%2Fwp%2Fv2%2Fmedia&parent=4425"}],"wp:term":[{"taxonomy":"category","embeddable":true,"href":"https:\/\/volcanes.net\/index.php?rest_route=%2Fwp%2Fv2%2Fcategories&post=4425"},{"taxonomy":"post_tag","embeddable":true,"href":"https:\/\/volcanes.net\/index.php?rest_route=%2Fwp%2Fv2%2Ftags&post=4425"}],"curies":[{"name":"wp","href":"https:\/\/api.w.org\/{rel}","templated":true}]}}