{"id":4428,"date":"2019-04-30T11:37:35","date_gmt":"2019-04-30T17:37:35","guid":{"rendered":"http:\/\/volcanes.net\/?p=4428"},"modified":"2019-04-30T16:04:21","modified_gmt":"2019-04-30T22:04:21","slug":"designan-a-ana-maria-morales-arochi-como-directora-del-consejo-municipal-de-la-mujer-en-chalco","status":"publish","type":"post","link":"https:\/\/volcanes.net\/?p=4428","title":{"rendered":"Designan a Ana Mar\u00eda Morales Arochi como directora del Consejo Municipal de la Mujer en Chalco"},"content":{"rendered":"<div style=\"margin-top: 0px; margin-bottom: 0px;\" class=\"sharethis-inline-share-buttons\" ><\/div><p>** Excelente designaci\u00f3n del edil Miguel Guti\u00e9rrez a favor de Anita Morales Arochi.<\/p>\n<p>** Tambi\u00e9n hubo cambios en Ecolog\u00eda y en la direcci\u00f3n jur\u00eddica<\/p>\n<p>Chalco, M\u00e9x.&#8211; Con la finalidad de aumentar el nivel profesional y de resultados, el edil Miguel Guti\u00e9rrez design\u00f3 a la licenciada, Ana<br \/>\nMar\u00eda Morales Arochi como directora del<br \/>\nConsejo Municipal de la Mujer, de confor-<br \/>\nmidad con lo expuesto en el art\u00edculo 48,<br \/>\nfracci\u00f3n VI de la Ley Org\u00e1nica Municipal<br \/>\ndel Estado de M\u00e9xico. El punto fue apro-<br \/>\nbado por unanimidad por todos los integrantes del Ayuntamiento.<\/p>\n<p>Tambi\u00e9n se propuso a los integrantes del H. Cabildo al Maestro JaimeCastro Navarro como director de Ecolog\u00eda,se hizo tambi\u00e9n la propuesta del licenciado Jos\u00e9<br \/>\nPedro Palma como titular de la Direcci\u00f3n<br \/>\nJur\u00eddica, siendo aprobados los nuevos funcionarios municipales.<\/p>\n<p>Estos son los primeros movimientos de la administraci\u00f3n al llegar a sus primeros 100 d\u00edas de trabajo. Destaca la designaci\u00f3n de Anita Morales Arochi, por su experiencia en la \u00e1rea de apoyo y atenci\u00f3n a la mujer Chalquense. Enhorabuena por la compa\u00f1era comunicadora.<\/p>\n","protected":false},"excerpt":{"rendered":"<p>** Excelente designaci\u00f3n del edil Miguel Guti\u00e9rrez a favor de Anita Morales Arochi. ** Tambi\u00e9n<\/p>\n","protected":false},"author":1,"featured_media":4427,"comment_status":"open","ping_status":"open","sticky":false,"template":"","format":"standard","meta":{"footnotes":""},"categories":[1],"tags":[9],"class_list":["post-4428","post","type-post","status-publish","format-standard","has-post-thumbnail","hentry","category-municipales","tag-chalco"],"yoast_head":"<!-- This site is optimized with the Yoast SEO plugin v25.3 - https:\/\/yoast.com\/wordpress\/plugins\/seo\/ -->\n<title>Designan a Ana Mar\u00eda Morales Arochi como directora del Consejo Municipal de la Mujer en Chalco - Volcanes<\/title>\n<meta name=\"robots\" content=\"index, follow, max-snippet:-1, max-image-preview:large, max-video-preview:-1\" \/>\n<link rel=\"canonical\" href=\"https:\/\/volcanes.net\/?p=4428\" \/>\n<meta property=\"og:locale\" content=\"es_MX\" \/>\n<meta property=\"og:type\" content=\"article\" \/>\n<meta property=\"og:title\" content=\"Designan a Ana Mar\u00eda Morales Arochi como directora del Consejo Municipal de la Mujer en Chalco - Volcanes\" \/>\n<meta property=\"og:description\" content=\"** Excelente designaci\u00f3n del edil Miguel Guti\u00e9rrez a favor de Anita Morales Arochi. ** Tambi\u00e9n\" \/>\n<meta property=\"og:url\" content=\"https:\/\/volcanes.net\/?p=4428\" \/>\n<meta property=\"og:site_name\" content=\"Volcanes\" \/>\n<meta property=\"article:publisher\" content=\"https:\/\/www.facebook.com\/volcanes.net\/\" \/>\n<meta property=\"article:published_time\" content=\"2019-04-30T17:37:35+00:00\" \/>\n<meta property=\"article:modified_time\" content=\"2019-04-30T22:04:21+00:00\" \/>\n<meta property=\"og:image\" content=\"https:\/\/volcanes.net\/wp-content\/uploads\/2019\/04\/FB_IMG_1556644811776.jpg\" \/>\n\t<meta property=\"og:image:width\" content=\"720\" \/>\n\t<meta property=\"og:image:height\" content=\"540\" \/>\n\t<meta property=\"og:image:type\" content=\"image\/jpeg\" \/>\n<meta name=\"author\" content=\"admin\" \/>\n<meta name=\"twitter:card\" content=\"summary_large_image\" \/>\n<meta name=\"twitter:label1\" content=\"Escrito por\" \/>\n\t<meta name=\"twitter:data1\" content=\"admin\" \/>\n\t<meta name=\"twitter:label2\" content=\"Tiempo de lectura\" \/>\n\t<meta name=\"twitter:data2\" content=\"1 minuto\" \/>\n<script type=\"application\/ld+json\" class=\"yoast-schema-graph\">{\"@context\":\"https:\/\/schema.org\",\"@graph\":[{\"@type\":\"Article\",\"@id\":\"https:\/\/volcanes.net\/?p=4428#article\",\"isPartOf\":{\"@id\":\"https:\/\/volcanes.net\/?p=4428\"},\"author\":{\"name\":\"admin\",\"@id\":\"https:\/\/volcanes.net\/#\/schema\/person\/4bf0f383940966a4abd53f5048c0e6b9\"},\"headline\":\"Designan a Ana Mar\u00eda Morales Arochi como directora del Consejo Municipal de la Mujer en Chalco\",\"datePublished\":\"2019-04-30T17:37:35+00:00\",\"dateModified\":\"2019-04-30T22:04:21+00:00\",\"mainEntityOfPage\":{\"@id\":\"https:\/\/volcanes.net\/?p=4428\"},\"wordCount\":210,\"commentCount\":0,\"publisher\":{\"@id\":\"https:\/\/volcanes.net\/#organization\"},\"image\":{\"@id\":\"https:\/\/volcanes.net\/?p=4428#primaryimage\"},\"thumbnailUrl\":\"https:\/\/volcanes.net\/wp-content\/uploads\/2019\/04\/FB_IMG_1556644811776.jpg\",\"keywords\":[\"Chalco\"],\"articleSection\":[\"Municipales\"],\"inLanguage\":\"es\",\"potentialAction\":[{\"@type\":\"CommentAction\",\"name\":\"Comment\",\"target\":[\"https:\/\/volcanes.net\/?p=4428#respond\"]}]},{\"@type\":\"WebPage\",\"@id\":\"https:\/\/volcanes.net\/?p=4428\",\"url\":\"https:\/\/volcanes.net\/?p=4428\",\"name\":\"Designan a Ana Mar\u00eda Morales Arochi como directora del Consejo Municipal de la Mujer en Chalco - Volcanes\",\"isPartOf\":{\"@id\":\"https:\/\/volcanes.net\/#website\"},\"primaryImageOfPage\":{\"@id\":\"https:\/\/volcanes.net\/?p=4428#primaryimage\"},\"image\":{\"@id\":\"https:\/\/volcanes.net\/?p=4428#primaryimage\"},\"thumbnailUrl\":\"https:\/\/volcanes.net\/wp-content\/uploads\/2019\/04\/FB_IMG_1556644811776.jpg\",\"datePublished\":\"2019-04-30T17:37:35+00:00\",\"dateModified\":\"2019-04-30T22:04:21+00:00\",\"breadcrumb\":{\"@id\":\"https:\/\/volcanes.net\/?p=4428#breadcrumb\"},\"inLanguage\":\"es\",\"potentialAction\":[{\"@type\":\"ReadAction\",\"target\":[\"https:\/\/volcanes.net\/?p=4428\"]}]},{\"@type\":\"ImageObject\",\"inLanguage\":\"es\",\"@id\":\"https:\/\/volcanes.net\/?p=4428#primaryimage\",\"url\":\"https:\/\/volcanes.net\/wp-content\/uploads\/2019\/04\/FB_IMG_1556644811776.jpg\",\"contentUrl\":\"https:\/\/volcanes.net\/wp-content\/uploads\/2019\/04\/FB_IMG_1556644811776.jpg\",\"width\":720,\"height\":540},{\"@type\":\"BreadcrumbList\",\"@id\":\"https:\/\/volcanes.net\/?p=4428#breadcrumb\",\"itemListElement\":[{\"@type\":\"ListItem\",\"position\":1,\"name\":\"Portada\",\"item\":\"https:\/\/volcanes.net\/\"},{\"@type\":\"ListItem\",\"position\":2,\"name\":\"Designan a Ana Mar\u00eda Morales Arochi como directora del Consejo Municipal de la Mujer en Chalco\"}]},{\"@type\":\"WebSite\",\"@id\":\"https:\/\/volcanes.net\/#website\",\"url\":\"https:\/\/volcanes.net\/\",\"name\":\"Volcanes.Net\",\"description\":\"Periodismo Profesional\",\"publisher\":{\"@id\":\"https:\/\/volcanes.net\/#organization\"},\"potentialAction\":[{\"@type\":\"SearchAction\",\"target\":{\"@type\":\"EntryPoint\",\"urlTemplate\":\"https:\/\/volcanes.net\/?s={search_term_string}\"},\"query-input\":{\"@type\":\"PropertyValueSpecification\",\"valueRequired\":true,\"valueName\":\"search_term_string\"}}],\"inLanguage\":\"es\"},{\"@type\":\"Organization\",\"@id\":\"https:\/\/volcanes.net\/#organization\",\"name\":\"Grupo Volcanes\",\"url\":\"https:\/\/volcanes.net\/\",\"logo\":{\"@type\":\"ImageObject\",\"inLanguage\":\"es\",\"@id\":\"https:\/\/volcanes.net\/#\/schema\/logo\/image\/\",\"url\":\"http:\/\/volcanes.net\/wp-content\/uploads\/2017\/12\/Avatar2.jpg\",\"contentUrl\":\"http:\/\/volcanes.net\/wp-content\/uploads\/2017\/12\/Avatar2.jpg\",\"width\":378,\"height\":378,\"caption\":\"Grupo Volcanes\"},\"image\":{\"@id\":\"https:\/\/volcanes.net\/#\/schema\/logo\/image\/\"},\"sameAs\":[\"https:\/\/www.facebook.com\/volcanes.net\/\"]},{\"@type\":\"Person\",\"@id\":\"https:\/\/volcanes.net\/#\/schema\/person\/4bf0f383940966a4abd53f5048c0e6b9\",\"name\":\"admin\",\"image\":{\"@type\":\"ImageObject\",\"inLanguage\":\"es\",\"@id\":\"https:\/\/volcanes.net\/#\/schema\/person\/image\/\",\"url\":\"https:\/\/secure.gravatar.com\/avatar\/ca004e6cba8462b8cb7abc86e382930c?s=96&d=mm&r=g\",\"contentUrl\":\"https:\/\/secure.gravatar.com\/avatar\/ca004e6cba8462b8cb7abc86e382930c?s=96&d=mm&r=g\",\"caption\":\"admin\"}}]}<\/script>\n<!-- \/ Yoast SEO plugin. -->","yoast_head_json":{"title":"Designan a Ana Mar\u00eda Morales Arochi como directora del Consejo Municipal de la Mujer en Chalco - Volcanes","robots":{"index":"index","follow":"follow","max-snippet":"max-snippet:-1","max-image-preview":"max-image-preview:large","max-video-preview":"max-video-preview:-1"},"canonical":"https:\/\/volcanes.net\/?p=4428","og_locale":"es_MX","og_type":"article","og_title":"Designan a Ana Mar\u00eda Morales Arochi como directora del Consejo Municipal de la Mujer en Chalco - Volcanes","og_description":"** Excelente designaci\u00f3n del edil Miguel Guti\u00e9rrez a favor de Anita Morales Arochi. ** Tambi\u00e9n","og_url":"https:\/\/volcanes.net\/?p=4428","og_site_name":"Volcanes","article_publisher":"https:\/\/www.facebook.com\/volcanes.net\/","article_published_time":"2019-04-30T17:37:35+00:00","article_modified_time":"2019-04-30T22:04:21+00:00","og_image":[{"width":720,"height":540,"url":"https:\/\/volcanes.net\/wp-content\/uploads\/2019\/04\/FB_IMG_1556644811776.jpg","type":"image\/jpeg"}],"author":"admin","twitter_card":"summary_large_image","twitter_misc":{"Escrito por":"admin","Tiempo de lectura":"1 minuto"},"schema":{"@context":"https:\/\/schema.org","@graph":[{"@type":"Article","@id":"https:\/\/volcanes.net\/?p=4428#article","isPartOf":{"@id":"https:\/\/volcanes.net\/?p=4428"},"author":{"name":"admin","@id":"https:\/\/volcanes.net\/#\/schema\/person\/4bf0f383940966a4abd53f5048c0e6b9"},"headline":"Designan a Ana Mar\u00eda Morales Arochi como directora del Consejo Municipal de la Mujer en Chalco","datePublished":"2019-04-30T17:37:35+00:00","dateModified":"2019-04-30T22:04:21+00:00","mainEntityOfPage":{"@id":"https:\/\/volcanes.net\/?p=4428"},"wordCount":210,"commentCount":0,"publisher":{"@id":"https:\/\/volcanes.net\/#organization"},"image":{"@id":"https:\/\/volcanes.net\/?p=4428#primaryimage"},"thumbnailUrl":"https:\/\/volcanes.net\/wp-content\/uploads\/2019\/04\/FB_IMG_1556644811776.jpg","keywords":["Chalco"],"articleSection":["Municipales"],"inLanguage":"es","potentialAction":[{"@type":"CommentAction","name":"Comment","target":["https:\/\/volcanes.net\/?p=4428#respond"]}]},{"@type":"WebPage","@id":"https:\/\/volcanes.net\/?p=4428","url":"https:\/\/volcanes.net\/?p=4428","name":"Designan a Ana Mar\u00eda Morales Arochi como directora del Consejo Municipal de la Mujer en Chalco - Volcanes","isPartOf":{"@id":"https:\/\/volcanes.net\/#website"},"primaryImageOfPage":{"@id":"https:\/\/volcanes.net\/?p=4428#primaryimage"},"image":{"@id":"https:\/\/volcanes.net\/?p=4428#primaryimage"},"thumbnailUrl":"https:\/\/volcanes.net\/wp-content\/uploads\/2019\/04\/FB_IMG_1556644811776.jpg","datePublished":"2019-04-30T17:37:35+00:00","dateModified":"2019-04-30T22:04:21+00:00","breadcrumb":{"@id":"https:\/\/volcanes.net\/?p=4428#breadcrumb"},"inLanguage":"es","potentialAction":[{"@type":"ReadAction","target":["https:\/\/volcanes.net\/?p=4428"]}]},{"@type":"ImageObject","inLanguage":"es","@id":"https:\/\/volcanes.net\/?p=4428#primaryimage","url":"https:\/\/volcanes.net\/wp-content\/uploads\/2019\/04\/FB_IMG_1556644811776.jpg","contentUrl":"https:\/\/volcanes.net\/wp-content\/uploads\/2019\/04\/FB_IMG_1556644811776.jpg","width":720,"height":540},{"@type":"BreadcrumbList","@id":"https:\/\/volcanes.net\/?p=4428#breadcrumb","itemListElement":[{"@type":"ListItem","position":1,"name":"Portada","item":"https:\/\/volcanes.net\/"},{"@type":"ListItem","position":2,"name":"Designan a Ana Mar\u00eda Morales Arochi como directora del Consejo Municipal de la Mujer en Chalco"}]},{"@type":"WebSite","@id":"https:\/\/volcanes.net\/#website","url":"https:\/\/volcanes.net\/","name":"Volcanes.Net","description":"Periodismo Profesional","publisher":{"@id":"https:\/\/volcanes.net\/#organization"},"potentialAction":[{"@type":"SearchAction","target":{"@type":"EntryPoint","urlTemplate":"https:\/\/volcanes.net\/?s={search_term_string}"},"query-input":{"@type":"PropertyValueSpecification","valueRequired":true,"valueName":"search_term_string"}}],"inLanguage":"es"},{"@type":"Organization","@id":"https:\/\/volcanes.net\/#organization","name":"Grupo Volcanes","url":"https:\/\/volcanes.net\/","logo":{"@type":"ImageObject","inLanguage":"es","@id":"https:\/\/volcanes.net\/#\/schema\/logo\/image\/","url":"http:\/\/volcanes.net\/wp-content\/uploads\/2017\/12\/Avatar2.jpg","contentUrl":"http:\/\/volcanes.net\/wp-content\/uploads\/2017\/12\/Avatar2.jpg","width":378,"height":378,"caption":"Grupo Volcanes"},"image":{"@id":"https:\/\/volcanes.net\/#\/schema\/logo\/image\/"},"sameAs":["https:\/\/www.facebook.com\/volcanes.net\/"]},{"@type":"Person","@id":"https:\/\/volcanes.net\/#\/schema\/person\/4bf0f383940966a4abd53f5048c0e6b9","name":"admin","image":{"@type":"ImageObject","inLanguage":"es","@id":"https:\/\/volcanes.net\/#\/schema\/person\/image\/","url":"https:\/\/secure.gravatar.com\/avatar\/ca004e6cba8462b8cb7abc86e382930c?s=96&d=mm&r=g","contentUrl":"https:\/\/secure.gravatar.com\/avatar\/ca004e6cba8462b8cb7abc86e382930c?s=96&d=mm&r=g","caption":"admin"}}]}},"_links":{"self":[{"href":"https:\/\/volcanes.net\/index.php?rest_route=\/wp\/v2\/posts\/4428"}],"collection":[{"href":"https:\/\/volcanes.net\/index.php?rest_route=\/wp\/v2\/posts"}],"about":[{"href":"https:\/\/volcanes.net\/index.php?rest_route=\/wp\/v2\/types\/post"}],"author":[{"embeddable":true,"href":"https:\/\/volcanes.net\/index.php?rest_route=\/wp\/v2\/users\/1"}],"replies":[{"embeddable":true,"href":"https:\/\/volcanes.net\/index.php?rest_route=%2Fwp%2Fv2%2Fcomments&post=4428"}],"version-history":[{"count":1,"href":"https:\/\/volcanes.net\/index.php?rest_route=\/wp\/v2\/posts\/4428\/revisions"}],"predecessor-version":[{"id":4429,"href":"https:\/\/volcanes.net\/index.php?rest_route=\/wp\/v2\/posts\/4428\/revisions\/4429"}],"wp:featuredmedia":[{"embeddable":true,"href":"https:\/\/volcanes.net\/index.php?rest_route=\/wp\/v2\/media\/4427"}],"wp:attachment":[{"href":"https:\/\/volcanes.net\/index.php?rest_route=%2Fwp%2Fv2%2Fmedia&parent=4428"}],"wp:term":[{"taxonomy":"category","embeddable":true,"href":"https:\/\/volcanes.net\/index.php?rest_route=%2Fwp%2Fv2%2Fcategories&post=4428"},{"taxonomy":"post_tag","embeddable":true,"href":"https:\/\/volcanes.net\/index.php?rest_route=%2Fwp%2Fv2%2Ftags&post=4428"}],"curies":[{"name":"wp","href":"https:\/\/api.w.org\/{rel}","templated":true}]}}