{"id":4432,"date":"2019-05-02T11:52:35","date_gmt":"2019-05-02T17:52:35","guid":{"rendered":"http:\/\/volcanes.net\/?p=4432"},"modified":"2019-05-02T11:52:35","modified_gmt":"2019-05-02T17:52:35","slug":"realizan-talleres-y-conferencias-para-la-juventud-de-cocotitlan","status":"publish","type":"post","link":"https:\/\/volcanes.net\/?p=4432","title":{"rendered":"Realizan talleres y conferencias para la juventud de Cocotitl\u00e1n"},"content":{"rendered":"<div style=\"margin-top: 0px; margin-bottom: 0px;\" class=\"sharethis-inline-share-buttons\" ><\/div><p>La subdirectora vinculaci\u00f3n con organizaciones juveniles, Elsa Medina Almaz\u00e1n inform\u00f3 que con el fin de prevenir la violencia en mujeres y j\u00f3venes, es prioridad para el gobierno de Alfredo Del Mazo Maza, por eso el Instituto Mexiquense de la Juventud se suma a esta labor mediante talleres y conferencias que sensibilicen, promuevan el debate, la reflexi\u00f3n y la reducci\u00f3n de conductas que favorezcan este fen\u00f3meno.<\/p>\n<p>Agradeci\u00f3 la colaboraci\u00f3n de las instancias municipales de juventud.<\/p>\n<p>Inform\u00f3 que estuvieron en los municipios de Ixtapaluca, Cocotitl\u00e1n y Ecatzingo.<\/p>\n<p>Indic\u00f3 que estas acciones son atendiendo la indicaci\u00f3n de la Directora General Mar\u00eda Monserrath Sobreyra Santos, quien ha girado instrucciones de visitar los 125 municipios mexiquenses y sumar esfuerzos con los gobiernos municipales<\/p>\n","protected":false},"excerpt":{"rendered":"<p>La subdirectora vinculaci\u00f3n con organizaciones juveniles, Elsa Medina Almaz\u00e1n inform\u00f3 que con el fin de<\/p>\n","protected":false},"author":1,"featured_media":4433,"comment_status":"open","ping_status":"open","sticky":false,"template":"","format":"standard","meta":{"footnotes":""},"categories":[1],"tags":[13],"class_list":["post-4432","post","type-post","status-publish","format-standard","has-post-thumbnail","hentry","category-municipales","tag-cocotitlan"],"yoast_head":"<!-- This site is optimized with the Yoast SEO plugin v25.3 - https:\/\/yoast.com\/wordpress\/plugins\/seo\/ -->\n<title>Realizan talleres y conferencias para la juventud de Cocotitl\u00e1n - Volcanes<\/title>\n<meta name=\"robots\" content=\"index, follow, max-snippet:-1, max-image-preview:large, max-video-preview:-1\" \/>\n<link rel=\"canonical\" href=\"https:\/\/volcanes.net\/?p=4432\" \/>\n<meta property=\"og:locale\" content=\"es_MX\" \/>\n<meta property=\"og:type\" content=\"article\" \/>\n<meta property=\"og:title\" content=\"Realizan talleres y conferencias para la juventud de Cocotitl\u00e1n - Volcanes\" \/>\n<meta property=\"og:description\" content=\"La subdirectora vinculaci\u00f3n con organizaciones juveniles, Elsa Medina Almaz\u00e1n inform\u00f3 que con el fin de\" \/>\n<meta property=\"og:url\" content=\"https:\/\/volcanes.net\/?p=4432\" \/>\n<meta property=\"og:site_name\" content=\"Volcanes\" \/>\n<meta property=\"article:publisher\" content=\"https:\/\/www.facebook.com\/volcanes.net\/\" \/>\n<meta property=\"article:published_time\" content=\"2019-05-02T17:52:35+00:00\" \/>\n<meta property=\"og:image\" content=\"https:\/\/volcanes.net\/wp-content\/uploads\/2019\/05\/WhatsApp-Image-2019-05-02-at-12.50.33-PM.jpeg\" \/>\n\t<meta property=\"og:image:width\" content=\"480\" \/>\n\t<meta property=\"og:image:height\" content=\"515\" \/>\n\t<meta property=\"og:image:type\" content=\"image\/jpeg\" \/>\n<meta name=\"author\" content=\"admin\" \/>\n<meta name=\"twitter:card\" content=\"summary_large_image\" \/>\n<meta name=\"twitter:label1\" content=\"Escrito por\" \/>\n\t<meta name=\"twitter:data1\" content=\"admin\" \/>\n\t<meta name=\"twitter:label2\" content=\"Tiempo de lectura\" \/>\n\t<meta name=\"twitter:data2\" content=\"1 minuto\" \/>\n<script type=\"application\/ld+json\" class=\"yoast-schema-graph\">{\"@context\":\"https:\/\/schema.org\",\"@graph\":[{\"@type\":\"Article\",\"@id\":\"https:\/\/volcanes.net\/?p=4432#article\",\"isPartOf\":{\"@id\":\"https:\/\/volcanes.net\/?p=4432\"},\"author\":{\"name\":\"admin\",\"@id\":\"https:\/\/volcanes.net\/#\/schema\/person\/4bf0f383940966a4abd53f5048c0e6b9\"},\"headline\":\"Realizan talleres y conferencias para la juventud de Cocotitl\u00e1n\",\"datePublished\":\"2019-05-02T17:52:35+00:00\",\"mainEntityOfPage\":{\"@id\":\"https:\/\/volcanes.net\/?p=4432\"},\"wordCount\":137,\"commentCount\":0,\"publisher\":{\"@id\":\"https:\/\/volcanes.net\/#organization\"},\"image\":{\"@id\":\"https:\/\/volcanes.net\/?p=4432#primaryimage\"},\"thumbnailUrl\":\"https:\/\/volcanes.net\/wp-content\/uploads\/2019\/05\/WhatsApp-Image-2019-05-02-at-12.50.33-PM.jpeg\",\"keywords\":[\"Cocotitl\u00e1n\"],\"articleSection\":[\"Municipales\"],\"inLanguage\":\"es\",\"potentialAction\":[{\"@type\":\"CommentAction\",\"name\":\"Comment\",\"target\":[\"https:\/\/volcanes.net\/?p=4432#respond\"]}]},{\"@type\":\"WebPage\",\"@id\":\"https:\/\/volcanes.net\/?p=4432\",\"url\":\"https:\/\/volcanes.net\/?p=4432\",\"name\":\"Realizan talleres y conferencias para la juventud de Cocotitl\u00e1n - Volcanes\",\"isPartOf\":{\"@id\":\"https:\/\/volcanes.net\/#website\"},\"primaryImageOfPage\":{\"@id\":\"https:\/\/volcanes.net\/?p=4432#primaryimage\"},\"image\":{\"@id\":\"https:\/\/volcanes.net\/?p=4432#primaryimage\"},\"thumbnailUrl\":\"https:\/\/volcanes.net\/wp-content\/uploads\/2019\/05\/WhatsApp-Image-2019-05-02-at-12.50.33-PM.jpeg\",\"datePublished\":\"2019-05-02T17:52:35+00:00\",\"breadcrumb\":{\"@id\":\"https:\/\/volcanes.net\/?p=4432#breadcrumb\"},\"inLanguage\":\"es\",\"potentialAction\":[{\"@type\":\"ReadAction\",\"target\":[\"https:\/\/volcanes.net\/?p=4432\"]}]},{\"@type\":\"ImageObject\",\"inLanguage\":\"es\",\"@id\":\"https:\/\/volcanes.net\/?p=4432#primaryimage\",\"url\":\"https:\/\/volcanes.net\/wp-content\/uploads\/2019\/05\/WhatsApp-Image-2019-05-02-at-12.50.33-PM.jpeg\",\"contentUrl\":\"https:\/\/volcanes.net\/wp-content\/uploads\/2019\/05\/WhatsApp-Image-2019-05-02-at-12.50.33-PM.jpeg\",\"width\":480,\"height\":515},{\"@type\":\"BreadcrumbList\",\"@id\":\"https:\/\/volcanes.net\/?p=4432#breadcrumb\",\"itemListElement\":[{\"@type\":\"ListItem\",\"position\":1,\"name\":\"Portada\",\"item\":\"https:\/\/volcanes.net\/\"},{\"@type\":\"ListItem\",\"position\":2,\"name\":\"Realizan talleres y conferencias para la juventud de Cocotitl\u00e1n\"}]},{\"@type\":\"WebSite\",\"@id\":\"https:\/\/volcanes.net\/#website\",\"url\":\"https:\/\/volcanes.net\/\",\"name\":\"Volcanes.Net\",\"description\":\"Periodismo Profesional\",\"publisher\":{\"@id\":\"https:\/\/volcanes.net\/#organization\"},\"potentialAction\":[{\"@type\":\"SearchAction\",\"target\":{\"@type\":\"EntryPoint\",\"urlTemplate\":\"https:\/\/volcanes.net\/?s={search_term_string}\"},\"query-input\":{\"@type\":\"PropertyValueSpecification\",\"valueRequired\":true,\"valueName\":\"search_term_string\"}}],\"inLanguage\":\"es\"},{\"@type\":\"Organization\",\"@id\":\"https:\/\/volcanes.net\/#organization\",\"name\":\"Grupo Volcanes\",\"url\":\"https:\/\/volcanes.net\/\",\"logo\":{\"@type\":\"ImageObject\",\"inLanguage\":\"es\",\"@id\":\"https:\/\/volcanes.net\/#\/schema\/logo\/image\/\",\"url\":\"http:\/\/volcanes.net\/wp-content\/uploads\/2017\/12\/Avatar2.jpg\",\"contentUrl\":\"http:\/\/volcanes.net\/wp-content\/uploads\/2017\/12\/Avatar2.jpg\",\"width\":378,\"height\":378,\"caption\":\"Grupo Volcanes\"},\"image\":{\"@id\":\"https:\/\/volcanes.net\/#\/schema\/logo\/image\/\"},\"sameAs\":[\"https:\/\/www.facebook.com\/volcanes.net\/\"]},{\"@type\":\"Person\",\"@id\":\"https:\/\/volcanes.net\/#\/schema\/person\/4bf0f383940966a4abd53f5048c0e6b9\",\"name\":\"admin\",\"image\":{\"@type\":\"ImageObject\",\"inLanguage\":\"es\",\"@id\":\"https:\/\/volcanes.net\/#\/schema\/person\/image\/\",\"url\":\"https:\/\/secure.gravatar.com\/avatar\/ca004e6cba8462b8cb7abc86e382930c?s=96&d=mm&r=g\",\"contentUrl\":\"https:\/\/secure.gravatar.com\/avatar\/ca004e6cba8462b8cb7abc86e382930c?s=96&d=mm&r=g\",\"caption\":\"admin\"}}]}<\/script>\n<!-- \/ Yoast SEO plugin. -->","yoast_head_json":{"title":"Realizan talleres y conferencias para la juventud de Cocotitl\u00e1n - Volcanes","robots":{"index":"index","follow":"follow","max-snippet":"max-snippet:-1","max-image-preview":"max-image-preview:large","max-video-preview":"max-video-preview:-1"},"canonical":"https:\/\/volcanes.net\/?p=4432","og_locale":"es_MX","og_type":"article","og_title":"Realizan talleres y conferencias para la juventud de Cocotitl\u00e1n - Volcanes","og_description":"La subdirectora vinculaci\u00f3n con organizaciones juveniles, Elsa Medina Almaz\u00e1n inform\u00f3 que con el fin de","og_url":"https:\/\/volcanes.net\/?p=4432","og_site_name":"Volcanes","article_publisher":"https:\/\/www.facebook.com\/volcanes.net\/","article_published_time":"2019-05-02T17:52:35+00:00","og_image":[{"width":480,"height":515,"url":"https:\/\/volcanes.net\/wp-content\/uploads\/2019\/05\/WhatsApp-Image-2019-05-02-at-12.50.33-PM.jpeg","type":"image\/jpeg"}],"author":"admin","twitter_card":"summary_large_image","twitter_misc":{"Escrito por":"admin","Tiempo de lectura":"1 minuto"},"schema":{"@context":"https:\/\/schema.org","@graph":[{"@type":"Article","@id":"https:\/\/volcanes.net\/?p=4432#article","isPartOf":{"@id":"https:\/\/volcanes.net\/?p=4432"},"author":{"name":"admin","@id":"https:\/\/volcanes.net\/#\/schema\/person\/4bf0f383940966a4abd53f5048c0e6b9"},"headline":"Realizan talleres y conferencias para la juventud de Cocotitl\u00e1n","datePublished":"2019-05-02T17:52:35+00:00","mainEntityOfPage":{"@id":"https:\/\/volcanes.net\/?p=4432"},"wordCount":137,"commentCount":0,"publisher":{"@id":"https:\/\/volcanes.net\/#organization"},"image":{"@id":"https:\/\/volcanes.net\/?p=4432#primaryimage"},"thumbnailUrl":"https:\/\/volcanes.net\/wp-content\/uploads\/2019\/05\/WhatsApp-Image-2019-05-02-at-12.50.33-PM.jpeg","keywords":["Cocotitl\u00e1n"],"articleSection":["Municipales"],"inLanguage":"es","potentialAction":[{"@type":"CommentAction","name":"Comment","target":["https:\/\/volcanes.net\/?p=4432#respond"]}]},{"@type":"WebPage","@id":"https:\/\/volcanes.net\/?p=4432","url":"https:\/\/volcanes.net\/?p=4432","name":"Realizan talleres y conferencias para la juventud de Cocotitl\u00e1n - Volcanes","isPartOf":{"@id":"https:\/\/volcanes.net\/#website"},"primaryImageOfPage":{"@id":"https:\/\/volcanes.net\/?p=4432#primaryimage"},"image":{"@id":"https:\/\/volcanes.net\/?p=4432#primaryimage"},"thumbnailUrl":"https:\/\/volcanes.net\/wp-content\/uploads\/2019\/05\/WhatsApp-Image-2019-05-02-at-12.50.33-PM.jpeg","datePublished":"2019-05-02T17:52:35+00:00","breadcrumb":{"@id":"https:\/\/volcanes.net\/?p=4432#breadcrumb"},"inLanguage":"es","potentialAction":[{"@type":"ReadAction","target":["https:\/\/volcanes.net\/?p=4432"]}]},{"@type":"ImageObject","inLanguage":"es","@id":"https:\/\/volcanes.net\/?p=4432#primaryimage","url":"https:\/\/volcanes.net\/wp-content\/uploads\/2019\/05\/WhatsApp-Image-2019-05-02-at-12.50.33-PM.jpeg","contentUrl":"https:\/\/volcanes.net\/wp-content\/uploads\/2019\/05\/WhatsApp-Image-2019-05-02-at-12.50.33-PM.jpeg","width":480,"height":515},{"@type":"BreadcrumbList","@id":"https:\/\/volcanes.net\/?p=4432#breadcrumb","itemListElement":[{"@type":"ListItem","position":1,"name":"Portada","item":"https:\/\/volcanes.net\/"},{"@type":"ListItem","position":2,"name":"Realizan talleres y conferencias para la juventud de Cocotitl\u00e1n"}]},{"@type":"WebSite","@id":"https:\/\/volcanes.net\/#website","url":"https:\/\/volcanes.net\/","name":"Volcanes.Net","description":"Periodismo Profesional","publisher":{"@id":"https:\/\/volcanes.net\/#organization"},"potentialAction":[{"@type":"SearchAction","target":{"@type":"EntryPoint","urlTemplate":"https:\/\/volcanes.net\/?s={search_term_string}"},"query-input":{"@type":"PropertyValueSpecification","valueRequired":true,"valueName":"search_term_string"}}],"inLanguage":"es"},{"@type":"Organization","@id":"https:\/\/volcanes.net\/#organization","name":"Grupo Volcanes","url":"https:\/\/volcanes.net\/","logo":{"@type":"ImageObject","inLanguage":"es","@id":"https:\/\/volcanes.net\/#\/schema\/logo\/image\/","url":"http:\/\/volcanes.net\/wp-content\/uploads\/2017\/12\/Avatar2.jpg","contentUrl":"http:\/\/volcanes.net\/wp-content\/uploads\/2017\/12\/Avatar2.jpg","width":378,"height":378,"caption":"Grupo Volcanes"},"image":{"@id":"https:\/\/volcanes.net\/#\/schema\/logo\/image\/"},"sameAs":["https:\/\/www.facebook.com\/volcanes.net\/"]},{"@type":"Person","@id":"https:\/\/volcanes.net\/#\/schema\/person\/4bf0f383940966a4abd53f5048c0e6b9","name":"admin","image":{"@type":"ImageObject","inLanguage":"es","@id":"https:\/\/volcanes.net\/#\/schema\/person\/image\/","url":"https:\/\/secure.gravatar.com\/avatar\/ca004e6cba8462b8cb7abc86e382930c?s=96&d=mm&r=g","contentUrl":"https:\/\/secure.gravatar.com\/avatar\/ca004e6cba8462b8cb7abc86e382930c?s=96&d=mm&r=g","caption":"admin"}}]}},"_links":{"self":[{"href":"https:\/\/volcanes.net\/index.php?rest_route=\/wp\/v2\/posts\/4432"}],"collection":[{"href":"https:\/\/volcanes.net\/index.php?rest_route=\/wp\/v2\/posts"}],"about":[{"href":"https:\/\/volcanes.net\/index.php?rest_route=\/wp\/v2\/types\/post"}],"author":[{"embeddable":true,"href":"https:\/\/volcanes.net\/index.php?rest_route=\/wp\/v2\/users\/1"}],"replies":[{"embeddable":true,"href":"https:\/\/volcanes.net\/index.php?rest_route=%2Fwp%2Fv2%2Fcomments&post=4432"}],"version-history":[{"count":1,"href":"https:\/\/volcanes.net\/index.php?rest_route=\/wp\/v2\/posts\/4432\/revisions"}],"predecessor-version":[{"id":4434,"href":"https:\/\/volcanes.net\/index.php?rest_route=\/wp\/v2\/posts\/4432\/revisions\/4434"}],"wp:featuredmedia":[{"embeddable":true,"href":"https:\/\/volcanes.net\/index.php?rest_route=\/wp\/v2\/media\/4433"}],"wp:attachment":[{"href":"https:\/\/volcanes.net\/index.php?rest_route=%2Fwp%2Fv2%2Fmedia&parent=4432"}],"wp:term":[{"taxonomy":"category","embeddable":true,"href":"https:\/\/volcanes.net\/index.php?rest_route=%2Fwp%2Fv2%2Fcategories&post=4432"},{"taxonomy":"post_tag","embeddable":true,"href":"https:\/\/volcanes.net\/index.php?rest_route=%2Fwp%2Fv2%2Ftags&post=4432"}],"curies":[{"name":"wp","href":"https:\/\/api.w.org\/{rel}","templated":true}]}}