{"id":4436,"date":"2019-05-02T17:08:00","date_gmt":"2019-05-02T23:08:00","guid":{"rendered":"http:\/\/volcanes.net\/?p=4436"},"modified":"2019-05-02T17:33:47","modified_gmt":"2019-05-02T23:33:47","slug":"renuncia-alcalde-de-neza-al-prd","status":"publish","type":"post","link":"https:\/\/volcanes.net\/?p=4436","title":{"rendered":"Renuncia alcalde de Neza al PRD"},"content":{"rendered":"<div style=\"margin-top: 0px; margin-bottom: 0px;\" class=\"sharethis-inline-share-buttons\" ><\/div><p>Nezahualc\u00f3yotl, M\u00e9xico, a 2 de mayo de 2019.<\/p>\n<p>Al tiempo de llamar a la conformaci\u00f3n del Movimiento Nacional, *&#8221;Unid@s para un M\u00e9xico Mejor&#8221;*, integrado por ciudadanas y ciudadanos libres, Juan Hugo de la Rosa, alcalde de Nezahualc\u00f3yotl, uno de los municipios m\u00e1s poblados del pa\u00eds, renunci\u00f3 a su militancia en el Partido de la Revoluci\u00f3n Democr\u00e1tica (PRD).<\/p>\n<p>Al presentar su renuncia, Juan Hugo de la Rosa Garc\u00eda, luego de 30 a\u00f1os de militancia, asegur\u00f3 que se va, pues el Partido del cu\u00e1l fue fundador, dejo los principios democr\u00e1ticos por los que fue creado.<\/p>\n<p>Acompa\u00f1ado de cientos de representantes populares y liderazgos del Estado de M\u00e9xico, consejeros nacionales, estatales, integrantes del Comit\u00e9 Estatal y miembros de Comit\u00e9s Ejecutivos Municipales, quienes tambi\u00e9n renunciaron al partido del Sol Azteca, el presidente municipal de Nezahualc\u00f3yotl, precis\u00f3&#8230;<\/p>\n<p>*&#8221;Si bien el PRD, contribuy\u00f3 al desarrollo social del pa\u00eds, hoy dicho instituto pol\u00edtico se ha alejado de sus prop\u00f3sitos y objetivos, por lo que ha surgido la necesidad de buscar y crear nuevas formas de hacer pol\u00edtica&#8221;.*<\/p>\n<p>De la Rosa Garc\u00eda, explic\u00f3 que la medida de abandonar al PRD responde a las decisiones que ha tomado la dirigencia perredista, entre ellas la de formar un bloque en contra del presidente Andr\u00e9s Manuel L\u00f3pez Obrador, ali\u00e1ndose con fuerzas pol\u00edticas ajenas a los principios que durante a\u00f1os mantuvo el partido, y la de haber firmado el Pacto por M\u00e9xico durante el sexenio de Enrique Pe\u00f1a Nieto, en detrimento de sus principios pol\u00edticos, progresistas y democr\u00e1ticos.<\/p>\n<p>Resalt\u00f3 que el movimiento *&#8221;Unid@s para un mejor pa\u00eds&#8221;* se enfoca en el desarrollo de la lucha social de M\u00e9xico&#8230;<\/p>\n<p>*&#8221;A trav\u00e9s de la organizaci\u00f3n social, es como hist\u00f3ricamente se ha logrado enfrentar las problem\u00e1ticas que aquejan d\u00eda a d\u00eda a cada una de las ciudades y municipios del pa\u00eds&#8230; no hay tiempo para la inmovilidad sino para la b\u00fasqueda de soluciones&#8221;.*<\/p>\n<p>Agreg\u00f3&#8230;<\/p>\n<p>*&#8221;El gran movimiento nacional que ahora represento, es independiente y est\u00e1 organizado en cada comunidad, colonia, municipio y entidad federativa con el prop\u00f3sito de articular e integrar una agenda que responda primordialmente a las necesidades y demandas inmediatas de la poblaci\u00f3n, el establecimiento de un r\u00e9gimen de protecci\u00f3n social justo, el respeto a los derechos sindicales y de los consumidores, as\u00ed como priorizar el apoyo a agricultores y campesinos&#8221;.*<\/p>\n<p>Finalmente, De la Rosa Garc\u00eda llam\u00f3 a todos los ciudadanos de M\u00e9xico a sumarse a la organizaci\u00f3n y lucha&#8230;<\/p>\n<p>*&#8221;Ser\u00e1n bienvenidos todos aquellos que est\u00e9n dispuestos a defender los derechos de las mayor\u00edas, para lograr el bienestar de todos en el pa\u00eds&#8221;.*<\/p>\n<p>Junto con el alcalde de Neza, tambi\u00e9n renuncio Tom\u00e1s Su\u00e1rez, alcalde del municipio de Cocotitl\u00e1n, as\u00ed como coordinadores nacionales y congresistas, quienes aseguraron, no se unir\u00e1n a MORENA, pero tampoco se confrontar\u00e1n, si no buscar\u00e1n el beneficio de la poblaci\u00f3n, incluso en conjunto con otras organizaciones sociales.<\/p>\n","protected":false},"excerpt":{"rendered":"<p>Nezahualc\u00f3yotl, M\u00e9xico, a 2 de mayo de 2019. Al tiempo de llamar a la conformaci\u00f3n<\/p>\n","protected":false},"author":1,"featured_media":4435,"comment_status":"open","ping_status":"open","sticky":false,"template":"","format":"standard","meta":{"footnotes":""},"categories":[1],"tags":[21],"class_list":["post-4436","post","type-post","status-publish","format-standard","has-post-thumbnail","hentry","category-municipales","tag-nezahualcoyotl"],"yoast_head":"<!-- This site is optimized with the Yoast SEO plugin v25.3 - https:\/\/yoast.com\/wordpress\/plugins\/seo\/ -->\n<title>Renuncia alcalde de Neza al PRD - Volcanes<\/title>\n<meta name=\"robots\" content=\"index, follow, max-snippet:-1, max-image-preview:large, max-video-preview:-1\" \/>\n<link rel=\"canonical\" href=\"https:\/\/volcanes.net\/?p=4436\" \/>\n<meta property=\"og:locale\" content=\"es_MX\" \/>\n<meta property=\"og:type\" content=\"article\" \/>\n<meta property=\"og:title\" content=\"Renuncia alcalde de Neza al PRD - Volcanes\" \/>\n<meta property=\"og:description\" content=\"Nezahualc\u00f3yotl, M\u00e9xico, a 2 de mayo de 2019. Al tiempo de llamar a la conformaci\u00f3n\" \/>\n<meta property=\"og:url\" content=\"https:\/\/volcanes.net\/?p=4436\" \/>\n<meta property=\"og:site_name\" content=\"Volcanes\" \/>\n<meta property=\"article:publisher\" content=\"https:\/\/www.facebook.com\/volcanes.net\/\" \/>\n<meta property=\"article:published_time\" content=\"2019-05-02T23:08:00+00:00\" \/>\n<meta property=\"article:modified_time\" content=\"2019-05-02T23:33:47+00:00\" \/>\n<meta property=\"og:image\" content=\"https:\/\/volcanes.net\/wp-content\/uploads\/2019\/05\/IMG-20190502-WA0018_compress_50.jpg\" \/>\n\t<meta property=\"og:image:width\" content=\"1280\" \/>\n\t<meta property=\"og:image:height\" content=\"853\" \/>\n\t<meta property=\"og:image:type\" content=\"image\/jpeg\" \/>\n<meta name=\"author\" content=\"admin\" \/>\n<meta name=\"twitter:card\" content=\"summary_large_image\" \/>\n<meta name=\"twitter:label1\" content=\"Escrito por\" \/>\n\t<meta name=\"twitter:data1\" content=\"admin\" \/>\n\t<meta name=\"twitter:label2\" content=\"Tiempo de lectura\" \/>\n\t<meta name=\"twitter:data2\" content=\"3 minutos\" \/>\n<script type=\"application\/ld+json\" class=\"yoast-schema-graph\">{\"@context\":\"https:\/\/schema.org\",\"@graph\":[{\"@type\":\"Article\",\"@id\":\"https:\/\/volcanes.net\/?p=4436#article\",\"isPartOf\":{\"@id\":\"https:\/\/volcanes.net\/?p=4436\"},\"author\":{\"name\":\"admin\",\"@id\":\"https:\/\/volcanes.net\/#\/schema\/person\/4bf0f383940966a4abd53f5048c0e6b9\"},\"headline\":\"Renuncia alcalde de Neza al PRD\",\"datePublished\":\"2019-05-02T23:08:00+00:00\",\"dateModified\":\"2019-05-02T23:33:47+00:00\",\"mainEntityOfPage\":{\"@id\":\"https:\/\/volcanes.net\/?p=4436\"},\"wordCount\":533,\"commentCount\":0,\"publisher\":{\"@id\":\"https:\/\/volcanes.net\/#organization\"},\"image\":{\"@id\":\"https:\/\/volcanes.net\/?p=4436#primaryimage\"},\"thumbnailUrl\":\"https:\/\/volcanes.net\/wp-content\/uploads\/2019\/05\/IMG-20190502-WA0018_compress_50.jpg\",\"keywords\":[\"Nezahualc\u00f3yotl\"],\"articleSection\":[\"Municipales\"],\"inLanguage\":\"es\",\"potentialAction\":[{\"@type\":\"CommentAction\",\"name\":\"Comment\",\"target\":[\"https:\/\/volcanes.net\/?p=4436#respond\"]}]},{\"@type\":\"WebPage\",\"@id\":\"https:\/\/volcanes.net\/?p=4436\",\"url\":\"https:\/\/volcanes.net\/?p=4436\",\"name\":\"Renuncia alcalde de Neza al PRD - Volcanes\",\"isPartOf\":{\"@id\":\"https:\/\/volcanes.net\/#website\"},\"primaryImageOfPage\":{\"@id\":\"https:\/\/volcanes.net\/?p=4436#primaryimage\"},\"image\":{\"@id\":\"https:\/\/volcanes.net\/?p=4436#primaryimage\"},\"thumbnailUrl\":\"https:\/\/volcanes.net\/wp-content\/uploads\/2019\/05\/IMG-20190502-WA0018_compress_50.jpg\",\"datePublished\":\"2019-05-02T23:08:00+00:00\",\"dateModified\":\"2019-05-02T23:33:47+00:00\",\"breadcrumb\":{\"@id\":\"https:\/\/volcanes.net\/?p=4436#breadcrumb\"},\"inLanguage\":\"es\",\"potentialAction\":[{\"@type\":\"ReadAction\",\"target\":[\"https:\/\/volcanes.net\/?p=4436\"]}]},{\"@type\":\"ImageObject\",\"inLanguage\":\"es\",\"@id\":\"https:\/\/volcanes.net\/?p=4436#primaryimage\",\"url\":\"https:\/\/volcanes.net\/wp-content\/uploads\/2019\/05\/IMG-20190502-WA0018_compress_50.jpg\",\"contentUrl\":\"https:\/\/volcanes.net\/wp-content\/uploads\/2019\/05\/IMG-20190502-WA0018_compress_50.jpg\",\"width\":1280,\"height\":853},{\"@type\":\"BreadcrumbList\",\"@id\":\"https:\/\/volcanes.net\/?p=4436#breadcrumb\",\"itemListElement\":[{\"@type\":\"ListItem\",\"position\":1,\"name\":\"Portada\",\"item\":\"https:\/\/volcanes.net\/\"},{\"@type\":\"ListItem\",\"position\":2,\"name\":\"Renuncia alcalde de Neza al PRD\"}]},{\"@type\":\"WebSite\",\"@id\":\"https:\/\/volcanes.net\/#website\",\"url\":\"https:\/\/volcanes.net\/\",\"name\":\"Volcanes.Net\",\"description\":\"Periodismo Profesional\",\"publisher\":{\"@id\":\"https:\/\/volcanes.net\/#organization\"},\"potentialAction\":[{\"@type\":\"SearchAction\",\"target\":{\"@type\":\"EntryPoint\",\"urlTemplate\":\"https:\/\/volcanes.net\/?s={search_term_string}\"},\"query-input\":{\"@type\":\"PropertyValueSpecification\",\"valueRequired\":true,\"valueName\":\"search_term_string\"}}],\"inLanguage\":\"es\"},{\"@type\":\"Organization\",\"@id\":\"https:\/\/volcanes.net\/#organization\",\"name\":\"Grupo Volcanes\",\"url\":\"https:\/\/volcanes.net\/\",\"logo\":{\"@type\":\"ImageObject\",\"inLanguage\":\"es\",\"@id\":\"https:\/\/volcanes.net\/#\/schema\/logo\/image\/\",\"url\":\"http:\/\/volcanes.net\/wp-content\/uploads\/2017\/12\/Avatar2.jpg\",\"contentUrl\":\"http:\/\/volcanes.net\/wp-content\/uploads\/2017\/12\/Avatar2.jpg\",\"width\":378,\"height\":378,\"caption\":\"Grupo Volcanes\"},\"image\":{\"@id\":\"https:\/\/volcanes.net\/#\/schema\/logo\/image\/\"},\"sameAs\":[\"https:\/\/www.facebook.com\/volcanes.net\/\"]},{\"@type\":\"Person\",\"@id\":\"https:\/\/volcanes.net\/#\/schema\/person\/4bf0f383940966a4abd53f5048c0e6b9\",\"name\":\"admin\",\"image\":{\"@type\":\"ImageObject\",\"inLanguage\":\"es\",\"@id\":\"https:\/\/volcanes.net\/#\/schema\/person\/image\/\",\"url\":\"https:\/\/secure.gravatar.com\/avatar\/ca004e6cba8462b8cb7abc86e382930c?s=96&d=mm&r=g\",\"contentUrl\":\"https:\/\/secure.gravatar.com\/avatar\/ca004e6cba8462b8cb7abc86e382930c?s=96&d=mm&r=g\",\"caption\":\"admin\"}}]}<\/script>\n<!-- \/ Yoast SEO plugin. -->","yoast_head_json":{"title":"Renuncia alcalde de Neza al PRD - Volcanes","robots":{"index":"index","follow":"follow","max-snippet":"max-snippet:-1","max-image-preview":"max-image-preview:large","max-video-preview":"max-video-preview:-1"},"canonical":"https:\/\/volcanes.net\/?p=4436","og_locale":"es_MX","og_type":"article","og_title":"Renuncia alcalde de Neza al PRD - Volcanes","og_description":"Nezahualc\u00f3yotl, M\u00e9xico, a 2 de mayo de 2019. Al tiempo de llamar a la conformaci\u00f3n","og_url":"https:\/\/volcanes.net\/?p=4436","og_site_name":"Volcanes","article_publisher":"https:\/\/www.facebook.com\/volcanes.net\/","article_published_time":"2019-05-02T23:08:00+00:00","article_modified_time":"2019-05-02T23:33:47+00:00","og_image":[{"width":1280,"height":853,"url":"https:\/\/volcanes.net\/wp-content\/uploads\/2019\/05\/IMG-20190502-WA0018_compress_50.jpg","type":"image\/jpeg"}],"author":"admin","twitter_card":"summary_large_image","twitter_misc":{"Escrito por":"admin","Tiempo de lectura":"3 minutos"},"schema":{"@context":"https:\/\/schema.org","@graph":[{"@type":"Article","@id":"https:\/\/volcanes.net\/?p=4436#article","isPartOf":{"@id":"https:\/\/volcanes.net\/?p=4436"},"author":{"name":"admin","@id":"https:\/\/volcanes.net\/#\/schema\/person\/4bf0f383940966a4abd53f5048c0e6b9"},"headline":"Renuncia alcalde de Neza al PRD","datePublished":"2019-05-02T23:08:00+00:00","dateModified":"2019-05-02T23:33:47+00:00","mainEntityOfPage":{"@id":"https:\/\/volcanes.net\/?p=4436"},"wordCount":533,"commentCount":0,"publisher":{"@id":"https:\/\/volcanes.net\/#organization"},"image":{"@id":"https:\/\/volcanes.net\/?p=4436#primaryimage"},"thumbnailUrl":"https:\/\/volcanes.net\/wp-content\/uploads\/2019\/05\/IMG-20190502-WA0018_compress_50.jpg","keywords":["Nezahualc\u00f3yotl"],"articleSection":["Municipales"],"inLanguage":"es","potentialAction":[{"@type":"CommentAction","name":"Comment","target":["https:\/\/volcanes.net\/?p=4436#respond"]}]},{"@type":"WebPage","@id":"https:\/\/volcanes.net\/?p=4436","url":"https:\/\/volcanes.net\/?p=4436","name":"Renuncia alcalde de Neza al PRD - Volcanes","isPartOf":{"@id":"https:\/\/volcanes.net\/#website"},"primaryImageOfPage":{"@id":"https:\/\/volcanes.net\/?p=4436#primaryimage"},"image":{"@id":"https:\/\/volcanes.net\/?p=4436#primaryimage"},"thumbnailUrl":"https:\/\/volcanes.net\/wp-content\/uploads\/2019\/05\/IMG-20190502-WA0018_compress_50.jpg","datePublished":"2019-05-02T23:08:00+00:00","dateModified":"2019-05-02T23:33:47+00:00","breadcrumb":{"@id":"https:\/\/volcanes.net\/?p=4436#breadcrumb"},"inLanguage":"es","potentialAction":[{"@type":"ReadAction","target":["https:\/\/volcanes.net\/?p=4436"]}]},{"@type":"ImageObject","inLanguage":"es","@id":"https:\/\/volcanes.net\/?p=4436#primaryimage","url":"https:\/\/volcanes.net\/wp-content\/uploads\/2019\/05\/IMG-20190502-WA0018_compress_50.jpg","contentUrl":"https:\/\/volcanes.net\/wp-content\/uploads\/2019\/05\/IMG-20190502-WA0018_compress_50.jpg","width":1280,"height":853},{"@type":"BreadcrumbList","@id":"https:\/\/volcanes.net\/?p=4436#breadcrumb","itemListElement":[{"@type":"ListItem","position":1,"name":"Portada","item":"https:\/\/volcanes.net\/"},{"@type":"ListItem","position":2,"name":"Renuncia alcalde de Neza al PRD"}]},{"@type":"WebSite","@id":"https:\/\/volcanes.net\/#website","url":"https:\/\/volcanes.net\/","name":"Volcanes.Net","description":"Periodismo Profesional","publisher":{"@id":"https:\/\/volcanes.net\/#organization"},"potentialAction":[{"@type":"SearchAction","target":{"@type":"EntryPoint","urlTemplate":"https:\/\/volcanes.net\/?s={search_term_string}"},"query-input":{"@type":"PropertyValueSpecification","valueRequired":true,"valueName":"search_term_string"}}],"inLanguage":"es"},{"@type":"Organization","@id":"https:\/\/volcanes.net\/#organization","name":"Grupo Volcanes","url":"https:\/\/volcanes.net\/","logo":{"@type":"ImageObject","inLanguage":"es","@id":"https:\/\/volcanes.net\/#\/schema\/logo\/image\/","url":"http:\/\/volcanes.net\/wp-content\/uploads\/2017\/12\/Avatar2.jpg","contentUrl":"http:\/\/volcanes.net\/wp-content\/uploads\/2017\/12\/Avatar2.jpg","width":378,"height":378,"caption":"Grupo Volcanes"},"image":{"@id":"https:\/\/volcanes.net\/#\/schema\/logo\/image\/"},"sameAs":["https:\/\/www.facebook.com\/volcanes.net\/"]},{"@type":"Person","@id":"https:\/\/volcanes.net\/#\/schema\/person\/4bf0f383940966a4abd53f5048c0e6b9","name":"admin","image":{"@type":"ImageObject","inLanguage":"es","@id":"https:\/\/volcanes.net\/#\/schema\/person\/image\/","url":"https:\/\/secure.gravatar.com\/avatar\/ca004e6cba8462b8cb7abc86e382930c?s=96&d=mm&r=g","contentUrl":"https:\/\/secure.gravatar.com\/avatar\/ca004e6cba8462b8cb7abc86e382930c?s=96&d=mm&r=g","caption":"admin"}}]}},"_links":{"self":[{"href":"https:\/\/volcanes.net\/index.php?rest_route=\/wp\/v2\/posts\/4436"}],"collection":[{"href":"https:\/\/volcanes.net\/index.php?rest_route=\/wp\/v2\/posts"}],"about":[{"href":"https:\/\/volcanes.net\/index.php?rest_route=\/wp\/v2\/types\/post"}],"author":[{"embeddable":true,"href":"https:\/\/volcanes.net\/index.php?rest_route=\/wp\/v2\/users\/1"}],"replies":[{"embeddable":true,"href":"https:\/\/volcanes.net\/index.php?rest_route=%2Fwp%2Fv2%2Fcomments&post=4436"}],"version-history":[{"count":1,"href":"https:\/\/volcanes.net\/index.php?rest_route=\/wp\/v2\/posts\/4436\/revisions"}],"predecessor-version":[{"id":4437,"href":"https:\/\/volcanes.net\/index.php?rest_route=\/wp\/v2\/posts\/4436\/revisions\/4437"}],"wp:featuredmedia":[{"embeddable":true,"href":"https:\/\/volcanes.net\/index.php?rest_route=\/wp\/v2\/media\/4435"}],"wp:attachment":[{"href":"https:\/\/volcanes.net\/index.php?rest_route=%2Fwp%2Fv2%2Fmedia&parent=4436"}],"wp:term":[{"taxonomy":"category","embeddable":true,"href":"https:\/\/volcanes.net\/index.php?rest_route=%2Fwp%2Fv2%2Fcategories&post=4436"},{"taxonomy":"post_tag","embeddable":true,"href":"https:\/\/volcanes.net\/index.php?rest_route=%2Fwp%2Fv2%2Ftags&post=4436"}],"curies":[{"name":"wp","href":"https:\/\/api.w.org\/{rel}","templated":true}]}}