{"id":4450,"date":"2019-05-03T13:41:27","date_gmt":"2019-05-03T19:41:27","guid":{"rendered":"http:\/\/volcanes.net\/?p=4450"},"modified":"2019-05-03T14:00:59","modified_gmt":"2019-05-03T20:00:59","slug":"se-anula-la-eleccion-de-autoridades-auxiliares-en-5-colonias-de-valle-de-chalco-resuelve-el-teem","status":"publish","type":"post","link":"https:\/\/volcanes.net\/?p=4450","title":{"rendered":"Se anula la elecci\u00f3n de Autoridades Auxiliares en 5 colonias de Valle de Chalco, resuelve el TEEM"},"content":{"rendered":"<div style=\"margin-top: 0px; margin-bottom: 0px;\" class=\"sharethis-inline-share-buttons\" ><\/div><p style=\"box-sizing:border-box; overflow-wrap:break-word; color:rgb(85,85,85); font-family:Arial,sans-serif; font-size:14px; font-style:normal; font-variant-ligatures:normal; font-variant-caps:normal; font-weight:400; letter-spacing:normal; orphans:2; text-indent:0px; text-transform:none; white-space:normal; widows:2; word-spacing:0px; -webkit-text-stroke-width:0px; background-color:rgb(255,255,255); text-decoration-style:initial; text-decoration-color:initial; text-align:left;\">Valle de Chalco, M\u00e9x.- El Tribunal Electoral del Estado de M\u00e9xico (TEEM) resolvi\u00f3 que se anula el proceso para elegir  a Delegados, Subdelegados y Consejos de  Participaci\u00f3n Ciudadana del ayuntamiento de Valle de Chalco Solidaridad en las colonias Providencia, Ni\u00f1os H\u00e9roes 1ra. secci\u00f3n, San  Miguel Xico 2da. y 4ta. Secci\u00f3n, as\u00ed como Santa Cruz, a la vez que solicit\u00f3 al Consejo Municipal Electoral que  expida la convocatoria para que se vuelvan a realizar la elecci\u00f3n de Autoridades Auxiliares en esas comunidades.<\/p>\n<p style=\"box-sizing:border-box; overflow-wrap:break-word; color:rgb(85,85,85); font-family:Arial,sans-serif; font-size:14px; font-style:normal; font-variant-ligatures:normal; font-variant-caps:normal; font-weight:400; letter-spacing:normal; orphans:2; text-indent:0px; text-transform:none; white-space:normal; widows:2; word-spacing:0px; -webkit-text-stroke-width:0px; background-color:rgb(255,255,255); text-decoration-style:initial; text-decoration-color:initial; text-align:left;\">El pasado 29 de abril del 2019 el pleno del Tribunal Electoral del Estado de M\u00e9xico aprob\u00f3 por unanimidad de votos TEEM la sentencia al juicio para la protecci\u00f3n de los derechos  pol\u00edticos  electorales del ciudadano  local JDCL\/76\/2019  al diverso JDCL\/67\/2019, donde resuelve en el segundo punto que \u201cse confirma  el resultado de la elecci\u00f3n de delegados municipales en la localidad de  las Am\u00e9ricas II  Secci\u00f3n, Valle de Chalco Solidaridad, Estado de M\u00e9xico\u201d.<\/p>\n<p style=\"box-sizing:border-box; overflow-wrap:break-word; color:rgb(85,85,85); font-family:Arial,sans-serif; font-size:14px; font-style:normal; font-variant-ligatures:normal; font-variant-caps:normal; font-weight:400; letter-spacing:normal; orphans:2; text-indent:0px; text-transform:none; white-space:normal; widows:2; word-spacing:0px; -webkit-text-stroke-width:0px; background-color:rgb(255,255,255); text-decoration-style:initial; text-decoration-color:initial; text-align:left;\">Pero en el tercer punto resolvi\u00f3 que  \u201cSe anula el proceso para elegir a Delegados, Subdelegados y Consejos de Participaci\u00f3n  Ciudadana del Ayuntamiento de Valle de Chalco Solidaridad, Estado de M\u00e9xico en las localidades de Providencia, Ni\u00f1os H\u00e9roes I Secci\u00f3n, San Miguel Xico II Secci\u00f3n, San Miguel Xico IV Secci\u00f3n y  Santa Cruz\u201d.<\/p>\n<p style=\"box-sizing:border-box; overflow-wrap:break-word; color:rgb(85,85,85); font-family:Arial,sans-serif; font-size:14px; font-style:normal; font-variant-ligatures:normal; font-variant-caps:normal; font-weight:400; letter-spacing:normal; orphans:2; text-indent:0px; text-transform:none; white-space:normal; widows:2; word-spacing:0px; -webkit-text-stroke-width:0px; background-color:rgb(255,255,255); text-decoration-style:initial; text-decoration-color:initial; text-align:left;\">Raz\u00f3n por la que el Gobierno Municipal a trav\u00e9s del Consejo Municipal Electoral  tendr\u00e1 que  volver a organizar la elecci\u00f3n en dichas colonias, \u201cmismas que deber\u00e1n ajustarse preferentemente a los plazos y t\u00e9rminos previstos para la elecci\u00f3n extraordinaria de la localidad de San Isidro Valle de Chalco Solidaridad,  Estado de M\u00e9xico, a efecto de que se desarrollen simult\u00e1neamente, o bien como lo estipula el art\u00edculo 95 del Reglamento de Participaci\u00f3n Ciudadana\u201d, establece a sentencia.<\/p>\n","protected":false},"excerpt":{"rendered":"<p>Valle de Chalco, M\u00e9x.- El Tribunal Electoral del Estado de M\u00e9xico (TEEM) resolvi\u00f3 que se<\/p>\n","protected":false},"author":1,"featured_media":4449,"comment_status":"open","ping_status":"open","sticky":false,"template":"","format":"standard","meta":{"footnotes":""},"categories":[1],"tags":[5],"class_list":["post-4450","post","type-post","status-publish","format-standard","has-post-thumbnail","hentry","category-municipales","tag-valle-de-chalco"],"yoast_head":"<!-- This site is optimized with the Yoast SEO plugin v25.3 - https:\/\/yoast.com\/wordpress\/plugins\/seo\/ -->\n<title>Se anula la elecci\u00f3n de Autoridades Auxiliares en 5 colonias de Valle de Chalco, resuelve el TEEM - Volcanes<\/title>\n<meta name=\"robots\" content=\"index, follow, max-snippet:-1, max-image-preview:large, max-video-preview:-1\" \/>\n<link rel=\"canonical\" href=\"https:\/\/volcanes.net\/?p=4450\" \/>\n<meta property=\"og:locale\" content=\"es_MX\" \/>\n<meta property=\"og:type\" content=\"article\" \/>\n<meta property=\"og:title\" content=\"Se anula la elecci\u00f3n de Autoridades Auxiliares en 5 colonias de Valle de Chalco, resuelve el TEEM - Volcanes\" \/>\n<meta property=\"og:description\" content=\"Valle de Chalco, M\u00e9x.- El Tribunal Electoral del Estado de M\u00e9xico (TEEM) resolvi\u00f3 que se\" \/>\n<meta property=\"og:url\" content=\"https:\/\/volcanes.net\/?p=4450\" \/>\n<meta property=\"og:site_name\" content=\"Volcanes\" \/>\n<meta property=\"article:publisher\" content=\"https:\/\/www.facebook.com\/volcanes.net\/\" \/>\n<meta property=\"article:published_time\" content=\"2019-05-03T19:41:27+00:00\" \/>\n<meta property=\"article:modified_time\" content=\"2019-05-03T20:00:59+00:00\" \/>\n<meta property=\"og:image\" content=\"https:\/\/volcanes.net\/wp-content\/uploads\/2019\/05\/WhatsApp-Image-2019-05-02-at-8.22.44-PM_compress_71.jpeg\" \/>\n\t<meta property=\"og:image:width\" content=\"720\" \/>\n\t<meta property=\"og:image:height\" content=\"1280\" \/>\n\t<meta property=\"og:image:type\" content=\"image\/jpeg\" \/>\n<meta name=\"author\" content=\"admin\" \/>\n<meta name=\"twitter:card\" content=\"summary_large_image\" \/>\n<meta name=\"twitter:label1\" content=\"Escrito por\" \/>\n\t<meta name=\"twitter:data1\" content=\"admin\" \/>\n\t<meta name=\"twitter:label2\" content=\"Tiempo de lectura\" \/>\n\t<meta name=\"twitter:data2\" content=\"2 minutos\" \/>\n<script type=\"application\/ld+json\" class=\"yoast-schema-graph\">{\"@context\":\"https:\/\/schema.org\",\"@graph\":[{\"@type\":\"Article\",\"@id\":\"https:\/\/volcanes.net\/?p=4450#article\",\"isPartOf\":{\"@id\":\"https:\/\/volcanes.net\/?p=4450\"},\"author\":{\"name\":\"admin\",\"@id\":\"https:\/\/volcanes.net\/#\/schema\/person\/4bf0f383940966a4abd53f5048c0e6b9\"},\"headline\":\"Se anula la elecci\u00f3n de Autoridades Auxiliares en 5 colonias de Valle de Chalco, resuelve el TEEM\",\"datePublished\":\"2019-05-03T19:41:27+00:00\",\"dateModified\":\"2019-05-03T20:00:59+00:00\",\"mainEntityOfPage\":{\"@id\":\"https:\/\/volcanes.net\/?p=4450\"},\"wordCount\":328,\"commentCount\":0,\"publisher\":{\"@id\":\"https:\/\/volcanes.net\/#organization\"},\"image\":{\"@id\":\"https:\/\/volcanes.net\/?p=4450#primaryimage\"},\"thumbnailUrl\":\"https:\/\/volcanes.net\/wp-content\/uploads\/2019\/05\/WhatsApp-Image-2019-05-02-at-8.22.44-PM_compress_71.jpeg\",\"keywords\":[\"Valle de Chalco\"],\"articleSection\":[\"Municipales\"],\"inLanguage\":\"es\",\"potentialAction\":[{\"@type\":\"CommentAction\",\"name\":\"Comment\",\"target\":[\"https:\/\/volcanes.net\/?p=4450#respond\"]}]},{\"@type\":\"WebPage\",\"@id\":\"https:\/\/volcanes.net\/?p=4450\",\"url\":\"https:\/\/volcanes.net\/?p=4450\",\"name\":\"Se anula la elecci\u00f3n de Autoridades Auxiliares en 5 colonias de Valle de Chalco, resuelve el TEEM - Volcanes\",\"isPartOf\":{\"@id\":\"https:\/\/volcanes.net\/#website\"},\"primaryImageOfPage\":{\"@id\":\"https:\/\/volcanes.net\/?p=4450#primaryimage\"},\"image\":{\"@id\":\"https:\/\/volcanes.net\/?p=4450#primaryimage\"},\"thumbnailUrl\":\"https:\/\/volcanes.net\/wp-content\/uploads\/2019\/05\/WhatsApp-Image-2019-05-02-at-8.22.44-PM_compress_71.jpeg\",\"datePublished\":\"2019-05-03T19:41:27+00:00\",\"dateModified\":\"2019-05-03T20:00:59+00:00\",\"breadcrumb\":{\"@id\":\"https:\/\/volcanes.net\/?p=4450#breadcrumb\"},\"inLanguage\":\"es\",\"potentialAction\":[{\"@type\":\"ReadAction\",\"target\":[\"https:\/\/volcanes.net\/?p=4450\"]}]},{\"@type\":\"ImageObject\",\"inLanguage\":\"es\",\"@id\":\"https:\/\/volcanes.net\/?p=4450#primaryimage\",\"url\":\"https:\/\/volcanes.net\/wp-content\/uploads\/2019\/05\/WhatsApp-Image-2019-05-02-at-8.22.44-PM_compress_71.jpeg\",\"contentUrl\":\"https:\/\/volcanes.net\/wp-content\/uploads\/2019\/05\/WhatsApp-Image-2019-05-02-at-8.22.44-PM_compress_71.jpeg\",\"width\":720,\"height\":1280},{\"@type\":\"BreadcrumbList\",\"@id\":\"https:\/\/volcanes.net\/?p=4450#breadcrumb\",\"itemListElement\":[{\"@type\":\"ListItem\",\"position\":1,\"name\":\"Portada\",\"item\":\"https:\/\/volcanes.net\/\"},{\"@type\":\"ListItem\",\"position\":2,\"name\":\"Se anula la elecci\u00f3n de Autoridades Auxiliares en 5 colonias de Valle de Chalco, resuelve el TEEM\"}]},{\"@type\":\"WebSite\",\"@id\":\"https:\/\/volcanes.net\/#website\",\"url\":\"https:\/\/volcanes.net\/\",\"name\":\"Volcanes.Net\",\"description\":\"Periodismo Profesional\",\"publisher\":{\"@id\":\"https:\/\/volcanes.net\/#organization\"},\"potentialAction\":[{\"@type\":\"SearchAction\",\"target\":{\"@type\":\"EntryPoint\",\"urlTemplate\":\"https:\/\/volcanes.net\/?s={search_term_string}\"},\"query-input\":{\"@type\":\"PropertyValueSpecification\",\"valueRequired\":true,\"valueName\":\"search_term_string\"}}],\"inLanguage\":\"es\"},{\"@type\":\"Organization\",\"@id\":\"https:\/\/volcanes.net\/#organization\",\"name\":\"Grupo Volcanes\",\"url\":\"https:\/\/volcanes.net\/\",\"logo\":{\"@type\":\"ImageObject\",\"inLanguage\":\"es\",\"@id\":\"https:\/\/volcanes.net\/#\/schema\/logo\/image\/\",\"url\":\"http:\/\/volcanes.net\/wp-content\/uploads\/2017\/12\/Avatar2.jpg\",\"contentUrl\":\"http:\/\/volcanes.net\/wp-content\/uploads\/2017\/12\/Avatar2.jpg\",\"width\":378,\"height\":378,\"caption\":\"Grupo Volcanes\"},\"image\":{\"@id\":\"https:\/\/volcanes.net\/#\/schema\/logo\/image\/\"},\"sameAs\":[\"https:\/\/www.facebook.com\/volcanes.net\/\"]},{\"@type\":\"Person\",\"@id\":\"https:\/\/volcanes.net\/#\/schema\/person\/4bf0f383940966a4abd53f5048c0e6b9\",\"name\":\"admin\",\"image\":{\"@type\":\"ImageObject\",\"inLanguage\":\"es\",\"@id\":\"https:\/\/volcanes.net\/#\/schema\/person\/image\/\",\"url\":\"https:\/\/secure.gravatar.com\/avatar\/ca004e6cba8462b8cb7abc86e382930c?s=96&d=mm&r=g\",\"contentUrl\":\"https:\/\/secure.gravatar.com\/avatar\/ca004e6cba8462b8cb7abc86e382930c?s=96&d=mm&r=g\",\"caption\":\"admin\"}}]}<\/script>\n<!-- \/ Yoast SEO plugin. -->","yoast_head_json":{"title":"Se anula la elecci\u00f3n de Autoridades Auxiliares en 5 colonias de Valle de Chalco, resuelve el TEEM - Volcanes","robots":{"index":"index","follow":"follow","max-snippet":"max-snippet:-1","max-image-preview":"max-image-preview:large","max-video-preview":"max-video-preview:-1"},"canonical":"https:\/\/volcanes.net\/?p=4450","og_locale":"es_MX","og_type":"article","og_title":"Se anula la elecci\u00f3n de Autoridades Auxiliares en 5 colonias de Valle de Chalco, resuelve el TEEM - Volcanes","og_description":"Valle de Chalco, M\u00e9x.- El Tribunal Electoral del Estado de M\u00e9xico (TEEM) resolvi\u00f3 que se","og_url":"https:\/\/volcanes.net\/?p=4450","og_site_name":"Volcanes","article_publisher":"https:\/\/www.facebook.com\/volcanes.net\/","article_published_time":"2019-05-03T19:41:27+00:00","article_modified_time":"2019-05-03T20:00:59+00:00","og_image":[{"width":720,"height":1280,"url":"https:\/\/volcanes.net\/wp-content\/uploads\/2019\/05\/WhatsApp-Image-2019-05-02-at-8.22.44-PM_compress_71.jpeg","type":"image\/jpeg"}],"author":"admin","twitter_card":"summary_large_image","twitter_misc":{"Escrito por":"admin","Tiempo de lectura":"2 minutos"},"schema":{"@context":"https:\/\/schema.org","@graph":[{"@type":"Article","@id":"https:\/\/volcanes.net\/?p=4450#article","isPartOf":{"@id":"https:\/\/volcanes.net\/?p=4450"},"author":{"name":"admin","@id":"https:\/\/volcanes.net\/#\/schema\/person\/4bf0f383940966a4abd53f5048c0e6b9"},"headline":"Se anula la elecci\u00f3n de Autoridades Auxiliares en 5 colonias de Valle de Chalco, resuelve el TEEM","datePublished":"2019-05-03T19:41:27+00:00","dateModified":"2019-05-03T20:00:59+00:00","mainEntityOfPage":{"@id":"https:\/\/volcanes.net\/?p=4450"},"wordCount":328,"commentCount":0,"publisher":{"@id":"https:\/\/volcanes.net\/#organization"},"image":{"@id":"https:\/\/volcanes.net\/?p=4450#primaryimage"},"thumbnailUrl":"https:\/\/volcanes.net\/wp-content\/uploads\/2019\/05\/WhatsApp-Image-2019-05-02-at-8.22.44-PM_compress_71.jpeg","keywords":["Valle de Chalco"],"articleSection":["Municipales"],"inLanguage":"es","potentialAction":[{"@type":"CommentAction","name":"Comment","target":["https:\/\/volcanes.net\/?p=4450#respond"]}]},{"@type":"WebPage","@id":"https:\/\/volcanes.net\/?p=4450","url":"https:\/\/volcanes.net\/?p=4450","name":"Se anula la elecci\u00f3n de Autoridades Auxiliares en 5 colonias de Valle de Chalco, resuelve el TEEM - Volcanes","isPartOf":{"@id":"https:\/\/volcanes.net\/#website"},"primaryImageOfPage":{"@id":"https:\/\/volcanes.net\/?p=4450#primaryimage"},"image":{"@id":"https:\/\/volcanes.net\/?p=4450#primaryimage"},"thumbnailUrl":"https:\/\/volcanes.net\/wp-content\/uploads\/2019\/05\/WhatsApp-Image-2019-05-02-at-8.22.44-PM_compress_71.jpeg","datePublished":"2019-05-03T19:41:27+00:00","dateModified":"2019-05-03T20:00:59+00:00","breadcrumb":{"@id":"https:\/\/volcanes.net\/?p=4450#breadcrumb"},"inLanguage":"es","potentialAction":[{"@type":"ReadAction","target":["https:\/\/volcanes.net\/?p=4450"]}]},{"@type":"ImageObject","inLanguage":"es","@id":"https:\/\/volcanes.net\/?p=4450#primaryimage","url":"https:\/\/volcanes.net\/wp-content\/uploads\/2019\/05\/WhatsApp-Image-2019-05-02-at-8.22.44-PM_compress_71.jpeg","contentUrl":"https:\/\/volcanes.net\/wp-content\/uploads\/2019\/05\/WhatsApp-Image-2019-05-02-at-8.22.44-PM_compress_71.jpeg","width":720,"height":1280},{"@type":"BreadcrumbList","@id":"https:\/\/volcanes.net\/?p=4450#breadcrumb","itemListElement":[{"@type":"ListItem","position":1,"name":"Portada","item":"https:\/\/volcanes.net\/"},{"@type":"ListItem","position":2,"name":"Se anula la elecci\u00f3n de Autoridades Auxiliares en 5 colonias de Valle de Chalco, resuelve el TEEM"}]},{"@type":"WebSite","@id":"https:\/\/volcanes.net\/#website","url":"https:\/\/volcanes.net\/","name":"Volcanes.Net","description":"Periodismo Profesional","publisher":{"@id":"https:\/\/volcanes.net\/#organization"},"potentialAction":[{"@type":"SearchAction","target":{"@type":"EntryPoint","urlTemplate":"https:\/\/volcanes.net\/?s={search_term_string}"},"query-input":{"@type":"PropertyValueSpecification","valueRequired":true,"valueName":"search_term_string"}}],"inLanguage":"es"},{"@type":"Organization","@id":"https:\/\/volcanes.net\/#organization","name":"Grupo Volcanes","url":"https:\/\/volcanes.net\/","logo":{"@type":"ImageObject","inLanguage":"es","@id":"https:\/\/volcanes.net\/#\/schema\/logo\/image\/","url":"http:\/\/volcanes.net\/wp-content\/uploads\/2017\/12\/Avatar2.jpg","contentUrl":"http:\/\/volcanes.net\/wp-content\/uploads\/2017\/12\/Avatar2.jpg","width":378,"height":378,"caption":"Grupo Volcanes"},"image":{"@id":"https:\/\/volcanes.net\/#\/schema\/logo\/image\/"},"sameAs":["https:\/\/www.facebook.com\/volcanes.net\/"]},{"@type":"Person","@id":"https:\/\/volcanes.net\/#\/schema\/person\/4bf0f383940966a4abd53f5048c0e6b9","name":"admin","image":{"@type":"ImageObject","inLanguage":"es","@id":"https:\/\/volcanes.net\/#\/schema\/person\/image\/","url":"https:\/\/secure.gravatar.com\/avatar\/ca004e6cba8462b8cb7abc86e382930c?s=96&d=mm&r=g","contentUrl":"https:\/\/secure.gravatar.com\/avatar\/ca004e6cba8462b8cb7abc86e382930c?s=96&d=mm&r=g","caption":"admin"}}]}},"_links":{"self":[{"href":"https:\/\/volcanes.net\/index.php?rest_route=\/wp\/v2\/posts\/4450"}],"collection":[{"href":"https:\/\/volcanes.net\/index.php?rest_route=\/wp\/v2\/posts"}],"about":[{"href":"https:\/\/volcanes.net\/index.php?rest_route=\/wp\/v2\/types\/post"}],"author":[{"embeddable":true,"href":"https:\/\/volcanes.net\/index.php?rest_route=\/wp\/v2\/users\/1"}],"replies":[{"embeddable":true,"href":"https:\/\/volcanes.net\/index.php?rest_route=%2Fwp%2Fv2%2Fcomments&post=4450"}],"version-history":[{"count":1,"href":"https:\/\/volcanes.net\/index.php?rest_route=\/wp\/v2\/posts\/4450\/revisions"}],"predecessor-version":[{"id":4451,"href":"https:\/\/volcanes.net\/index.php?rest_route=\/wp\/v2\/posts\/4450\/revisions\/4451"}],"wp:featuredmedia":[{"embeddable":true,"href":"https:\/\/volcanes.net\/index.php?rest_route=\/wp\/v2\/media\/4449"}],"wp:attachment":[{"href":"https:\/\/volcanes.net\/index.php?rest_route=%2Fwp%2Fv2%2Fmedia&parent=4450"}],"wp:term":[{"taxonomy":"category","embeddable":true,"href":"https:\/\/volcanes.net\/index.php?rest_route=%2Fwp%2Fv2%2Fcategories&post=4450"},{"taxonomy":"post_tag","embeddable":true,"href":"https:\/\/volcanes.net\/index.php?rest_route=%2Fwp%2Fv2%2Ftags&post=4450"}],"curies":[{"name":"wp","href":"https:\/\/api.w.org\/{rel}","templated":true}]}}