{"id":4464,"date":"2019-05-04T19:21:13","date_gmt":"2019-05-05T01:21:13","guid":{"rendered":"http:\/\/volcanes.net\/?p=4464"},"modified":"2019-05-04T19:22:23","modified_gmt":"2019-05-05T01:22:23","slug":"el-smdif-amecameca-y-el-gobierno-municipal-realizan-la-2da-feria-del-nino","status":"publish","type":"post","link":"https:\/\/volcanes.net\/?p=4464","title":{"rendered":"El SMDIF Amecameca y el Gobierno Municipal realizan la 2da Feria del Ni\u00f1o"},"content":{"rendered":"<div style=\"margin-top: 0px; margin-bottom: 0px;\" class=\"sharethis-inline-share-buttons\" ><\/div><p>Al festejo acudieron el Presidente Municipal, Miguel \u00c1ngel Salom\u00f3n Cort\u00e9s, la Presidenta Honoraria del DIF Municipal, Patricia Tufi\u00f1o Carranza, los integrantes del Cabildo y el Diputado local Jos\u00e9 Couttolenc Buentello.<br \/>\nLos ni\u00f1os amecamequenses disfrutaron de juegos mec\u00e1nicos, espect\u00e1culos y sano esparcimiento.<\/p>\n<p>Con motivo de las festividades del D\u00eda del Ni\u00f1o, el SMDIF Amecameca y el Gobierno Municipal, llevaron a cabo la &#8220;2da Feria del Ni\u00f1o&#8221;, evento que fue encabezado por el Presidente Municipal, Miguel \u00c1ngel Salom\u00f3n Cort\u00e9s, la Presidenta del DIF Municipal, Patricia Tufi\u00f1o Carranza y cont\u00f3 con la presencia de los miembros del Cabildo y el Diputado Local Jos\u00e9 Couttolenc Buentello.<\/p>\n<p>Para agasajar a los peque\u00f1os amecamequenses se cont\u00f3 con juegos mec\u00e1nicos, espect\u00e1culos, regalos y golosinas, que cumplieron con el objetivo y brindaron un momento de sano esparcimiento y convivencia familiar a los asistentes.<\/p>\n<p>Para la Administraci\u00f3n 2019-2021 la recuperaci\u00f3n de espacios p\u00fablicos y su uso para fines recreativos en beneficio de la ciudadan\u00eda, ha sido una de sus principales objetivos, mismo que se va cumpliendo con la organizaci\u00f3n de eventos como este.<\/p>\n<p>El Presidente Municipal, es un mensaje dirigido a los peque\u00f1os mencion\u00f3: &#8220;Tienen el privilegio de crecer en un municipio lleno de historia, de tradiciones, con una enorme riqueza hist\u00f3rica y cultural, y quiero que aprendan a amarlo y a sentirse orgullosos de haber nacido en Amecameca. Deseo que respeten y protejan nuestro entorno natural, que aprovechen cada oportunidad que tengan para jugar y divertirse, pero que tambi\u00e9n sepan que el estudio y el conocimiento son las armas m\u00e1s poderosas que tendr\u00e1n para ser mujeres y hombres exitosos en un futuro&#8221;.<\/p>\n","protected":false},"excerpt":{"rendered":"<p>Al festejo acudieron el Presidente Municipal, Miguel \u00c1ngel Salom\u00f3n Cort\u00e9s, la Presidenta Honoraria del DIF<\/p>\n","protected":false},"author":1,"featured_media":4463,"comment_status":"open","ping_status":"open","sticky":false,"template":"","format":"standard","meta":{"footnotes":""},"categories":[1],"tags":[7],"class_list":["post-4464","post","type-post","status-publish","format-standard","has-post-thumbnail","hentry","category-municipales","tag-amecameca"],"yoast_head":"<!-- This site is optimized with the Yoast SEO plugin v25.3 - https:\/\/yoast.com\/wordpress\/plugins\/seo\/ -->\n<title>El SMDIF Amecameca y el Gobierno Municipal realizan la 2da Feria del Ni\u00f1o - Volcanes<\/title>\n<meta name=\"robots\" content=\"index, follow, max-snippet:-1, max-image-preview:large, max-video-preview:-1\" \/>\n<link rel=\"canonical\" href=\"https:\/\/volcanes.net\/?p=4464\" \/>\n<meta property=\"og:locale\" content=\"es_MX\" \/>\n<meta property=\"og:type\" content=\"article\" \/>\n<meta property=\"og:title\" content=\"El SMDIF Amecameca y el Gobierno Municipal realizan la 2da Feria del Ni\u00f1o - Volcanes\" \/>\n<meta property=\"og:description\" content=\"Al festejo acudieron el Presidente Municipal, Miguel \u00c1ngel Salom\u00f3n Cort\u00e9s, la Presidenta Honoraria del DIF\" \/>\n<meta property=\"og:url\" content=\"https:\/\/volcanes.net\/?p=4464\" \/>\n<meta property=\"og:site_name\" content=\"Volcanes\" \/>\n<meta property=\"article:publisher\" content=\"https:\/\/www.facebook.com\/volcanes.net\/\" \/>\n<meta property=\"article:published_time\" content=\"2019-05-05T01:21:13+00:00\" \/>\n<meta property=\"article:modified_time\" content=\"2019-05-05T01:22:23+00:00\" \/>\n<meta property=\"og:image\" content=\"https:\/\/volcanes.net\/wp-content\/uploads\/2019\/05\/IMG-20190504-WA0057-e1557166949399.jpg\" \/>\n\t<meta property=\"og:image:width\" content=\"600\" \/>\n\t<meta property=\"og:image:height\" content=\"450\" \/>\n\t<meta property=\"og:image:type\" content=\"image\/jpeg\" \/>\n<meta name=\"author\" content=\"admin\" \/>\n<meta name=\"twitter:card\" content=\"summary_large_image\" \/>\n<meta name=\"twitter:label1\" content=\"Escrito por\" \/>\n\t<meta name=\"twitter:data1\" content=\"admin\" \/>\n\t<meta name=\"twitter:label2\" content=\"Tiempo de lectura\" \/>\n\t<meta name=\"twitter:data2\" content=\"1 minuto\" \/>\n<script type=\"application\/ld+json\" class=\"yoast-schema-graph\">{\"@context\":\"https:\/\/schema.org\",\"@graph\":[{\"@type\":\"Article\",\"@id\":\"https:\/\/volcanes.net\/?p=4464#article\",\"isPartOf\":{\"@id\":\"https:\/\/volcanes.net\/?p=4464\"},\"author\":{\"name\":\"admin\",\"@id\":\"https:\/\/volcanes.net\/#\/schema\/person\/4bf0f383940966a4abd53f5048c0e6b9\"},\"headline\":\"El SMDIF Amecameca y el Gobierno Municipal realizan la 2da Feria del Ni\u00f1o\",\"datePublished\":\"2019-05-05T01:21:13+00:00\",\"dateModified\":\"2019-05-05T01:22:23+00:00\",\"mainEntityOfPage\":{\"@id\":\"https:\/\/volcanes.net\/?p=4464\"},\"wordCount\":303,\"commentCount\":0,\"publisher\":{\"@id\":\"https:\/\/volcanes.net\/#organization\"},\"image\":{\"@id\":\"https:\/\/volcanes.net\/?p=4464#primaryimage\"},\"thumbnailUrl\":\"https:\/\/volcanes.net\/wp-content\/uploads\/2019\/05\/IMG-20190504-WA0057-e1557166949399.jpg\",\"keywords\":[\"Amecameca\"],\"articleSection\":[\"Municipales\"],\"inLanguage\":\"es\",\"potentialAction\":[{\"@type\":\"CommentAction\",\"name\":\"Comment\",\"target\":[\"https:\/\/volcanes.net\/?p=4464#respond\"]}]},{\"@type\":\"WebPage\",\"@id\":\"https:\/\/volcanes.net\/?p=4464\",\"url\":\"https:\/\/volcanes.net\/?p=4464\",\"name\":\"El SMDIF Amecameca y el Gobierno Municipal realizan la 2da Feria del Ni\u00f1o - Volcanes\",\"isPartOf\":{\"@id\":\"https:\/\/volcanes.net\/#website\"},\"primaryImageOfPage\":{\"@id\":\"https:\/\/volcanes.net\/?p=4464#primaryimage\"},\"image\":{\"@id\":\"https:\/\/volcanes.net\/?p=4464#primaryimage\"},\"thumbnailUrl\":\"https:\/\/volcanes.net\/wp-content\/uploads\/2019\/05\/IMG-20190504-WA0057-e1557166949399.jpg\",\"datePublished\":\"2019-05-05T01:21:13+00:00\",\"dateModified\":\"2019-05-05T01:22:23+00:00\",\"breadcrumb\":{\"@id\":\"https:\/\/volcanes.net\/?p=4464#breadcrumb\"},\"inLanguage\":\"es\",\"potentialAction\":[{\"@type\":\"ReadAction\",\"target\":[\"https:\/\/volcanes.net\/?p=4464\"]}]},{\"@type\":\"ImageObject\",\"inLanguage\":\"es\",\"@id\":\"https:\/\/volcanes.net\/?p=4464#primaryimage\",\"url\":\"https:\/\/volcanes.net\/wp-content\/uploads\/2019\/05\/IMG-20190504-WA0057-e1557166949399.jpg\",\"contentUrl\":\"https:\/\/volcanes.net\/wp-content\/uploads\/2019\/05\/IMG-20190504-WA0057-e1557166949399.jpg\",\"width\":600,\"height\":450},{\"@type\":\"BreadcrumbList\",\"@id\":\"https:\/\/volcanes.net\/?p=4464#breadcrumb\",\"itemListElement\":[{\"@type\":\"ListItem\",\"position\":1,\"name\":\"Portada\",\"item\":\"https:\/\/volcanes.net\/\"},{\"@type\":\"ListItem\",\"position\":2,\"name\":\"El SMDIF Amecameca y el Gobierno Municipal realizan la 2da Feria del Ni\u00f1o\"}]},{\"@type\":\"WebSite\",\"@id\":\"https:\/\/volcanes.net\/#website\",\"url\":\"https:\/\/volcanes.net\/\",\"name\":\"Volcanes.Net\",\"description\":\"Periodismo Profesional\",\"publisher\":{\"@id\":\"https:\/\/volcanes.net\/#organization\"},\"potentialAction\":[{\"@type\":\"SearchAction\",\"target\":{\"@type\":\"EntryPoint\",\"urlTemplate\":\"https:\/\/volcanes.net\/?s={search_term_string}\"},\"query-input\":{\"@type\":\"PropertyValueSpecification\",\"valueRequired\":true,\"valueName\":\"search_term_string\"}}],\"inLanguage\":\"es\"},{\"@type\":\"Organization\",\"@id\":\"https:\/\/volcanes.net\/#organization\",\"name\":\"Grupo Volcanes\",\"url\":\"https:\/\/volcanes.net\/\",\"logo\":{\"@type\":\"ImageObject\",\"inLanguage\":\"es\",\"@id\":\"https:\/\/volcanes.net\/#\/schema\/logo\/image\/\",\"url\":\"http:\/\/volcanes.net\/wp-content\/uploads\/2017\/12\/Avatar2.jpg\",\"contentUrl\":\"http:\/\/volcanes.net\/wp-content\/uploads\/2017\/12\/Avatar2.jpg\",\"width\":378,\"height\":378,\"caption\":\"Grupo Volcanes\"},\"image\":{\"@id\":\"https:\/\/volcanes.net\/#\/schema\/logo\/image\/\"},\"sameAs\":[\"https:\/\/www.facebook.com\/volcanes.net\/\"]},{\"@type\":\"Person\",\"@id\":\"https:\/\/volcanes.net\/#\/schema\/person\/4bf0f383940966a4abd53f5048c0e6b9\",\"name\":\"admin\",\"image\":{\"@type\":\"ImageObject\",\"inLanguage\":\"es\",\"@id\":\"https:\/\/volcanes.net\/#\/schema\/person\/image\/\",\"url\":\"https:\/\/secure.gravatar.com\/avatar\/ca004e6cba8462b8cb7abc86e382930c?s=96&d=mm&r=g\",\"contentUrl\":\"https:\/\/secure.gravatar.com\/avatar\/ca004e6cba8462b8cb7abc86e382930c?s=96&d=mm&r=g\",\"caption\":\"admin\"}}]}<\/script>\n<!-- \/ Yoast SEO plugin. -->","yoast_head_json":{"title":"El SMDIF Amecameca y el Gobierno Municipal realizan la 2da Feria del Ni\u00f1o - Volcanes","robots":{"index":"index","follow":"follow","max-snippet":"max-snippet:-1","max-image-preview":"max-image-preview:large","max-video-preview":"max-video-preview:-1"},"canonical":"https:\/\/volcanes.net\/?p=4464","og_locale":"es_MX","og_type":"article","og_title":"El SMDIF Amecameca y el Gobierno Municipal realizan la 2da Feria del Ni\u00f1o - Volcanes","og_description":"Al festejo acudieron el Presidente Municipal, Miguel \u00c1ngel Salom\u00f3n Cort\u00e9s, la Presidenta Honoraria del DIF","og_url":"https:\/\/volcanes.net\/?p=4464","og_site_name":"Volcanes","article_publisher":"https:\/\/www.facebook.com\/volcanes.net\/","article_published_time":"2019-05-05T01:21:13+00:00","article_modified_time":"2019-05-05T01:22:23+00:00","og_image":[{"width":600,"height":450,"url":"https:\/\/volcanes.net\/wp-content\/uploads\/2019\/05\/IMG-20190504-WA0057-e1557166949399.jpg","type":"image\/jpeg"}],"author":"admin","twitter_card":"summary_large_image","twitter_misc":{"Escrito por":"admin","Tiempo de lectura":"1 minuto"},"schema":{"@context":"https:\/\/schema.org","@graph":[{"@type":"Article","@id":"https:\/\/volcanes.net\/?p=4464#article","isPartOf":{"@id":"https:\/\/volcanes.net\/?p=4464"},"author":{"name":"admin","@id":"https:\/\/volcanes.net\/#\/schema\/person\/4bf0f383940966a4abd53f5048c0e6b9"},"headline":"El SMDIF Amecameca y el Gobierno Municipal realizan la 2da Feria del Ni\u00f1o","datePublished":"2019-05-05T01:21:13+00:00","dateModified":"2019-05-05T01:22:23+00:00","mainEntityOfPage":{"@id":"https:\/\/volcanes.net\/?p=4464"},"wordCount":303,"commentCount":0,"publisher":{"@id":"https:\/\/volcanes.net\/#organization"},"image":{"@id":"https:\/\/volcanes.net\/?p=4464#primaryimage"},"thumbnailUrl":"https:\/\/volcanes.net\/wp-content\/uploads\/2019\/05\/IMG-20190504-WA0057-e1557166949399.jpg","keywords":["Amecameca"],"articleSection":["Municipales"],"inLanguage":"es","potentialAction":[{"@type":"CommentAction","name":"Comment","target":["https:\/\/volcanes.net\/?p=4464#respond"]}]},{"@type":"WebPage","@id":"https:\/\/volcanes.net\/?p=4464","url":"https:\/\/volcanes.net\/?p=4464","name":"El SMDIF Amecameca y el Gobierno Municipal realizan la 2da Feria del Ni\u00f1o - Volcanes","isPartOf":{"@id":"https:\/\/volcanes.net\/#website"},"primaryImageOfPage":{"@id":"https:\/\/volcanes.net\/?p=4464#primaryimage"},"image":{"@id":"https:\/\/volcanes.net\/?p=4464#primaryimage"},"thumbnailUrl":"https:\/\/volcanes.net\/wp-content\/uploads\/2019\/05\/IMG-20190504-WA0057-e1557166949399.jpg","datePublished":"2019-05-05T01:21:13+00:00","dateModified":"2019-05-05T01:22:23+00:00","breadcrumb":{"@id":"https:\/\/volcanes.net\/?p=4464#breadcrumb"},"inLanguage":"es","potentialAction":[{"@type":"ReadAction","target":["https:\/\/volcanes.net\/?p=4464"]}]},{"@type":"ImageObject","inLanguage":"es","@id":"https:\/\/volcanes.net\/?p=4464#primaryimage","url":"https:\/\/volcanes.net\/wp-content\/uploads\/2019\/05\/IMG-20190504-WA0057-e1557166949399.jpg","contentUrl":"https:\/\/volcanes.net\/wp-content\/uploads\/2019\/05\/IMG-20190504-WA0057-e1557166949399.jpg","width":600,"height":450},{"@type":"BreadcrumbList","@id":"https:\/\/volcanes.net\/?p=4464#breadcrumb","itemListElement":[{"@type":"ListItem","position":1,"name":"Portada","item":"https:\/\/volcanes.net\/"},{"@type":"ListItem","position":2,"name":"El SMDIF Amecameca y el Gobierno Municipal realizan la 2da Feria del Ni\u00f1o"}]},{"@type":"WebSite","@id":"https:\/\/volcanes.net\/#website","url":"https:\/\/volcanes.net\/","name":"Volcanes.Net","description":"Periodismo Profesional","publisher":{"@id":"https:\/\/volcanes.net\/#organization"},"potentialAction":[{"@type":"SearchAction","target":{"@type":"EntryPoint","urlTemplate":"https:\/\/volcanes.net\/?s={search_term_string}"},"query-input":{"@type":"PropertyValueSpecification","valueRequired":true,"valueName":"search_term_string"}}],"inLanguage":"es"},{"@type":"Organization","@id":"https:\/\/volcanes.net\/#organization","name":"Grupo Volcanes","url":"https:\/\/volcanes.net\/","logo":{"@type":"ImageObject","inLanguage":"es","@id":"https:\/\/volcanes.net\/#\/schema\/logo\/image\/","url":"http:\/\/volcanes.net\/wp-content\/uploads\/2017\/12\/Avatar2.jpg","contentUrl":"http:\/\/volcanes.net\/wp-content\/uploads\/2017\/12\/Avatar2.jpg","width":378,"height":378,"caption":"Grupo Volcanes"},"image":{"@id":"https:\/\/volcanes.net\/#\/schema\/logo\/image\/"},"sameAs":["https:\/\/www.facebook.com\/volcanes.net\/"]},{"@type":"Person","@id":"https:\/\/volcanes.net\/#\/schema\/person\/4bf0f383940966a4abd53f5048c0e6b9","name":"admin","image":{"@type":"ImageObject","inLanguage":"es","@id":"https:\/\/volcanes.net\/#\/schema\/person\/image\/","url":"https:\/\/secure.gravatar.com\/avatar\/ca004e6cba8462b8cb7abc86e382930c?s=96&d=mm&r=g","contentUrl":"https:\/\/secure.gravatar.com\/avatar\/ca004e6cba8462b8cb7abc86e382930c?s=96&d=mm&r=g","caption":"admin"}}]}},"_links":{"self":[{"href":"https:\/\/volcanes.net\/index.php?rest_route=\/wp\/v2\/posts\/4464"}],"collection":[{"href":"https:\/\/volcanes.net\/index.php?rest_route=\/wp\/v2\/posts"}],"about":[{"href":"https:\/\/volcanes.net\/index.php?rest_route=\/wp\/v2\/types\/post"}],"author":[{"embeddable":true,"href":"https:\/\/volcanes.net\/index.php?rest_route=\/wp\/v2\/users\/1"}],"replies":[{"embeddable":true,"href":"https:\/\/volcanes.net\/index.php?rest_route=%2Fwp%2Fv2%2Fcomments&post=4464"}],"version-history":[{"count":1,"href":"https:\/\/volcanes.net\/index.php?rest_route=\/wp\/v2\/posts\/4464\/revisions"}],"predecessor-version":[{"id":4465,"href":"https:\/\/volcanes.net\/index.php?rest_route=\/wp\/v2\/posts\/4464\/revisions\/4465"}],"wp:featuredmedia":[{"embeddable":true,"href":"https:\/\/volcanes.net\/index.php?rest_route=\/wp\/v2\/media\/4463"}],"wp:attachment":[{"href":"https:\/\/volcanes.net\/index.php?rest_route=%2Fwp%2Fv2%2Fmedia&parent=4464"}],"wp:term":[{"taxonomy":"category","embeddable":true,"href":"https:\/\/volcanes.net\/index.php?rest_route=%2Fwp%2Fv2%2Fcategories&post=4464"},{"taxonomy":"post_tag","embeddable":true,"href":"https:\/\/volcanes.net\/index.php?rest_route=%2Fwp%2Fv2%2Ftags&post=4464"}],"curies":[{"name":"wp","href":"https:\/\/api.w.org\/{rel}","templated":true}]}}