{"id":4482,"date":"2019-05-06T11:55:16","date_gmt":"2019-05-06T17:55:16","guid":{"rendered":"http:\/\/volcanes.net\/?p=4482"},"modified":"2019-05-06T11:55:16","modified_gmt":"2019-05-06T17:55:16","slug":"uam-recibe-instalaciones-despues-de-tres-meses-de-huelga","status":"publish","type":"post","link":"https:\/\/volcanes.net\/?p=4482","title":{"rendered":"UAM recibe instalaciones despu\u00e9s de tres meses de huelga"},"content":{"rendered":"<div style=\"margin-top: 0px; margin-bottom: 0px;\" class=\"sharethis-inline-share-buttons\" ><\/div><p>Autoridades de la Universidad Aut\u00f3noma Metropolitana (UAM) informaron que tras la huelga que se extendi\u00f3 por tres meses, recibieron las instalaciones de cinco unidades universitarias y otros inmuebles.<br \/>\nTras la entrega, iniciar\u00e1 el proceso de pagos de las n\u00f3minas de sueldos, salarios y las prestaciones econ\u00f3micas de los m\u00e1s de cinco mil 800 trabajadores y acad\u00e9micos que permanecieron en huelga.<\/p>\n<p>El lunes 13 de mayo se pagar\u00e1n las quincenas 03, 04 y 05; el 14 de mayo se pagar\u00e1 un vale electr\u00f3nico de despensa.<\/p>\n<p>Las quincenas 06, 07, 08 y 09 se pagar\u00e1n el 21 de mayo junto con el vale de despensa y vale de los libros.<\/p>\n<p>El mi\u00e9rcoles 22 de mayo se entregar\u00e1 otro vale electr\u00f3nico de despensa y libros y el jueves 30 de mayo se pagar\u00e1 la quincena 10.<\/p>\n<p>En la unidad Cuajimalpa la entrega recepci\u00f3n transcurri\u00f3 sin incidentes, simplemente se acercaron algunas personas, quienes entraron a las instalaciones e hicieron un recorrido por el edificio principal y otros m\u00e1s peque\u00f1os que se encuentran en la parte trasera.<\/p>\n<p>En el campo que rodea la universidad hay basura, pasto crecido y mucha tierra, derivado del abandono que sufrieron las instalaciones tras la huelga. Al lugar llegaron tambi\u00e9n algunos confundidos en busca de informaci\u00f3n para saber si ma\u00f1ana iniciar\u00e1n las clases.<\/p>\n<p>Sandy acudi\u00f3 a las 15:00 horas, la entrega ya hab\u00eda terminado pero pudo constatar que su escuela \u201cya est\u00e1 viva\u201d, como dice ella. \u201cFueron momentos dif\u00edciles para todos, no pod\u00edamos seguir estudiando pero tampoco buscar un trabajo porque en cualquier momento regresar\u00edamos a la escuela\u201d, explica en entrevista.<\/p>\n<p>Para ella y sus compa\u00f1eros, que estudian Comunicaci\u00f3n en la UAM, la huelga signific\u00f3 una suspensi\u00f3n a sus actividades, y ahora desconoce c\u00f3mo se reiniciar\u00e1n las actividades escolares, tampoco saben si tendr\u00e1n vacaciones en verano o si quiz\u00e1 ese tiempo se utilice para reponer el perdido. \u201cEstoy muy feliz, quiero volver a ver a mis compa\u00f1eros, a mis maestros\u2026 s\u00e9 que ellos ten\u00edan sus convicciones para mantener las escuelas cerradas pero nos afect\u00f3 mucho\u201d, asegur\u00f3.<\/p>\n<p>Fuente: NTX<\/p>\n","protected":false},"excerpt":{"rendered":"<p>Autoridades de la Universidad Aut\u00f3noma Metropolitana (UAM) informaron que tras la huelga que se extendi\u00f3<\/p>\n","protected":false},"author":1,"featured_media":4483,"comment_status":"open","ping_status":"open","sticky":false,"template":"","format":"standard","meta":{"footnotes":""},"categories":[1],"tags":[254],"class_list":["post-4482","post","type-post","status-publish","format-standard","has-post-thumbnail","hentry","category-municipales","tag-uam"],"yoast_head":"<!-- This site is optimized with the Yoast SEO plugin v25.3 - https:\/\/yoast.com\/wordpress\/plugins\/seo\/ -->\n<title>UAM recibe instalaciones despu\u00e9s de tres meses de huelga - Volcanes<\/title>\n<meta name=\"robots\" content=\"index, follow, max-snippet:-1, max-image-preview:large, max-video-preview:-1\" \/>\n<link rel=\"canonical\" href=\"https:\/\/volcanes.net\/?p=4482\" \/>\n<meta property=\"og:locale\" content=\"es_MX\" \/>\n<meta property=\"og:type\" content=\"article\" \/>\n<meta property=\"og:title\" content=\"UAM recibe instalaciones despu\u00e9s de tres meses de huelga - Volcanes\" \/>\n<meta property=\"og:description\" content=\"Autoridades de la Universidad Aut\u00f3noma Metropolitana (UAM) informaron que tras la huelga que se extendi\u00f3\" \/>\n<meta property=\"og:url\" content=\"https:\/\/volcanes.net\/?p=4482\" \/>\n<meta property=\"og:site_name\" content=\"Volcanes\" \/>\n<meta property=\"article:publisher\" content=\"https:\/\/www.facebook.com\/volcanes.net\/\" \/>\n<meta property=\"article:published_time\" content=\"2019-05-06T17:55:16+00:00\" \/>\n<meta property=\"og:image\" content=\"https:\/\/volcanes.net\/wp-content\/uploads\/2019\/05\/uam.jpg\" \/>\n\t<meta property=\"og:image:width\" content=\"552\" \/>\n\t<meta property=\"og:image:height\" content=\"368\" \/>\n\t<meta property=\"og:image:type\" content=\"image\/jpeg\" \/>\n<meta name=\"author\" content=\"admin\" \/>\n<meta name=\"twitter:card\" content=\"summary_large_image\" \/>\n<meta name=\"twitter:label1\" content=\"Escrito por\" \/>\n\t<meta name=\"twitter:data1\" content=\"admin\" \/>\n\t<meta name=\"twitter:label2\" content=\"Tiempo de lectura\" \/>\n\t<meta name=\"twitter:data2\" content=\"2 minutos\" \/>\n<script type=\"application\/ld+json\" class=\"yoast-schema-graph\">{\"@context\":\"https:\/\/schema.org\",\"@graph\":[{\"@type\":\"Article\",\"@id\":\"https:\/\/volcanes.net\/?p=4482#article\",\"isPartOf\":{\"@id\":\"https:\/\/volcanes.net\/?p=4482\"},\"author\":{\"name\":\"admin\",\"@id\":\"https:\/\/volcanes.net\/#\/schema\/person\/4bf0f383940966a4abd53f5048c0e6b9\"},\"headline\":\"UAM recibe instalaciones despu\u00e9s de tres meses de huelga\",\"datePublished\":\"2019-05-06T17:55:16+00:00\",\"mainEntityOfPage\":{\"@id\":\"https:\/\/volcanes.net\/?p=4482\"},\"wordCount\":362,\"commentCount\":0,\"publisher\":{\"@id\":\"https:\/\/volcanes.net\/#organization\"},\"image\":{\"@id\":\"https:\/\/volcanes.net\/?p=4482#primaryimage\"},\"thumbnailUrl\":\"https:\/\/volcanes.net\/wp-content\/uploads\/2019\/05\/uam.jpg\",\"keywords\":[\"UAM\"],\"articleSection\":[\"Municipales\"],\"inLanguage\":\"es\",\"potentialAction\":[{\"@type\":\"CommentAction\",\"name\":\"Comment\",\"target\":[\"https:\/\/volcanes.net\/?p=4482#respond\"]}]},{\"@type\":\"WebPage\",\"@id\":\"https:\/\/volcanes.net\/?p=4482\",\"url\":\"https:\/\/volcanes.net\/?p=4482\",\"name\":\"UAM recibe instalaciones despu\u00e9s de tres meses de huelga - Volcanes\",\"isPartOf\":{\"@id\":\"https:\/\/volcanes.net\/#website\"},\"primaryImageOfPage\":{\"@id\":\"https:\/\/volcanes.net\/?p=4482#primaryimage\"},\"image\":{\"@id\":\"https:\/\/volcanes.net\/?p=4482#primaryimage\"},\"thumbnailUrl\":\"https:\/\/volcanes.net\/wp-content\/uploads\/2019\/05\/uam.jpg\",\"datePublished\":\"2019-05-06T17:55:16+00:00\",\"breadcrumb\":{\"@id\":\"https:\/\/volcanes.net\/?p=4482#breadcrumb\"},\"inLanguage\":\"es\",\"potentialAction\":[{\"@type\":\"ReadAction\",\"target\":[\"https:\/\/volcanes.net\/?p=4482\"]}]},{\"@type\":\"ImageObject\",\"inLanguage\":\"es\",\"@id\":\"https:\/\/volcanes.net\/?p=4482#primaryimage\",\"url\":\"https:\/\/volcanes.net\/wp-content\/uploads\/2019\/05\/uam.jpg\",\"contentUrl\":\"https:\/\/volcanes.net\/wp-content\/uploads\/2019\/05\/uam.jpg\",\"width\":552,\"height\":368},{\"@type\":\"BreadcrumbList\",\"@id\":\"https:\/\/volcanes.net\/?p=4482#breadcrumb\",\"itemListElement\":[{\"@type\":\"ListItem\",\"position\":1,\"name\":\"Portada\",\"item\":\"https:\/\/volcanes.net\/\"},{\"@type\":\"ListItem\",\"position\":2,\"name\":\"UAM recibe instalaciones despu\u00e9s de tres meses de huelga\"}]},{\"@type\":\"WebSite\",\"@id\":\"https:\/\/volcanes.net\/#website\",\"url\":\"https:\/\/volcanes.net\/\",\"name\":\"Volcanes.Net\",\"description\":\"Periodismo Profesional\",\"publisher\":{\"@id\":\"https:\/\/volcanes.net\/#organization\"},\"potentialAction\":[{\"@type\":\"SearchAction\",\"target\":{\"@type\":\"EntryPoint\",\"urlTemplate\":\"https:\/\/volcanes.net\/?s={search_term_string}\"},\"query-input\":{\"@type\":\"PropertyValueSpecification\",\"valueRequired\":true,\"valueName\":\"search_term_string\"}}],\"inLanguage\":\"es\"},{\"@type\":\"Organization\",\"@id\":\"https:\/\/volcanes.net\/#organization\",\"name\":\"Grupo Volcanes\",\"url\":\"https:\/\/volcanes.net\/\",\"logo\":{\"@type\":\"ImageObject\",\"inLanguage\":\"es\",\"@id\":\"https:\/\/volcanes.net\/#\/schema\/logo\/image\/\",\"url\":\"http:\/\/volcanes.net\/wp-content\/uploads\/2017\/12\/Avatar2.jpg\",\"contentUrl\":\"http:\/\/volcanes.net\/wp-content\/uploads\/2017\/12\/Avatar2.jpg\",\"width\":378,\"height\":378,\"caption\":\"Grupo Volcanes\"},\"image\":{\"@id\":\"https:\/\/volcanes.net\/#\/schema\/logo\/image\/\"},\"sameAs\":[\"https:\/\/www.facebook.com\/volcanes.net\/\"]},{\"@type\":\"Person\",\"@id\":\"https:\/\/volcanes.net\/#\/schema\/person\/4bf0f383940966a4abd53f5048c0e6b9\",\"name\":\"admin\",\"image\":{\"@type\":\"ImageObject\",\"inLanguage\":\"es\",\"@id\":\"https:\/\/volcanes.net\/#\/schema\/person\/image\/\",\"url\":\"https:\/\/secure.gravatar.com\/avatar\/ca004e6cba8462b8cb7abc86e382930c?s=96&d=mm&r=g\",\"contentUrl\":\"https:\/\/secure.gravatar.com\/avatar\/ca004e6cba8462b8cb7abc86e382930c?s=96&d=mm&r=g\",\"caption\":\"admin\"}}]}<\/script>\n<!-- \/ Yoast SEO plugin. -->","yoast_head_json":{"title":"UAM recibe instalaciones despu\u00e9s de tres meses de huelga - Volcanes","robots":{"index":"index","follow":"follow","max-snippet":"max-snippet:-1","max-image-preview":"max-image-preview:large","max-video-preview":"max-video-preview:-1"},"canonical":"https:\/\/volcanes.net\/?p=4482","og_locale":"es_MX","og_type":"article","og_title":"UAM recibe instalaciones despu\u00e9s de tres meses de huelga - Volcanes","og_description":"Autoridades de la Universidad Aut\u00f3noma Metropolitana (UAM) informaron que tras la huelga que se extendi\u00f3","og_url":"https:\/\/volcanes.net\/?p=4482","og_site_name":"Volcanes","article_publisher":"https:\/\/www.facebook.com\/volcanes.net\/","article_published_time":"2019-05-06T17:55:16+00:00","og_image":[{"width":552,"height":368,"url":"https:\/\/volcanes.net\/wp-content\/uploads\/2019\/05\/uam.jpg","type":"image\/jpeg"}],"author":"admin","twitter_card":"summary_large_image","twitter_misc":{"Escrito por":"admin","Tiempo de lectura":"2 minutos"},"schema":{"@context":"https:\/\/schema.org","@graph":[{"@type":"Article","@id":"https:\/\/volcanes.net\/?p=4482#article","isPartOf":{"@id":"https:\/\/volcanes.net\/?p=4482"},"author":{"name":"admin","@id":"https:\/\/volcanes.net\/#\/schema\/person\/4bf0f383940966a4abd53f5048c0e6b9"},"headline":"UAM recibe instalaciones despu\u00e9s de tres meses de huelga","datePublished":"2019-05-06T17:55:16+00:00","mainEntityOfPage":{"@id":"https:\/\/volcanes.net\/?p=4482"},"wordCount":362,"commentCount":0,"publisher":{"@id":"https:\/\/volcanes.net\/#organization"},"image":{"@id":"https:\/\/volcanes.net\/?p=4482#primaryimage"},"thumbnailUrl":"https:\/\/volcanes.net\/wp-content\/uploads\/2019\/05\/uam.jpg","keywords":["UAM"],"articleSection":["Municipales"],"inLanguage":"es","potentialAction":[{"@type":"CommentAction","name":"Comment","target":["https:\/\/volcanes.net\/?p=4482#respond"]}]},{"@type":"WebPage","@id":"https:\/\/volcanes.net\/?p=4482","url":"https:\/\/volcanes.net\/?p=4482","name":"UAM recibe instalaciones despu\u00e9s de tres meses de huelga - Volcanes","isPartOf":{"@id":"https:\/\/volcanes.net\/#website"},"primaryImageOfPage":{"@id":"https:\/\/volcanes.net\/?p=4482#primaryimage"},"image":{"@id":"https:\/\/volcanes.net\/?p=4482#primaryimage"},"thumbnailUrl":"https:\/\/volcanes.net\/wp-content\/uploads\/2019\/05\/uam.jpg","datePublished":"2019-05-06T17:55:16+00:00","breadcrumb":{"@id":"https:\/\/volcanes.net\/?p=4482#breadcrumb"},"inLanguage":"es","potentialAction":[{"@type":"ReadAction","target":["https:\/\/volcanes.net\/?p=4482"]}]},{"@type":"ImageObject","inLanguage":"es","@id":"https:\/\/volcanes.net\/?p=4482#primaryimage","url":"https:\/\/volcanes.net\/wp-content\/uploads\/2019\/05\/uam.jpg","contentUrl":"https:\/\/volcanes.net\/wp-content\/uploads\/2019\/05\/uam.jpg","width":552,"height":368},{"@type":"BreadcrumbList","@id":"https:\/\/volcanes.net\/?p=4482#breadcrumb","itemListElement":[{"@type":"ListItem","position":1,"name":"Portada","item":"https:\/\/volcanes.net\/"},{"@type":"ListItem","position":2,"name":"UAM recibe instalaciones despu\u00e9s de tres meses de huelga"}]},{"@type":"WebSite","@id":"https:\/\/volcanes.net\/#website","url":"https:\/\/volcanes.net\/","name":"Volcanes.Net","description":"Periodismo Profesional","publisher":{"@id":"https:\/\/volcanes.net\/#organization"},"potentialAction":[{"@type":"SearchAction","target":{"@type":"EntryPoint","urlTemplate":"https:\/\/volcanes.net\/?s={search_term_string}"},"query-input":{"@type":"PropertyValueSpecification","valueRequired":true,"valueName":"search_term_string"}}],"inLanguage":"es"},{"@type":"Organization","@id":"https:\/\/volcanes.net\/#organization","name":"Grupo Volcanes","url":"https:\/\/volcanes.net\/","logo":{"@type":"ImageObject","inLanguage":"es","@id":"https:\/\/volcanes.net\/#\/schema\/logo\/image\/","url":"http:\/\/volcanes.net\/wp-content\/uploads\/2017\/12\/Avatar2.jpg","contentUrl":"http:\/\/volcanes.net\/wp-content\/uploads\/2017\/12\/Avatar2.jpg","width":378,"height":378,"caption":"Grupo Volcanes"},"image":{"@id":"https:\/\/volcanes.net\/#\/schema\/logo\/image\/"},"sameAs":["https:\/\/www.facebook.com\/volcanes.net\/"]},{"@type":"Person","@id":"https:\/\/volcanes.net\/#\/schema\/person\/4bf0f383940966a4abd53f5048c0e6b9","name":"admin","image":{"@type":"ImageObject","inLanguage":"es","@id":"https:\/\/volcanes.net\/#\/schema\/person\/image\/","url":"https:\/\/secure.gravatar.com\/avatar\/ca004e6cba8462b8cb7abc86e382930c?s=96&d=mm&r=g","contentUrl":"https:\/\/secure.gravatar.com\/avatar\/ca004e6cba8462b8cb7abc86e382930c?s=96&d=mm&r=g","caption":"admin"}}]}},"_links":{"self":[{"href":"https:\/\/volcanes.net\/index.php?rest_route=\/wp\/v2\/posts\/4482"}],"collection":[{"href":"https:\/\/volcanes.net\/index.php?rest_route=\/wp\/v2\/posts"}],"about":[{"href":"https:\/\/volcanes.net\/index.php?rest_route=\/wp\/v2\/types\/post"}],"author":[{"embeddable":true,"href":"https:\/\/volcanes.net\/index.php?rest_route=\/wp\/v2\/users\/1"}],"replies":[{"embeddable":true,"href":"https:\/\/volcanes.net\/index.php?rest_route=%2Fwp%2Fv2%2Fcomments&post=4482"}],"version-history":[{"count":1,"href":"https:\/\/volcanes.net\/index.php?rest_route=\/wp\/v2\/posts\/4482\/revisions"}],"predecessor-version":[{"id":4484,"href":"https:\/\/volcanes.net\/index.php?rest_route=\/wp\/v2\/posts\/4482\/revisions\/4484"}],"wp:featuredmedia":[{"embeddable":true,"href":"https:\/\/volcanes.net\/index.php?rest_route=\/wp\/v2\/media\/4483"}],"wp:attachment":[{"href":"https:\/\/volcanes.net\/index.php?rest_route=%2Fwp%2Fv2%2Fmedia&parent=4482"}],"wp:term":[{"taxonomy":"category","embeddable":true,"href":"https:\/\/volcanes.net\/index.php?rest_route=%2Fwp%2Fv2%2Fcategories&post=4482"},{"taxonomy":"post_tag","embeddable":true,"href":"https:\/\/volcanes.net\/index.php?rest_route=%2Fwp%2Fv2%2Ftags&post=4482"}],"curies":[{"name":"wp","href":"https:\/\/api.w.org\/{rel}","templated":true}]}}