{"id":4496,"date":"2019-05-08T18:44:36","date_gmt":"2019-05-09T00:44:36","guid":{"rendered":"http:\/\/volcanes.net\/?p=4496"},"modified":"2019-05-08T18:47:44","modified_gmt":"2019-05-09T00:47:44","slug":"mejoran-artistas-plasticos-y-vecinos-imagen-urbana-con-apoyo-de-la-secretaria-de-comunicaciones","status":"publish","type":"post","link":"https:\/\/volcanes.net\/?p=4496","title":{"rendered":"Mejoran artistas pl\u00e1sticos y vecinos imagen urbana con apoyo de la secretar\u00eda de comunicaciones"},"content":{"rendered":"<div style=\"margin-top: 0px; margin-bottom: 0px;\" class=\"sharethis-inline-share-buttons\" ><\/div><p>Permiten estas actividades la integraci\u00f3n vecinal y el mejoramiento de los espacios p\u00fablicos.<br \/>\nPlasman artistas urbanos, ilustradores y muralistas obras que promueven la cultura y la no violencia.<\/p>\n<p>Metepec, Estado de M\u00e9xico, 8 de mayo de 2019. El Gobierno del Estado de M\u00e9xico, a trav\u00e9s de la Secretar\u00eda de Comunicaciones, apoy\u00f3 con pintura blanca y de colores a los vecinos de las colonias Izcalli Cuauht\u00e9moc IV e Infonavit San Francisco, del municipio de Metepec, para que artistas urbanos, ilustradores y muralistas realizaran obras con el tema &#8220;Los Colores de Metepec, a fin de mejorar la imagen urbana del parque lineal de la zona.<\/p>\n<p>El Secretario de Comunicaciones, Luis Gilberto Lim\u00f3n Ch\u00e1vez, reiter\u00f3 el compromiso del Gobernador Alfredo Del Mazo de apoyar proyectos impulsados por los ciudadanos, para hacer de los espacios p\u00fablicos abandonados, lugares dignos para el libre tr\u00e1nsito y la recreaci\u00f3n vecinal, y con ello fortalecer el tejido social.<\/p>\n<p>Al lugar se dieron cita vecinos, 16 artistas urbanos e integrantes de las organizaciones civiles Eco Renacimiento AC, Grupo Int\u00e9grate y Metrob\u00fas Toluca Ya, as\u00ed como funcionarios de la dependencia estatal.<\/p>\n<p>Durante ocho horas, los participantes unieron esfuerzos para culminar 30 murales en el andador, algunos con im\u00e1genes representativas de Metepec como el maguey, el \u00e1rbol de la vida, la Tlanchana y los artesanos.<\/p>\n<p>Algunos otros con im\u00e1genes que tiene que ver con la prevenci\u00f3n de la violencia, con lo que de manera satisfactoria los vecinos realizaron un ejercicio de convivencia y participaci\u00f3n ciudadana.<\/p>\n<p>El trabajo en conjunto de vecinos, artistas, asociaciones civiles y Gobierno tuvo como resultado la trasformaci\u00f3n de la imagen del lugar, convirti\u00e9ndolo en un espacio digno y amigable que servir\u00e1 para la sana convivencia, la recreaci\u00f3n y el deporte, factores indispensables para la prevenci\u00f3n del delito, por lo que seguiremos haciendo equipo para trabajar en la recuperaci\u00f3n de espacios p\u00fablicos, beneficiando cada d\u00eda a m\u00e1s personas, expres\u00f3 el Secretario de Comunicaciones.<\/p>\n<p>Al final del evento, representantes de la Secretar\u00eda de Comunicaciones entregaron reconocimientos a los artistas por su participaci\u00f3n en dicha actividad.<\/p>\n","protected":false},"excerpt":{"rendered":"<p>Permiten estas actividades la integraci\u00f3n vecinal y el mejoramiento de los espacios p\u00fablicos. Plasman artistas<\/p>\n","protected":false},"author":1,"featured_media":4495,"comment_status":"open","ping_status":"open","sticky":false,"template":"","format":"standard","meta":{"footnotes":""},"categories":[1],"tags":[32],"class_list":["post-4496","post","type-post","status-publish","format-standard","has-post-thumbnail","hentry","category-municipales","tag-metepec"],"yoast_head":"<!-- This site is optimized with the Yoast SEO plugin v25.3 - https:\/\/yoast.com\/wordpress\/plugins\/seo\/ -->\n<title>Mejoran artistas pl\u00e1sticos y vecinos imagen urbana con apoyo de la secretar\u00eda de comunicaciones - Volcanes<\/title>\n<meta name=\"robots\" content=\"index, follow, max-snippet:-1, max-image-preview:large, max-video-preview:-1\" \/>\n<link rel=\"canonical\" href=\"https:\/\/volcanes.net\/?p=4496\" \/>\n<meta property=\"og:locale\" content=\"es_MX\" \/>\n<meta property=\"og:type\" content=\"article\" \/>\n<meta property=\"og:title\" content=\"Mejoran artistas pl\u00e1sticos y vecinos imagen urbana con apoyo de la secretar\u00eda de comunicaciones - Volcanes\" \/>\n<meta property=\"og:description\" content=\"Permiten estas actividades la integraci\u00f3n vecinal y el mejoramiento de los espacios p\u00fablicos. Plasman artistas\" \/>\n<meta property=\"og:url\" content=\"https:\/\/volcanes.net\/?p=4496\" \/>\n<meta property=\"og:site_name\" content=\"Volcanes\" \/>\n<meta property=\"article:publisher\" content=\"https:\/\/www.facebook.com\/volcanes.net\/\" \/>\n<meta property=\"article:published_time\" content=\"2019-05-09T00:44:36+00:00\" \/>\n<meta property=\"article:modified_time\" content=\"2019-05-09T00:47:44+00:00\" \/>\n<meta property=\"og:image\" content=\"https:\/\/volcanes.net\/wp-content\/uploads\/2019\/05\/IMG-20190508-WA0023_compress_6.jpg\" \/>\n\t<meta property=\"og:image:width\" content=\"1024\" \/>\n\t<meta property=\"og:image:height\" content=\"575\" \/>\n\t<meta property=\"og:image:type\" content=\"image\/jpeg\" \/>\n<meta name=\"author\" content=\"admin\" \/>\n<meta name=\"twitter:card\" content=\"summary_large_image\" \/>\n<meta name=\"twitter:label1\" content=\"Escrito por\" \/>\n\t<meta name=\"twitter:data1\" content=\"admin\" \/>\n\t<meta name=\"twitter:label2\" content=\"Tiempo de lectura\" \/>\n\t<meta name=\"twitter:data2\" content=\"2 minutos\" \/>\n<script type=\"application\/ld+json\" class=\"yoast-schema-graph\">{\"@context\":\"https:\/\/schema.org\",\"@graph\":[{\"@type\":\"Article\",\"@id\":\"https:\/\/volcanes.net\/?p=4496#article\",\"isPartOf\":{\"@id\":\"https:\/\/volcanes.net\/?p=4496\"},\"author\":{\"name\":\"admin\",\"@id\":\"https:\/\/volcanes.net\/#\/schema\/person\/4bf0f383940966a4abd53f5048c0e6b9\"},\"headline\":\"Mejoran artistas pl\u00e1sticos y vecinos imagen urbana con apoyo de la secretar\u00eda de comunicaciones\",\"datePublished\":\"2019-05-09T00:44:36+00:00\",\"dateModified\":\"2019-05-09T00:47:44+00:00\",\"mainEntityOfPage\":{\"@id\":\"https:\/\/volcanes.net\/?p=4496\"},\"wordCount\":376,\"commentCount\":0,\"publisher\":{\"@id\":\"https:\/\/volcanes.net\/#organization\"},\"image\":{\"@id\":\"https:\/\/volcanes.net\/?p=4496#primaryimage\"},\"thumbnailUrl\":\"https:\/\/volcanes.net\/wp-content\/uploads\/2019\/05\/IMG-20190508-WA0023_compress_6.jpg\",\"keywords\":[\"Metepec\"],\"articleSection\":[\"Municipales\"],\"inLanguage\":\"es\",\"potentialAction\":[{\"@type\":\"CommentAction\",\"name\":\"Comment\",\"target\":[\"https:\/\/volcanes.net\/?p=4496#respond\"]}]},{\"@type\":\"WebPage\",\"@id\":\"https:\/\/volcanes.net\/?p=4496\",\"url\":\"https:\/\/volcanes.net\/?p=4496\",\"name\":\"Mejoran artistas pl\u00e1sticos y vecinos imagen urbana con apoyo de la secretar\u00eda de comunicaciones - Volcanes\",\"isPartOf\":{\"@id\":\"https:\/\/volcanes.net\/#website\"},\"primaryImageOfPage\":{\"@id\":\"https:\/\/volcanes.net\/?p=4496#primaryimage\"},\"image\":{\"@id\":\"https:\/\/volcanes.net\/?p=4496#primaryimage\"},\"thumbnailUrl\":\"https:\/\/volcanes.net\/wp-content\/uploads\/2019\/05\/IMG-20190508-WA0023_compress_6.jpg\",\"datePublished\":\"2019-05-09T00:44:36+00:00\",\"dateModified\":\"2019-05-09T00:47:44+00:00\",\"breadcrumb\":{\"@id\":\"https:\/\/volcanes.net\/?p=4496#breadcrumb\"},\"inLanguage\":\"es\",\"potentialAction\":[{\"@type\":\"ReadAction\",\"target\":[\"https:\/\/volcanes.net\/?p=4496\"]}]},{\"@type\":\"ImageObject\",\"inLanguage\":\"es\",\"@id\":\"https:\/\/volcanes.net\/?p=4496#primaryimage\",\"url\":\"https:\/\/volcanes.net\/wp-content\/uploads\/2019\/05\/IMG-20190508-WA0023_compress_6.jpg\",\"contentUrl\":\"https:\/\/volcanes.net\/wp-content\/uploads\/2019\/05\/IMG-20190508-WA0023_compress_6.jpg\",\"width\":1024,\"height\":575},{\"@type\":\"BreadcrumbList\",\"@id\":\"https:\/\/volcanes.net\/?p=4496#breadcrumb\",\"itemListElement\":[{\"@type\":\"ListItem\",\"position\":1,\"name\":\"Portada\",\"item\":\"https:\/\/volcanes.net\/\"},{\"@type\":\"ListItem\",\"position\":2,\"name\":\"Mejoran artistas pl\u00e1sticos y vecinos imagen urbana con apoyo de la secretar\u00eda de comunicaciones\"}]},{\"@type\":\"WebSite\",\"@id\":\"https:\/\/volcanes.net\/#website\",\"url\":\"https:\/\/volcanes.net\/\",\"name\":\"Volcanes.Net\",\"description\":\"Periodismo Profesional\",\"publisher\":{\"@id\":\"https:\/\/volcanes.net\/#organization\"},\"potentialAction\":[{\"@type\":\"SearchAction\",\"target\":{\"@type\":\"EntryPoint\",\"urlTemplate\":\"https:\/\/volcanes.net\/?s={search_term_string}\"},\"query-input\":{\"@type\":\"PropertyValueSpecification\",\"valueRequired\":true,\"valueName\":\"search_term_string\"}}],\"inLanguage\":\"es\"},{\"@type\":\"Organization\",\"@id\":\"https:\/\/volcanes.net\/#organization\",\"name\":\"Grupo Volcanes\",\"url\":\"https:\/\/volcanes.net\/\",\"logo\":{\"@type\":\"ImageObject\",\"inLanguage\":\"es\",\"@id\":\"https:\/\/volcanes.net\/#\/schema\/logo\/image\/\",\"url\":\"http:\/\/volcanes.net\/wp-content\/uploads\/2017\/12\/Avatar2.jpg\",\"contentUrl\":\"http:\/\/volcanes.net\/wp-content\/uploads\/2017\/12\/Avatar2.jpg\",\"width\":378,\"height\":378,\"caption\":\"Grupo Volcanes\"},\"image\":{\"@id\":\"https:\/\/volcanes.net\/#\/schema\/logo\/image\/\"},\"sameAs\":[\"https:\/\/www.facebook.com\/volcanes.net\/\"]},{\"@type\":\"Person\",\"@id\":\"https:\/\/volcanes.net\/#\/schema\/person\/4bf0f383940966a4abd53f5048c0e6b9\",\"name\":\"admin\",\"image\":{\"@type\":\"ImageObject\",\"inLanguage\":\"es\",\"@id\":\"https:\/\/volcanes.net\/#\/schema\/person\/image\/\",\"url\":\"https:\/\/secure.gravatar.com\/avatar\/ca004e6cba8462b8cb7abc86e382930c?s=96&d=mm&r=g\",\"contentUrl\":\"https:\/\/secure.gravatar.com\/avatar\/ca004e6cba8462b8cb7abc86e382930c?s=96&d=mm&r=g\",\"caption\":\"admin\"}}]}<\/script>\n<!-- \/ Yoast SEO plugin. -->","yoast_head_json":{"title":"Mejoran artistas pl\u00e1sticos y vecinos imagen urbana con apoyo de la secretar\u00eda de comunicaciones - Volcanes","robots":{"index":"index","follow":"follow","max-snippet":"max-snippet:-1","max-image-preview":"max-image-preview:large","max-video-preview":"max-video-preview:-1"},"canonical":"https:\/\/volcanes.net\/?p=4496","og_locale":"es_MX","og_type":"article","og_title":"Mejoran artistas pl\u00e1sticos y vecinos imagen urbana con apoyo de la secretar\u00eda de comunicaciones - Volcanes","og_description":"Permiten estas actividades la integraci\u00f3n vecinal y el mejoramiento de los espacios p\u00fablicos. Plasman artistas","og_url":"https:\/\/volcanes.net\/?p=4496","og_site_name":"Volcanes","article_publisher":"https:\/\/www.facebook.com\/volcanes.net\/","article_published_time":"2019-05-09T00:44:36+00:00","article_modified_time":"2019-05-09T00:47:44+00:00","og_image":[{"width":1024,"height":575,"url":"https:\/\/volcanes.net\/wp-content\/uploads\/2019\/05\/IMG-20190508-WA0023_compress_6.jpg","type":"image\/jpeg"}],"author":"admin","twitter_card":"summary_large_image","twitter_misc":{"Escrito por":"admin","Tiempo de lectura":"2 minutos"},"schema":{"@context":"https:\/\/schema.org","@graph":[{"@type":"Article","@id":"https:\/\/volcanes.net\/?p=4496#article","isPartOf":{"@id":"https:\/\/volcanes.net\/?p=4496"},"author":{"name":"admin","@id":"https:\/\/volcanes.net\/#\/schema\/person\/4bf0f383940966a4abd53f5048c0e6b9"},"headline":"Mejoran artistas pl\u00e1sticos y vecinos imagen urbana con apoyo de la secretar\u00eda de comunicaciones","datePublished":"2019-05-09T00:44:36+00:00","dateModified":"2019-05-09T00:47:44+00:00","mainEntityOfPage":{"@id":"https:\/\/volcanes.net\/?p=4496"},"wordCount":376,"commentCount":0,"publisher":{"@id":"https:\/\/volcanes.net\/#organization"},"image":{"@id":"https:\/\/volcanes.net\/?p=4496#primaryimage"},"thumbnailUrl":"https:\/\/volcanes.net\/wp-content\/uploads\/2019\/05\/IMG-20190508-WA0023_compress_6.jpg","keywords":["Metepec"],"articleSection":["Municipales"],"inLanguage":"es","potentialAction":[{"@type":"CommentAction","name":"Comment","target":["https:\/\/volcanes.net\/?p=4496#respond"]}]},{"@type":"WebPage","@id":"https:\/\/volcanes.net\/?p=4496","url":"https:\/\/volcanes.net\/?p=4496","name":"Mejoran artistas pl\u00e1sticos y vecinos imagen urbana con apoyo de la secretar\u00eda de comunicaciones - Volcanes","isPartOf":{"@id":"https:\/\/volcanes.net\/#website"},"primaryImageOfPage":{"@id":"https:\/\/volcanes.net\/?p=4496#primaryimage"},"image":{"@id":"https:\/\/volcanes.net\/?p=4496#primaryimage"},"thumbnailUrl":"https:\/\/volcanes.net\/wp-content\/uploads\/2019\/05\/IMG-20190508-WA0023_compress_6.jpg","datePublished":"2019-05-09T00:44:36+00:00","dateModified":"2019-05-09T00:47:44+00:00","breadcrumb":{"@id":"https:\/\/volcanes.net\/?p=4496#breadcrumb"},"inLanguage":"es","potentialAction":[{"@type":"ReadAction","target":["https:\/\/volcanes.net\/?p=4496"]}]},{"@type":"ImageObject","inLanguage":"es","@id":"https:\/\/volcanes.net\/?p=4496#primaryimage","url":"https:\/\/volcanes.net\/wp-content\/uploads\/2019\/05\/IMG-20190508-WA0023_compress_6.jpg","contentUrl":"https:\/\/volcanes.net\/wp-content\/uploads\/2019\/05\/IMG-20190508-WA0023_compress_6.jpg","width":1024,"height":575},{"@type":"BreadcrumbList","@id":"https:\/\/volcanes.net\/?p=4496#breadcrumb","itemListElement":[{"@type":"ListItem","position":1,"name":"Portada","item":"https:\/\/volcanes.net\/"},{"@type":"ListItem","position":2,"name":"Mejoran artistas pl\u00e1sticos y vecinos imagen urbana con apoyo de la secretar\u00eda de comunicaciones"}]},{"@type":"WebSite","@id":"https:\/\/volcanes.net\/#website","url":"https:\/\/volcanes.net\/","name":"Volcanes.Net","description":"Periodismo Profesional","publisher":{"@id":"https:\/\/volcanes.net\/#organization"},"potentialAction":[{"@type":"SearchAction","target":{"@type":"EntryPoint","urlTemplate":"https:\/\/volcanes.net\/?s={search_term_string}"},"query-input":{"@type":"PropertyValueSpecification","valueRequired":true,"valueName":"search_term_string"}}],"inLanguage":"es"},{"@type":"Organization","@id":"https:\/\/volcanes.net\/#organization","name":"Grupo Volcanes","url":"https:\/\/volcanes.net\/","logo":{"@type":"ImageObject","inLanguage":"es","@id":"https:\/\/volcanes.net\/#\/schema\/logo\/image\/","url":"http:\/\/volcanes.net\/wp-content\/uploads\/2017\/12\/Avatar2.jpg","contentUrl":"http:\/\/volcanes.net\/wp-content\/uploads\/2017\/12\/Avatar2.jpg","width":378,"height":378,"caption":"Grupo Volcanes"},"image":{"@id":"https:\/\/volcanes.net\/#\/schema\/logo\/image\/"},"sameAs":["https:\/\/www.facebook.com\/volcanes.net\/"]},{"@type":"Person","@id":"https:\/\/volcanes.net\/#\/schema\/person\/4bf0f383940966a4abd53f5048c0e6b9","name":"admin","image":{"@type":"ImageObject","inLanguage":"es","@id":"https:\/\/volcanes.net\/#\/schema\/person\/image\/","url":"https:\/\/secure.gravatar.com\/avatar\/ca004e6cba8462b8cb7abc86e382930c?s=96&d=mm&r=g","contentUrl":"https:\/\/secure.gravatar.com\/avatar\/ca004e6cba8462b8cb7abc86e382930c?s=96&d=mm&r=g","caption":"admin"}}]}},"_links":{"self":[{"href":"https:\/\/volcanes.net\/index.php?rest_route=\/wp\/v2\/posts\/4496"}],"collection":[{"href":"https:\/\/volcanes.net\/index.php?rest_route=\/wp\/v2\/posts"}],"about":[{"href":"https:\/\/volcanes.net\/index.php?rest_route=\/wp\/v2\/types\/post"}],"author":[{"embeddable":true,"href":"https:\/\/volcanes.net\/index.php?rest_route=\/wp\/v2\/users\/1"}],"replies":[{"embeddable":true,"href":"https:\/\/volcanes.net\/index.php?rest_route=%2Fwp%2Fv2%2Fcomments&post=4496"}],"version-history":[{"count":1,"href":"https:\/\/volcanes.net\/index.php?rest_route=\/wp\/v2\/posts\/4496\/revisions"}],"predecessor-version":[{"id":4497,"href":"https:\/\/volcanes.net\/index.php?rest_route=\/wp\/v2\/posts\/4496\/revisions\/4497"}],"wp:featuredmedia":[{"embeddable":true,"href":"https:\/\/volcanes.net\/index.php?rest_route=\/wp\/v2\/media\/4495"}],"wp:attachment":[{"href":"https:\/\/volcanes.net\/index.php?rest_route=%2Fwp%2Fv2%2Fmedia&parent=4496"}],"wp:term":[{"taxonomy":"category","embeddable":true,"href":"https:\/\/volcanes.net\/index.php?rest_route=%2Fwp%2Fv2%2Fcategories&post=4496"},{"taxonomy":"post_tag","embeddable":true,"href":"https:\/\/volcanes.net\/index.php?rest_route=%2Fwp%2Fv2%2Ftags&post=4496"}],"curies":[{"name":"wp","href":"https:\/\/api.w.org\/{rel}","templated":true}]}}