{"id":4499,"date":"2019-05-09T10:26:05","date_gmt":"2019-05-09T16:26:05","guid":{"rendered":"http:\/\/volcanes.net\/?p=4499"},"modified":"2019-05-09T10:26:51","modified_gmt":"2019-05-09T16:26:51","slug":"inicia-ciclo-de-conferencias-historia-de-toluca-en-museo-de-la-acuarela","status":"publish","type":"post","link":"https:\/\/volcanes.net\/?p=4499","title":{"rendered":"Inicia ciclo de conferencias \u201chistoria de toluca\u201d en museo de la acuarela"},"content":{"rendered":"<div style=\"margin-top: 0px; margin-bottom: 0px;\" class=\"sharethis-inline-share-buttons\" ><\/div><p>\u2022\t_Abren edici\u00f3n XIX del Ciclo de Conferencias con la ponencia \u201cEscultopintura e integraci\u00f3n pl\u00e1stica en Toluca\u201d._<br \/>\n\u2022\t_Desarrollar\u00e1n la segunda ponencia de este ciclo el martes 14 de mayo, en este mismo museo, con el tema \u201cTransgresiones a la fe en el Valle de Toluca, siglos XVII y XVIII\u201d._<\/p>\n<p>Toluca, Estado de M\u00e9xico, 9 de mayo de 2019. Para brindar un espacio de an\u00e1lisis y reflexi\u00f3n acerca del conocimiento hist\u00f3rico de los pueblos y las sociedades que precedieron a la ciudadan\u00eda que habita la ciudad de Toluca, inici\u00f3 la edici\u00f3n XIX del Ciclo de Conferencias \u201cHistoria de Toluca\u201d, con la ponencia \u201cEscultopintura e integraci\u00f3n pl\u00e1stica en Toluca\u201d, impartida por Emmanuel Almaz\u00e1n Hern\u00e1ndez.<\/p>\n<p>Esta actividad se realiza a trav\u00e9s del trabajo coordinado de la Secretar\u00eda de Cultura del Estado de M\u00e9xico y el Ayuntamiento de Toluca, y en ediciones pasadas ha logrado congregar a un importante n\u00famero de mexiquenses quienes, durante casi seis meses, asisten a las dos sedes, que para tal efecto han acordado los archivos hist\u00f3ricos del Estado de M\u00e9xico y el municipal de Toluca.<\/p>\n<p>En esta ocasi\u00f3n, el Museo de la Acuarela, ubicado en el centro de la capital mexiquense, fue el espacio donde Almaz\u00e1n Hern\u00e1ndez, Licenciado en Historia por la UAEMex, habl\u00f3 de su trabajo de investigaci\u00f3n que desde hace dos a\u00f1os realiza y en cual describe el movimiento muralista que hubo en el Estado de M\u00e9xico y particularmente en Toluca.<\/p>\n<p>En esta charla, se plante\u00f3 una reivindicaci\u00f3n de los muralistas adheridos a este movimiento a principios del siglo XX, as\u00ed como el papel y los aportes de los muralistas activos en Toluca, principalmente el caso de Luis Nishizawa.<\/p>\n<p>Aunado a esto, la ponencia abord\u00f3 aspectos sobre el fen\u00f3meno de la integraci\u00f3n pl\u00e1stica que se centra en la creaci\u00f3n simult\u00e1nea de arquitectura, escultura y pintura, asimismo, comparti\u00f3 algunos datos biogr\u00e1ficos del maestro Nishizawa y explic\u00f3 los significados que pueden encontrar en sus obras, espec\u00edficamente en las del Centro Cultural Mexiquense.<\/p>\n<p>\u201cComo pintor de doble ascendencia reflej\u00f3 esta dualidad en su obra, adem\u00e1s, Nishizawa manej\u00f3 conceptos que tienen que ver con la naturaleza de los materiales que utilizaba en sus murales; a diferencia de Siqueiros o de Jos\u00e9 Clemente Orozco, Nishizawa no utiliz\u00f3 en sus murales iconograf\u00eda\u201d, manifest\u00f3.<\/p>\n<p>El pr\u00f3ximo martes 14 de mayo, en este mismo Museo, se abordar\u00e1 el tema \u201cTransgresiones a la fe en el Valle de Toluca, siglos XVII y XVIII\u201d a cargo del Licenciado Jorge Cazad Reyes. La cita es a las 16:00 horas.<\/p>\n","protected":false},"excerpt":{"rendered":"<p>\u2022 _Abren edici\u00f3n XIX del Ciclo de Conferencias con la ponencia \u201cEscultopintura e integraci\u00f3n pl\u00e1stica<\/p>\n","protected":false},"author":1,"featured_media":4498,"comment_status":"open","ping_status":"open","sticky":false,"template":"","format":"standard","meta":{"footnotes":""},"categories":[1],"tags":[4],"class_list":["post-4499","post","type-post","status-publish","format-standard","has-post-thumbnail","hentry","category-municipales","tag-gobierno-del-estado-de-mexico"],"yoast_head":"<!-- This site is optimized with the Yoast SEO plugin v25.3 - https:\/\/yoast.com\/wordpress\/plugins\/seo\/ -->\n<title>Inicia ciclo de conferencias \u201chistoria de toluca\u201d en museo de la acuarela - Volcanes<\/title>\n<meta name=\"robots\" content=\"index, follow, max-snippet:-1, max-image-preview:large, max-video-preview:-1\" \/>\n<link rel=\"canonical\" href=\"https:\/\/volcanes.net\/?p=4499\" \/>\n<meta property=\"og:locale\" content=\"es_MX\" \/>\n<meta property=\"og:type\" content=\"article\" \/>\n<meta property=\"og:title\" content=\"Inicia ciclo de conferencias \u201chistoria de toluca\u201d en museo de la acuarela - Volcanes\" \/>\n<meta property=\"og:description\" content=\"\u2022 _Abren edici\u00f3n XIX del Ciclo de Conferencias con la ponencia \u201cEscultopintura e integraci\u00f3n pl\u00e1stica\" \/>\n<meta property=\"og:url\" content=\"https:\/\/volcanes.net\/?p=4499\" \/>\n<meta property=\"og:site_name\" content=\"Volcanes\" \/>\n<meta property=\"article:publisher\" content=\"https:\/\/www.facebook.com\/volcanes.net\/\" \/>\n<meta property=\"article:published_time\" content=\"2019-05-09T16:26:05+00:00\" \/>\n<meta property=\"article:modified_time\" content=\"2019-05-09T16:26:51+00:00\" \/>\n<meta property=\"og:image\" content=\"https:\/\/volcanes.net\/wp-content\/uploads\/2019\/05\/IMG-20190509-WA0019.jpg\" \/>\n\t<meta property=\"og:image:width\" content=\"1280\" \/>\n\t<meta property=\"og:image:height\" content=\"960\" \/>\n\t<meta property=\"og:image:type\" content=\"image\/jpeg\" \/>\n<meta name=\"author\" content=\"admin\" \/>\n<meta name=\"twitter:card\" content=\"summary_large_image\" \/>\n<meta name=\"twitter:label1\" content=\"Escrito por\" \/>\n\t<meta name=\"twitter:data1\" content=\"admin\" \/>\n\t<meta name=\"twitter:label2\" content=\"Tiempo de lectura\" \/>\n\t<meta name=\"twitter:data2\" content=\"2 minutos\" \/>\n<script type=\"application\/ld+json\" class=\"yoast-schema-graph\">{\"@context\":\"https:\/\/schema.org\",\"@graph\":[{\"@type\":\"Article\",\"@id\":\"https:\/\/volcanes.net\/?p=4499#article\",\"isPartOf\":{\"@id\":\"https:\/\/volcanes.net\/?p=4499\"},\"author\":{\"name\":\"admin\",\"@id\":\"https:\/\/volcanes.net\/#\/schema\/person\/4bf0f383940966a4abd53f5048c0e6b9\"},\"headline\":\"Inicia ciclo de conferencias \u201chistoria de toluca\u201d en museo de la acuarela\",\"datePublished\":\"2019-05-09T16:26:05+00:00\",\"dateModified\":\"2019-05-09T16:26:51+00:00\",\"mainEntityOfPage\":{\"@id\":\"https:\/\/volcanes.net\/?p=4499\"},\"wordCount\":454,\"commentCount\":0,\"publisher\":{\"@id\":\"https:\/\/volcanes.net\/#organization\"},\"image\":{\"@id\":\"https:\/\/volcanes.net\/?p=4499#primaryimage\"},\"thumbnailUrl\":\"https:\/\/volcanes.net\/wp-content\/uploads\/2019\/05\/IMG-20190509-WA0019.jpg\",\"keywords\":[\"Gobierno del Estado de M\u00e9xico\"],\"articleSection\":[\"Municipales\"],\"inLanguage\":\"es\",\"potentialAction\":[{\"@type\":\"CommentAction\",\"name\":\"Comment\",\"target\":[\"https:\/\/volcanes.net\/?p=4499#respond\"]}]},{\"@type\":\"WebPage\",\"@id\":\"https:\/\/volcanes.net\/?p=4499\",\"url\":\"https:\/\/volcanes.net\/?p=4499\",\"name\":\"Inicia ciclo de conferencias \u201chistoria de toluca\u201d en museo de la acuarela - Volcanes\",\"isPartOf\":{\"@id\":\"https:\/\/volcanes.net\/#website\"},\"primaryImageOfPage\":{\"@id\":\"https:\/\/volcanes.net\/?p=4499#primaryimage\"},\"image\":{\"@id\":\"https:\/\/volcanes.net\/?p=4499#primaryimage\"},\"thumbnailUrl\":\"https:\/\/volcanes.net\/wp-content\/uploads\/2019\/05\/IMG-20190509-WA0019.jpg\",\"datePublished\":\"2019-05-09T16:26:05+00:00\",\"dateModified\":\"2019-05-09T16:26:51+00:00\",\"breadcrumb\":{\"@id\":\"https:\/\/volcanes.net\/?p=4499#breadcrumb\"},\"inLanguage\":\"es\",\"potentialAction\":[{\"@type\":\"ReadAction\",\"target\":[\"https:\/\/volcanes.net\/?p=4499\"]}]},{\"@type\":\"ImageObject\",\"inLanguage\":\"es\",\"@id\":\"https:\/\/volcanes.net\/?p=4499#primaryimage\",\"url\":\"https:\/\/volcanes.net\/wp-content\/uploads\/2019\/05\/IMG-20190509-WA0019.jpg\",\"contentUrl\":\"https:\/\/volcanes.net\/wp-content\/uploads\/2019\/05\/IMG-20190509-WA0019.jpg\",\"width\":1280,\"height\":960},{\"@type\":\"BreadcrumbList\",\"@id\":\"https:\/\/volcanes.net\/?p=4499#breadcrumb\",\"itemListElement\":[{\"@type\":\"ListItem\",\"position\":1,\"name\":\"Portada\",\"item\":\"https:\/\/volcanes.net\/\"},{\"@type\":\"ListItem\",\"position\":2,\"name\":\"Inicia ciclo de conferencias \u201chistoria de toluca\u201d en museo de la acuarela\"}]},{\"@type\":\"WebSite\",\"@id\":\"https:\/\/volcanes.net\/#website\",\"url\":\"https:\/\/volcanes.net\/\",\"name\":\"Volcanes.Net\",\"description\":\"Periodismo Profesional\",\"publisher\":{\"@id\":\"https:\/\/volcanes.net\/#organization\"},\"potentialAction\":[{\"@type\":\"SearchAction\",\"target\":{\"@type\":\"EntryPoint\",\"urlTemplate\":\"https:\/\/volcanes.net\/?s={search_term_string}\"},\"query-input\":{\"@type\":\"PropertyValueSpecification\",\"valueRequired\":true,\"valueName\":\"search_term_string\"}}],\"inLanguage\":\"es\"},{\"@type\":\"Organization\",\"@id\":\"https:\/\/volcanes.net\/#organization\",\"name\":\"Grupo Volcanes\",\"url\":\"https:\/\/volcanes.net\/\",\"logo\":{\"@type\":\"ImageObject\",\"inLanguage\":\"es\",\"@id\":\"https:\/\/volcanes.net\/#\/schema\/logo\/image\/\",\"url\":\"http:\/\/volcanes.net\/wp-content\/uploads\/2017\/12\/Avatar2.jpg\",\"contentUrl\":\"http:\/\/volcanes.net\/wp-content\/uploads\/2017\/12\/Avatar2.jpg\",\"width\":378,\"height\":378,\"caption\":\"Grupo Volcanes\"},\"image\":{\"@id\":\"https:\/\/volcanes.net\/#\/schema\/logo\/image\/\"},\"sameAs\":[\"https:\/\/www.facebook.com\/volcanes.net\/\"]},{\"@type\":\"Person\",\"@id\":\"https:\/\/volcanes.net\/#\/schema\/person\/4bf0f383940966a4abd53f5048c0e6b9\",\"name\":\"admin\",\"image\":{\"@type\":\"ImageObject\",\"inLanguage\":\"es\",\"@id\":\"https:\/\/volcanes.net\/#\/schema\/person\/image\/\",\"url\":\"https:\/\/secure.gravatar.com\/avatar\/ca004e6cba8462b8cb7abc86e382930c?s=96&d=mm&r=g\",\"contentUrl\":\"https:\/\/secure.gravatar.com\/avatar\/ca004e6cba8462b8cb7abc86e382930c?s=96&d=mm&r=g\",\"caption\":\"admin\"}}]}<\/script>\n<!-- \/ Yoast SEO plugin. -->","yoast_head_json":{"title":"Inicia ciclo de conferencias \u201chistoria de toluca\u201d en museo de la acuarela - Volcanes","robots":{"index":"index","follow":"follow","max-snippet":"max-snippet:-1","max-image-preview":"max-image-preview:large","max-video-preview":"max-video-preview:-1"},"canonical":"https:\/\/volcanes.net\/?p=4499","og_locale":"es_MX","og_type":"article","og_title":"Inicia ciclo de conferencias \u201chistoria de toluca\u201d en museo de la acuarela - Volcanes","og_description":"\u2022 _Abren edici\u00f3n XIX del Ciclo de Conferencias con la ponencia \u201cEscultopintura e integraci\u00f3n pl\u00e1stica","og_url":"https:\/\/volcanes.net\/?p=4499","og_site_name":"Volcanes","article_publisher":"https:\/\/www.facebook.com\/volcanes.net\/","article_published_time":"2019-05-09T16:26:05+00:00","article_modified_time":"2019-05-09T16:26:51+00:00","og_image":[{"width":1280,"height":960,"url":"https:\/\/volcanes.net\/wp-content\/uploads\/2019\/05\/IMG-20190509-WA0019.jpg","type":"image\/jpeg"}],"author":"admin","twitter_card":"summary_large_image","twitter_misc":{"Escrito por":"admin","Tiempo de lectura":"2 minutos"},"schema":{"@context":"https:\/\/schema.org","@graph":[{"@type":"Article","@id":"https:\/\/volcanes.net\/?p=4499#article","isPartOf":{"@id":"https:\/\/volcanes.net\/?p=4499"},"author":{"name":"admin","@id":"https:\/\/volcanes.net\/#\/schema\/person\/4bf0f383940966a4abd53f5048c0e6b9"},"headline":"Inicia ciclo de conferencias \u201chistoria de toluca\u201d en museo de la acuarela","datePublished":"2019-05-09T16:26:05+00:00","dateModified":"2019-05-09T16:26:51+00:00","mainEntityOfPage":{"@id":"https:\/\/volcanes.net\/?p=4499"},"wordCount":454,"commentCount":0,"publisher":{"@id":"https:\/\/volcanes.net\/#organization"},"image":{"@id":"https:\/\/volcanes.net\/?p=4499#primaryimage"},"thumbnailUrl":"https:\/\/volcanes.net\/wp-content\/uploads\/2019\/05\/IMG-20190509-WA0019.jpg","keywords":["Gobierno del Estado de M\u00e9xico"],"articleSection":["Municipales"],"inLanguage":"es","potentialAction":[{"@type":"CommentAction","name":"Comment","target":["https:\/\/volcanes.net\/?p=4499#respond"]}]},{"@type":"WebPage","@id":"https:\/\/volcanes.net\/?p=4499","url":"https:\/\/volcanes.net\/?p=4499","name":"Inicia ciclo de conferencias \u201chistoria de toluca\u201d en museo de la acuarela - Volcanes","isPartOf":{"@id":"https:\/\/volcanes.net\/#website"},"primaryImageOfPage":{"@id":"https:\/\/volcanes.net\/?p=4499#primaryimage"},"image":{"@id":"https:\/\/volcanes.net\/?p=4499#primaryimage"},"thumbnailUrl":"https:\/\/volcanes.net\/wp-content\/uploads\/2019\/05\/IMG-20190509-WA0019.jpg","datePublished":"2019-05-09T16:26:05+00:00","dateModified":"2019-05-09T16:26:51+00:00","breadcrumb":{"@id":"https:\/\/volcanes.net\/?p=4499#breadcrumb"},"inLanguage":"es","potentialAction":[{"@type":"ReadAction","target":["https:\/\/volcanes.net\/?p=4499"]}]},{"@type":"ImageObject","inLanguage":"es","@id":"https:\/\/volcanes.net\/?p=4499#primaryimage","url":"https:\/\/volcanes.net\/wp-content\/uploads\/2019\/05\/IMG-20190509-WA0019.jpg","contentUrl":"https:\/\/volcanes.net\/wp-content\/uploads\/2019\/05\/IMG-20190509-WA0019.jpg","width":1280,"height":960},{"@type":"BreadcrumbList","@id":"https:\/\/volcanes.net\/?p=4499#breadcrumb","itemListElement":[{"@type":"ListItem","position":1,"name":"Portada","item":"https:\/\/volcanes.net\/"},{"@type":"ListItem","position":2,"name":"Inicia ciclo de conferencias \u201chistoria de toluca\u201d en museo de la acuarela"}]},{"@type":"WebSite","@id":"https:\/\/volcanes.net\/#website","url":"https:\/\/volcanes.net\/","name":"Volcanes.Net","description":"Periodismo Profesional","publisher":{"@id":"https:\/\/volcanes.net\/#organization"},"potentialAction":[{"@type":"SearchAction","target":{"@type":"EntryPoint","urlTemplate":"https:\/\/volcanes.net\/?s={search_term_string}"},"query-input":{"@type":"PropertyValueSpecification","valueRequired":true,"valueName":"search_term_string"}}],"inLanguage":"es"},{"@type":"Organization","@id":"https:\/\/volcanes.net\/#organization","name":"Grupo Volcanes","url":"https:\/\/volcanes.net\/","logo":{"@type":"ImageObject","inLanguage":"es","@id":"https:\/\/volcanes.net\/#\/schema\/logo\/image\/","url":"http:\/\/volcanes.net\/wp-content\/uploads\/2017\/12\/Avatar2.jpg","contentUrl":"http:\/\/volcanes.net\/wp-content\/uploads\/2017\/12\/Avatar2.jpg","width":378,"height":378,"caption":"Grupo Volcanes"},"image":{"@id":"https:\/\/volcanes.net\/#\/schema\/logo\/image\/"},"sameAs":["https:\/\/www.facebook.com\/volcanes.net\/"]},{"@type":"Person","@id":"https:\/\/volcanes.net\/#\/schema\/person\/4bf0f383940966a4abd53f5048c0e6b9","name":"admin","image":{"@type":"ImageObject","inLanguage":"es","@id":"https:\/\/volcanes.net\/#\/schema\/person\/image\/","url":"https:\/\/secure.gravatar.com\/avatar\/ca004e6cba8462b8cb7abc86e382930c?s=96&d=mm&r=g","contentUrl":"https:\/\/secure.gravatar.com\/avatar\/ca004e6cba8462b8cb7abc86e382930c?s=96&d=mm&r=g","caption":"admin"}}]}},"_links":{"self":[{"href":"https:\/\/volcanes.net\/index.php?rest_route=\/wp\/v2\/posts\/4499"}],"collection":[{"href":"https:\/\/volcanes.net\/index.php?rest_route=\/wp\/v2\/posts"}],"about":[{"href":"https:\/\/volcanes.net\/index.php?rest_route=\/wp\/v2\/types\/post"}],"author":[{"embeddable":true,"href":"https:\/\/volcanes.net\/index.php?rest_route=\/wp\/v2\/users\/1"}],"replies":[{"embeddable":true,"href":"https:\/\/volcanes.net\/index.php?rest_route=%2Fwp%2Fv2%2Fcomments&post=4499"}],"version-history":[{"count":1,"href":"https:\/\/volcanes.net\/index.php?rest_route=\/wp\/v2\/posts\/4499\/revisions"}],"predecessor-version":[{"id":4500,"href":"https:\/\/volcanes.net\/index.php?rest_route=\/wp\/v2\/posts\/4499\/revisions\/4500"}],"wp:featuredmedia":[{"embeddable":true,"href":"https:\/\/volcanes.net\/index.php?rest_route=\/wp\/v2\/media\/4498"}],"wp:attachment":[{"href":"https:\/\/volcanes.net\/index.php?rest_route=%2Fwp%2Fv2%2Fmedia&parent=4499"}],"wp:term":[{"taxonomy":"category","embeddable":true,"href":"https:\/\/volcanes.net\/index.php?rest_route=%2Fwp%2Fv2%2Fcategories&post=4499"},{"taxonomy":"post_tag","embeddable":true,"href":"https:\/\/volcanes.net\/index.php?rest_route=%2Fwp%2Fv2%2Ftags&post=4499"}],"curies":[{"name":"wp","href":"https:\/\/api.w.org\/{rel}","templated":true}]}}