{"id":450,"date":"2018-01-16T21:50:48","date_gmt":"2018-01-16T21:50:48","guid":{"rendered":"http:\/\/volcanes.net\/?p=450"},"modified":"2018-01-16T21:50:48","modified_gmt":"2018-01-16T21:50:48","slug":"defiende-uaem-equidad-de-genero-como-irrevocable-conquista-de-mujeres-y-sociedad","status":"publish","type":"post","link":"https:\/\/volcanes.net\/?p=450","title":{"rendered":"Defiende UAEM equidad de g\u00e9nero como irrevocable conquista de mujeres y sociedad"},"content":{"rendered":"<div style=\"margin-top: 0px; margin-bottom: 0px;\" class=\"sharethis-inline-share-buttons\" ><\/div><p class=\"x_MsoNormal\"><span lang=\"ES-MX\">La Universidad Aut\u00f3noma del Estado de M\u00e9xico defiende la equidad de g\u00e9nero como irrevocable conquista de las mujeres y de la sociedad. Por esta raz\u00f3n, es uno de los programas transversales m\u00e1s importantes del Plan Rector de Desarrollo Institucional 2017-2021, que impulsa la igualdad de oportunidades, asever\u00f3 el rector Alfredo Barrera Baca.<\/span><\/p>\n<p class=\"x_MsoNormal\"><span lang=\"ES-MX\">Ante el Secretario de Desarrollo Social del Gobierno del Estado de M\u00e9xico, Eric Sevilla Montes de Oca, sostuvo que \u201cla creciente incorporaci\u00f3n femenina a la toma de decisiones expresa un avance real en la igualdad de oportunidades en nuestra casa de estudios, ejemplo de conquistas femeninas y, sobre todo, modelo de resultados\u201d.<\/span><\/p>\n<p class=\"x_MsoNormal\"><span lang=\"ES-MX\">Durante la ceremonia de entrega de reconocimiento a 275 servidores p\u00fablicos mexiquenses que asistieron a diplomados y cursos que oferta la UAEM en conjunto con el\u00a0Consejo Estatal de la Mujer y Bienestar Social\u00a0(CEMyBS), subray\u00f3 que por los m\u00e9ritos de su intelecto, conocimiento y capacidad de trabajo, decenas de acad\u00e9micas universitarias conquistan lugares preponderantes al interior de la Aut\u00f3noma mexiquense.<\/span><\/p>\n<p class=\"x_MsoNormal\"><span lang=\"ES-MX\">Ante la Vocal Ejecutiva del CEMyBS, Melissa Estefan\u00eda Vargas Camacho, enfatiz\u00f3 que los diplomados y cursos con perspectiva de g\u00e9nero exhiben el di\u00e1logo que permite participar a los universitarios en el dise\u00f1o de pol\u00edticas p\u00fablicas y adem\u00e1s, constituye otro programa transversal del Plan Rector de Desarrollo Institucional, lo que ratifica la pertinencia de la esta casa de estudios frente a la sociedad.<\/span><\/p>\n<p class=\"x_MsoNormal\"><span lang=\"ES-MX\">En el Aula Magna \u201cLic. Adolfo L\u00f3pez Mateos\u201d, Eric Sevilla Montes de Oca manifest\u00f3 su reconocimiento a la UAEM por la calidad de su planta docente, amplia visi\u00f3n para el desarrollo de temas y la disposici\u00f3n de espacios universitarios durante la impartici\u00f3n de diplomados y cursos, lo que refrenda su inter\u00e9s por profesionalizar la acci\u00f3n gubernamental.<\/span><\/p>\n<p class=\"x_MsoNormal\"><span lang=\"ES-MX\">Los temas estudiados en estos programas, dijo el servidor p\u00fablico estatal, est\u00e1n vinculados con la Agenda Mundial 2030, pero tambi\u00e9n como uno de los objetivos estrat\u00e9gicos del gobierno de Alfredo del Mazo Maza, que busca una administraci\u00f3n p\u00fablica que se profesionalice para responder a las din\u00e1micas sociales.<\/span><\/p>\n<p class=\"x_MsoNormal\"><span lang=\"ES-MX\">\u201cLa igualdad de g\u00e9nero no es una demanda de militantes feministas, es un tema de trascendencia social, que para volverse realidad requiere el compromiso de todos\u201d, puntualiz\u00f3 Sevilla Montes de Oca.<\/span><\/p>\n<p class=\"x_MsoNormal\"><span lang=\"ES-MX\">\u00a0En presencia de los alumnos Sonia Patl\u00e1n Mart\u00ednez y Emmanuel \u00c1lvarez Garc\u00eda, as\u00ed como el secretario general de FAAPAUAEM, V\u00edctor Manuel Pineda Guti\u00e9rrez, la vocal ejecutiva del CEMyBS, Melissa Estefan\u00eda Vargas Camacho, destac\u00f3 el trabajo de servidores p\u00fablicos que avanzaron en su profesionalizaci\u00f3n en temas vinculados con la igualdad entre g\u00e9neros y la erradicaci\u00f3n de la violencia contra la mujer.<\/span><\/p>\n<p class=\"x_MsoNormal\"><span lang=\"ES-MX\">En las facultades de Ciencias de la Conducta, Geograf\u00eda y Derecho, as\u00ed como la Coordinaci\u00f3n Institucional de Equidad de G\u00e9nero (CIEG) de la UAEM, se impartieron los diplomados \u201cImplementaci\u00f3n de pol\u00edticas p\u00fablicas con perspectiva de g\u00e9nero\u201d, \u201cImpartici\u00f3n de justicia con perspectiva de g\u00e9nero en materia familiar\u201d, \u201cDefensa de las mujeres v\u00edctimas de violencia: nuevo sistema de justicia penal\u201d.<\/span><\/p>\n<p class=\"x_MsoNormal\"><span lang=\"ES-MX\">Asimismo, \u201cTerapia cognitivo-conductual para atender a mujeres, sus hijas e hijos en situaci\u00f3n de violencia\u201d, \u201cPiscolog\u00eda cl\u00ednica para la atenci\u00f3n a mujeres en situaci\u00f3n de violencia, y en su caso, sus hijas e hijos\u201d y \u201cSensibilizaci\u00f3n a integrantes del Observatorio de Participaci\u00f3n Pol\u00edtica de las Mujeres en el Estado de M\u00e9xico para prevenir actos de violencia pol\u00edtica\u201d.<\/span><\/p>\n","protected":false},"excerpt":{"rendered":"<p>La Universidad Aut\u00f3noma del Estado de M\u00e9xico defiende la equidad de g\u00e9nero como irrevocable conquista<\/p>\n","protected":false},"author":1,"featured_media":446,"comment_status":"open","ping_status":"open","sticky":false,"template":"","format":"standard","meta":{"footnotes":""},"categories":[3],"tags":[],"class_list":["post-450","post","type-post","status-publish","format-standard","has-post-thumbnail","hentry","category-estatales"],"yoast_head":"<!-- This site is optimized with the Yoast SEO plugin v25.3 - https:\/\/yoast.com\/wordpress\/plugins\/seo\/ -->\n<title>Defiende UAEM equidad de g\u00e9nero como irrevocable conquista de mujeres y sociedad - Volcanes<\/title>\n<meta name=\"robots\" content=\"index, follow, max-snippet:-1, max-image-preview:large, max-video-preview:-1\" \/>\n<link rel=\"canonical\" href=\"https:\/\/volcanes.net\/?p=450\" \/>\n<meta property=\"og:locale\" content=\"es_MX\" \/>\n<meta property=\"og:type\" content=\"article\" \/>\n<meta property=\"og:title\" content=\"Defiende UAEM equidad de g\u00e9nero como irrevocable conquista de mujeres y sociedad - Volcanes\" \/>\n<meta property=\"og:description\" content=\"La Universidad Aut\u00f3noma del Estado de M\u00e9xico defiende la equidad de g\u00e9nero como irrevocable conquista\" \/>\n<meta property=\"og:url\" content=\"https:\/\/volcanes.net\/?p=450\" \/>\n<meta property=\"og:site_name\" content=\"Volcanes\" \/>\n<meta property=\"article:publisher\" content=\"https:\/\/www.facebook.com\/volcanes.net\/\" \/>\n<meta property=\"article:published_time\" content=\"2018-01-16T21:50:48+00:00\" \/>\n<meta property=\"og:image\" content=\"https:\/\/volcanes.net\/wp-content\/uploads\/2018\/01\/comun-0043-2.jpg\" \/>\n\t<meta property=\"og:image:width\" content=\"400\" \/>\n\t<meta property=\"og:image:height\" content=\"200\" \/>\n\t<meta property=\"og:image:type\" content=\"image\/jpeg\" \/>\n<meta name=\"author\" content=\"admin\" \/>\n<meta name=\"twitter:card\" content=\"summary_large_image\" \/>\n<meta name=\"twitter:label1\" content=\"Escrito por\" \/>\n\t<meta name=\"twitter:data1\" content=\"admin\" \/>\n\t<meta name=\"twitter:label2\" content=\"Tiempo de lectura\" \/>\n\t<meta name=\"twitter:data2\" content=\"3 minutos\" \/>\n<script type=\"application\/ld+json\" class=\"yoast-schema-graph\">{\"@context\":\"https:\/\/schema.org\",\"@graph\":[{\"@type\":\"Article\",\"@id\":\"https:\/\/volcanes.net\/?p=450#article\",\"isPartOf\":{\"@id\":\"https:\/\/volcanes.net\/?p=450\"},\"author\":{\"name\":\"admin\",\"@id\":\"https:\/\/volcanes.net\/#\/schema\/person\/4bf0f383940966a4abd53f5048c0e6b9\"},\"headline\":\"Defiende UAEM equidad de g\u00e9nero como irrevocable conquista de mujeres y sociedad\",\"datePublished\":\"2018-01-16T21:50:48+00:00\",\"mainEntityOfPage\":{\"@id\":\"https:\/\/volcanes.net\/?p=450\"},\"wordCount\":609,\"commentCount\":0,\"publisher\":{\"@id\":\"https:\/\/volcanes.net\/#organization\"},\"image\":{\"@id\":\"https:\/\/volcanes.net\/?p=450#primaryimage\"},\"thumbnailUrl\":\"https:\/\/volcanes.net\/wp-content\/uploads\/2018\/01\/comun-0043-2.jpg\",\"articleSection\":[\"Estatales\"],\"inLanguage\":\"es\",\"potentialAction\":[{\"@type\":\"CommentAction\",\"name\":\"Comment\",\"target\":[\"https:\/\/volcanes.net\/?p=450#respond\"]}]},{\"@type\":\"WebPage\",\"@id\":\"https:\/\/volcanes.net\/?p=450\",\"url\":\"https:\/\/volcanes.net\/?p=450\",\"name\":\"Defiende UAEM equidad de g\u00e9nero como irrevocable conquista de mujeres y sociedad - Volcanes\",\"isPartOf\":{\"@id\":\"https:\/\/volcanes.net\/#website\"},\"primaryImageOfPage\":{\"@id\":\"https:\/\/volcanes.net\/?p=450#primaryimage\"},\"image\":{\"@id\":\"https:\/\/volcanes.net\/?p=450#primaryimage\"},\"thumbnailUrl\":\"https:\/\/volcanes.net\/wp-content\/uploads\/2018\/01\/comun-0043-2.jpg\",\"datePublished\":\"2018-01-16T21:50:48+00:00\",\"breadcrumb\":{\"@id\":\"https:\/\/volcanes.net\/?p=450#breadcrumb\"},\"inLanguage\":\"es\",\"potentialAction\":[{\"@type\":\"ReadAction\",\"target\":[\"https:\/\/volcanes.net\/?p=450\"]}]},{\"@type\":\"ImageObject\",\"inLanguage\":\"es\",\"@id\":\"https:\/\/volcanes.net\/?p=450#primaryimage\",\"url\":\"https:\/\/volcanes.net\/wp-content\/uploads\/2018\/01\/comun-0043-2.jpg\",\"contentUrl\":\"https:\/\/volcanes.net\/wp-content\/uploads\/2018\/01\/comun-0043-2.jpg\",\"width\":400,\"height\":200},{\"@type\":\"BreadcrumbList\",\"@id\":\"https:\/\/volcanes.net\/?p=450#breadcrumb\",\"itemListElement\":[{\"@type\":\"ListItem\",\"position\":1,\"name\":\"Portada\",\"item\":\"https:\/\/volcanes.net\/\"},{\"@type\":\"ListItem\",\"position\":2,\"name\":\"Defiende UAEM equidad de g\u00e9nero como irrevocable conquista de mujeres y sociedad\"}]},{\"@type\":\"WebSite\",\"@id\":\"https:\/\/volcanes.net\/#website\",\"url\":\"https:\/\/volcanes.net\/\",\"name\":\"Volcanes.Net\",\"description\":\"Periodismo Profesional\",\"publisher\":{\"@id\":\"https:\/\/volcanes.net\/#organization\"},\"potentialAction\":[{\"@type\":\"SearchAction\",\"target\":{\"@type\":\"EntryPoint\",\"urlTemplate\":\"https:\/\/volcanes.net\/?s={search_term_string}\"},\"query-input\":{\"@type\":\"PropertyValueSpecification\",\"valueRequired\":true,\"valueName\":\"search_term_string\"}}],\"inLanguage\":\"es\"},{\"@type\":\"Organization\",\"@id\":\"https:\/\/volcanes.net\/#organization\",\"name\":\"Grupo Volcanes\",\"url\":\"https:\/\/volcanes.net\/\",\"logo\":{\"@type\":\"ImageObject\",\"inLanguage\":\"es\",\"@id\":\"https:\/\/volcanes.net\/#\/schema\/logo\/image\/\",\"url\":\"http:\/\/volcanes.net\/wp-content\/uploads\/2017\/12\/Avatar2.jpg\",\"contentUrl\":\"http:\/\/volcanes.net\/wp-content\/uploads\/2017\/12\/Avatar2.jpg\",\"width\":378,\"height\":378,\"caption\":\"Grupo Volcanes\"},\"image\":{\"@id\":\"https:\/\/volcanes.net\/#\/schema\/logo\/image\/\"},\"sameAs\":[\"https:\/\/www.facebook.com\/volcanes.net\/\"]},{\"@type\":\"Person\",\"@id\":\"https:\/\/volcanes.net\/#\/schema\/person\/4bf0f383940966a4abd53f5048c0e6b9\",\"name\":\"admin\",\"image\":{\"@type\":\"ImageObject\",\"inLanguage\":\"es\",\"@id\":\"https:\/\/volcanes.net\/#\/schema\/person\/image\/\",\"url\":\"https:\/\/secure.gravatar.com\/avatar\/ca004e6cba8462b8cb7abc86e382930c?s=96&d=mm&r=g\",\"contentUrl\":\"https:\/\/secure.gravatar.com\/avatar\/ca004e6cba8462b8cb7abc86e382930c?s=96&d=mm&r=g\",\"caption\":\"admin\"}}]}<\/script>\n<!-- \/ Yoast SEO plugin. -->","yoast_head_json":{"title":"Defiende UAEM equidad de g\u00e9nero como irrevocable conquista de mujeres y sociedad - Volcanes","robots":{"index":"index","follow":"follow","max-snippet":"max-snippet:-1","max-image-preview":"max-image-preview:large","max-video-preview":"max-video-preview:-1"},"canonical":"https:\/\/volcanes.net\/?p=450","og_locale":"es_MX","og_type":"article","og_title":"Defiende UAEM equidad de g\u00e9nero como irrevocable conquista de mujeres y sociedad - Volcanes","og_description":"La Universidad Aut\u00f3noma del Estado de M\u00e9xico defiende la equidad de g\u00e9nero como irrevocable conquista","og_url":"https:\/\/volcanes.net\/?p=450","og_site_name":"Volcanes","article_publisher":"https:\/\/www.facebook.com\/volcanes.net\/","article_published_time":"2018-01-16T21:50:48+00:00","og_image":[{"width":400,"height":200,"url":"https:\/\/volcanes.net\/wp-content\/uploads\/2018\/01\/comun-0043-2.jpg","type":"image\/jpeg"}],"author":"admin","twitter_card":"summary_large_image","twitter_misc":{"Escrito por":"admin","Tiempo de lectura":"3 minutos"},"schema":{"@context":"https:\/\/schema.org","@graph":[{"@type":"Article","@id":"https:\/\/volcanes.net\/?p=450#article","isPartOf":{"@id":"https:\/\/volcanes.net\/?p=450"},"author":{"name":"admin","@id":"https:\/\/volcanes.net\/#\/schema\/person\/4bf0f383940966a4abd53f5048c0e6b9"},"headline":"Defiende UAEM equidad de g\u00e9nero como irrevocable conquista de mujeres y sociedad","datePublished":"2018-01-16T21:50:48+00:00","mainEntityOfPage":{"@id":"https:\/\/volcanes.net\/?p=450"},"wordCount":609,"commentCount":0,"publisher":{"@id":"https:\/\/volcanes.net\/#organization"},"image":{"@id":"https:\/\/volcanes.net\/?p=450#primaryimage"},"thumbnailUrl":"https:\/\/volcanes.net\/wp-content\/uploads\/2018\/01\/comun-0043-2.jpg","articleSection":["Estatales"],"inLanguage":"es","potentialAction":[{"@type":"CommentAction","name":"Comment","target":["https:\/\/volcanes.net\/?p=450#respond"]}]},{"@type":"WebPage","@id":"https:\/\/volcanes.net\/?p=450","url":"https:\/\/volcanes.net\/?p=450","name":"Defiende UAEM equidad de g\u00e9nero como irrevocable conquista de mujeres y sociedad - Volcanes","isPartOf":{"@id":"https:\/\/volcanes.net\/#website"},"primaryImageOfPage":{"@id":"https:\/\/volcanes.net\/?p=450#primaryimage"},"image":{"@id":"https:\/\/volcanes.net\/?p=450#primaryimage"},"thumbnailUrl":"https:\/\/volcanes.net\/wp-content\/uploads\/2018\/01\/comun-0043-2.jpg","datePublished":"2018-01-16T21:50:48+00:00","breadcrumb":{"@id":"https:\/\/volcanes.net\/?p=450#breadcrumb"},"inLanguage":"es","potentialAction":[{"@type":"ReadAction","target":["https:\/\/volcanes.net\/?p=450"]}]},{"@type":"ImageObject","inLanguage":"es","@id":"https:\/\/volcanes.net\/?p=450#primaryimage","url":"https:\/\/volcanes.net\/wp-content\/uploads\/2018\/01\/comun-0043-2.jpg","contentUrl":"https:\/\/volcanes.net\/wp-content\/uploads\/2018\/01\/comun-0043-2.jpg","width":400,"height":200},{"@type":"BreadcrumbList","@id":"https:\/\/volcanes.net\/?p=450#breadcrumb","itemListElement":[{"@type":"ListItem","position":1,"name":"Portada","item":"https:\/\/volcanes.net\/"},{"@type":"ListItem","position":2,"name":"Defiende UAEM equidad de g\u00e9nero como irrevocable conquista de mujeres y sociedad"}]},{"@type":"WebSite","@id":"https:\/\/volcanes.net\/#website","url":"https:\/\/volcanes.net\/","name":"Volcanes.Net","description":"Periodismo Profesional","publisher":{"@id":"https:\/\/volcanes.net\/#organization"},"potentialAction":[{"@type":"SearchAction","target":{"@type":"EntryPoint","urlTemplate":"https:\/\/volcanes.net\/?s={search_term_string}"},"query-input":{"@type":"PropertyValueSpecification","valueRequired":true,"valueName":"search_term_string"}}],"inLanguage":"es"},{"@type":"Organization","@id":"https:\/\/volcanes.net\/#organization","name":"Grupo Volcanes","url":"https:\/\/volcanes.net\/","logo":{"@type":"ImageObject","inLanguage":"es","@id":"https:\/\/volcanes.net\/#\/schema\/logo\/image\/","url":"http:\/\/volcanes.net\/wp-content\/uploads\/2017\/12\/Avatar2.jpg","contentUrl":"http:\/\/volcanes.net\/wp-content\/uploads\/2017\/12\/Avatar2.jpg","width":378,"height":378,"caption":"Grupo Volcanes"},"image":{"@id":"https:\/\/volcanes.net\/#\/schema\/logo\/image\/"},"sameAs":["https:\/\/www.facebook.com\/volcanes.net\/"]},{"@type":"Person","@id":"https:\/\/volcanes.net\/#\/schema\/person\/4bf0f383940966a4abd53f5048c0e6b9","name":"admin","image":{"@type":"ImageObject","inLanguage":"es","@id":"https:\/\/volcanes.net\/#\/schema\/person\/image\/","url":"https:\/\/secure.gravatar.com\/avatar\/ca004e6cba8462b8cb7abc86e382930c?s=96&d=mm&r=g","contentUrl":"https:\/\/secure.gravatar.com\/avatar\/ca004e6cba8462b8cb7abc86e382930c?s=96&d=mm&r=g","caption":"admin"}}]}},"_links":{"self":[{"href":"https:\/\/volcanes.net\/index.php?rest_route=\/wp\/v2\/posts\/450"}],"collection":[{"href":"https:\/\/volcanes.net\/index.php?rest_route=\/wp\/v2\/posts"}],"about":[{"href":"https:\/\/volcanes.net\/index.php?rest_route=\/wp\/v2\/types\/post"}],"author":[{"embeddable":true,"href":"https:\/\/volcanes.net\/index.php?rest_route=\/wp\/v2\/users\/1"}],"replies":[{"embeddable":true,"href":"https:\/\/volcanes.net\/index.php?rest_route=%2Fwp%2Fv2%2Fcomments&post=450"}],"version-history":[{"count":1,"href":"https:\/\/volcanes.net\/index.php?rest_route=\/wp\/v2\/posts\/450\/revisions"}],"predecessor-version":[{"id":451,"href":"https:\/\/volcanes.net\/index.php?rest_route=\/wp\/v2\/posts\/450\/revisions\/451"}],"wp:featuredmedia":[{"embeddable":true,"href":"https:\/\/volcanes.net\/index.php?rest_route=\/wp\/v2\/media\/446"}],"wp:attachment":[{"href":"https:\/\/volcanes.net\/index.php?rest_route=%2Fwp%2Fv2%2Fmedia&parent=450"}],"wp:term":[{"taxonomy":"category","embeddable":true,"href":"https:\/\/volcanes.net\/index.php?rest_route=%2Fwp%2Fv2%2Fcategories&post=450"},{"taxonomy":"post_tag","embeddable":true,"href":"https:\/\/volcanes.net\/index.php?rest_route=%2Fwp%2Fv2%2Ftags&post=450"}],"curies":[{"name":"wp","href":"https:\/\/api.w.org\/{rel}","templated":true}]}}