{"id":4517,"date":"2019-05-09T14:50:53","date_gmt":"2019-05-09T20:50:53","guid":{"rendered":"http:\/\/volcanes.net\/?p=4517"},"modified":"2019-05-09T14:52:11","modified_gmt":"2019-05-09T20:52:11","slug":"suscriben-convenio-de-coordinacion-en-el-marco-del-sistema-anticorrupcion-del-estado-de-mexico-y-municipios","status":"publish","type":"post","link":"https:\/\/volcanes.net\/?p=4517","title":{"rendered":"Suscriben Convenio de Coordinaci\u00f3n, en el marco del Sistema Anticorrupci\u00f3n del Estado de M\u00e9xico y Municipios."},"content":{"rendered":"<div style=\"margin-top: 0px; margin-bottom: 0px;\" class=\"sharethis-inline-share-buttons\" ><\/div><p>\u2022\t_Coinciden Javier Vargas Zempoaltecatl y Myrna Garc\u00eda Monroy en que la coordinaci\u00f3n interinstitucional fomenta la cultura de la legalidad._<\/p>\n<p>Toluca, Estado de M\u00e9xico, 9 de mayo de 2019. El Secretario de la Contralor\u00eda del Estado de M\u00e9xico (Secogem), Javier Vargas Zempoaltecatl, y la Presidenta del Tribunal de Justicia Administrativa del Estado de M\u00e9xico (TRIJAEM), Myrna Garc\u00eda Monroy, firmaron hoy un Convenio de Coordinaci\u00f3n, que permitir\u00e1 habilitar un m\u00f3dulo dentro del Sistema Integral de Responsabilidades (SIR), para el registro de sanciones por faltas administrativas graves emitidas por dicho \u00f3rgano jurisdiccional, en el marco del Sistema Anticorrupci\u00f3n del Estado de M\u00e9xico y Municipios (SAEMM).<\/p>\n<p>Vargas Zempoaltecatl y Garc\u00eda Monroy coincidieron en que, gracias a la suma de voluntades y la coordinaci\u00f3n interinstitucional, la implementaci\u00f3n del SAEMM se consolida d\u00eda a d\u00eda, se fomenta la cultura de la legalidad, adem\u00e1s de lograr una mayor eficiencia en la aplicaci\u00f3n de la justicia administrativa.<\/p>\n<p>Cabe se\u00f1alar que, a la fecha, el TRIJAEM no cuenta con un sistema para llevar a cabo el registro de los servidores p\u00fablicos y particulares sancionados por faltas administrativas graves y hechos de corrupci\u00f3n.<\/p>\n<p>Por ello, el inter\u00e9s en impulsar la incorporaci\u00f3n de un m\u00f3dulo dentro del Sistema Integral de Responsabilidades (SIR), a trav\u00e9s de la plataforma electr\u00f3nica de la Secogem, sin descuidar la protecci\u00f3n de los datos personales.<\/p>\n<p>De esta forma, se atiende el Plan de Desarrollo del Estado de M\u00e9xico 2017-2023, comprometido con un gobierno abierto y moderno, que garantice la integridad en el desempe\u00f1o gubernamental, al tiempo que fortalece la confianza ciudadana en las instituciones.<\/p>\n","protected":false},"excerpt":{"rendered":"<p>\u2022 _Coinciden Javier Vargas Zempoaltecatl y Myrna Garc\u00eda Monroy en que la coordinaci\u00f3n interinstitucional fomenta<\/p>\n","protected":false},"author":1,"featured_media":4516,"comment_status":"open","ping_status":"open","sticky":false,"template":"","format":"standard","meta":{"footnotes":""},"categories":[1],"tags":[41],"class_list":["post-4517","post","type-post","status-publish","format-standard","has-post-thumbnail","hentry","category-municipales","tag-toluca"],"yoast_head":"<!-- This site is optimized with the Yoast SEO plugin v25.3 - https:\/\/yoast.com\/wordpress\/plugins\/seo\/ -->\n<title>Suscriben Convenio de Coordinaci\u00f3n, en el marco del Sistema Anticorrupci\u00f3n del Estado de M\u00e9xico y Municipios. - Volcanes<\/title>\n<meta name=\"robots\" content=\"index, follow, max-snippet:-1, max-image-preview:large, max-video-preview:-1\" \/>\n<link rel=\"canonical\" href=\"https:\/\/volcanes.net\/?p=4517\" \/>\n<meta property=\"og:locale\" content=\"es_MX\" \/>\n<meta property=\"og:type\" content=\"article\" \/>\n<meta property=\"og:title\" content=\"Suscriben Convenio de Coordinaci\u00f3n, en el marco del Sistema Anticorrupci\u00f3n del Estado de M\u00e9xico y Municipios. - Volcanes\" \/>\n<meta property=\"og:description\" content=\"\u2022 _Coinciden Javier Vargas Zempoaltecatl y Myrna Garc\u00eda Monroy en que la coordinaci\u00f3n interinstitucional fomenta\" \/>\n<meta property=\"og:url\" content=\"https:\/\/volcanes.net\/?p=4517\" \/>\n<meta property=\"og:site_name\" content=\"Volcanes\" \/>\n<meta property=\"article:publisher\" content=\"https:\/\/www.facebook.com\/volcanes.net\/\" \/>\n<meta property=\"article:published_time\" content=\"2019-05-09T20:50:53+00:00\" \/>\n<meta property=\"article:modified_time\" content=\"2019-05-09T20:52:11+00:00\" \/>\n<meta property=\"og:image\" content=\"https:\/\/volcanes.net\/wp-content\/uploads\/2019\/05\/IMG-20190509-WA0043_compress_57.jpg\" \/>\n\t<meta property=\"og:image:width\" content=\"1159\" \/>\n\t<meta property=\"og:image:height\" content=\"772\" \/>\n\t<meta property=\"og:image:type\" content=\"image\/jpeg\" \/>\n<meta name=\"author\" content=\"admin\" \/>\n<meta name=\"twitter:card\" content=\"summary_large_image\" \/>\n<meta name=\"twitter:label1\" content=\"Escrito por\" \/>\n\t<meta name=\"twitter:data1\" content=\"admin\" \/>\n\t<meta name=\"twitter:label2\" content=\"Tiempo de lectura\" \/>\n\t<meta name=\"twitter:data2\" content=\"1 minuto\" \/>\n<script type=\"application\/ld+json\" class=\"yoast-schema-graph\">{\"@context\":\"https:\/\/schema.org\",\"@graph\":[{\"@type\":\"Article\",\"@id\":\"https:\/\/volcanes.net\/?p=4517#article\",\"isPartOf\":{\"@id\":\"https:\/\/volcanes.net\/?p=4517\"},\"author\":{\"name\":\"admin\",\"@id\":\"https:\/\/volcanes.net\/#\/schema\/person\/4bf0f383940966a4abd53f5048c0e6b9\"},\"headline\":\"Suscriben Convenio de Coordinaci\u00f3n, en el marco del Sistema Anticorrupci\u00f3n del Estado de M\u00e9xico y Municipios.\",\"datePublished\":\"2019-05-09T20:50:53+00:00\",\"dateModified\":\"2019-05-09T20:52:11+00:00\",\"mainEntityOfPage\":{\"@id\":\"https:\/\/volcanes.net\/?p=4517\"},\"wordCount\":303,\"commentCount\":0,\"publisher\":{\"@id\":\"https:\/\/volcanes.net\/#organization\"},\"image\":{\"@id\":\"https:\/\/volcanes.net\/?p=4517#primaryimage\"},\"thumbnailUrl\":\"https:\/\/volcanes.net\/wp-content\/uploads\/2019\/05\/IMG-20190509-WA0043_compress_57.jpg\",\"keywords\":[\"Toluca\"],\"articleSection\":[\"Municipales\"],\"inLanguage\":\"es\",\"potentialAction\":[{\"@type\":\"CommentAction\",\"name\":\"Comment\",\"target\":[\"https:\/\/volcanes.net\/?p=4517#respond\"]}]},{\"@type\":\"WebPage\",\"@id\":\"https:\/\/volcanes.net\/?p=4517\",\"url\":\"https:\/\/volcanes.net\/?p=4517\",\"name\":\"Suscriben Convenio de Coordinaci\u00f3n, en el marco del Sistema Anticorrupci\u00f3n del Estado de M\u00e9xico y Municipios. - Volcanes\",\"isPartOf\":{\"@id\":\"https:\/\/volcanes.net\/#website\"},\"primaryImageOfPage\":{\"@id\":\"https:\/\/volcanes.net\/?p=4517#primaryimage\"},\"image\":{\"@id\":\"https:\/\/volcanes.net\/?p=4517#primaryimage\"},\"thumbnailUrl\":\"https:\/\/volcanes.net\/wp-content\/uploads\/2019\/05\/IMG-20190509-WA0043_compress_57.jpg\",\"datePublished\":\"2019-05-09T20:50:53+00:00\",\"dateModified\":\"2019-05-09T20:52:11+00:00\",\"breadcrumb\":{\"@id\":\"https:\/\/volcanes.net\/?p=4517#breadcrumb\"},\"inLanguage\":\"es\",\"potentialAction\":[{\"@type\":\"ReadAction\",\"target\":[\"https:\/\/volcanes.net\/?p=4517\"]}]},{\"@type\":\"ImageObject\",\"inLanguage\":\"es\",\"@id\":\"https:\/\/volcanes.net\/?p=4517#primaryimage\",\"url\":\"https:\/\/volcanes.net\/wp-content\/uploads\/2019\/05\/IMG-20190509-WA0043_compress_57.jpg\",\"contentUrl\":\"https:\/\/volcanes.net\/wp-content\/uploads\/2019\/05\/IMG-20190509-WA0043_compress_57.jpg\",\"width\":1159,\"height\":772},{\"@type\":\"BreadcrumbList\",\"@id\":\"https:\/\/volcanes.net\/?p=4517#breadcrumb\",\"itemListElement\":[{\"@type\":\"ListItem\",\"position\":1,\"name\":\"Portada\",\"item\":\"https:\/\/volcanes.net\/\"},{\"@type\":\"ListItem\",\"position\":2,\"name\":\"Suscriben Convenio de Coordinaci\u00f3n, en el marco del Sistema Anticorrupci\u00f3n del Estado de M\u00e9xico y Municipios.\"}]},{\"@type\":\"WebSite\",\"@id\":\"https:\/\/volcanes.net\/#website\",\"url\":\"https:\/\/volcanes.net\/\",\"name\":\"Volcanes.Net\",\"description\":\"Periodismo Profesional\",\"publisher\":{\"@id\":\"https:\/\/volcanes.net\/#organization\"},\"potentialAction\":[{\"@type\":\"SearchAction\",\"target\":{\"@type\":\"EntryPoint\",\"urlTemplate\":\"https:\/\/volcanes.net\/?s={search_term_string}\"},\"query-input\":{\"@type\":\"PropertyValueSpecification\",\"valueRequired\":true,\"valueName\":\"search_term_string\"}}],\"inLanguage\":\"es\"},{\"@type\":\"Organization\",\"@id\":\"https:\/\/volcanes.net\/#organization\",\"name\":\"Grupo Volcanes\",\"url\":\"https:\/\/volcanes.net\/\",\"logo\":{\"@type\":\"ImageObject\",\"inLanguage\":\"es\",\"@id\":\"https:\/\/volcanes.net\/#\/schema\/logo\/image\/\",\"url\":\"http:\/\/volcanes.net\/wp-content\/uploads\/2017\/12\/Avatar2.jpg\",\"contentUrl\":\"http:\/\/volcanes.net\/wp-content\/uploads\/2017\/12\/Avatar2.jpg\",\"width\":378,\"height\":378,\"caption\":\"Grupo Volcanes\"},\"image\":{\"@id\":\"https:\/\/volcanes.net\/#\/schema\/logo\/image\/\"},\"sameAs\":[\"https:\/\/www.facebook.com\/volcanes.net\/\"]},{\"@type\":\"Person\",\"@id\":\"https:\/\/volcanes.net\/#\/schema\/person\/4bf0f383940966a4abd53f5048c0e6b9\",\"name\":\"admin\",\"image\":{\"@type\":\"ImageObject\",\"inLanguage\":\"es\",\"@id\":\"https:\/\/volcanes.net\/#\/schema\/person\/image\/\",\"url\":\"https:\/\/secure.gravatar.com\/avatar\/ca004e6cba8462b8cb7abc86e382930c?s=96&d=mm&r=g\",\"contentUrl\":\"https:\/\/secure.gravatar.com\/avatar\/ca004e6cba8462b8cb7abc86e382930c?s=96&d=mm&r=g\",\"caption\":\"admin\"}}]}<\/script>\n<!-- \/ Yoast SEO plugin. -->","yoast_head_json":{"title":"Suscriben Convenio de Coordinaci\u00f3n, en el marco del Sistema Anticorrupci\u00f3n del Estado de M\u00e9xico y Municipios. - Volcanes","robots":{"index":"index","follow":"follow","max-snippet":"max-snippet:-1","max-image-preview":"max-image-preview:large","max-video-preview":"max-video-preview:-1"},"canonical":"https:\/\/volcanes.net\/?p=4517","og_locale":"es_MX","og_type":"article","og_title":"Suscriben Convenio de Coordinaci\u00f3n, en el marco del Sistema Anticorrupci\u00f3n del Estado de M\u00e9xico y Municipios. - Volcanes","og_description":"\u2022 _Coinciden Javier Vargas Zempoaltecatl y Myrna Garc\u00eda Monroy en que la coordinaci\u00f3n interinstitucional fomenta","og_url":"https:\/\/volcanes.net\/?p=4517","og_site_name":"Volcanes","article_publisher":"https:\/\/www.facebook.com\/volcanes.net\/","article_published_time":"2019-05-09T20:50:53+00:00","article_modified_time":"2019-05-09T20:52:11+00:00","og_image":[{"width":1159,"height":772,"url":"https:\/\/volcanes.net\/wp-content\/uploads\/2019\/05\/IMG-20190509-WA0043_compress_57.jpg","type":"image\/jpeg"}],"author":"admin","twitter_card":"summary_large_image","twitter_misc":{"Escrito por":"admin","Tiempo de lectura":"1 minuto"},"schema":{"@context":"https:\/\/schema.org","@graph":[{"@type":"Article","@id":"https:\/\/volcanes.net\/?p=4517#article","isPartOf":{"@id":"https:\/\/volcanes.net\/?p=4517"},"author":{"name":"admin","@id":"https:\/\/volcanes.net\/#\/schema\/person\/4bf0f383940966a4abd53f5048c0e6b9"},"headline":"Suscriben Convenio de Coordinaci\u00f3n, en el marco del Sistema Anticorrupci\u00f3n del Estado de M\u00e9xico y Municipios.","datePublished":"2019-05-09T20:50:53+00:00","dateModified":"2019-05-09T20:52:11+00:00","mainEntityOfPage":{"@id":"https:\/\/volcanes.net\/?p=4517"},"wordCount":303,"commentCount":0,"publisher":{"@id":"https:\/\/volcanes.net\/#organization"},"image":{"@id":"https:\/\/volcanes.net\/?p=4517#primaryimage"},"thumbnailUrl":"https:\/\/volcanes.net\/wp-content\/uploads\/2019\/05\/IMG-20190509-WA0043_compress_57.jpg","keywords":["Toluca"],"articleSection":["Municipales"],"inLanguage":"es","potentialAction":[{"@type":"CommentAction","name":"Comment","target":["https:\/\/volcanes.net\/?p=4517#respond"]}]},{"@type":"WebPage","@id":"https:\/\/volcanes.net\/?p=4517","url":"https:\/\/volcanes.net\/?p=4517","name":"Suscriben Convenio de Coordinaci\u00f3n, en el marco del Sistema Anticorrupci\u00f3n del Estado de M\u00e9xico y Municipios. - Volcanes","isPartOf":{"@id":"https:\/\/volcanes.net\/#website"},"primaryImageOfPage":{"@id":"https:\/\/volcanes.net\/?p=4517#primaryimage"},"image":{"@id":"https:\/\/volcanes.net\/?p=4517#primaryimage"},"thumbnailUrl":"https:\/\/volcanes.net\/wp-content\/uploads\/2019\/05\/IMG-20190509-WA0043_compress_57.jpg","datePublished":"2019-05-09T20:50:53+00:00","dateModified":"2019-05-09T20:52:11+00:00","breadcrumb":{"@id":"https:\/\/volcanes.net\/?p=4517#breadcrumb"},"inLanguage":"es","potentialAction":[{"@type":"ReadAction","target":["https:\/\/volcanes.net\/?p=4517"]}]},{"@type":"ImageObject","inLanguage":"es","@id":"https:\/\/volcanes.net\/?p=4517#primaryimage","url":"https:\/\/volcanes.net\/wp-content\/uploads\/2019\/05\/IMG-20190509-WA0043_compress_57.jpg","contentUrl":"https:\/\/volcanes.net\/wp-content\/uploads\/2019\/05\/IMG-20190509-WA0043_compress_57.jpg","width":1159,"height":772},{"@type":"BreadcrumbList","@id":"https:\/\/volcanes.net\/?p=4517#breadcrumb","itemListElement":[{"@type":"ListItem","position":1,"name":"Portada","item":"https:\/\/volcanes.net\/"},{"@type":"ListItem","position":2,"name":"Suscriben Convenio de Coordinaci\u00f3n, en el marco del Sistema Anticorrupci\u00f3n del Estado de M\u00e9xico y Municipios."}]},{"@type":"WebSite","@id":"https:\/\/volcanes.net\/#website","url":"https:\/\/volcanes.net\/","name":"Volcanes.Net","description":"Periodismo Profesional","publisher":{"@id":"https:\/\/volcanes.net\/#organization"},"potentialAction":[{"@type":"SearchAction","target":{"@type":"EntryPoint","urlTemplate":"https:\/\/volcanes.net\/?s={search_term_string}"},"query-input":{"@type":"PropertyValueSpecification","valueRequired":true,"valueName":"search_term_string"}}],"inLanguage":"es"},{"@type":"Organization","@id":"https:\/\/volcanes.net\/#organization","name":"Grupo Volcanes","url":"https:\/\/volcanes.net\/","logo":{"@type":"ImageObject","inLanguage":"es","@id":"https:\/\/volcanes.net\/#\/schema\/logo\/image\/","url":"http:\/\/volcanes.net\/wp-content\/uploads\/2017\/12\/Avatar2.jpg","contentUrl":"http:\/\/volcanes.net\/wp-content\/uploads\/2017\/12\/Avatar2.jpg","width":378,"height":378,"caption":"Grupo Volcanes"},"image":{"@id":"https:\/\/volcanes.net\/#\/schema\/logo\/image\/"},"sameAs":["https:\/\/www.facebook.com\/volcanes.net\/"]},{"@type":"Person","@id":"https:\/\/volcanes.net\/#\/schema\/person\/4bf0f383940966a4abd53f5048c0e6b9","name":"admin","image":{"@type":"ImageObject","inLanguage":"es","@id":"https:\/\/volcanes.net\/#\/schema\/person\/image\/","url":"https:\/\/secure.gravatar.com\/avatar\/ca004e6cba8462b8cb7abc86e382930c?s=96&d=mm&r=g","contentUrl":"https:\/\/secure.gravatar.com\/avatar\/ca004e6cba8462b8cb7abc86e382930c?s=96&d=mm&r=g","caption":"admin"}}]}},"_links":{"self":[{"href":"https:\/\/volcanes.net\/index.php?rest_route=\/wp\/v2\/posts\/4517"}],"collection":[{"href":"https:\/\/volcanes.net\/index.php?rest_route=\/wp\/v2\/posts"}],"about":[{"href":"https:\/\/volcanes.net\/index.php?rest_route=\/wp\/v2\/types\/post"}],"author":[{"embeddable":true,"href":"https:\/\/volcanes.net\/index.php?rest_route=\/wp\/v2\/users\/1"}],"replies":[{"embeddable":true,"href":"https:\/\/volcanes.net\/index.php?rest_route=%2Fwp%2Fv2%2Fcomments&post=4517"}],"version-history":[{"count":1,"href":"https:\/\/volcanes.net\/index.php?rest_route=\/wp\/v2\/posts\/4517\/revisions"}],"predecessor-version":[{"id":4518,"href":"https:\/\/volcanes.net\/index.php?rest_route=\/wp\/v2\/posts\/4517\/revisions\/4518"}],"wp:featuredmedia":[{"embeddable":true,"href":"https:\/\/volcanes.net\/index.php?rest_route=\/wp\/v2\/media\/4516"}],"wp:attachment":[{"href":"https:\/\/volcanes.net\/index.php?rest_route=%2Fwp%2Fv2%2Fmedia&parent=4517"}],"wp:term":[{"taxonomy":"category","embeddable":true,"href":"https:\/\/volcanes.net\/index.php?rest_route=%2Fwp%2Fv2%2Fcategories&post=4517"},{"taxonomy":"post_tag","embeddable":true,"href":"https:\/\/volcanes.net\/index.php?rest_route=%2Fwp%2Fv2%2Ftags&post=4517"}],"curies":[{"name":"wp","href":"https:\/\/api.w.org\/{rel}","templated":true}]}}