{"id":4546,"date":"2019-05-10T06:41:18","date_gmt":"2019-05-10T12:41:18","guid":{"rendered":"http:\/\/volcanes.net\/?p=4546"},"modified":"2019-05-10T06:42:42","modified_gmt":"2019-05-10T12:42:42","slug":"dia-de-incendios-en-ozumba","status":"publish","type":"post","link":"https:\/\/volcanes.net\/?p=4546","title":{"rendered":"D\u00eda de incendios en Ozumba"},"content":{"rendered":"<div style=\"margin-top: 0px; margin-bottom: 0px;\" class=\"sharethis-inline-share-buttons\" ><\/div><p>El presidente municipal de Ozumba Valent\u00edn Martinez Castillo, inform\u00f3 que personal de protecci\u00f3n civil combatieron algunos incendios forestales en el territorio del municipio.<\/p>\n<p>Agradeci\u00f3 la participaci\u00f3n de vecinos, que se sumaron de manera voluntaria a los trabajos emprendidos por protecci\u00f3n civil para evitar accidentes.<\/p>\n<p>Inform\u00f3 que el incendio de mayor relevancia se origin\u00f3 muy cerca de la zona de coheter\u00edas, afortunadamente se logr\u00f3 combatir el fuego sin que pasar\u00e1 a mayores.<\/p>\n<p>Por ello el alcalde municipal, Exhort\u00f3 a la poblaci\u00f3n a hacer conciencia, a no generar incendios.<\/p>\n<p>Agreg\u00f3 que en su mayor\u00eda son provocados y ponen en peligro la integridad f\u00edsica de muchas familias.<\/p>\n<p>Martinez Castillo dijo que en \u00e9sta temporada se han combatido m\u00e1s de 30 incendios en diferentes puntos del municipio.<\/p>\n","protected":false},"excerpt":{"rendered":"<p>El presidente municipal de Ozumba Valent\u00edn Martinez Castillo, inform\u00f3 que personal de protecci\u00f3n civil combatieron<\/p>\n","protected":false},"author":1,"featured_media":4545,"comment_status":"open","ping_status":"open","sticky":false,"template":"","format":"standard","meta":{"footnotes":""},"categories":[1],"tags":[14],"class_list":["post-4546","post","type-post","status-publish","format-standard","has-post-thumbnail","hentry","category-municipales","tag-ozumba"],"yoast_head":"<!-- This site is optimized with the Yoast SEO plugin v25.3 - https:\/\/yoast.com\/wordpress\/plugins\/seo\/ -->\n<title>D\u00eda de incendios en Ozumba - Volcanes<\/title>\n<meta name=\"robots\" content=\"index, follow, max-snippet:-1, max-image-preview:large, max-video-preview:-1\" \/>\n<link rel=\"canonical\" href=\"https:\/\/volcanes.net\/?p=4546\" \/>\n<meta property=\"og:locale\" content=\"es_MX\" \/>\n<meta property=\"og:type\" content=\"article\" \/>\n<meta property=\"og:title\" content=\"D\u00eda de incendios en Ozumba - Volcanes\" \/>\n<meta property=\"og:description\" content=\"El presidente municipal de Ozumba Valent\u00edn Martinez Castillo, inform\u00f3 que personal de protecci\u00f3n civil combatieron\" \/>\n<meta property=\"og:url\" content=\"https:\/\/volcanes.net\/?p=4546\" \/>\n<meta property=\"og:site_name\" content=\"Volcanes\" \/>\n<meta property=\"article:publisher\" content=\"https:\/\/www.facebook.com\/volcanes.net\/\" \/>\n<meta property=\"article:published_time\" content=\"2019-05-10T12:41:18+00:00\" \/>\n<meta property=\"article:modified_time\" content=\"2019-05-10T12:42:42+00:00\" \/>\n<meta property=\"og:image\" content=\"https:\/\/volcanes.net\/wp-content\/uploads\/2019\/05\/FB_IMG_1557491118314.jpg\" \/>\n\t<meta property=\"og:image:width\" content=\"720\" \/>\n\t<meta property=\"og:image:height\" content=\"478\" \/>\n\t<meta property=\"og:image:type\" content=\"image\/jpeg\" \/>\n<meta name=\"author\" content=\"admin\" \/>\n<meta name=\"twitter:card\" content=\"summary_large_image\" \/>\n<meta name=\"twitter:label1\" content=\"Escrito por\" \/>\n\t<meta name=\"twitter:data1\" content=\"admin\" \/>\n\t<meta name=\"twitter:label2\" content=\"Tiempo de lectura\" \/>\n\t<meta name=\"twitter:data2\" content=\"1 minuto\" \/>\n<script type=\"application\/ld+json\" class=\"yoast-schema-graph\">{\"@context\":\"https:\/\/schema.org\",\"@graph\":[{\"@type\":\"Article\",\"@id\":\"https:\/\/volcanes.net\/?p=4546#article\",\"isPartOf\":{\"@id\":\"https:\/\/volcanes.net\/?p=4546\"},\"author\":{\"name\":\"admin\",\"@id\":\"https:\/\/volcanes.net\/#\/schema\/person\/4bf0f383940966a4abd53f5048c0e6b9\"},\"headline\":\"D\u00eda de incendios en Ozumba\",\"datePublished\":\"2019-05-10T12:41:18+00:00\",\"dateModified\":\"2019-05-10T12:42:42+00:00\",\"mainEntityOfPage\":{\"@id\":\"https:\/\/volcanes.net\/?p=4546\"},\"wordCount\":137,\"commentCount\":0,\"publisher\":{\"@id\":\"https:\/\/volcanes.net\/#organization\"},\"image\":{\"@id\":\"https:\/\/volcanes.net\/?p=4546#primaryimage\"},\"thumbnailUrl\":\"https:\/\/volcanes.net\/wp-content\/uploads\/2019\/05\/FB_IMG_1557491118314.jpg\",\"keywords\":[\"Ozumba\"],\"articleSection\":[\"Municipales\"],\"inLanguage\":\"es\",\"potentialAction\":[{\"@type\":\"CommentAction\",\"name\":\"Comment\",\"target\":[\"https:\/\/volcanes.net\/?p=4546#respond\"]}]},{\"@type\":\"WebPage\",\"@id\":\"https:\/\/volcanes.net\/?p=4546\",\"url\":\"https:\/\/volcanes.net\/?p=4546\",\"name\":\"D\u00eda de incendios en Ozumba - Volcanes\",\"isPartOf\":{\"@id\":\"https:\/\/volcanes.net\/#website\"},\"primaryImageOfPage\":{\"@id\":\"https:\/\/volcanes.net\/?p=4546#primaryimage\"},\"image\":{\"@id\":\"https:\/\/volcanes.net\/?p=4546#primaryimage\"},\"thumbnailUrl\":\"https:\/\/volcanes.net\/wp-content\/uploads\/2019\/05\/FB_IMG_1557491118314.jpg\",\"datePublished\":\"2019-05-10T12:41:18+00:00\",\"dateModified\":\"2019-05-10T12:42:42+00:00\",\"breadcrumb\":{\"@id\":\"https:\/\/volcanes.net\/?p=4546#breadcrumb\"},\"inLanguage\":\"es\",\"potentialAction\":[{\"@type\":\"ReadAction\",\"target\":[\"https:\/\/volcanes.net\/?p=4546\"]}]},{\"@type\":\"ImageObject\",\"inLanguage\":\"es\",\"@id\":\"https:\/\/volcanes.net\/?p=4546#primaryimage\",\"url\":\"https:\/\/volcanes.net\/wp-content\/uploads\/2019\/05\/FB_IMG_1557491118314.jpg\",\"contentUrl\":\"https:\/\/volcanes.net\/wp-content\/uploads\/2019\/05\/FB_IMG_1557491118314.jpg\",\"width\":720,\"height\":478},{\"@type\":\"BreadcrumbList\",\"@id\":\"https:\/\/volcanes.net\/?p=4546#breadcrumb\",\"itemListElement\":[{\"@type\":\"ListItem\",\"position\":1,\"name\":\"Portada\",\"item\":\"https:\/\/volcanes.net\/\"},{\"@type\":\"ListItem\",\"position\":2,\"name\":\"D\u00eda de incendios en Ozumba\"}]},{\"@type\":\"WebSite\",\"@id\":\"https:\/\/volcanes.net\/#website\",\"url\":\"https:\/\/volcanes.net\/\",\"name\":\"Volcanes.Net\",\"description\":\"Periodismo Profesional\",\"publisher\":{\"@id\":\"https:\/\/volcanes.net\/#organization\"},\"potentialAction\":[{\"@type\":\"SearchAction\",\"target\":{\"@type\":\"EntryPoint\",\"urlTemplate\":\"https:\/\/volcanes.net\/?s={search_term_string}\"},\"query-input\":{\"@type\":\"PropertyValueSpecification\",\"valueRequired\":true,\"valueName\":\"search_term_string\"}}],\"inLanguage\":\"es\"},{\"@type\":\"Organization\",\"@id\":\"https:\/\/volcanes.net\/#organization\",\"name\":\"Grupo Volcanes\",\"url\":\"https:\/\/volcanes.net\/\",\"logo\":{\"@type\":\"ImageObject\",\"inLanguage\":\"es\",\"@id\":\"https:\/\/volcanes.net\/#\/schema\/logo\/image\/\",\"url\":\"http:\/\/volcanes.net\/wp-content\/uploads\/2017\/12\/Avatar2.jpg\",\"contentUrl\":\"http:\/\/volcanes.net\/wp-content\/uploads\/2017\/12\/Avatar2.jpg\",\"width\":378,\"height\":378,\"caption\":\"Grupo Volcanes\"},\"image\":{\"@id\":\"https:\/\/volcanes.net\/#\/schema\/logo\/image\/\"},\"sameAs\":[\"https:\/\/www.facebook.com\/volcanes.net\/\"]},{\"@type\":\"Person\",\"@id\":\"https:\/\/volcanes.net\/#\/schema\/person\/4bf0f383940966a4abd53f5048c0e6b9\",\"name\":\"admin\",\"image\":{\"@type\":\"ImageObject\",\"inLanguage\":\"es\",\"@id\":\"https:\/\/volcanes.net\/#\/schema\/person\/image\/\",\"url\":\"https:\/\/secure.gravatar.com\/avatar\/ca004e6cba8462b8cb7abc86e382930c?s=96&d=mm&r=g\",\"contentUrl\":\"https:\/\/secure.gravatar.com\/avatar\/ca004e6cba8462b8cb7abc86e382930c?s=96&d=mm&r=g\",\"caption\":\"admin\"}}]}<\/script>\n<!-- \/ Yoast SEO plugin. -->","yoast_head_json":{"title":"D\u00eda de incendios en Ozumba - Volcanes","robots":{"index":"index","follow":"follow","max-snippet":"max-snippet:-1","max-image-preview":"max-image-preview:large","max-video-preview":"max-video-preview:-1"},"canonical":"https:\/\/volcanes.net\/?p=4546","og_locale":"es_MX","og_type":"article","og_title":"D\u00eda de incendios en Ozumba - Volcanes","og_description":"El presidente municipal de Ozumba Valent\u00edn Martinez Castillo, inform\u00f3 que personal de protecci\u00f3n civil combatieron","og_url":"https:\/\/volcanes.net\/?p=4546","og_site_name":"Volcanes","article_publisher":"https:\/\/www.facebook.com\/volcanes.net\/","article_published_time":"2019-05-10T12:41:18+00:00","article_modified_time":"2019-05-10T12:42:42+00:00","og_image":[{"width":720,"height":478,"url":"https:\/\/volcanes.net\/wp-content\/uploads\/2019\/05\/FB_IMG_1557491118314.jpg","type":"image\/jpeg"}],"author":"admin","twitter_card":"summary_large_image","twitter_misc":{"Escrito por":"admin","Tiempo de lectura":"1 minuto"},"schema":{"@context":"https:\/\/schema.org","@graph":[{"@type":"Article","@id":"https:\/\/volcanes.net\/?p=4546#article","isPartOf":{"@id":"https:\/\/volcanes.net\/?p=4546"},"author":{"name":"admin","@id":"https:\/\/volcanes.net\/#\/schema\/person\/4bf0f383940966a4abd53f5048c0e6b9"},"headline":"D\u00eda de incendios en Ozumba","datePublished":"2019-05-10T12:41:18+00:00","dateModified":"2019-05-10T12:42:42+00:00","mainEntityOfPage":{"@id":"https:\/\/volcanes.net\/?p=4546"},"wordCount":137,"commentCount":0,"publisher":{"@id":"https:\/\/volcanes.net\/#organization"},"image":{"@id":"https:\/\/volcanes.net\/?p=4546#primaryimage"},"thumbnailUrl":"https:\/\/volcanes.net\/wp-content\/uploads\/2019\/05\/FB_IMG_1557491118314.jpg","keywords":["Ozumba"],"articleSection":["Municipales"],"inLanguage":"es","potentialAction":[{"@type":"CommentAction","name":"Comment","target":["https:\/\/volcanes.net\/?p=4546#respond"]}]},{"@type":"WebPage","@id":"https:\/\/volcanes.net\/?p=4546","url":"https:\/\/volcanes.net\/?p=4546","name":"D\u00eda de incendios en Ozumba - Volcanes","isPartOf":{"@id":"https:\/\/volcanes.net\/#website"},"primaryImageOfPage":{"@id":"https:\/\/volcanes.net\/?p=4546#primaryimage"},"image":{"@id":"https:\/\/volcanes.net\/?p=4546#primaryimage"},"thumbnailUrl":"https:\/\/volcanes.net\/wp-content\/uploads\/2019\/05\/FB_IMG_1557491118314.jpg","datePublished":"2019-05-10T12:41:18+00:00","dateModified":"2019-05-10T12:42:42+00:00","breadcrumb":{"@id":"https:\/\/volcanes.net\/?p=4546#breadcrumb"},"inLanguage":"es","potentialAction":[{"@type":"ReadAction","target":["https:\/\/volcanes.net\/?p=4546"]}]},{"@type":"ImageObject","inLanguage":"es","@id":"https:\/\/volcanes.net\/?p=4546#primaryimage","url":"https:\/\/volcanes.net\/wp-content\/uploads\/2019\/05\/FB_IMG_1557491118314.jpg","contentUrl":"https:\/\/volcanes.net\/wp-content\/uploads\/2019\/05\/FB_IMG_1557491118314.jpg","width":720,"height":478},{"@type":"BreadcrumbList","@id":"https:\/\/volcanes.net\/?p=4546#breadcrumb","itemListElement":[{"@type":"ListItem","position":1,"name":"Portada","item":"https:\/\/volcanes.net\/"},{"@type":"ListItem","position":2,"name":"D\u00eda de incendios en Ozumba"}]},{"@type":"WebSite","@id":"https:\/\/volcanes.net\/#website","url":"https:\/\/volcanes.net\/","name":"Volcanes.Net","description":"Periodismo Profesional","publisher":{"@id":"https:\/\/volcanes.net\/#organization"},"potentialAction":[{"@type":"SearchAction","target":{"@type":"EntryPoint","urlTemplate":"https:\/\/volcanes.net\/?s={search_term_string}"},"query-input":{"@type":"PropertyValueSpecification","valueRequired":true,"valueName":"search_term_string"}}],"inLanguage":"es"},{"@type":"Organization","@id":"https:\/\/volcanes.net\/#organization","name":"Grupo Volcanes","url":"https:\/\/volcanes.net\/","logo":{"@type":"ImageObject","inLanguage":"es","@id":"https:\/\/volcanes.net\/#\/schema\/logo\/image\/","url":"http:\/\/volcanes.net\/wp-content\/uploads\/2017\/12\/Avatar2.jpg","contentUrl":"http:\/\/volcanes.net\/wp-content\/uploads\/2017\/12\/Avatar2.jpg","width":378,"height":378,"caption":"Grupo Volcanes"},"image":{"@id":"https:\/\/volcanes.net\/#\/schema\/logo\/image\/"},"sameAs":["https:\/\/www.facebook.com\/volcanes.net\/"]},{"@type":"Person","@id":"https:\/\/volcanes.net\/#\/schema\/person\/4bf0f383940966a4abd53f5048c0e6b9","name":"admin","image":{"@type":"ImageObject","inLanguage":"es","@id":"https:\/\/volcanes.net\/#\/schema\/person\/image\/","url":"https:\/\/secure.gravatar.com\/avatar\/ca004e6cba8462b8cb7abc86e382930c?s=96&d=mm&r=g","contentUrl":"https:\/\/secure.gravatar.com\/avatar\/ca004e6cba8462b8cb7abc86e382930c?s=96&d=mm&r=g","caption":"admin"}}]}},"_links":{"self":[{"href":"https:\/\/volcanes.net\/index.php?rest_route=\/wp\/v2\/posts\/4546"}],"collection":[{"href":"https:\/\/volcanes.net\/index.php?rest_route=\/wp\/v2\/posts"}],"about":[{"href":"https:\/\/volcanes.net\/index.php?rest_route=\/wp\/v2\/types\/post"}],"author":[{"embeddable":true,"href":"https:\/\/volcanes.net\/index.php?rest_route=\/wp\/v2\/users\/1"}],"replies":[{"embeddable":true,"href":"https:\/\/volcanes.net\/index.php?rest_route=%2Fwp%2Fv2%2Fcomments&post=4546"}],"version-history":[{"count":1,"href":"https:\/\/volcanes.net\/index.php?rest_route=\/wp\/v2\/posts\/4546\/revisions"}],"predecessor-version":[{"id":4547,"href":"https:\/\/volcanes.net\/index.php?rest_route=\/wp\/v2\/posts\/4546\/revisions\/4547"}],"wp:featuredmedia":[{"embeddable":true,"href":"https:\/\/volcanes.net\/index.php?rest_route=\/wp\/v2\/media\/4545"}],"wp:attachment":[{"href":"https:\/\/volcanes.net\/index.php?rest_route=%2Fwp%2Fv2%2Fmedia&parent=4546"}],"wp:term":[{"taxonomy":"category","embeddable":true,"href":"https:\/\/volcanes.net\/index.php?rest_route=%2Fwp%2Fv2%2Fcategories&post=4546"},{"taxonomy":"post_tag","embeddable":true,"href":"https:\/\/volcanes.net\/index.php?rest_route=%2Fwp%2Fv2%2Ftags&post=4546"}],"curies":[{"name":"wp","href":"https:\/\/api.w.org\/{rel}","templated":true}]}}