{"id":4555,"date":"2019-05-10T10:54:46","date_gmt":"2019-05-10T16:54:46","guid":{"rendered":"http:\/\/volcanes.net\/?p=4555"},"modified":"2019-05-10T10:55:44","modified_gmt":"2019-05-10T16:55:44","slug":"distinguen-con-presea-honor-estado-de-mexico-la-eficiencia-y-profesionalismo-de-docentes-mexiquenses","status":"publish","type":"post","link":"https:\/\/volcanes.net\/?p=4555","title":{"rendered":"Distinguen con presea \u201chonor Estado de M\u00e9xico\u201d la eficiencia y profesionalismo de docentes mexiquenses"},"content":{"rendered":"<div style=\"margin-top: 0px; margin-bottom: 0px;\" class=\"sharethis-inline-share-buttons\" ><\/div><p>\u2022\t_Eval\u00faa Consejo T\u00e9cnico propuestas de los participantes._<br \/>\n\u2022\t_Ser\u00e1 el D\u00eda del Maestro cuando el Gobernador del Estado de M\u00e9xico, Alfredo Del Mazo, entregue los galardones._<\/p>\n<p>*Toluca, Estado de M\u00e9xico, 10 de mayo de 2019.* A fin de reconocer a los profesionistas al servicio de la educaci\u00f3n que se distinguen en grado eminente por su eficiencia, constancia y m\u00e9ritos profesionales, el Consejo T\u00e9cnico de la Presea de \u201cHonor Estado de M\u00e9xico\u201d 2019, que encabeza el Secretario de Educaci\u00f3n, Alejandro Fern\u00e1ndez Campillo, sesion\u00f3 para conocer y analizar las propuestas de docentes que aspiran a obtener este galard\u00f3n.<\/p>\n<p>El Consejo T\u00e9cnico de dicha Presea est\u00e1 conformado por un Presidente, un Secretario T\u00e9cnico y 10 Consejeros, entre ellos, maestros galardonados de a\u00f1os anteriores y representantes del Sindicato Nacional de Trabajadores de la Educaci\u00f3n y del Sindicato de Maestros al Servicio del Estado de M\u00e9xico.<\/p>\n<p>Este Consejo es el responsable de seleccionar a los galardonados, de acuerdo con los requisitos establecidos en la convocatoria lanzada por el Gobierno del Estado de M\u00e9xico, a trav\u00e9s de la Secretar\u00eda de Educaci\u00f3n.<\/p>\n<p>La Presea \u201cHonor Estado de M\u00e9xico\u201d se entrega a 12 maestros del subsistema educativo estatal y a 12 del subsistema federalizado durante la ceremonia solemne conmemorativa al D\u00eda del Maestro, encabezada por el Gobernador del Estado de M\u00e9xico, Alfredo Del Mazo Maza.<\/p>\n<p>Los nombres de los ganadores se publicar\u00e1n en el Peri\u00f3dico Oficial \u201cGaceta del Gobierno\u201d, donde se dar\u00e1 a conocer el lugar, d\u00eda y hora para la entrega del reconocimiento.<\/p>\n","protected":false},"excerpt":{"rendered":"<p>\u2022 _Eval\u00faa Consejo T\u00e9cnico propuestas de los participantes._ \u2022 _Ser\u00e1 el D\u00eda del Maestro cuando<\/p>\n","protected":false},"author":1,"featured_media":4554,"comment_status":"open","ping_status":"open","sticky":false,"template":"","format":"standard","meta":{"footnotes":""},"categories":[3],"tags":[4],"class_list":["post-4555","post","type-post","status-publish","format-standard","has-post-thumbnail","hentry","category-estatales","tag-gobierno-del-estado-de-mexico"],"yoast_head":"<!-- This site is optimized with the Yoast SEO plugin v25.3 - https:\/\/yoast.com\/wordpress\/plugins\/seo\/ -->\n<title>Distinguen con presea \u201chonor Estado de M\u00e9xico\u201d la eficiencia y profesionalismo de docentes mexiquenses - Volcanes<\/title>\n<meta name=\"robots\" content=\"index, follow, max-snippet:-1, max-image-preview:large, max-video-preview:-1\" \/>\n<link rel=\"canonical\" href=\"https:\/\/volcanes.net\/?p=4555\" \/>\n<meta property=\"og:locale\" content=\"es_MX\" \/>\n<meta property=\"og:type\" content=\"article\" \/>\n<meta property=\"og:title\" content=\"Distinguen con presea \u201chonor Estado de M\u00e9xico\u201d la eficiencia y profesionalismo de docentes mexiquenses - Volcanes\" \/>\n<meta property=\"og:description\" content=\"\u2022 _Eval\u00faa Consejo T\u00e9cnico propuestas de los participantes._ \u2022 _Ser\u00e1 el D\u00eda del Maestro cuando\" \/>\n<meta property=\"og:url\" content=\"https:\/\/volcanes.net\/?p=4555\" \/>\n<meta property=\"og:site_name\" content=\"Volcanes\" \/>\n<meta property=\"article:publisher\" content=\"https:\/\/www.facebook.com\/volcanes.net\/\" \/>\n<meta property=\"article:published_time\" content=\"2019-05-10T16:54:46+00:00\" \/>\n<meta property=\"article:modified_time\" content=\"2019-05-10T16:55:44+00:00\" \/>\n<meta property=\"og:image\" content=\"https:\/\/volcanes.net\/wp-content\/uploads\/2019\/05\/IMG-20190510-WA0019_compress_28.jpg\" \/>\n\t<meta property=\"og:image:width\" content=\"1280\" \/>\n\t<meta property=\"og:image:height\" content=\"623\" \/>\n\t<meta property=\"og:image:type\" content=\"image\/jpeg\" \/>\n<meta name=\"author\" content=\"admin\" \/>\n<meta name=\"twitter:card\" content=\"summary_large_image\" \/>\n<meta name=\"twitter:label1\" content=\"Escrito por\" \/>\n\t<meta name=\"twitter:data1\" content=\"admin\" \/>\n\t<meta name=\"twitter:label2\" content=\"Tiempo de lectura\" \/>\n\t<meta name=\"twitter:data2\" content=\"1 minuto\" \/>\n<script type=\"application\/ld+json\" class=\"yoast-schema-graph\">{\"@context\":\"https:\/\/schema.org\",\"@graph\":[{\"@type\":\"Article\",\"@id\":\"https:\/\/volcanes.net\/?p=4555#article\",\"isPartOf\":{\"@id\":\"https:\/\/volcanes.net\/?p=4555\"},\"author\":{\"name\":\"admin\",\"@id\":\"https:\/\/volcanes.net\/#\/schema\/person\/4bf0f383940966a4abd53f5048c0e6b9\"},\"headline\":\"Distinguen con presea \u201chonor Estado de M\u00e9xico\u201d la eficiencia y profesionalismo de docentes mexiquenses\",\"datePublished\":\"2019-05-10T16:54:46+00:00\",\"dateModified\":\"2019-05-10T16:55:44+00:00\",\"mainEntityOfPage\":{\"@id\":\"https:\/\/volcanes.net\/?p=4555\"},\"wordCount\":281,\"commentCount\":0,\"publisher\":{\"@id\":\"https:\/\/volcanes.net\/#organization\"},\"image\":{\"@id\":\"https:\/\/volcanes.net\/?p=4555#primaryimage\"},\"thumbnailUrl\":\"https:\/\/volcanes.net\/wp-content\/uploads\/2019\/05\/IMG-20190510-WA0019_compress_28.jpg\",\"keywords\":[\"Gobierno del Estado de M\u00e9xico\"],\"articleSection\":[\"Estatales\"],\"inLanguage\":\"es\",\"potentialAction\":[{\"@type\":\"CommentAction\",\"name\":\"Comment\",\"target\":[\"https:\/\/volcanes.net\/?p=4555#respond\"]}]},{\"@type\":\"WebPage\",\"@id\":\"https:\/\/volcanes.net\/?p=4555\",\"url\":\"https:\/\/volcanes.net\/?p=4555\",\"name\":\"Distinguen con presea \u201chonor Estado de M\u00e9xico\u201d la eficiencia y profesionalismo de docentes mexiquenses - Volcanes\",\"isPartOf\":{\"@id\":\"https:\/\/volcanes.net\/#website\"},\"primaryImageOfPage\":{\"@id\":\"https:\/\/volcanes.net\/?p=4555#primaryimage\"},\"image\":{\"@id\":\"https:\/\/volcanes.net\/?p=4555#primaryimage\"},\"thumbnailUrl\":\"https:\/\/volcanes.net\/wp-content\/uploads\/2019\/05\/IMG-20190510-WA0019_compress_28.jpg\",\"datePublished\":\"2019-05-10T16:54:46+00:00\",\"dateModified\":\"2019-05-10T16:55:44+00:00\",\"breadcrumb\":{\"@id\":\"https:\/\/volcanes.net\/?p=4555#breadcrumb\"},\"inLanguage\":\"es\",\"potentialAction\":[{\"@type\":\"ReadAction\",\"target\":[\"https:\/\/volcanes.net\/?p=4555\"]}]},{\"@type\":\"ImageObject\",\"inLanguage\":\"es\",\"@id\":\"https:\/\/volcanes.net\/?p=4555#primaryimage\",\"url\":\"https:\/\/volcanes.net\/wp-content\/uploads\/2019\/05\/IMG-20190510-WA0019_compress_28.jpg\",\"contentUrl\":\"https:\/\/volcanes.net\/wp-content\/uploads\/2019\/05\/IMG-20190510-WA0019_compress_28.jpg\",\"width\":1280,\"height\":623},{\"@type\":\"BreadcrumbList\",\"@id\":\"https:\/\/volcanes.net\/?p=4555#breadcrumb\",\"itemListElement\":[{\"@type\":\"ListItem\",\"position\":1,\"name\":\"Portada\",\"item\":\"https:\/\/volcanes.net\/\"},{\"@type\":\"ListItem\",\"position\":2,\"name\":\"Distinguen con presea \u201chonor Estado de M\u00e9xico\u201d la eficiencia y profesionalismo de docentes mexiquenses\"}]},{\"@type\":\"WebSite\",\"@id\":\"https:\/\/volcanes.net\/#website\",\"url\":\"https:\/\/volcanes.net\/\",\"name\":\"Volcanes.Net\",\"description\":\"Periodismo Profesional\",\"publisher\":{\"@id\":\"https:\/\/volcanes.net\/#organization\"},\"potentialAction\":[{\"@type\":\"SearchAction\",\"target\":{\"@type\":\"EntryPoint\",\"urlTemplate\":\"https:\/\/volcanes.net\/?s={search_term_string}\"},\"query-input\":{\"@type\":\"PropertyValueSpecification\",\"valueRequired\":true,\"valueName\":\"search_term_string\"}}],\"inLanguage\":\"es\"},{\"@type\":\"Organization\",\"@id\":\"https:\/\/volcanes.net\/#organization\",\"name\":\"Grupo Volcanes\",\"url\":\"https:\/\/volcanes.net\/\",\"logo\":{\"@type\":\"ImageObject\",\"inLanguage\":\"es\",\"@id\":\"https:\/\/volcanes.net\/#\/schema\/logo\/image\/\",\"url\":\"http:\/\/volcanes.net\/wp-content\/uploads\/2017\/12\/Avatar2.jpg\",\"contentUrl\":\"http:\/\/volcanes.net\/wp-content\/uploads\/2017\/12\/Avatar2.jpg\",\"width\":378,\"height\":378,\"caption\":\"Grupo Volcanes\"},\"image\":{\"@id\":\"https:\/\/volcanes.net\/#\/schema\/logo\/image\/\"},\"sameAs\":[\"https:\/\/www.facebook.com\/volcanes.net\/\"]},{\"@type\":\"Person\",\"@id\":\"https:\/\/volcanes.net\/#\/schema\/person\/4bf0f383940966a4abd53f5048c0e6b9\",\"name\":\"admin\",\"image\":{\"@type\":\"ImageObject\",\"inLanguage\":\"es\",\"@id\":\"https:\/\/volcanes.net\/#\/schema\/person\/image\/\",\"url\":\"https:\/\/secure.gravatar.com\/avatar\/ca004e6cba8462b8cb7abc86e382930c?s=96&d=mm&r=g\",\"contentUrl\":\"https:\/\/secure.gravatar.com\/avatar\/ca004e6cba8462b8cb7abc86e382930c?s=96&d=mm&r=g\",\"caption\":\"admin\"}}]}<\/script>\n<!-- \/ Yoast SEO plugin. -->","yoast_head_json":{"title":"Distinguen con presea \u201chonor Estado de M\u00e9xico\u201d la eficiencia y profesionalismo de docentes mexiquenses - Volcanes","robots":{"index":"index","follow":"follow","max-snippet":"max-snippet:-1","max-image-preview":"max-image-preview:large","max-video-preview":"max-video-preview:-1"},"canonical":"https:\/\/volcanes.net\/?p=4555","og_locale":"es_MX","og_type":"article","og_title":"Distinguen con presea \u201chonor Estado de M\u00e9xico\u201d la eficiencia y profesionalismo de docentes mexiquenses - Volcanes","og_description":"\u2022 _Eval\u00faa Consejo T\u00e9cnico propuestas de los participantes._ \u2022 _Ser\u00e1 el D\u00eda del Maestro cuando","og_url":"https:\/\/volcanes.net\/?p=4555","og_site_name":"Volcanes","article_publisher":"https:\/\/www.facebook.com\/volcanes.net\/","article_published_time":"2019-05-10T16:54:46+00:00","article_modified_time":"2019-05-10T16:55:44+00:00","og_image":[{"width":1280,"height":623,"url":"https:\/\/volcanes.net\/wp-content\/uploads\/2019\/05\/IMG-20190510-WA0019_compress_28.jpg","type":"image\/jpeg"}],"author":"admin","twitter_card":"summary_large_image","twitter_misc":{"Escrito por":"admin","Tiempo de lectura":"1 minuto"},"schema":{"@context":"https:\/\/schema.org","@graph":[{"@type":"Article","@id":"https:\/\/volcanes.net\/?p=4555#article","isPartOf":{"@id":"https:\/\/volcanes.net\/?p=4555"},"author":{"name":"admin","@id":"https:\/\/volcanes.net\/#\/schema\/person\/4bf0f383940966a4abd53f5048c0e6b9"},"headline":"Distinguen con presea \u201chonor Estado de M\u00e9xico\u201d la eficiencia y profesionalismo de docentes mexiquenses","datePublished":"2019-05-10T16:54:46+00:00","dateModified":"2019-05-10T16:55:44+00:00","mainEntityOfPage":{"@id":"https:\/\/volcanes.net\/?p=4555"},"wordCount":281,"commentCount":0,"publisher":{"@id":"https:\/\/volcanes.net\/#organization"},"image":{"@id":"https:\/\/volcanes.net\/?p=4555#primaryimage"},"thumbnailUrl":"https:\/\/volcanes.net\/wp-content\/uploads\/2019\/05\/IMG-20190510-WA0019_compress_28.jpg","keywords":["Gobierno del Estado de M\u00e9xico"],"articleSection":["Estatales"],"inLanguage":"es","potentialAction":[{"@type":"CommentAction","name":"Comment","target":["https:\/\/volcanes.net\/?p=4555#respond"]}]},{"@type":"WebPage","@id":"https:\/\/volcanes.net\/?p=4555","url":"https:\/\/volcanes.net\/?p=4555","name":"Distinguen con presea \u201chonor Estado de M\u00e9xico\u201d la eficiencia y profesionalismo de docentes mexiquenses - Volcanes","isPartOf":{"@id":"https:\/\/volcanes.net\/#website"},"primaryImageOfPage":{"@id":"https:\/\/volcanes.net\/?p=4555#primaryimage"},"image":{"@id":"https:\/\/volcanes.net\/?p=4555#primaryimage"},"thumbnailUrl":"https:\/\/volcanes.net\/wp-content\/uploads\/2019\/05\/IMG-20190510-WA0019_compress_28.jpg","datePublished":"2019-05-10T16:54:46+00:00","dateModified":"2019-05-10T16:55:44+00:00","breadcrumb":{"@id":"https:\/\/volcanes.net\/?p=4555#breadcrumb"},"inLanguage":"es","potentialAction":[{"@type":"ReadAction","target":["https:\/\/volcanes.net\/?p=4555"]}]},{"@type":"ImageObject","inLanguage":"es","@id":"https:\/\/volcanes.net\/?p=4555#primaryimage","url":"https:\/\/volcanes.net\/wp-content\/uploads\/2019\/05\/IMG-20190510-WA0019_compress_28.jpg","contentUrl":"https:\/\/volcanes.net\/wp-content\/uploads\/2019\/05\/IMG-20190510-WA0019_compress_28.jpg","width":1280,"height":623},{"@type":"BreadcrumbList","@id":"https:\/\/volcanes.net\/?p=4555#breadcrumb","itemListElement":[{"@type":"ListItem","position":1,"name":"Portada","item":"https:\/\/volcanes.net\/"},{"@type":"ListItem","position":2,"name":"Distinguen con presea \u201chonor Estado de M\u00e9xico\u201d la eficiencia y profesionalismo de docentes mexiquenses"}]},{"@type":"WebSite","@id":"https:\/\/volcanes.net\/#website","url":"https:\/\/volcanes.net\/","name":"Volcanes.Net","description":"Periodismo Profesional","publisher":{"@id":"https:\/\/volcanes.net\/#organization"},"potentialAction":[{"@type":"SearchAction","target":{"@type":"EntryPoint","urlTemplate":"https:\/\/volcanes.net\/?s={search_term_string}"},"query-input":{"@type":"PropertyValueSpecification","valueRequired":true,"valueName":"search_term_string"}}],"inLanguage":"es"},{"@type":"Organization","@id":"https:\/\/volcanes.net\/#organization","name":"Grupo Volcanes","url":"https:\/\/volcanes.net\/","logo":{"@type":"ImageObject","inLanguage":"es","@id":"https:\/\/volcanes.net\/#\/schema\/logo\/image\/","url":"http:\/\/volcanes.net\/wp-content\/uploads\/2017\/12\/Avatar2.jpg","contentUrl":"http:\/\/volcanes.net\/wp-content\/uploads\/2017\/12\/Avatar2.jpg","width":378,"height":378,"caption":"Grupo Volcanes"},"image":{"@id":"https:\/\/volcanes.net\/#\/schema\/logo\/image\/"},"sameAs":["https:\/\/www.facebook.com\/volcanes.net\/"]},{"@type":"Person","@id":"https:\/\/volcanes.net\/#\/schema\/person\/4bf0f383940966a4abd53f5048c0e6b9","name":"admin","image":{"@type":"ImageObject","inLanguage":"es","@id":"https:\/\/volcanes.net\/#\/schema\/person\/image\/","url":"https:\/\/secure.gravatar.com\/avatar\/ca004e6cba8462b8cb7abc86e382930c?s=96&d=mm&r=g","contentUrl":"https:\/\/secure.gravatar.com\/avatar\/ca004e6cba8462b8cb7abc86e382930c?s=96&d=mm&r=g","caption":"admin"}}]}},"_links":{"self":[{"href":"https:\/\/volcanes.net\/index.php?rest_route=\/wp\/v2\/posts\/4555"}],"collection":[{"href":"https:\/\/volcanes.net\/index.php?rest_route=\/wp\/v2\/posts"}],"about":[{"href":"https:\/\/volcanes.net\/index.php?rest_route=\/wp\/v2\/types\/post"}],"author":[{"embeddable":true,"href":"https:\/\/volcanes.net\/index.php?rest_route=\/wp\/v2\/users\/1"}],"replies":[{"embeddable":true,"href":"https:\/\/volcanes.net\/index.php?rest_route=%2Fwp%2Fv2%2Fcomments&post=4555"}],"version-history":[{"count":1,"href":"https:\/\/volcanes.net\/index.php?rest_route=\/wp\/v2\/posts\/4555\/revisions"}],"predecessor-version":[{"id":4556,"href":"https:\/\/volcanes.net\/index.php?rest_route=\/wp\/v2\/posts\/4555\/revisions\/4556"}],"wp:featuredmedia":[{"embeddable":true,"href":"https:\/\/volcanes.net\/index.php?rest_route=\/wp\/v2\/media\/4554"}],"wp:attachment":[{"href":"https:\/\/volcanes.net\/index.php?rest_route=%2Fwp%2Fv2%2Fmedia&parent=4555"}],"wp:term":[{"taxonomy":"category","embeddable":true,"href":"https:\/\/volcanes.net\/index.php?rest_route=%2Fwp%2Fv2%2Fcategories&post=4555"},{"taxonomy":"post_tag","embeddable":true,"href":"https:\/\/volcanes.net\/index.php?rest_route=%2Fwp%2Fv2%2Ftags&post=4555"}],"curies":[{"name":"wp","href":"https:\/\/api.w.org\/{rel}","templated":true}]}}