{"id":4558,"date":"2019-05-10T11:05:42","date_gmt":"2019-05-10T17:05:42","guid":{"rendered":"http:\/\/volcanes.net\/?p=4558"},"modified":"2019-05-10T11:06:09","modified_gmt":"2019-05-10T17:06:09","slug":"se-empodera-a-las-mujeres-de-tlalnepantla-con-talleres-productivos","status":"publish","type":"post","link":"https:\/\/volcanes.net\/?p=4558","title":{"rendered":"Se empodera a las mujeres de Tlalnepantla con talleres productivos"},"content":{"rendered":"<div style=\"margin-top: 0px; margin-bottom: 0px;\" class=\"sharethis-inline-share-buttons\" ><\/div><p style=\"box-sizing:border-box; margin-top:0px; margin-bottom:1rem; color:rgb(51,51,51); font-family:\" helveticaneue\",helvetica,arial,sans-serif; font-size:14.14px; font-style:normal; font-variant-ligatures:normal; font-variant-caps:normal; font-weight:400; letter-spacing:normal; orphans:2text-indent:0px; text-transform:none; white-space:normal; widows:2; word-spacing:0px; -webkit-text-stroke-width:0px; background-color:rgb(255,255,255); text-decoration-style:initial; text-decoration-color:initial; text-align:left;\">Para empoderar a las mujeres de nuestra ciudad y tengan mejores oportunidades de desarrollo personal y profesional, el Gobierno de Tlalnepantla visitar\u00e1 del 12 al 30 de mayo diversas colonias del municipio en las que se impartir\u00e1n talleres con perspectiva de g\u00e9nero.<\/p>\n<p style=\"box-sizing:border-box; margin-top:0px; margin-bottom:1rem; color:rgb(51,51,51); font-family:\" helveticaneue\",helvetica,arial,sans-serif; font-size:14.14px; font-style:normal; font-variant-ligatures:normal; font-variant-caps:normal; font-weight:400; letter-spacing:normal; orphans:2text-indent:0px; text-transform:none; white-space:normal; widows:2; word-spacing:0px; -webkit-text-stroke-width:0px; background-color:rgb(255,255,255); text-decoration-style:initial; text-decoration-color:initial; text-align:left;\">El Instituto Municipal para las Mujeres y la Equidad de G\u00e9nero (IMMEG) inform\u00f3 que el objetivo principal de estos talleres es generar un ambiente l\u00fadico y de encuentro en el que se fomente la creatividad, con el prop\u00f3sito de estimular su imaginaci\u00f3n, autoexpresi\u00f3n y productividad.<\/p>\n<p style=\"box-sizing:border-box; margin-top:0px; margin-bottom:1rem; color:rgb(51,51,51); font-family:\" helveticaneue\",helvetica,arial,sans-serif; font-size:14.14px; font-style:normal; font-variant-ligatures:normal; font-variant-caps:normal; font-weight:400; letter-spacing:normal; orphans:2text-indent:0px; text-transform:none; white-space:normal; widows:2; word-spacing:0px; -webkit-text-stroke-width:0px; background-color:rgb(255,255,255); text-decoration-style:initial; text-decoration-color:initial; text-align:left;\">El IMMEG visitar\u00e1 el domingo 12 las colonias Prensa Nacional, Gustavo Baz y Chalma La Barranca, en donde se impartir\u00e1 el taller de flores de reciclado y figuras de fomi; a igual que en San Andr\u00e9s Atengo, el d\u00eda 16; en tanto que el martes 14, en la colonia Las Palomas, el tema ser\u00e1 la elaboraci\u00f3n de tacos de canasta.<\/p>\n<p style=\"box-sizing:border-box; margin-top:0px; margin-bottom:1rem; color:rgb(51,51,51); font-family:\" helveticaneue\",helvetica,arial,sans-serif; font-size:14.14px; font-style:normal; font-variant-ligatures:normal; font-variant-caps:normal; font-weight:400; letter-spacing:normal; orphans:2text-indent:0px; text-transform:none; white-space:normal; widows:2; word-spacing:0px; -webkit-text-stroke-width:0px; background-color:rgb(255,255,255); text-decoration-style:initial; text-decoration-color:initial; text-align:left;\">Asimismo, el viernes 17 en Tlalnepantla Centro se impartir\u00e1 un taller para realizar falso vitral; el jueves 23, la colonia Prensa Nacional, y el martes 28, en Reforma Urbana, se ense\u00f1ar\u00e1n a hacer tacos de canasta; y el jueves 30, en la colonia L\u00e1zaro C\u00e1rdenas, adem\u00e1s de la preparaci\u00f3n de este alimento, se realizar\u00e1n flores de reciclado.<\/p>\n","protected":false},"excerpt":{"rendered":"<p>Para empoderar a las mujeres de nuestra ciudad y tengan mejores oportunidades de desarrollo personal<\/p>\n","protected":false},"author":1,"featured_media":4557,"comment_status":"open","ping_status":"open","sticky":false,"template":"","format":"standard","meta":{"footnotes":""},"categories":[1],"tags":[92],"class_list":["post-4558","post","type-post","status-publish","format-standard","has-post-thumbnail","hentry","category-municipales","tag-tlalnepantla"],"yoast_head":"<!-- This site is optimized with the Yoast SEO plugin v25.3 - https:\/\/yoast.com\/wordpress\/plugins\/seo\/ -->\n<title>Se empodera a las mujeres de Tlalnepantla con talleres productivos - Volcanes<\/title>\n<meta name=\"robots\" content=\"index, follow, max-snippet:-1, max-image-preview:large, max-video-preview:-1\" \/>\n<link rel=\"canonical\" href=\"https:\/\/volcanes.net\/?p=4558\" \/>\n<meta property=\"og:locale\" content=\"es_MX\" \/>\n<meta property=\"og:type\" content=\"article\" \/>\n<meta property=\"og:title\" content=\"Se empodera a las mujeres de Tlalnepantla con talleres productivos - Volcanes\" \/>\n<meta property=\"og:description\" content=\"Para empoderar a las mujeres de nuestra ciudad y tengan mejores oportunidades de desarrollo personal\" \/>\n<meta property=\"og:url\" content=\"https:\/\/volcanes.net\/?p=4558\" \/>\n<meta property=\"og:site_name\" content=\"Volcanes\" \/>\n<meta property=\"article:publisher\" content=\"https:\/\/www.facebook.com\/volcanes.net\/\" \/>\n<meta property=\"article:published_time\" content=\"2019-05-10T17:05:42+00:00\" \/>\n<meta property=\"article:modified_time\" content=\"2019-05-10T17:06:09+00:00\" \/>\n<meta property=\"og:image\" content=\"https:\/\/volcanes.net\/wp-content\/uploads\/2019\/05\/FB_IMG_1557507904695.jpg\" \/>\n\t<meta property=\"og:image:width\" content=\"720\" \/>\n\t<meta property=\"og:image:height\" content=\"424\" \/>\n\t<meta property=\"og:image:type\" content=\"image\/jpeg\" \/>\n<meta name=\"author\" content=\"admin\" \/>\n<meta name=\"twitter:card\" content=\"summary_large_image\" \/>\n<meta name=\"twitter:label1\" content=\"Escrito por\" \/>\n\t<meta name=\"twitter:data1\" content=\"admin\" \/>\n\t<meta name=\"twitter:label2\" content=\"Tiempo de lectura\" \/>\n\t<meta name=\"twitter:data2\" content=\"1 minuto\" \/>\n<script type=\"application\/ld+json\" class=\"yoast-schema-graph\">{\"@context\":\"https:\/\/schema.org\",\"@graph\":[{\"@type\":\"Article\",\"@id\":\"https:\/\/volcanes.net\/?p=4558#article\",\"isPartOf\":{\"@id\":\"https:\/\/volcanes.net\/?p=4558\"},\"author\":{\"name\":\"admin\",\"@id\":\"https:\/\/volcanes.net\/#\/schema\/person\/4bf0f383940966a4abd53f5048c0e6b9\"},\"headline\":\"Se empodera a las mujeres de Tlalnepantla con talleres productivos\",\"datePublished\":\"2019-05-10T17:05:42+00:00\",\"dateModified\":\"2019-05-10T17:06:09+00:00\",\"mainEntityOfPage\":{\"@id\":\"https:\/\/volcanes.net\/?p=4558\"},\"wordCount\":222,\"commentCount\":0,\"publisher\":{\"@id\":\"https:\/\/volcanes.net\/#organization\"},\"image\":{\"@id\":\"https:\/\/volcanes.net\/?p=4558#primaryimage\"},\"thumbnailUrl\":\"https:\/\/volcanes.net\/wp-content\/uploads\/2019\/05\/FB_IMG_1557507904695.jpg\",\"keywords\":[\"Tlalnepantla\"],\"articleSection\":[\"Municipales\"],\"inLanguage\":\"es\",\"potentialAction\":[{\"@type\":\"CommentAction\",\"name\":\"Comment\",\"target\":[\"https:\/\/volcanes.net\/?p=4558#respond\"]}]},{\"@type\":\"WebPage\",\"@id\":\"https:\/\/volcanes.net\/?p=4558\",\"url\":\"https:\/\/volcanes.net\/?p=4558\",\"name\":\"Se empodera a las mujeres de Tlalnepantla con talleres productivos - Volcanes\",\"isPartOf\":{\"@id\":\"https:\/\/volcanes.net\/#website\"},\"primaryImageOfPage\":{\"@id\":\"https:\/\/volcanes.net\/?p=4558#primaryimage\"},\"image\":{\"@id\":\"https:\/\/volcanes.net\/?p=4558#primaryimage\"},\"thumbnailUrl\":\"https:\/\/volcanes.net\/wp-content\/uploads\/2019\/05\/FB_IMG_1557507904695.jpg\",\"datePublished\":\"2019-05-10T17:05:42+00:00\",\"dateModified\":\"2019-05-10T17:06:09+00:00\",\"breadcrumb\":{\"@id\":\"https:\/\/volcanes.net\/?p=4558#breadcrumb\"},\"inLanguage\":\"es\",\"potentialAction\":[{\"@type\":\"ReadAction\",\"target\":[\"https:\/\/volcanes.net\/?p=4558\"]}]},{\"@type\":\"ImageObject\",\"inLanguage\":\"es\",\"@id\":\"https:\/\/volcanes.net\/?p=4558#primaryimage\",\"url\":\"https:\/\/volcanes.net\/wp-content\/uploads\/2019\/05\/FB_IMG_1557507904695.jpg\",\"contentUrl\":\"https:\/\/volcanes.net\/wp-content\/uploads\/2019\/05\/FB_IMG_1557507904695.jpg\",\"width\":720,\"height\":424},{\"@type\":\"BreadcrumbList\",\"@id\":\"https:\/\/volcanes.net\/?p=4558#breadcrumb\",\"itemListElement\":[{\"@type\":\"ListItem\",\"position\":1,\"name\":\"Portada\",\"item\":\"https:\/\/volcanes.net\/\"},{\"@type\":\"ListItem\",\"position\":2,\"name\":\"Se empodera a las mujeres de Tlalnepantla con talleres productivos\"}]},{\"@type\":\"WebSite\",\"@id\":\"https:\/\/volcanes.net\/#website\",\"url\":\"https:\/\/volcanes.net\/\",\"name\":\"Volcanes.Net\",\"description\":\"Periodismo Profesional\",\"publisher\":{\"@id\":\"https:\/\/volcanes.net\/#organization\"},\"potentialAction\":[{\"@type\":\"SearchAction\",\"target\":{\"@type\":\"EntryPoint\",\"urlTemplate\":\"https:\/\/volcanes.net\/?s={search_term_string}\"},\"query-input\":{\"@type\":\"PropertyValueSpecification\",\"valueRequired\":true,\"valueName\":\"search_term_string\"}}],\"inLanguage\":\"es\"},{\"@type\":\"Organization\",\"@id\":\"https:\/\/volcanes.net\/#organization\",\"name\":\"Grupo Volcanes\",\"url\":\"https:\/\/volcanes.net\/\",\"logo\":{\"@type\":\"ImageObject\",\"inLanguage\":\"es\",\"@id\":\"https:\/\/volcanes.net\/#\/schema\/logo\/image\/\",\"url\":\"http:\/\/volcanes.net\/wp-content\/uploads\/2017\/12\/Avatar2.jpg\",\"contentUrl\":\"http:\/\/volcanes.net\/wp-content\/uploads\/2017\/12\/Avatar2.jpg\",\"width\":378,\"height\":378,\"caption\":\"Grupo Volcanes\"},\"image\":{\"@id\":\"https:\/\/volcanes.net\/#\/schema\/logo\/image\/\"},\"sameAs\":[\"https:\/\/www.facebook.com\/volcanes.net\/\"]},{\"@type\":\"Person\",\"@id\":\"https:\/\/volcanes.net\/#\/schema\/person\/4bf0f383940966a4abd53f5048c0e6b9\",\"name\":\"admin\",\"image\":{\"@type\":\"ImageObject\",\"inLanguage\":\"es\",\"@id\":\"https:\/\/volcanes.net\/#\/schema\/person\/image\/\",\"url\":\"https:\/\/secure.gravatar.com\/avatar\/ca004e6cba8462b8cb7abc86e382930c?s=96&d=mm&r=g\",\"contentUrl\":\"https:\/\/secure.gravatar.com\/avatar\/ca004e6cba8462b8cb7abc86e382930c?s=96&d=mm&r=g\",\"caption\":\"admin\"}}]}<\/script>\n<!-- \/ Yoast SEO plugin. -->","yoast_head_json":{"title":"Se empodera a las mujeres de Tlalnepantla con talleres productivos - Volcanes","robots":{"index":"index","follow":"follow","max-snippet":"max-snippet:-1","max-image-preview":"max-image-preview:large","max-video-preview":"max-video-preview:-1"},"canonical":"https:\/\/volcanes.net\/?p=4558","og_locale":"es_MX","og_type":"article","og_title":"Se empodera a las mujeres de Tlalnepantla con talleres productivos - Volcanes","og_description":"Para empoderar a las mujeres de nuestra ciudad y tengan mejores oportunidades de desarrollo personal","og_url":"https:\/\/volcanes.net\/?p=4558","og_site_name":"Volcanes","article_publisher":"https:\/\/www.facebook.com\/volcanes.net\/","article_published_time":"2019-05-10T17:05:42+00:00","article_modified_time":"2019-05-10T17:06:09+00:00","og_image":[{"width":720,"height":424,"url":"https:\/\/volcanes.net\/wp-content\/uploads\/2019\/05\/FB_IMG_1557507904695.jpg","type":"image\/jpeg"}],"author":"admin","twitter_card":"summary_large_image","twitter_misc":{"Escrito por":"admin","Tiempo de lectura":"1 minuto"},"schema":{"@context":"https:\/\/schema.org","@graph":[{"@type":"Article","@id":"https:\/\/volcanes.net\/?p=4558#article","isPartOf":{"@id":"https:\/\/volcanes.net\/?p=4558"},"author":{"name":"admin","@id":"https:\/\/volcanes.net\/#\/schema\/person\/4bf0f383940966a4abd53f5048c0e6b9"},"headline":"Se empodera a las mujeres de Tlalnepantla con talleres productivos","datePublished":"2019-05-10T17:05:42+00:00","dateModified":"2019-05-10T17:06:09+00:00","mainEntityOfPage":{"@id":"https:\/\/volcanes.net\/?p=4558"},"wordCount":222,"commentCount":0,"publisher":{"@id":"https:\/\/volcanes.net\/#organization"},"image":{"@id":"https:\/\/volcanes.net\/?p=4558#primaryimage"},"thumbnailUrl":"https:\/\/volcanes.net\/wp-content\/uploads\/2019\/05\/FB_IMG_1557507904695.jpg","keywords":["Tlalnepantla"],"articleSection":["Municipales"],"inLanguage":"es","potentialAction":[{"@type":"CommentAction","name":"Comment","target":["https:\/\/volcanes.net\/?p=4558#respond"]}]},{"@type":"WebPage","@id":"https:\/\/volcanes.net\/?p=4558","url":"https:\/\/volcanes.net\/?p=4558","name":"Se empodera a las mujeres de Tlalnepantla con talleres productivos - Volcanes","isPartOf":{"@id":"https:\/\/volcanes.net\/#website"},"primaryImageOfPage":{"@id":"https:\/\/volcanes.net\/?p=4558#primaryimage"},"image":{"@id":"https:\/\/volcanes.net\/?p=4558#primaryimage"},"thumbnailUrl":"https:\/\/volcanes.net\/wp-content\/uploads\/2019\/05\/FB_IMG_1557507904695.jpg","datePublished":"2019-05-10T17:05:42+00:00","dateModified":"2019-05-10T17:06:09+00:00","breadcrumb":{"@id":"https:\/\/volcanes.net\/?p=4558#breadcrumb"},"inLanguage":"es","potentialAction":[{"@type":"ReadAction","target":["https:\/\/volcanes.net\/?p=4558"]}]},{"@type":"ImageObject","inLanguage":"es","@id":"https:\/\/volcanes.net\/?p=4558#primaryimage","url":"https:\/\/volcanes.net\/wp-content\/uploads\/2019\/05\/FB_IMG_1557507904695.jpg","contentUrl":"https:\/\/volcanes.net\/wp-content\/uploads\/2019\/05\/FB_IMG_1557507904695.jpg","width":720,"height":424},{"@type":"BreadcrumbList","@id":"https:\/\/volcanes.net\/?p=4558#breadcrumb","itemListElement":[{"@type":"ListItem","position":1,"name":"Portada","item":"https:\/\/volcanes.net\/"},{"@type":"ListItem","position":2,"name":"Se empodera a las mujeres de Tlalnepantla con talleres productivos"}]},{"@type":"WebSite","@id":"https:\/\/volcanes.net\/#website","url":"https:\/\/volcanes.net\/","name":"Volcanes.Net","description":"Periodismo Profesional","publisher":{"@id":"https:\/\/volcanes.net\/#organization"},"potentialAction":[{"@type":"SearchAction","target":{"@type":"EntryPoint","urlTemplate":"https:\/\/volcanes.net\/?s={search_term_string}"},"query-input":{"@type":"PropertyValueSpecification","valueRequired":true,"valueName":"search_term_string"}}],"inLanguage":"es"},{"@type":"Organization","@id":"https:\/\/volcanes.net\/#organization","name":"Grupo Volcanes","url":"https:\/\/volcanes.net\/","logo":{"@type":"ImageObject","inLanguage":"es","@id":"https:\/\/volcanes.net\/#\/schema\/logo\/image\/","url":"http:\/\/volcanes.net\/wp-content\/uploads\/2017\/12\/Avatar2.jpg","contentUrl":"http:\/\/volcanes.net\/wp-content\/uploads\/2017\/12\/Avatar2.jpg","width":378,"height":378,"caption":"Grupo Volcanes"},"image":{"@id":"https:\/\/volcanes.net\/#\/schema\/logo\/image\/"},"sameAs":["https:\/\/www.facebook.com\/volcanes.net\/"]},{"@type":"Person","@id":"https:\/\/volcanes.net\/#\/schema\/person\/4bf0f383940966a4abd53f5048c0e6b9","name":"admin","image":{"@type":"ImageObject","inLanguage":"es","@id":"https:\/\/volcanes.net\/#\/schema\/person\/image\/","url":"https:\/\/secure.gravatar.com\/avatar\/ca004e6cba8462b8cb7abc86e382930c?s=96&d=mm&r=g","contentUrl":"https:\/\/secure.gravatar.com\/avatar\/ca004e6cba8462b8cb7abc86e382930c?s=96&d=mm&r=g","caption":"admin"}}]}},"_links":{"self":[{"href":"https:\/\/volcanes.net\/index.php?rest_route=\/wp\/v2\/posts\/4558"}],"collection":[{"href":"https:\/\/volcanes.net\/index.php?rest_route=\/wp\/v2\/posts"}],"about":[{"href":"https:\/\/volcanes.net\/index.php?rest_route=\/wp\/v2\/types\/post"}],"author":[{"embeddable":true,"href":"https:\/\/volcanes.net\/index.php?rest_route=\/wp\/v2\/users\/1"}],"replies":[{"embeddable":true,"href":"https:\/\/volcanes.net\/index.php?rest_route=%2Fwp%2Fv2%2Fcomments&post=4558"}],"version-history":[{"count":1,"href":"https:\/\/volcanes.net\/index.php?rest_route=\/wp\/v2\/posts\/4558\/revisions"}],"predecessor-version":[{"id":4559,"href":"https:\/\/volcanes.net\/index.php?rest_route=\/wp\/v2\/posts\/4558\/revisions\/4559"}],"wp:featuredmedia":[{"embeddable":true,"href":"https:\/\/volcanes.net\/index.php?rest_route=\/wp\/v2\/media\/4557"}],"wp:attachment":[{"href":"https:\/\/volcanes.net\/index.php?rest_route=%2Fwp%2Fv2%2Fmedia&parent=4558"}],"wp:term":[{"taxonomy":"category","embeddable":true,"href":"https:\/\/volcanes.net\/index.php?rest_route=%2Fwp%2Fv2%2Fcategories&post=4558"},{"taxonomy":"post_tag","embeddable":true,"href":"https:\/\/volcanes.net\/index.php?rest_route=%2Fwp%2Fv2%2Ftags&post=4558"}],"curies":[{"name":"wp","href":"https:\/\/api.w.org\/{rel}","templated":true}]}}