{"id":4567,"date":"2019-05-10T12:20:55","date_gmt":"2019-05-10T18:20:55","guid":{"rendered":"http:\/\/volcanes.net\/?p=4567"},"modified":"2019-05-10T12:21:32","modified_gmt":"2019-05-10T18:21:32","slug":"entrega-alfredo-del-mazo-becas-para-que-madres-de-familia-jovenes-continuen-su-preparacion-academica","status":"publish","type":"post","link":"https:\/\/volcanes.net\/?p=4567","title":{"rendered":"Entrega Alfredo del Mazo becas para que madres de familia j\u00f3venes contin\u00faen su preparaci\u00f3n acad\u00e9mica"},"content":{"rendered":"<div style=\"margin-top: 0px; margin-bottom: 0px;\" class=\"sharethis-inline-share-buttons\" ><\/div><p>\u2022Felicita Gobernador a las mam\u00e1s mexiquense con motivo del D\u00eda de las Madres, les reconoce el esfuerzo que hacen diariamente para sacar adelante a sus familias.<br \/>\n\u2022Entrega tambi\u00e9n un lactario para la Universidad Tecnol\u00f3gica de Zinacantepec y destaca que la meta es que las 65 instituciones de educaci\u00f3n superior cuenten con un espacio de este tipo.<br \/>\n\u2022Reitera el compromiso de su administraci\u00f3n para apoyar a las mam\u00e1s j\u00f3venes que quieran seguir estudiando.<\/p>\n<p>*Zinacantepec, Estado de M\u00e9xico, 10 de mayo de 2019.* El Gobernador Alfredo Del Mazo Maza entreg\u00f3 becas para madres de familia j\u00f3venes o mujeres embarazadas que se encuentran estudiando, programa que tiene como objetivo que no abandonen su preparaci\u00f3n acad\u00e9mica, a la vez que reiter\u00f3 el compromiso de su administraci\u00f3n para seguir apoy\u00e1ndolas y cumplan con la meta de terminar sus estudios.<\/p>\n<p>\u201cHoy, en el D\u00eda de las Madres, las felicitamos, les reconocemos, les agradecemos, de verdad, por ese gran cari\u00f1o y el esfuerzo que hacen, y el sacrificio que hacen por su familia, pero en particular a ustedes c\u00f3mo mam\u00e1s j\u00f3venes por no rendirse, por salir adelante y por lograr que a partir de esa gran bendici\u00f3n, porque tener un hijo siempre es una gran bendici\u00f3n, han seguido con su formaci\u00f3n profesional\u201d, puntualiz\u00f3.<\/p>\n<p>Alfredo Del Mazo reconoci\u00f3 el esfuerzo que estas j\u00f3venes mexiquenses hacen para terminar sus estudios de nivel medio superior y superior, a quienes les dijo que son un ejemplo para otras mujeres que est\u00e1n en la misma situaci\u00f3n.<\/p>\n<p>En la Universidad Tecnol\u00f3gica de Zinacantepec, Del Mazo Maza entreg\u00f3 tambi\u00e9n un lactario para esta instituci\u00f3n educativa, donde inform\u00f3 que la meta es contar con uno en cada una de las 65 escuelas de educaci\u00f3n superior del Estado de M\u00e9xico.<\/p>\n<p>\u201cHoy con el lactario que estamos entregando, son ya 59 espacios de lactancia de las 65 instituciones superiores que tenemos en el Estado de M\u00e9xico; es decir, de las 65 instituciones de educaci\u00f3n superior que tenemos en el estado, ya 59, con la del d\u00eda de hoy, cuentan con un lactario.<\/p>\n<p>\u201cEn este a\u00f1o estaremos terminando completamente las dem\u00e1s, para que absolutamente todas las instituciones de educaci\u00f3n superior del Estado de M\u00e9xico tengan un lactario\u201d, afirm\u00f3.<\/p>\n<p>Indic\u00f3 que el objetivo es que las mam\u00e1s puedan alimentar a sus peque\u00f1os en estos espacios, o extraerse la leche materna, guardarla y, posteriormente, d\u00e1rsela a sus hijos en un lugar que es digno, limpio y que cuenta con la privacidad que se requiere.<\/p>\n<p>Se\u00f1al\u00f3 que alimentar a los beb\u00e9s con leche materna es muy importante para su desarrollo, principalmente durante los primeros seis meses de vida, por ello, se impulsan este tipo de espacios.<\/p>\n<p>El Gobernador mexiquense tambi\u00e9n envi\u00f3 una felicitaci\u00f3n para todas las mam\u00e1s mexiquenses con motivo del D\u00eda de las Madres, a quienes les reconoci\u00f3 y agradeci\u00f3 la labor, entrega y sacrificio que hacen diariamente para sacar adelante a las familias.<\/p>\n<p>\u201cLa mam\u00e1 y la mujer es el centro de la familia y es la que ayuda a que la familia se mantenga unida, a que una familia progrese, a que los hijos salgan adelante, es la que siempre est\u00e1 al pendiente de todos los integrantes de la familia y es la que m\u00e1s sacrifica, muchas veces, incluso su desarrollo personal por el bien de la familia.<\/p>\n<p>\u201cY hoy que es D\u00eda de las Madres quiero desearles que pasen un gran d\u00eda, que lo disfruten mucho con su familia y felicitarlas y agradecerles por ese gran sacrificio, son el motivo de la uni\u00f3n familiar\u201d, expres\u00f3.<\/p>\n<p>El mandatario estatal manifest\u00f3 tambi\u00e9n que el gobierno mexiquense apoya el desarrollo de las mujeres de la entidad y destac\u00f3 que el 75 por ciento de los microcr\u00e9ditos que se otorgan para impulsar proyectos productivos, son para mujeres.<\/p>\n<p>Asimismo, dijo que m\u00e1s de la mitad de los apoyos para proyectos agropecuarios son para este sector y 7 de cada 10 de las personas que se capacitan en artes y oficios, son mujeres.<\/p>\n<p>Mientras que en el sector educativo 6 de cada 10 becas que se entregan en todos los niveles educativos, son para alumnas mexiquenses.<\/p>\n<p>En su oportunidad, el Secretario de Educaci\u00f3n, Alejandro Fern\u00e1ndez Campillo, felicit\u00f3 a las mam\u00e1s beneficiadas con este programa de becas, por su voluntad y decisi\u00f3n de iniciar, continuar y concluir sus estudios de educaci\u00f3n media superior o superior.<\/p>\n<p>&#8220;Las mam\u00e1s que se capacitan y estudian tienen mayores oportunidades de crecimiento en diferentes aspectos de la vida, principalmente en el econ\u00f3mico y el familiar, porque tendr\u00e1n m\u00e1s posibilidades de ser gu\u00eda de sus hijos&#8221;, apunt\u00f3.<\/p>\n<p>Se\u00f1al\u00f3 que el gobierno estatal seguir\u00e1 trabajando para consolidar una educaci\u00f3n incluyente, equitativa y de calidad, donde la prioridad sean las mujeres para que ellas, en igualdad de condiciones, tengan las mismas oportunidades de aprendizaje y desarrollo garantizando todos sus derechos.<\/p>\n","protected":false},"excerpt":{"rendered":"<p>\u2022Felicita Gobernador a las mam\u00e1s mexiquense con motivo del D\u00eda de las Madres, les reconoce<\/p>\n","protected":false},"author":1,"featured_media":4566,"comment_status":"open","ping_status":"open","sticky":false,"template":"","format":"standard","meta":{"footnotes":""},"categories":[3],"tags":[44],"class_list":["post-4567","post","type-post","status-publish","format-standard","has-post-thumbnail","hentry","category-estatales","tag-gobierno-de-la-republica"],"yoast_head":"<!-- This site is optimized with the Yoast SEO plugin v25.3 - https:\/\/yoast.com\/wordpress\/plugins\/seo\/ -->\n<title>Entrega Alfredo del Mazo becas para que madres de familia j\u00f3venes contin\u00faen su preparaci\u00f3n acad\u00e9mica - Volcanes<\/title>\n<meta name=\"robots\" content=\"index, follow, max-snippet:-1, max-image-preview:large, max-video-preview:-1\" \/>\n<link rel=\"canonical\" href=\"https:\/\/volcanes.net\/?p=4567\" \/>\n<meta property=\"og:locale\" content=\"es_MX\" \/>\n<meta property=\"og:type\" content=\"article\" \/>\n<meta property=\"og:title\" content=\"Entrega Alfredo del Mazo becas para que madres de familia j\u00f3venes contin\u00faen su preparaci\u00f3n acad\u00e9mica - Volcanes\" \/>\n<meta property=\"og:description\" content=\"\u2022Felicita Gobernador a las mam\u00e1s mexiquense con motivo del D\u00eda de las Madres, les reconoce\" \/>\n<meta property=\"og:url\" content=\"https:\/\/volcanes.net\/?p=4567\" \/>\n<meta property=\"og:site_name\" content=\"Volcanes\" \/>\n<meta property=\"article:publisher\" content=\"https:\/\/www.facebook.com\/volcanes.net\/\" \/>\n<meta property=\"article:published_time\" content=\"2019-05-10T18:20:55+00:00\" \/>\n<meta property=\"article:modified_time\" content=\"2019-05-10T18:21:32+00:00\" \/>\n<meta property=\"og:image\" content=\"https:\/\/volcanes.net\/wp-content\/uploads\/2019\/05\/IMG-20190510-WA0024.jpg\" \/>\n\t<meta property=\"og:image:width\" content=\"722\" \/>\n\t<meta property=\"og:image:height\" content=\"1024\" \/>\n\t<meta property=\"og:image:type\" content=\"image\/jpeg\" \/>\n<meta name=\"author\" content=\"admin\" \/>\n<meta name=\"twitter:card\" content=\"summary_large_image\" \/>\n<meta name=\"twitter:label1\" content=\"Escrito por\" \/>\n\t<meta name=\"twitter:data1\" content=\"admin\" \/>\n\t<meta name=\"twitter:label2\" content=\"Tiempo de lectura\" \/>\n\t<meta name=\"twitter:data2\" content=\"4 minutos\" \/>\n<script type=\"application\/ld+json\" class=\"yoast-schema-graph\">{\"@context\":\"https:\/\/schema.org\",\"@graph\":[{\"@type\":\"Article\",\"@id\":\"https:\/\/volcanes.net\/?p=4567#article\",\"isPartOf\":{\"@id\":\"https:\/\/volcanes.net\/?p=4567\"},\"author\":{\"name\":\"admin\",\"@id\":\"https:\/\/volcanes.net\/#\/schema\/person\/4bf0f383940966a4abd53f5048c0e6b9\"},\"headline\":\"Entrega Alfredo del Mazo becas para que madres de familia j\u00f3venes contin\u00faen su preparaci\u00f3n acad\u00e9mica\",\"datePublished\":\"2019-05-10T18:20:55+00:00\",\"dateModified\":\"2019-05-10T18:21:32+00:00\",\"mainEntityOfPage\":{\"@id\":\"https:\/\/volcanes.net\/?p=4567\"},\"wordCount\":859,\"commentCount\":0,\"publisher\":{\"@id\":\"https:\/\/volcanes.net\/#organization\"},\"image\":{\"@id\":\"https:\/\/volcanes.net\/?p=4567#primaryimage\"},\"thumbnailUrl\":\"https:\/\/volcanes.net\/wp-content\/uploads\/2019\/05\/IMG-20190510-WA0024.jpg\",\"keywords\":[\"Gobierno de la Rep\u00fablica\"],\"articleSection\":[\"Estatales\"],\"inLanguage\":\"es\",\"potentialAction\":[{\"@type\":\"CommentAction\",\"name\":\"Comment\",\"target\":[\"https:\/\/volcanes.net\/?p=4567#respond\"]}]},{\"@type\":\"WebPage\",\"@id\":\"https:\/\/volcanes.net\/?p=4567\",\"url\":\"https:\/\/volcanes.net\/?p=4567\",\"name\":\"Entrega Alfredo del Mazo becas para que madres de familia j\u00f3venes contin\u00faen su preparaci\u00f3n acad\u00e9mica - Volcanes\",\"isPartOf\":{\"@id\":\"https:\/\/volcanes.net\/#website\"},\"primaryImageOfPage\":{\"@id\":\"https:\/\/volcanes.net\/?p=4567#primaryimage\"},\"image\":{\"@id\":\"https:\/\/volcanes.net\/?p=4567#primaryimage\"},\"thumbnailUrl\":\"https:\/\/volcanes.net\/wp-content\/uploads\/2019\/05\/IMG-20190510-WA0024.jpg\",\"datePublished\":\"2019-05-10T18:20:55+00:00\",\"dateModified\":\"2019-05-10T18:21:32+00:00\",\"breadcrumb\":{\"@id\":\"https:\/\/volcanes.net\/?p=4567#breadcrumb\"},\"inLanguage\":\"es\",\"potentialAction\":[{\"@type\":\"ReadAction\",\"target\":[\"https:\/\/volcanes.net\/?p=4567\"]}]},{\"@type\":\"ImageObject\",\"inLanguage\":\"es\",\"@id\":\"https:\/\/volcanes.net\/?p=4567#primaryimage\",\"url\":\"https:\/\/volcanes.net\/wp-content\/uploads\/2019\/05\/IMG-20190510-WA0024.jpg\",\"contentUrl\":\"https:\/\/volcanes.net\/wp-content\/uploads\/2019\/05\/IMG-20190510-WA0024.jpg\",\"width\":722,\"height\":1024},{\"@type\":\"BreadcrumbList\",\"@id\":\"https:\/\/volcanes.net\/?p=4567#breadcrumb\",\"itemListElement\":[{\"@type\":\"ListItem\",\"position\":1,\"name\":\"Portada\",\"item\":\"https:\/\/volcanes.net\/\"},{\"@type\":\"ListItem\",\"position\":2,\"name\":\"Entrega Alfredo del Mazo becas para que madres de familia j\u00f3venes contin\u00faen su preparaci\u00f3n acad\u00e9mica\"}]},{\"@type\":\"WebSite\",\"@id\":\"https:\/\/volcanes.net\/#website\",\"url\":\"https:\/\/volcanes.net\/\",\"name\":\"Volcanes.Net\",\"description\":\"Periodismo Profesional\",\"publisher\":{\"@id\":\"https:\/\/volcanes.net\/#organization\"},\"potentialAction\":[{\"@type\":\"SearchAction\",\"target\":{\"@type\":\"EntryPoint\",\"urlTemplate\":\"https:\/\/volcanes.net\/?s={search_term_string}\"},\"query-input\":{\"@type\":\"PropertyValueSpecification\",\"valueRequired\":true,\"valueName\":\"search_term_string\"}}],\"inLanguage\":\"es\"},{\"@type\":\"Organization\",\"@id\":\"https:\/\/volcanes.net\/#organization\",\"name\":\"Grupo Volcanes\",\"url\":\"https:\/\/volcanes.net\/\",\"logo\":{\"@type\":\"ImageObject\",\"inLanguage\":\"es\",\"@id\":\"https:\/\/volcanes.net\/#\/schema\/logo\/image\/\",\"url\":\"http:\/\/volcanes.net\/wp-content\/uploads\/2017\/12\/Avatar2.jpg\",\"contentUrl\":\"http:\/\/volcanes.net\/wp-content\/uploads\/2017\/12\/Avatar2.jpg\",\"width\":378,\"height\":378,\"caption\":\"Grupo Volcanes\"},\"image\":{\"@id\":\"https:\/\/volcanes.net\/#\/schema\/logo\/image\/\"},\"sameAs\":[\"https:\/\/www.facebook.com\/volcanes.net\/\"]},{\"@type\":\"Person\",\"@id\":\"https:\/\/volcanes.net\/#\/schema\/person\/4bf0f383940966a4abd53f5048c0e6b9\",\"name\":\"admin\",\"image\":{\"@type\":\"ImageObject\",\"inLanguage\":\"es\",\"@id\":\"https:\/\/volcanes.net\/#\/schema\/person\/image\/\",\"url\":\"https:\/\/secure.gravatar.com\/avatar\/ca004e6cba8462b8cb7abc86e382930c?s=96&d=mm&r=g\",\"contentUrl\":\"https:\/\/secure.gravatar.com\/avatar\/ca004e6cba8462b8cb7abc86e382930c?s=96&d=mm&r=g\",\"caption\":\"admin\"}}]}<\/script>\n<!-- \/ Yoast SEO plugin. -->","yoast_head_json":{"title":"Entrega Alfredo del Mazo becas para que madres de familia j\u00f3venes contin\u00faen su preparaci\u00f3n acad\u00e9mica - Volcanes","robots":{"index":"index","follow":"follow","max-snippet":"max-snippet:-1","max-image-preview":"max-image-preview:large","max-video-preview":"max-video-preview:-1"},"canonical":"https:\/\/volcanes.net\/?p=4567","og_locale":"es_MX","og_type":"article","og_title":"Entrega Alfredo del Mazo becas para que madres de familia j\u00f3venes contin\u00faen su preparaci\u00f3n acad\u00e9mica - Volcanes","og_description":"\u2022Felicita Gobernador a las mam\u00e1s mexiquense con motivo del D\u00eda de las Madres, les reconoce","og_url":"https:\/\/volcanes.net\/?p=4567","og_site_name":"Volcanes","article_publisher":"https:\/\/www.facebook.com\/volcanes.net\/","article_published_time":"2019-05-10T18:20:55+00:00","article_modified_time":"2019-05-10T18:21:32+00:00","og_image":[{"width":722,"height":1024,"url":"https:\/\/volcanes.net\/wp-content\/uploads\/2019\/05\/IMG-20190510-WA0024.jpg","type":"image\/jpeg"}],"author":"admin","twitter_card":"summary_large_image","twitter_misc":{"Escrito por":"admin","Tiempo de lectura":"4 minutos"},"schema":{"@context":"https:\/\/schema.org","@graph":[{"@type":"Article","@id":"https:\/\/volcanes.net\/?p=4567#article","isPartOf":{"@id":"https:\/\/volcanes.net\/?p=4567"},"author":{"name":"admin","@id":"https:\/\/volcanes.net\/#\/schema\/person\/4bf0f383940966a4abd53f5048c0e6b9"},"headline":"Entrega Alfredo del Mazo becas para que madres de familia j\u00f3venes contin\u00faen su preparaci\u00f3n acad\u00e9mica","datePublished":"2019-05-10T18:20:55+00:00","dateModified":"2019-05-10T18:21:32+00:00","mainEntityOfPage":{"@id":"https:\/\/volcanes.net\/?p=4567"},"wordCount":859,"commentCount":0,"publisher":{"@id":"https:\/\/volcanes.net\/#organization"},"image":{"@id":"https:\/\/volcanes.net\/?p=4567#primaryimage"},"thumbnailUrl":"https:\/\/volcanes.net\/wp-content\/uploads\/2019\/05\/IMG-20190510-WA0024.jpg","keywords":["Gobierno de la Rep\u00fablica"],"articleSection":["Estatales"],"inLanguage":"es","potentialAction":[{"@type":"CommentAction","name":"Comment","target":["https:\/\/volcanes.net\/?p=4567#respond"]}]},{"@type":"WebPage","@id":"https:\/\/volcanes.net\/?p=4567","url":"https:\/\/volcanes.net\/?p=4567","name":"Entrega Alfredo del Mazo becas para que madres de familia j\u00f3venes contin\u00faen su preparaci\u00f3n acad\u00e9mica - Volcanes","isPartOf":{"@id":"https:\/\/volcanes.net\/#website"},"primaryImageOfPage":{"@id":"https:\/\/volcanes.net\/?p=4567#primaryimage"},"image":{"@id":"https:\/\/volcanes.net\/?p=4567#primaryimage"},"thumbnailUrl":"https:\/\/volcanes.net\/wp-content\/uploads\/2019\/05\/IMG-20190510-WA0024.jpg","datePublished":"2019-05-10T18:20:55+00:00","dateModified":"2019-05-10T18:21:32+00:00","breadcrumb":{"@id":"https:\/\/volcanes.net\/?p=4567#breadcrumb"},"inLanguage":"es","potentialAction":[{"@type":"ReadAction","target":["https:\/\/volcanes.net\/?p=4567"]}]},{"@type":"ImageObject","inLanguage":"es","@id":"https:\/\/volcanes.net\/?p=4567#primaryimage","url":"https:\/\/volcanes.net\/wp-content\/uploads\/2019\/05\/IMG-20190510-WA0024.jpg","contentUrl":"https:\/\/volcanes.net\/wp-content\/uploads\/2019\/05\/IMG-20190510-WA0024.jpg","width":722,"height":1024},{"@type":"BreadcrumbList","@id":"https:\/\/volcanes.net\/?p=4567#breadcrumb","itemListElement":[{"@type":"ListItem","position":1,"name":"Portada","item":"https:\/\/volcanes.net\/"},{"@type":"ListItem","position":2,"name":"Entrega Alfredo del Mazo becas para que madres de familia j\u00f3venes contin\u00faen su preparaci\u00f3n acad\u00e9mica"}]},{"@type":"WebSite","@id":"https:\/\/volcanes.net\/#website","url":"https:\/\/volcanes.net\/","name":"Volcanes.Net","description":"Periodismo Profesional","publisher":{"@id":"https:\/\/volcanes.net\/#organization"},"potentialAction":[{"@type":"SearchAction","target":{"@type":"EntryPoint","urlTemplate":"https:\/\/volcanes.net\/?s={search_term_string}"},"query-input":{"@type":"PropertyValueSpecification","valueRequired":true,"valueName":"search_term_string"}}],"inLanguage":"es"},{"@type":"Organization","@id":"https:\/\/volcanes.net\/#organization","name":"Grupo Volcanes","url":"https:\/\/volcanes.net\/","logo":{"@type":"ImageObject","inLanguage":"es","@id":"https:\/\/volcanes.net\/#\/schema\/logo\/image\/","url":"http:\/\/volcanes.net\/wp-content\/uploads\/2017\/12\/Avatar2.jpg","contentUrl":"http:\/\/volcanes.net\/wp-content\/uploads\/2017\/12\/Avatar2.jpg","width":378,"height":378,"caption":"Grupo Volcanes"},"image":{"@id":"https:\/\/volcanes.net\/#\/schema\/logo\/image\/"},"sameAs":["https:\/\/www.facebook.com\/volcanes.net\/"]},{"@type":"Person","@id":"https:\/\/volcanes.net\/#\/schema\/person\/4bf0f383940966a4abd53f5048c0e6b9","name":"admin","image":{"@type":"ImageObject","inLanguage":"es","@id":"https:\/\/volcanes.net\/#\/schema\/person\/image\/","url":"https:\/\/secure.gravatar.com\/avatar\/ca004e6cba8462b8cb7abc86e382930c?s=96&d=mm&r=g","contentUrl":"https:\/\/secure.gravatar.com\/avatar\/ca004e6cba8462b8cb7abc86e382930c?s=96&d=mm&r=g","caption":"admin"}}]}},"_links":{"self":[{"href":"https:\/\/volcanes.net\/index.php?rest_route=\/wp\/v2\/posts\/4567"}],"collection":[{"href":"https:\/\/volcanes.net\/index.php?rest_route=\/wp\/v2\/posts"}],"about":[{"href":"https:\/\/volcanes.net\/index.php?rest_route=\/wp\/v2\/types\/post"}],"author":[{"embeddable":true,"href":"https:\/\/volcanes.net\/index.php?rest_route=\/wp\/v2\/users\/1"}],"replies":[{"embeddable":true,"href":"https:\/\/volcanes.net\/index.php?rest_route=%2Fwp%2Fv2%2Fcomments&post=4567"}],"version-history":[{"count":1,"href":"https:\/\/volcanes.net\/index.php?rest_route=\/wp\/v2\/posts\/4567\/revisions"}],"predecessor-version":[{"id":4568,"href":"https:\/\/volcanes.net\/index.php?rest_route=\/wp\/v2\/posts\/4567\/revisions\/4568"}],"wp:featuredmedia":[{"embeddable":true,"href":"https:\/\/volcanes.net\/index.php?rest_route=\/wp\/v2\/media\/4566"}],"wp:attachment":[{"href":"https:\/\/volcanes.net\/index.php?rest_route=%2Fwp%2Fv2%2Fmedia&parent=4567"}],"wp:term":[{"taxonomy":"category","embeddable":true,"href":"https:\/\/volcanes.net\/index.php?rest_route=%2Fwp%2Fv2%2Fcategories&post=4567"},{"taxonomy":"post_tag","embeddable":true,"href":"https:\/\/volcanes.net\/index.php?rest_route=%2Fwp%2Fv2%2Ftags&post=4567"}],"curies":[{"name":"wp","href":"https:\/\/api.w.org\/{rel}","templated":true}]}}