{"id":4570,"date":"2019-05-10T13:25:06","date_gmt":"2019-05-10T19:25:06","guid":{"rendered":"http:\/\/volcanes.net\/?p=4570"},"modified":"2019-05-10T13:25:41","modified_gmt":"2019-05-10T19:25:41","slug":"realizan-pacientes-del-cree-arreglos-florales-para-mamas","status":"publish","type":"post","link":"https:\/\/volcanes.net\/?p=4570","title":{"rendered":"Realizan pacientes del cree arreglos florales para mam\u00e1s"},"content":{"rendered":"<div style=\"margin-top: 0px; margin-bottom: 0px;\" class=\"sharethis-inline-share-buttons\" ><\/div><p>\u2022\t_Promueve DIFEM capacitaci\u00f3n e integraci\u00f3n laboral en personas con discapacidad a trav\u00e9s de talleres productivos._<br \/>\n\u2022\t_Opera organismo la estrategia \u201cCREE EN M\u00cd\u201d, con productos elaborados por manos de personas con discapacidad intelectual, auditiva, motora o visual._<\/p>\n<p>*Toluca, Estado de M\u00e9xico, 10 de mayo de 2019.* Algunos lo hacen solos y otros m\u00e1s necesitan apoyo, pero para ninguno tener discapacidad intelectual visual, auditiva o motora, es un limitante cuando se trata de realizar los bouquets florales que entregar\u00e1n a las mam\u00e1s para celebrar su d\u00eda, se trata de los pacientes del Centro de Rehabilitaci\u00f3n y Educaci\u00f3n Especial (CREE), del DIF Estado de M\u00e9xico.<\/p>\n<p>Bajo el lema \u201cCREE EN M\u00cd\u201d, j\u00f3venes y adultos con discapacidad permanente participan en los talleres que llevan el mismo nombre y que forman parte de la Direcci\u00f3n de Atenci\u00f3n a la Discapacidad, con el objetivo de obtener las herramientas necesarias de adiestramiento para el autoempleo y empleo formal que les permita concluir el proceso de rehabilitaci\u00f3n a trav\u00e9s de la integraci\u00f3n.<\/p>\n<p>Mar\u00eda Teresa S\u00e1nchez G\u00f3mez, Jefa del Departamento de Valoraci\u00f3n y Tratamiento de dicho Centro, detall\u00f3 que esta estrategia se realiza bajo tres objetivos, para personas pacientes con discapacidad que est\u00e1n preparados para ser empleados en el mundo laboral formal, para capacitar a los pacientes con discapacidad que son aptos para el autoempleo, y el tercero para quienes por su funcionalidad y condiciones de salud requieran estar acompa\u00f1ados de un cuidador primario o de un familiar, este ser\u00eda quien recibe la capacitaci\u00f3n y elabora la actividad.<\/p>\n<p>\u201cLa inclusi\u00f3n laboral es lo m\u00e1s importante de la rehabilitaci\u00f3n, es la parte final de su proceso y la parte pr\u00e1ctica, porque el paciente desde que ingresa aqu\u00ed hasta que sale, est\u00e1 acompa\u00f1ado de un equipo interdisciplinario de m\u00e9dicos, terapeutas, psic\u00f3logos, trabajadores sociales y diversos especialistas que los gu\u00edan durante su proceso\u201d, extern\u00f3 la especialista.<\/p>\n<p>Dijo que para Fernanda Castillo de Del Mazo, Presidenta Honoraria del DIFEM, uno de sus principales compromisos es fomentar la inclusi\u00f3n y promover el desarrollo de las personas con discapacidad, por ello, a trav\u00e9s de este organismo de asistencia, buscar\u00e1 ampliar estos talleres para lograr capacitar a los pacientes en m\u00e1s actividades.<\/p>\n<p>Refiri\u00f3 que uno de los derechos fundamentales de las personas con discapacidad es acceder a un trabajo con las condiciones laborales adecuadas como son un salario, horario y dem\u00e1s prestaciones de ley.<\/p>\n<p>Por ello, el DIFEM en colaboraci\u00f3n con la Secretar\u00eda del Trabajo estatal eval\u00faa y prepara a los pacientes aptos para iniciarse en el mundo laboral, en donde adquieren conocimientos para que puedan desempe\u00f1ar de manera independiente o con su familia un oficio, o bien, acceder a un empleado formal.<\/p>\n<p>\u201cNos ha ido muy bien con las flores, hemos tenido muy buena aceptaci\u00f3n ya que tanto los especialistas como pacientes estamos comprometidos a realizar un producto de calidad que puede competir con otros productos del mercado y la gente no distingue si es hecho por alguien con discapacidad o no, aunque lo etiquetamos con un logo que nos da identidad\u201d, expres\u00f3.<\/p>\n<p>Para mayor informaci\u00f3n para adquirir los productos realizados a trav\u00e9s de los talleres de \u201cCREE EN M\u00cd\u201d pueden acudir a las instalaciones del CREE ubicadas en Felipe \u00c1ngeles sin n\u00famero, entre Col\u00f3n y Puerto de Palos, Toluca, Estado de M\u00e9xico, o bien comunicarse a los tel\u00e9fonos 0172-2217-4542.<\/p>\n","protected":false},"excerpt":{"rendered":"<p>\u2022 _Promueve DIFEM capacitaci\u00f3n e integraci\u00f3n laboral en personas con discapacidad a trav\u00e9s de talleres<\/p>\n","protected":false},"author":1,"featured_media":4569,"comment_status":"open","ping_status":"open","sticky":false,"template":"","format":"standard","meta":{"footnotes":""},"categories":[1],"tags":[4],"class_list":["post-4570","post","type-post","status-publish","format-standard","has-post-thumbnail","hentry","category-municipales","tag-gobierno-del-estado-de-mexico"],"yoast_head":"<!-- This site is optimized with the Yoast SEO plugin v25.3 - https:\/\/yoast.com\/wordpress\/plugins\/seo\/ -->\n<title>Realizan pacientes del cree arreglos florales para mam\u00e1s - Volcanes<\/title>\n<meta name=\"robots\" content=\"index, follow, max-snippet:-1, max-image-preview:large, max-video-preview:-1\" \/>\n<link rel=\"canonical\" href=\"https:\/\/volcanes.net\/?p=4570\" \/>\n<meta property=\"og:locale\" content=\"es_MX\" \/>\n<meta property=\"og:type\" content=\"article\" \/>\n<meta property=\"og:title\" content=\"Realizan pacientes del cree arreglos florales para mam\u00e1s - Volcanes\" \/>\n<meta property=\"og:description\" content=\"\u2022 _Promueve DIFEM capacitaci\u00f3n e integraci\u00f3n laboral en personas con discapacidad a trav\u00e9s de talleres\" \/>\n<meta property=\"og:url\" content=\"https:\/\/volcanes.net\/?p=4570\" \/>\n<meta property=\"og:site_name\" content=\"Volcanes\" \/>\n<meta property=\"article:publisher\" content=\"https:\/\/www.facebook.com\/volcanes.net\/\" \/>\n<meta property=\"article:published_time\" content=\"2019-05-10T19:25:06+00:00\" \/>\n<meta property=\"article:modified_time\" content=\"2019-05-10T19:25:41+00:00\" \/>\n<meta property=\"og:image\" content=\"https:\/\/volcanes.net\/wp-content\/uploads\/2019\/05\/IMG-20190510-WA0035_compress_63.jpg\" \/>\n\t<meta property=\"og:image:width\" content=\"1280\" \/>\n\t<meta property=\"og:image:height\" content=\"920\" \/>\n\t<meta property=\"og:image:type\" content=\"image\/jpeg\" \/>\n<meta name=\"author\" content=\"admin\" \/>\n<meta name=\"twitter:card\" content=\"summary_large_image\" \/>\n<meta name=\"twitter:label1\" content=\"Escrito por\" \/>\n\t<meta name=\"twitter:data1\" content=\"admin\" \/>\n\t<meta name=\"twitter:label2\" content=\"Tiempo de lectura\" \/>\n\t<meta name=\"twitter:data2\" content=\"3 minutos\" \/>\n<script type=\"application\/ld+json\" class=\"yoast-schema-graph\">{\"@context\":\"https:\/\/schema.org\",\"@graph\":[{\"@type\":\"Article\",\"@id\":\"https:\/\/volcanes.net\/?p=4570#article\",\"isPartOf\":{\"@id\":\"https:\/\/volcanes.net\/?p=4570\"},\"author\":{\"name\":\"admin\",\"@id\":\"https:\/\/volcanes.net\/#\/schema\/person\/4bf0f383940966a4abd53f5048c0e6b9\"},\"headline\":\"Realizan pacientes del cree arreglos florales para mam\u00e1s\",\"datePublished\":\"2019-05-10T19:25:06+00:00\",\"dateModified\":\"2019-05-10T19:25:41+00:00\",\"mainEntityOfPage\":{\"@id\":\"https:\/\/volcanes.net\/?p=4570\"},\"wordCount\":601,\"commentCount\":0,\"publisher\":{\"@id\":\"https:\/\/volcanes.net\/#organization\"},\"image\":{\"@id\":\"https:\/\/volcanes.net\/?p=4570#primaryimage\"},\"thumbnailUrl\":\"https:\/\/volcanes.net\/wp-content\/uploads\/2019\/05\/IMG-20190510-WA0035_compress_63.jpg\",\"keywords\":[\"Gobierno del Estado de M\u00e9xico\"],\"articleSection\":[\"Municipales\"],\"inLanguage\":\"es\",\"potentialAction\":[{\"@type\":\"CommentAction\",\"name\":\"Comment\",\"target\":[\"https:\/\/volcanes.net\/?p=4570#respond\"]}]},{\"@type\":\"WebPage\",\"@id\":\"https:\/\/volcanes.net\/?p=4570\",\"url\":\"https:\/\/volcanes.net\/?p=4570\",\"name\":\"Realizan pacientes del cree arreglos florales para mam\u00e1s - Volcanes\",\"isPartOf\":{\"@id\":\"https:\/\/volcanes.net\/#website\"},\"primaryImageOfPage\":{\"@id\":\"https:\/\/volcanes.net\/?p=4570#primaryimage\"},\"image\":{\"@id\":\"https:\/\/volcanes.net\/?p=4570#primaryimage\"},\"thumbnailUrl\":\"https:\/\/volcanes.net\/wp-content\/uploads\/2019\/05\/IMG-20190510-WA0035_compress_63.jpg\",\"datePublished\":\"2019-05-10T19:25:06+00:00\",\"dateModified\":\"2019-05-10T19:25:41+00:00\",\"breadcrumb\":{\"@id\":\"https:\/\/volcanes.net\/?p=4570#breadcrumb\"},\"inLanguage\":\"es\",\"potentialAction\":[{\"@type\":\"ReadAction\",\"target\":[\"https:\/\/volcanes.net\/?p=4570\"]}]},{\"@type\":\"ImageObject\",\"inLanguage\":\"es\",\"@id\":\"https:\/\/volcanes.net\/?p=4570#primaryimage\",\"url\":\"https:\/\/volcanes.net\/wp-content\/uploads\/2019\/05\/IMG-20190510-WA0035_compress_63.jpg\",\"contentUrl\":\"https:\/\/volcanes.net\/wp-content\/uploads\/2019\/05\/IMG-20190510-WA0035_compress_63.jpg\",\"width\":1280,\"height\":920},{\"@type\":\"BreadcrumbList\",\"@id\":\"https:\/\/volcanes.net\/?p=4570#breadcrumb\",\"itemListElement\":[{\"@type\":\"ListItem\",\"position\":1,\"name\":\"Portada\",\"item\":\"https:\/\/volcanes.net\/\"},{\"@type\":\"ListItem\",\"position\":2,\"name\":\"Realizan pacientes del cree arreglos florales para mam\u00e1s\"}]},{\"@type\":\"WebSite\",\"@id\":\"https:\/\/volcanes.net\/#website\",\"url\":\"https:\/\/volcanes.net\/\",\"name\":\"Volcanes.Net\",\"description\":\"Periodismo Profesional\",\"publisher\":{\"@id\":\"https:\/\/volcanes.net\/#organization\"},\"potentialAction\":[{\"@type\":\"SearchAction\",\"target\":{\"@type\":\"EntryPoint\",\"urlTemplate\":\"https:\/\/volcanes.net\/?s={search_term_string}\"},\"query-input\":{\"@type\":\"PropertyValueSpecification\",\"valueRequired\":true,\"valueName\":\"search_term_string\"}}],\"inLanguage\":\"es\"},{\"@type\":\"Organization\",\"@id\":\"https:\/\/volcanes.net\/#organization\",\"name\":\"Grupo Volcanes\",\"url\":\"https:\/\/volcanes.net\/\",\"logo\":{\"@type\":\"ImageObject\",\"inLanguage\":\"es\",\"@id\":\"https:\/\/volcanes.net\/#\/schema\/logo\/image\/\",\"url\":\"http:\/\/volcanes.net\/wp-content\/uploads\/2017\/12\/Avatar2.jpg\",\"contentUrl\":\"http:\/\/volcanes.net\/wp-content\/uploads\/2017\/12\/Avatar2.jpg\",\"width\":378,\"height\":378,\"caption\":\"Grupo Volcanes\"},\"image\":{\"@id\":\"https:\/\/volcanes.net\/#\/schema\/logo\/image\/\"},\"sameAs\":[\"https:\/\/www.facebook.com\/volcanes.net\/\"]},{\"@type\":\"Person\",\"@id\":\"https:\/\/volcanes.net\/#\/schema\/person\/4bf0f383940966a4abd53f5048c0e6b9\",\"name\":\"admin\",\"image\":{\"@type\":\"ImageObject\",\"inLanguage\":\"es\",\"@id\":\"https:\/\/volcanes.net\/#\/schema\/person\/image\/\",\"url\":\"https:\/\/secure.gravatar.com\/avatar\/ca004e6cba8462b8cb7abc86e382930c?s=96&d=mm&r=g\",\"contentUrl\":\"https:\/\/secure.gravatar.com\/avatar\/ca004e6cba8462b8cb7abc86e382930c?s=96&d=mm&r=g\",\"caption\":\"admin\"}}]}<\/script>\n<!-- \/ Yoast SEO plugin. -->","yoast_head_json":{"title":"Realizan pacientes del cree arreglos florales para mam\u00e1s - Volcanes","robots":{"index":"index","follow":"follow","max-snippet":"max-snippet:-1","max-image-preview":"max-image-preview:large","max-video-preview":"max-video-preview:-1"},"canonical":"https:\/\/volcanes.net\/?p=4570","og_locale":"es_MX","og_type":"article","og_title":"Realizan pacientes del cree arreglos florales para mam\u00e1s - Volcanes","og_description":"\u2022 _Promueve DIFEM capacitaci\u00f3n e integraci\u00f3n laboral en personas con discapacidad a trav\u00e9s de talleres","og_url":"https:\/\/volcanes.net\/?p=4570","og_site_name":"Volcanes","article_publisher":"https:\/\/www.facebook.com\/volcanes.net\/","article_published_time":"2019-05-10T19:25:06+00:00","article_modified_time":"2019-05-10T19:25:41+00:00","og_image":[{"width":1280,"height":920,"url":"https:\/\/volcanes.net\/wp-content\/uploads\/2019\/05\/IMG-20190510-WA0035_compress_63.jpg","type":"image\/jpeg"}],"author":"admin","twitter_card":"summary_large_image","twitter_misc":{"Escrito por":"admin","Tiempo de lectura":"3 minutos"},"schema":{"@context":"https:\/\/schema.org","@graph":[{"@type":"Article","@id":"https:\/\/volcanes.net\/?p=4570#article","isPartOf":{"@id":"https:\/\/volcanes.net\/?p=4570"},"author":{"name":"admin","@id":"https:\/\/volcanes.net\/#\/schema\/person\/4bf0f383940966a4abd53f5048c0e6b9"},"headline":"Realizan pacientes del cree arreglos florales para mam\u00e1s","datePublished":"2019-05-10T19:25:06+00:00","dateModified":"2019-05-10T19:25:41+00:00","mainEntityOfPage":{"@id":"https:\/\/volcanes.net\/?p=4570"},"wordCount":601,"commentCount":0,"publisher":{"@id":"https:\/\/volcanes.net\/#organization"},"image":{"@id":"https:\/\/volcanes.net\/?p=4570#primaryimage"},"thumbnailUrl":"https:\/\/volcanes.net\/wp-content\/uploads\/2019\/05\/IMG-20190510-WA0035_compress_63.jpg","keywords":["Gobierno del Estado de M\u00e9xico"],"articleSection":["Municipales"],"inLanguage":"es","potentialAction":[{"@type":"CommentAction","name":"Comment","target":["https:\/\/volcanes.net\/?p=4570#respond"]}]},{"@type":"WebPage","@id":"https:\/\/volcanes.net\/?p=4570","url":"https:\/\/volcanes.net\/?p=4570","name":"Realizan pacientes del cree arreglos florales para mam\u00e1s - Volcanes","isPartOf":{"@id":"https:\/\/volcanes.net\/#website"},"primaryImageOfPage":{"@id":"https:\/\/volcanes.net\/?p=4570#primaryimage"},"image":{"@id":"https:\/\/volcanes.net\/?p=4570#primaryimage"},"thumbnailUrl":"https:\/\/volcanes.net\/wp-content\/uploads\/2019\/05\/IMG-20190510-WA0035_compress_63.jpg","datePublished":"2019-05-10T19:25:06+00:00","dateModified":"2019-05-10T19:25:41+00:00","breadcrumb":{"@id":"https:\/\/volcanes.net\/?p=4570#breadcrumb"},"inLanguage":"es","potentialAction":[{"@type":"ReadAction","target":["https:\/\/volcanes.net\/?p=4570"]}]},{"@type":"ImageObject","inLanguage":"es","@id":"https:\/\/volcanes.net\/?p=4570#primaryimage","url":"https:\/\/volcanes.net\/wp-content\/uploads\/2019\/05\/IMG-20190510-WA0035_compress_63.jpg","contentUrl":"https:\/\/volcanes.net\/wp-content\/uploads\/2019\/05\/IMG-20190510-WA0035_compress_63.jpg","width":1280,"height":920},{"@type":"BreadcrumbList","@id":"https:\/\/volcanes.net\/?p=4570#breadcrumb","itemListElement":[{"@type":"ListItem","position":1,"name":"Portada","item":"https:\/\/volcanes.net\/"},{"@type":"ListItem","position":2,"name":"Realizan pacientes del cree arreglos florales para mam\u00e1s"}]},{"@type":"WebSite","@id":"https:\/\/volcanes.net\/#website","url":"https:\/\/volcanes.net\/","name":"Volcanes.Net","description":"Periodismo Profesional","publisher":{"@id":"https:\/\/volcanes.net\/#organization"},"potentialAction":[{"@type":"SearchAction","target":{"@type":"EntryPoint","urlTemplate":"https:\/\/volcanes.net\/?s={search_term_string}"},"query-input":{"@type":"PropertyValueSpecification","valueRequired":true,"valueName":"search_term_string"}}],"inLanguage":"es"},{"@type":"Organization","@id":"https:\/\/volcanes.net\/#organization","name":"Grupo Volcanes","url":"https:\/\/volcanes.net\/","logo":{"@type":"ImageObject","inLanguage":"es","@id":"https:\/\/volcanes.net\/#\/schema\/logo\/image\/","url":"http:\/\/volcanes.net\/wp-content\/uploads\/2017\/12\/Avatar2.jpg","contentUrl":"http:\/\/volcanes.net\/wp-content\/uploads\/2017\/12\/Avatar2.jpg","width":378,"height":378,"caption":"Grupo Volcanes"},"image":{"@id":"https:\/\/volcanes.net\/#\/schema\/logo\/image\/"},"sameAs":["https:\/\/www.facebook.com\/volcanes.net\/"]},{"@type":"Person","@id":"https:\/\/volcanes.net\/#\/schema\/person\/4bf0f383940966a4abd53f5048c0e6b9","name":"admin","image":{"@type":"ImageObject","inLanguage":"es","@id":"https:\/\/volcanes.net\/#\/schema\/person\/image\/","url":"https:\/\/secure.gravatar.com\/avatar\/ca004e6cba8462b8cb7abc86e382930c?s=96&d=mm&r=g","contentUrl":"https:\/\/secure.gravatar.com\/avatar\/ca004e6cba8462b8cb7abc86e382930c?s=96&d=mm&r=g","caption":"admin"}}]}},"_links":{"self":[{"href":"https:\/\/volcanes.net\/index.php?rest_route=\/wp\/v2\/posts\/4570"}],"collection":[{"href":"https:\/\/volcanes.net\/index.php?rest_route=\/wp\/v2\/posts"}],"about":[{"href":"https:\/\/volcanes.net\/index.php?rest_route=\/wp\/v2\/types\/post"}],"author":[{"embeddable":true,"href":"https:\/\/volcanes.net\/index.php?rest_route=\/wp\/v2\/users\/1"}],"replies":[{"embeddable":true,"href":"https:\/\/volcanes.net\/index.php?rest_route=%2Fwp%2Fv2%2Fcomments&post=4570"}],"version-history":[{"count":1,"href":"https:\/\/volcanes.net\/index.php?rest_route=\/wp\/v2\/posts\/4570\/revisions"}],"predecessor-version":[{"id":4571,"href":"https:\/\/volcanes.net\/index.php?rest_route=\/wp\/v2\/posts\/4570\/revisions\/4571"}],"wp:featuredmedia":[{"embeddable":true,"href":"https:\/\/volcanes.net\/index.php?rest_route=\/wp\/v2\/media\/4569"}],"wp:attachment":[{"href":"https:\/\/volcanes.net\/index.php?rest_route=%2Fwp%2Fv2%2Fmedia&parent=4570"}],"wp:term":[{"taxonomy":"category","embeddable":true,"href":"https:\/\/volcanes.net\/index.php?rest_route=%2Fwp%2Fv2%2Fcategories&post=4570"},{"taxonomy":"post_tag","embeddable":true,"href":"https:\/\/volcanes.net\/index.php?rest_route=%2Fwp%2Fv2%2Ftags&post=4570"}],"curies":[{"name":"wp","href":"https:\/\/api.w.org\/{rel}","templated":true}]}}