{"id":4609,"date":"2019-05-12T15:16:03","date_gmt":"2019-05-12T21:16:03","guid":{"rendered":"http:\/\/volcanes.net\/?p=4609"},"modified":"2019-05-12T15:16:45","modified_gmt":"2019-05-12T21:16:45","slug":"reafirman-edomex-y-crom-alianza-laboral-en-beneficio-de-la-clase-trabajadora","status":"publish","type":"post","link":"https:\/\/volcanes.net\/?p=4609","title":{"rendered":"Reafirman Edomex y CROM alianza laboral en beneficio de la clase trabajadora"},"content":{"rendered":"<div style=\"margin-top: 0px; margin-bottom: 0px;\" class=\"sharethis-inline-share-buttons\" ><\/div><p>\u2022\t_Inaugura Secretaria del Trabajo, Martha Hilda Gonz\u00e1lez Calder\u00f3n, la 67 Convenci\u00f3n Nacional Ordinaria de la CROM, que encabeza Rodolfo Gonz\u00e1lez Guzm\u00e1n._<br \/>\n\u2022\t_Reitera disposici\u00f3n del Gobierno de Alfredo Del Mazo Maza para tender puentes de comunicaci\u00f3n, a fin de impulsar pol\u00edticas p\u00fablicas en beneficio de clase obrera._<\/p>\n<p>*Ciudad de M\u00e9xico, 12 de mayo de 2019.* La Secretaria del Trabajo, Martha Hilda Gonz\u00e1lez Calder\u00f3n, inaugur\u00f3 la 67 Convenci\u00f3n Nacional Ordinaria de la Confederaci\u00f3n Regional Obrera Mexicana (CROM), que encabeza Rodolfo Gonz\u00e1lez Guzm\u00e1n, donde subray\u00f3 que, a trav\u00e9s de la alianza laboral que se firm\u00f3 en el Estado de M\u00e9xico, se busca un tripartismo s\u00f3lido en beneficio de las y los trabajadores.<\/p>\n<p>En el marco del 101 aniversario de la CROM, dijo que se suscribi\u00f3 el acuerdo entre autoridades, empresarios y sindicatos, para establecer una agenda en la que no s\u00f3lo se vean asuntos de justicia laboral, sino tambi\u00e9n temas de seguridad, salud y educaci\u00f3n, entre otros.<\/p>\n<p>En presencia de Manuel Arturo Garc\u00eda Urrutia, Director General de Capacitaci\u00f3n Adiestramiento y Productividad Laboral de la Secretar\u00eda del Trabajo y Previsi\u00f3n Social, e Isa\u00edas Gonz\u00e1lez Cuevas, Secretario General de la Confederaci\u00f3n Revolucionaria de Obreros y Campesinos (CROC), Gonz\u00e1lez Calder\u00f3n reiter\u00f3 la disposici\u00f3n del Gobierno que encabeza Alfredo Del Mazo Maza para seguir tendiendo puentes de comunicaci\u00f3n con las centrales obreras, a fin de impulsar pol\u00edticas p\u00fablicas en beneficio de la clase trabajadora.<\/p>\n<p>Luego de reconocer la unidad entre diversos sindicatos, destac\u00f3 que se debe seguir trabajando junto con los empresarios y los sindicatos en la legislaci\u00f3n laboral que seguir\u00e1 fortaleciendo a la clase trabajadora, pues se busca que la libertad sindical no est\u00e9 peleada con la paz laboral, concluy\u00f3.<\/p>\n<p>Por su parte, el dirigente nacional de la CROM, Rodolfo Gonz\u00e1lez Guzm\u00e1n, indic\u00f3 que se tiene que trabajar en unidad y juntos elaborar una agenda integral para el beneficio de sus agremiados.<\/p>\n<p>\u201cHay que preservar la unidad nacional, anteponiendo sentidos ideol\u00f3gicos, pues todos, desde nuestra trinchera, tenemos la responsabilidad de sacar adelante al pa\u00eds y, en ese sentido, la CROM busca mejores prestaciones para sus trabajadores, por lo que seguiremos trabajando por mejores condiciones para los trabajadores y sus familias\u201d, precis\u00f3.<\/p>\n<p>Al dar la bienvenida, Marcelino Santos Guevara, Secretario del Exterior de la CROM, expres\u00f3 que la participaci\u00f3n de esta central obrera ha sido fundamental ante los cambios que se han registrado a nivel nacional, en beneficio de los trabajadores del pa\u00eds.<\/p>\n<p>Destac\u00f3 que a 101 a\u00f1os de su fundaci\u00f3n la CROM est\u00e1 m\u00e1s unida y fortalecida, cada d\u00eda con mayor presencia en el pa\u00eds, y apoyar\u00e1 a los gobiernos federal y estatal cuando impulsen pol\u00edticas a favor del bienestar de los trabajadores.<\/p>\n<p>En el evento estuvieron presentes, entre otros, el Senador Napole\u00f3n G\u00f3mez Urrutia, Jos\u00e9 Luis Carazo, representante de la Confederaci\u00f3n de Trabajadores de M\u00e9xico (CTM); Abel Dom\u00ednguez Rivero, Presidente Vitalicio de la Confederaci\u00f3n de Trabajadores y Campesinos (CTC); \u00d3scar Moreno Moreno, Presidente del Congreso Laboral del Estado de M\u00e9xico, y Jes\u00fas Antonio Peza G\u00f3mez, l\u00edder de la Federaci\u00f3n de Agrupaciones en General del Estado de M\u00e9xico (FAGEM).<\/p>\n","protected":false},"excerpt":{"rendered":"<p>\u2022 _Inaugura Secretaria del Trabajo, Martha Hilda Gonz\u00e1lez Calder\u00f3n, la 67 Convenci\u00f3n Nacional Ordinaria de<\/p>\n","protected":false},"author":1,"featured_media":4608,"comment_status":"open","ping_status":"open","sticky":false,"template":"","format":"standard","meta":{"footnotes":""},"categories":[1],"tags":[],"class_list":["post-4609","post","type-post","status-publish","format-standard","has-post-thumbnail","hentry","category-municipales"],"yoast_head":"<!-- This site is optimized with the Yoast SEO plugin v25.3 - https:\/\/yoast.com\/wordpress\/plugins\/seo\/ -->\n<title>Reafirman Edomex y CROM alianza laboral en beneficio de la clase trabajadora - Volcanes<\/title>\n<meta name=\"robots\" content=\"index, follow, max-snippet:-1, max-image-preview:large, max-video-preview:-1\" \/>\n<link rel=\"canonical\" href=\"https:\/\/volcanes.net\/?p=4609\" \/>\n<meta property=\"og:locale\" content=\"es_MX\" \/>\n<meta property=\"og:type\" content=\"article\" \/>\n<meta property=\"og:title\" content=\"Reafirman Edomex y CROM alianza laboral en beneficio de la clase trabajadora - Volcanes\" \/>\n<meta property=\"og:description\" content=\"\u2022 _Inaugura Secretaria del Trabajo, Martha Hilda Gonz\u00e1lez Calder\u00f3n, la 67 Convenci\u00f3n Nacional Ordinaria de\" \/>\n<meta property=\"og:url\" content=\"https:\/\/volcanes.net\/?p=4609\" \/>\n<meta property=\"og:site_name\" content=\"Volcanes\" \/>\n<meta property=\"article:publisher\" content=\"https:\/\/www.facebook.com\/volcanes.net\/\" \/>\n<meta property=\"article:published_time\" content=\"2019-05-12T21:16:03+00:00\" \/>\n<meta property=\"article:modified_time\" content=\"2019-05-12T21:16:45+00:00\" \/>\n<meta property=\"og:image\" content=\"https:\/\/volcanes.net\/wp-content\/uploads\/2019\/05\/IMG-20190512-WA0010_compress_17.jpg\" \/>\n\t<meta property=\"og:image:width\" content=\"1280\" \/>\n\t<meta property=\"og:image:height\" content=\"852\" \/>\n\t<meta property=\"og:image:type\" content=\"image\/jpeg\" \/>\n<meta name=\"author\" content=\"admin\" \/>\n<meta name=\"twitter:card\" content=\"summary_large_image\" \/>\n<meta name=\"twitter:label1\" content=\"Escrito por\" \/>\n\t<meta name=\"twitter:data1\" content=\"admin\" \/>\n\t<meta name=\"twitter:label2\" content=\"Tiempo de lectura\" \/>\n\t<meta name=\"twitter:data2\" content=\"3 minutos\" \/>\n<script type=\"application\/ld+json\" class=\"yoast-schema-graph\">{\"@context\":\"https:\/\/schema.org\",\"@graph\":[{\"@type\":\"Article\",\"@id\":\"https:\/\/volcanes.net\/?p=4609#article\",\"isPartOf\":{\"@id\":\"https:\/\/volcanes.net\/?p=4609\"},\"author\":{\"name\":\"admin\",\"@id\":\"https:\/\/volcanes.net\/#\/schema\/person\/4bf0f383940966a4abd53f5048c0e6b9\"},\"headline\":\"Reafirman Edomex y CROM alianza laboral en beneficio de la clase trabajadora\",\"datePublished\":\"2019-05-12T21:16:03+00:00\",\"dateModified\":\"2019-05-12T21:16:45+00:00\",\"mainEntityOfPage\":{\"@id\":\"https:\/\/volcanes.net\/?p=4609\"},\"wordCount\":569,\"commentCount\":0,\"publisher\":{\"@id\":\"https:\/\/volcanes.net\/#organization\"},\"image\":{\"@id\":\"https:\/\/volcanes.net\/?p=4609#primaryimage\"},\"thumbnailUrl\":\"https:\/\/volcanes.net\/wp-content\/uploads\/2019\/05\/IMG-20190512-WA0010_compress_17.jpg\",\"articleSection\":[\"Municipales\"],\"inLanguage\":\"es\",\"potentialAction\":[{\"@type\":\"CommentAction\",\"name\":\"Comment\",\"target\":[\"https:\/\/volcanes.net\/?p=4609#respond\"]}]},{\"@type\":\"WebPage\",\"@id\":\"https:\/\/volcanes.net\/?p=4609\",\"url\":\"https:\/\/volcanes.net\/?p=4609\",\"name\":\"Reafirman Edomex y CROM alianza laboral en beneficio de la clase trabajadora - Volcanes\",\"isPartOf\":{\"@id\":\"https:\/\/volcanes.net\/#website\"},\"primaryImageOfPage\":{\"@id\":\"https:\/\/volcanes.net\/?p=4609#primaryimage\"},\"image\":{\"@id\":\"https:\/\/volcanes.net\/?p=4609#primaryimage\"},\"thumbnailUrl\":\"https:\/\/volcanes.net\/wp-content\/uploads\/2019\/05\/IMG-20190512-WA0010_compress_17.jpg\",\"datePublished\":\"2019-05-12T21:16:03+00:00\",\"dateModified\":\"2019-05-12T21:16:45+00:00\",\"breadcrumb\":{\"@id\":\"https:\/\/volcanes.net\/?p=4609#breadcrumb\"},\"inLanguage\":\"es\",\"potentialAction\":[{\"@type\":\"ReadAction\",\"target\":[\"https:\/\/volcanes.net\/?p=4609\"]}]},{\"@type\":\"ImageObject\",\"inLanguage\":\"es\",\"@id\":\"https:\/\/volcanes.net\/?p=4609#primaryimage\",\"url\":\"https:\/\/volcanes.net\/wp-content\/uploads\/2019\/05\/IMG-20190512-WA0010_compress_17.jpg\",\"contentUrl\":\"https:\/\/volcanes.net\/wp-content\/uploads\/2019\/05\/IMG-20190512-WA0010_compress_17.jpg\",\"width\":1280,\"height\":852},{\"@type\":\"BreadcrumbList\",\"@id\":\"https:\/\/volcanes.net\/?p=4609#breadcrumb\",\"itemListElement\":[{\"@type\":\"ListItem\",\"position\":1,\"name\":\"Portada\",\"item\":\"https:\/\/volcanes.net\/\"},{\"@type\":\"ListItem\",\"position\":2,\"name\":\"Reafirman Edomex y CROM alianza laboral en beneficio de la clase trabajadora\"}]},{\"@type\":\"WebSite\",\"@id\":\"https:\/\/volcanes.net\/#website\",\"url\":\"https:\/\/volcanes.net\/\",\"name\":\"Volcanes.Net\",\"description\":\"Periodismo Profesional\",\"publisher\":{\"@id\":\"https:\/\/volcanes.net\/#organization\"},\"potentialAction\":[{\"@type\":\"SearchAction\",\"target\":{\"@type\":\"EntryPoint\",\"urlTemplate\":\"https:\/\/volcanes.net\/?s={search_term_string}\"},\"query-input\":{\"@type\":\"PropertyValueSpecification\",\"valueRequired\":true,\"valueName\":\"search_term_string\"}}],\"inLanguage\":\"es\"},{\"@type\":\"Organization\",\"@id\":\"https:\/\/volcanes.net\/#organization\",\"name\":\"Grupo Volcanes\",\"url\":\"https:\/\/volcanes.net\/\",\"logo\":{\"@type\":\"ImageObject\",\"inLanguage\":\"es\",\"@id\":\"https:\/\/volcanes.net\/#\/schema\/logo\/image\/\",\"url\":\"http:\/\/volcanes.net\/wp-content\/uploads\/2017\/12\/Avatar2.jpg\",\"contentUrl\":\"http:\/\/volcanes.net\/wp-content\/uploads\/2017\/12\/Avatar2.jpg\",\"width\":378,\"height\":378,\"caption\":\"Grupo Volcanes\"},\"image\":{\"@id\":\"https:\/\/volcanes.net\/#\/schema\/logo\/image\/\"},\"sameAs\":[\"https:\/\/www.facebook.com\/volcanes.net\/\"]},{\"@type\":\"Person\",\"@id\":\"https:\/\/volcanes.net\/#\/schema\/person\/4bf0f383940966a4abd53f5048c0e6b9\",\"name\":\"admin\",\"image\":{\"@type\":\"ImageObject\",\"inLanguage\":\"es\",\"@id\":\"https:\/\/volcanes.net\/#\/schema\/person\/image\/\",\"url\":\"https:\/\/secure.gravatar.com\/avatar\/ca004e6cba8462b8cb7abc86e382930c?s=96&d=mm&r=g\",\"contentUrl\":\"https:\/\/secure.gravatar.com\/avatar\/ca004e6cba8462b8cb7abc86e382930c?s=96&d=mm&r=g\",\"caption\":\"admin\"}}]}<\/script>\n<!-- \/ Yoast SEO plugin. -->","yoast_head_json":{"title":"Reafirman Edomex y CROM alianza laboral en beneficio de la clase trabajadora - Volcanes","robots":{"index":"index","follow":"follow","max-snippet":"max-snippet:-1","max-image-preview":"max-image-preview:large","max-video-preview":"max-video-preview:-1"},"canonical":"https:\/\/volcanes.net\/?p=4609","og_locale":"es_MX","og_type":"article","og_title":"Reafirman Edomex y CROM alianza laboral en beneficio de la clase trabajadora - Volcanes","og_description":"\u2022 _Inaugura Secretaria del Trabajo, Martha Hilda Gonz\u00e1lez Calder\u00f3n, la 67 Convenci\u00f3n Nacional Ordinaria de","og_url":"https:\/\/volcanes.net\/?p=4609","og_site_name":"Volcanes","article_publisher":"https:\/\/www.facebook.com\/volcanes.net\/","article_published_time":"2019-05-12T21:16:03+00:00","article_modified_time":"2019-05-12T21:16:45+00:00","og_image":[{"width":1280,"height":852,"url":"https:\/\/volcanes.net\/wp-content\/uploads\/2019\/05\/IMG-20190512-WA0010_compress_17.jpg","type":"image\/jpeg"}],"author":"admin","twitter_card":"summary_large_image","twitter_misc":{"Escrito por":"admin","Tiempo de lectura":"3 minutos"},"schema":{"@context":"https:\/\/schema.org","@graph":[{"@type":"Article","@id":"https:\/\/volcanes.net\/?p=4609#article","isPartOf":{"@id":"https:\/\/volcanes.net\/?p=4609"},"author":{"name":"admin","@id":"https:\/\/volcanes.net\/#\/schema\/person\/4bf0f383940966a4abd53f5048c0e6b9"},"headline":"Reafirman Edomex y CROM alianza laboral en beneficio de la clase trabajadora","datePublished":"2019-05-12T21:16:03+00:00","dateModified":"2019-05-12T21:16:45+00:00","mainEntityOfPage":{"@id":"https:\/\/volcanes.net\/?p=4609"},"wordCount":569,"commentCount":0,"publisher":{"@id":"https:\/\/volcanes.net\/#organization"},"image":{"@id":"https:\/\/volcanes.net\/?p=4609#primaryimage"},"thumbnailUrl":"https:\/\/volcanes.net\/wp-content\/uploads\/2019\/05\/IMG-20190512-WA0010_compress_17.jpg","articleSection":["Municipales"],"inLanguage":"es","potentialAction":[{"@type":"CommentAction","name":"Comment","target":["https:\/\/volcanes.net\/?p=4609#respond"]}]},{"@type":"WebPage","@id":"https:\/\/volcanes.net\/?p=4609","url":"https:\/\/volcanes.net\/?p=4609","name":"Reafirman Edomex y CROM alianza laboral en beneficio de la clase trabajadora - Volcanes","isPartOf":{"@id":"https:\/\/volcanes.net\/#website"},"primaryImageOfPage":{"@id":"https:\/\/volcanes.net\/?p=4609#primaryimage"},"image":{"@id":"https:\/\/volcanes.net\/?p=4609#primaryimage"},"thumbnailUrl":"https:\/\/volcanes.net\/wp-content\/uploads\/2019\/05\/IMG-20190512-WA0010_compress_17.jpg","datePublished":"2019-05-12T21:16:03+00:00","dateModified":"2019-05-12T21:16:45+00:00","breadcrumb":{"@id":"https:\/\/volcanes.net\/?p=4609#breadcrumb"},"inLanguage":"es","potentialAction":[{"@type":"ReadAction","target":["https:\/\/volcanes.net\/?p=4609"]}]},{"@type":"ImageObject","inLanguage":"es","@id":"https:\/\/volcanes.net\/?p=4609#primaryimage","url":"https:\/\/volcanes.net\/wp-content\/uploads\/2019\/05\/IMG-20190512-WA0010_compress_17.jpg","contentUrl":"https:\/\/volcanes.net\/wp-content\/uploads\/2019\/05\/IMG-20190512-WA0010_compress_17.jpg","width":1280,"height":852},{"@type":"BreadcrumbList","@id":"https:\/\/volcanes.net\/?p=4609#breadcrumb","itemListElement":[{"@type":"ListItem","position":1,"name":"Portada","item":"https:\/\/volcanes.net\/"},{"@type":"ListItem","position":2,"name":"Reafirman Edomex y CROM alianza laboral en beneficio de la clase trabajadora"}]},{"@type":"WebSite","@id":"https:\/\/volcanes.net\/#website","url":"https:\/\/volcanes.net\/","name":"Volcanes.Net","description":"Periodismo Profesional","publisher":{"@id":"https:\/\/volcanes.net\/#organization"},"potentialAction":[{"@type":"SearchAction","target":{"@type":"EntryPoint","urlTemplate":"https:\/\/volcanes.net\/?s={search_term_string}"},"query-input":{"@type":"PropertyValueSpecification","valueRequired":true,"valueName":"search_term_string"}}],"inLanguage":"es"},{"@type":"Organization","@id":"https:\/\/volcanes.net\/#organization","name":"Grupo Volcanes","url":"https:\/\/volcanes.net\/","logo":{"@type":"ImageObject","inLanguage":"es","@id":"https:\/\/volcanes.net\/#\/schema\/logo\/image\/","url":"http:\/\/volcanes.net\/wp-content\/uploads\/2017\/12\/Avatar2.jpg","contentUrl":"http:\/\/volcanes.net\/wp-content\/uploads\/2017\/12\/Avatar2.jpg","width":378,"height":378,"caption":"Grupo Volcanes"},"image":{"@id":"https:\/\/volcanes.net\/#\/schema\/logo\/image\/"},"sameAs":["https:\/\/www.facebook.com\/volcanes.net\/"]},{"@type":"Person","@id":"https:\/\/volcanes.net\/#\/schema\/person\/4bf0f383940966a4abd53f5048c0e6b9","name":"admin","image":{"@type":"ImageObject","inLanguage":"es","@id":"https:\/\/volcanes.net\/#\/schema\/person\/image\/","url":"https:\/\/secure.gravatar.com\/avatar\/ca004e6cba8462b8cb7abc86e382930c?s=96&d=mm&r=g","contentUrl":"https:\/\/secure.gravatar.com\/avatar\/ca004e6cba8462b8cb7abc86e382930c?s=96&d=mm&r=g","caption":"admin"}}]}},"_links":{"self":[{"href":"https:\/\/volcanes.net\/index.php?rest_route=\/wp\/v2\/posts\/4609"}],"collection":[{"href":"https:\/\/volcanes.net\/index.php?rest_route=\/wp\/v2\/posts"}],"about":[{"href":"https:\/\/volcanes.net\/index.php?rest_route=\/wp\/v2\/types\/post"}],"author":[{"embeddable":true,"href":"https:\/\/volcanes.net\/index.php?rest_route=\/wp\/v2\/users\/1"}],"replies":[{"embeddable":true,"href":"https:\/\/volcanes.net\/index.php?rest_route=%2Fwp%2Fv2%2Fcomments&post=4609"}],"version-history":[{"count":1,"href":"https:\/\/volcanes.net\/index.php?rest_route=\/wp\/v2\/posts\/4609\/revisions"}],"predecessor-version":[{"id":4610,"href":"https:\/\/volcanes.net\/index.php?rest_route=\/wp\/v2\/posts\/4609\/revisions\/4610"}],"wp:featuredmedia":[{"embeddable":true,"href":"https:\/\/volcanes.net\/index.php?rest_route=\/wp\/v2\/media\/4608"}],"wp:attachment":[{"href":"https:\/\/volcanes.net\/index.php?rest_route=%2Fwp%2Fv2%2Fmedia&parent=4609"}],"wp:term":[{"taxonomy":"category","embeddable":true,"href":"https:\/\/volcanes.net\/index.php?rest_route=%2Fwp%2Fv2%2Fcategories&post=4609"},{"taxonomy":"post_tag","embeddable":true,"href":"https:\/\/volcanes.net\/index.php?rest_route=%2Fwp%2Fv2%2Ftags&post=4609"}],"curies":[{"name":"wp","href":"https:\/\/api.w.org\/{rel}","templated":true}]}}