{"id":4612,"date":"2019-05-13T09:45:22","date_gmt":"2019-05-13T15:45:22","guid":{"rendered":"http:\/\/volcanes.net\/?p=4612"},"modified":"2019-05-13T09:46:22","modified_gmt":"2019-05-13T15:46:22","slug":"recibe-asistencia-privada-donativo-de-leche-en-beneficio-de-comunidades-vulnerables-en-edomex","status":"publish","type":"post","link":"https:\/\/volcanes.net\/?p=4612","title":{"rendered":"Recibe asistencia privada donativo de leche en beneficio de comunidades vulnerables en Edomex"},"content":{"rendered":"<div style=\"margin-top: 0px; margin-bottom: 0px;\" class=\"sharethis-inline-share-buttons\" ><\/div><p>\u2022\t_Dona empresa, por gestiones de la JAPEM, m\u00e1s de 48 mil botes de leche destinados a la poblaci\u00f3n vulnerable de la entidad._<br \/>\n\u2022\t_Es producto en buen estado y de buena calidad, apto para el consumo._<br \/>\n\u2022\t_Aseguran destino social del donativo asign\u00e1ndolo a las Instituciones de Asistencia Privada de la entidad._<\/p>\n<p>Toluca, Estado de M\u00e9xico, 13 de mayo de 2019. Un total de 48 mil 660 botes de leche recibi\u00f3 como donativo la Junta de Asistencia Privada (JAPEM), organismo sectorizado a la Secretar\u00eda de Desarrollo Social del Estado de M\u00e9xico (Sedesem), con el objetivo de apoyar la nutrici\u00f3n de familias de escasos recursos de la entidad.<\/p>\n<p>Dicha acci\u00f3n es resultado de las gestiones que realiza la JAPEM ante diversos sectores productivos y fue en esta ocasi\u00f3n una empresa multinacional, dedicada a la elaboraci\u00f3n de bebidas refrescantes, la que dio respuesta para sumarse a estas causas altruistas.<\/p>\n<p>Son 8 mil 110 cajas, con seis botes de leche cada una, que se destinar\u00e1n a la poblaci\u00f3n en situaci\u00f3n vulnerable que es apoyada mediante las Instituciones de Asistencia Privada (IAP) del Estado de M\u00e9xico como casas hogar, asilos y casas de d\u00eda para personas adultas mayores, comunidades de pueblos originarios, personas con alguna discapacidad y estancias infantiles.<\/p>\n<p>El Secretario Ejecutivo de la JAPEM, Alfonso Naveda Faure, se\u00f1al\u00f3 que el producto se encuentra en buen estado de consumo y es de buena calidad; \u201ceste donativo nos hace ver que existe confianza por parte del sector privado en la labor que realiza la Asistencia Privada en la entidad.<\/p>\n<p>\u201cEs muy valioso para la Junta encontrar este tipo de respuesta positiva por parte de las empresas, pues con el respaldo de la Sedesem, que se apoya en una visi\u00f3n del desarrollo centrado en el bienestar de las personas, que promueve la administraci\u00f3n estatal, el sector privado se suma como un aliado estrat\u00e9gico para el desarrollo social de los mexiquenses\u201d, destac\u00f3.<\/p>\n<p>Finalmente el Secretario Ejecutivo de la Junta inform\u00f3 que se lleva a cabo la coordinaci\u00f3n y vigilancia de los donativos recibidos, destin\u00e1ndolos a las instituciones que cumplen a cabalidad con los objetivos asistenciales para los cuales fueron creadas.<\/p>\n<p>\u201cEsto asegura a las empresas y donantes la transparencia en el destino de los bienes donados\u201d, concluy\u00f3.<\/p>\n","protected":false},"excerpt":{"rendered":"<p>\u2022 _Dona empresa, por gestiones de la JAPEM, m\u00e1s de 48 mil botes de leche<\/p>\n","protected":false},"author":1,"featured_media":4611,"comment_status":"open","ping_status":"open","sticky":false,"template":"","format":"standard","meta":{"footnotes":""},"categories":[3],"tags":[4],"class_list":["post-4612","post","type-post","status-publish","format-standard","has-post-thumbnail","hentry","category-estatales","tag-gobierno-del-estado-de-mexico"],"yoast_head":"<!-- This site is optimized with the Yoast SEO plugin v25.3 - https:\/\/yoast.com\/wordpress\/plugins\/seo\/ -->\n<title>Recibe asistencia privada donativo de leche en beneficio de comunidades vulnerables en Edomex - Volcanes<\/title>\n<meta name=\"robots\" content=\"index, follow, max-snippet:-1, max-image-preview:large, max-video-preview:-1\" \/>\n<link rel=\"canonical\" href=\"https:\/\/volcanes.net\/?p=4612\" \/>\n<meta property=\"og:locale\" content=\"es_MX\" \/>\n<meta property=\"og:type\" content=\"article\" \/>\n<meta property=\"og:title\" content=\"Recibe asistencia privada donativo de leche en beneficio de comunidades vulnerables en Edomex - Volcanes\" \/>\n<meta property=\"og:description\" content=\"\u2022 _Dona empresa, por gestiones de la JAPEM, m\u00e1s de 48 mil botes de leche\" \/>\n<meta property=\"og:url\" content=\"https:\/\/volcanes.net\/?p=4612\" \/>\n<meta property=\"og:site_name\" content=\"Volcanes\" \/>\n<meta property=\"article:publisher\" content=\"https:\/\/www.facebook.com\/volcanes.net\/\" \/>\n<meta property=\"article:published_time\" content=\"2019-05-13T15:45:22+00:00\" \/>\n<meta property=\"article:modified_time\" content=\"2019-05-13T15:46:22+00:00\" \/>\n<meta property=\"og:image\" content=\"https:\/\/volcanes.net\/wp-content\/uploads\/2019\/05\/IMG-20190513-WA0027_compress_21.jpg\" \/>\n\t<meta property=\"og:image:width\" content=\"1280\" \/>\n\t<meta property=\"og:image:height\" content=\"853\" \/>\n\t<meta property=\"og:image:type\" content=\"image\/jpeg\" \/>\n<meta name=\"author\" content=\"admin\" \/>\n<meta name=\"twitter:card\" content=\"summary_large_image\" \/>\n<meta name=\"twitter:label1\" content=\"Escrito por\" \/>\n\t<meta name=\"twitter:data1\" content=\"admin\" \/>\n\t<meta name=\"twitter:label2\" content=\"Tiempo de lectura\" \/>\n\t<meta name=\"twitter:data2\" content=\"2 minutos\" \/>\n<script type=\"application\/ld+json\" class=\"yoast-schema-graph\">{\"@context\":\"https:\/\/schema.org\",\"@graph\":[{\"@type\":\"Article\",\"@id\":\"https:\/\/volcanes.net\/?p=4612#article\",\"isPartOf\":{\"@id\":\"https:\/\/volcanes.net\/?p=4612\"},\"author\":{\"name\":\"admin\",\"@id\":\"https:\/\/volcanes.net\/#\/schema\/person\/4bf0f383940966a4abd53f5048c0e6b9\"},\"headline\":\"Recibe asistencia privada donativo de leche en beneficio de comunidades vulnerables en Edomex\",\"datePublished\":\"2019-05-13T15:45:22+00:00\",\"dateModified\":\"2019-05-13T15:46:22+00:00\",\"mainEntityOfPage\":{\"@id\":\"https:\/\/volcanes.net\/?p=4612\"},\"wordCount\":395,\"commentCount\":0,\"publisher\":{\"@id\":\"https:\/\/volcanes.net\/#organization\"},\"image\":{\"@id\":\"https:\/\/volcanes.net\/?p=4612#primaryimage\"},\"thumbnailUrl\":\"https:\/\/volcanes.net\/wp-content\/uploads\/2019\/05\/IMG-20190513-WA0027_compress_21.jpg\",\"keywords\":[\"Gobierno del Estado de M\u00e9xico\"],\"articleSection\":[\"Estatales\"],\"inLanguage\":\"es\",\"potentialAction\":[{\"@type\":\"CommentAction\",\"name\":\"Comment\",\"target\":[\"https:\/\/volcanes.net\/?p=4612#respond\"]}]},{\"@type\":\"WebPage\",\"@id\":\"https:\/\/volcanes.net\/?p=4612\",\"url\":\"https:\/\/volcanes.net\/?p=4612\",\"name\":\"Recibe asistencia privada donativo de leche en beneficio de comunidades vulnerables en Edomex - Volcanes\",\"isPartOf\":{\"@id\":\"https:\/\/volcanes.net\/#website\"},\"primaryImageOfPage\":{\"@id\":\"https:\/\/volcanes.net\/?p=4612#primaryimage\"},\"image\":{\"@id\":\"https:\/\/volcanes.net\/?p=4612#primaryimage\"},\"thumbnailUrl\":\"https:\/\/volcanes.net\/wp-content\/uploads\/2019\/05\/IMG-20190513-WA0027_compress_21.jpg\",\"datePublished\":\"2019-05-13T15:45:22+00:00\",\"dateModified\":\"2019-05-13T15:46:22+00:00\",\"breadcrumb\":{\"@id\":\"https:\/\/volcanes.net\/?p=4612#breadcrumb\"},\"inLanguage\":\"es\",\"potentialAction\":[{\"@type\":\"ReadAction\",\"target\":[\"https:\/\/volcanes.net\/?p=4612\"]}]},{\"@type\":\"ImageObject\",\"inLanguage\":\"es\",\"@id\":\"https:\/\/volcanes.net\/?p=4612#primaryimage\",\"url\":\"https:\/\/volcanes.net\/wp-content\/uploads\/2019\/05\/IMG-20190513-WA0027_compress_21.jpg\",\"contentUrl\":\"https:\/\/volcanes.net\/wp-content\/uploads\/2019\/05\/IMG-20190513-WA0027_compress_21.jpg\",\"width\":1280,\"height\":853},{\"@type\":\"BreadcrumbList\",\"@id\":\"https:\/\/volcanes.net\/?p=4612#breadcrumb\",\"itemListElement\":[{\"@type\":\"ListItem\",\"position\":1,\"name\":\"Portada\",\"item\":\"https:\/\/volcanes.net\/\"},{\"@type\":\"ListItem\",\"position\":2,\"name\":\"Recibe asistencia privada donativo de leche en beneficio de comunidades vulnerables en Edomex\"}]},{\"@type\":\"WebSite\",\"@id\":\"https:\/\/volcanes.net\/#website\",\"url\":\"https:\/\/volcanes.net\/\",\"name\":\"Volcanes.Net\",\"description\":\"Periodismo Profesional\",\"publisher\":{\"@id\":\"https:\/\/volcanes.net\/#organization\"},\"potentialAction\":[{\"@type\":\"SearchAction\",\"target\":{\"@type\":\"EntryPoint\",\"urlTemplate\":\"https:\/\/volcanes.net\/?s={search_term_string}\"},\"query-input\":{\"@type\":\"PropertyValueSpecification\",\"valueRequired\":true,\"valueName\":\"search_term_string\"}}],\"inLanguage\":\"es\"},{\"@type\":\"Organization\",\"@id\":\"https:\/\/volcanes.net\/#organization\",\"name\":\"Grupo Volcanes\",\"url\":\"https:\/\/volcanes.net\/\",\"logo\":{\"@type\":\"ImageObject\",\"inLanguage\":\"es\",\"@id\":\"https:\/\/volcanes.net\/#\/schema\/logo\/image\/\",\"url\":\"http:\/\/volcanes.net\/wp-content\/uploads\/2017\/12\/Avatar2.jpg\",\"contentUrl\":\"http:\/\/volcanes.net\/wp-content\/uploads\/2017\/12\/Avatar2.jpg\",\"width\":378,\"height\":378,\"caption\":\"Grupo Volcanes\"},\"image\":{\"@id\":\"https:\/\/volcanes.net\/#\/schema\/logo\/image\/\"},\"sameAs\":[\"https:\/\/www.facebook.com\/volcanes.net\/\"]},{\"@type\":\"Person\",\"@id\":\"https:\/\/volcanes.net\/#\/schema\/person\/4bf0f383940966a4abd53f5048c0e6b9\",\"name\":\"admin\",\"image\":{\"@type\":\"ImageObject\",\"inLanguage\":\"es\",\"@id\":\"https:\/\/volcanes.net\/#\/schema\/person\/image\/\",\"url\":\"https:\/\/secure.gravatar.com\/avatar\/ca004e6cba8462b8cb7abc86e382930c?s=96&d=mm&r=g\",\"contentUrl\":\"https:\/\/secure.gravatar.com\/avatar\/ca004e6cba8462b8cb7abc86e382930c?s=96&d=mm&r=g\",\"caption\":\"admin\"}}]}<\/script>\n<!-- \/ Yoast SEO plugin. -->","yoast_head_json":{"title":"Recibe asistencia privada donativo de leche en beneficio de comunidades vulnerables en Edomex - Volcanes","robots":{"index":"index","follow":"follow","max-snippet":"max-snippet:-1","max-image-preview":"max-image-preview:large","max-video-preview":"max-video-preview:-1"},"canonical":"https:\/\/volcanes.net\/?p=4612","og_locale":"es_MX","og_type":"article","og_title":"Recibe asistencia privada donativo de leche en beneficio de comunidades vulnerables en Edomex - Volcanes","og_description":"\u2022 _Dona empresa, por gestiones de la JAPEM, m\u00e1s de 48 mil botes de leche","og_url":"https:\/\/volcanes.net\/?p=4612","og_site_name":"Volcanes","article_publisher":"https:\/\/www.facebook.com\/volcanes.net\/","article_published_time":"2019-05-13T15:45:22+00:00","article_modified_time":"2019-05-13T15:46:22+00:00","og_image":[{"width":1280,"height":853,"url":"https:\/\/volcanes.net\/wp-content\/uploads\/2019\/05\/IMG-20190513-WA0027_compress_21.jpg","type":"image\/jpeg"}],"author":"admin","twitter_card":"summary_large_image","twitter_misc":{"Escrito por":"admin","Tiempo de lectura":"2 minutos"},"schema":{"@context":"https:\/\/schema.org","@graph":[{"@type":"Article","@id":"https:\/\/volcanes.net\/?p=4612#article","isPartOf":{"@id":"https:\/\/volcanes.net\/?p=4612"},"author":{"name":"admin","@id":"https:\/\/volcanes.net\/#\/schema\/person\/4bf0f383940966a4abd53f5048c0e6b9"},"headline":"Recibe asistencia privada donativo de leche en beneficio de comunidades vulnerables en Edomex","datePublished":"2019-05-13T15:45:22+00:00","dateModified":"2019-05-13T15:46:22+00:00","mainEntityOfPage":{"@id":"https:\/\/volcanes.net\/?p=4612"},"wordCount":395,"commentCount":0,"publisher":{"@id":"https:\/\/volcanes.net\/#organization"},"image":{"@id":"https:\/\/volcanes.net\/?p=4612#primaryimage"},"thumbnailUrl":"https:\/\/volcanes.net\/wp-content\/uploads\/2019\/05\/IMG-20190513-WA0027_compress_21.jpg","keywords":["Gobierno del Estado de M\u00e9xico"],"articleSection":["Estatales"],"inLanguage":"es","potentialAction":[{"@type":"CommentAction","name":"Comment","target":["https:\/\/volcanes.net\/?p=4612#respond"]}]},{"@type":"WebPage","@id":"https:\/\/volcanes.net\/?p=4612","url":"https:\/\/volcanes.net\/?p=4612","name":"Recibe asistencia privada donativo de leche en beneficio de comunidades vulnerables en Edomex - Volcanes","isPartOf":{"@id":"https:\/\/volcanes.net\/#website"},"primaryImageOfPage":{"@id":"https:\/\/volcanes.net\/?p=4612#primaryimage"},"image":{"@id":"https:\/\/volcanes.net\/?p=4612#primaryimage"},"thumbnailUrl":"https:\/\/volcanes.net\/wp-content\/uploads\/2019\/05\/IMG-20190513-WA0027_compress_21.jpg","datePublished":"2019-05-13T15:45:22+00:00","dateModified":"2019-05-13T15:46:22+00:00","breadcrumb":{"@id":"https:\/\/volcanes.net\/?p=4612#breadcrumb"},"inLanguage":"es","potentialAction":[{"@type":"ReadAction","target":["https:\/\/volcanes.net\/?p=4612"]}]},{"@type":"ImageObject","inLanguage":"es","@id":"https:\/\/volcanes.net\/?p=4612#primaryimage","url":"https:\/\/volcanes.net\/wp-content\/uploads\/2019\/05\/IMG-20190513-WA0027_compress_21.jpg","contentUrl":"https:\/\/volcanes.net\/wp-content\/uploads\/2019\/05\/IMG-20190513-WA0027_compress_21.jpg","width":1280,"height":853},{"@type":"BreadcrumbList","@id":"https:\/\/volcanes.net\/?p=4612#breadcrumb","itemListElement":[{"@type":"ListItem","position":1,"name":"Portada","item":"https:\/\/volcanes.net\/"},{"@type":"ListItem","position":2,"name":"Recibe asistencia privada donativo de leche en beneficio de comunidades vulnerables en Edomex"}]},{"@type":"WebSite","@id":"https:\/\/volcanes.net\/#website","url":"https:\/\/volcanes.net\/","name":"Volcanes.Net","description":"Periodismo Profesional","publisher":{"@id":"https:\/\/volcanes.net\/#organization"},"potentialAction":[{"@type":"SearchAction","target":{"@type":"EntryPoint","urlTemplate":"https:\/\/volcanes.net\/?s={search_term_string}"},"query-input":{"@type":"PropertyValueSpecification","valueRequired":true,"valueName":"search_term_string"}}],"inLanguage":"es"},{"@type":"Organization","@id":"https:\/\/volcanes.net\/#organization","name":"Grupo Volcanes","url":"https:\/\/volcanes.net\/","logo":{"@type":"ImageObject","inLanguage":"es","@id":"https:\/\/volcanes.net\/#\/schema\/logo\/image\/","url":"http:\/\/volcanes.net\/wp-content\/uploads\/2017\/12\/Avatar2.jpg","contentUrl":"http:\/\/volcanes.net\/wp-content\/uploads\/2017\/12\/Avatar2.jpg","width":378,"height":378,"caption":"Grupo Volcanes"},"image":{"@id":"https:\/\/volcanes.net\/#\/schema\/logo\/image\/"},"sameAs":["https:\/\/www.facebook.com\/volcanes.net\/"]},{"@type":"Person","@id":"https:\/\/volcanes.net\/#\/schema\/person\/4bf0f383940966a4abd53f5048c0e6b9","name":"admin","image":{"@type":"ImageObject","inLanguage":"es","@id":"https:\/\/volcanes.net\/#\/schema\/person\/image\/","url":"https:\/\/secure.gravatar.com\/avatar\/ca004e6cba8462b8cb7abc86e382930c?s=96&d=mm&r=g","contentUrl":"https:\/\/secure.gravatar.com\/avatar\/ca004e6cba8462b8cb7abc86e382930c?s=96&d=mm&r=g","caption":"admin"}}]}},"_links":{"self":[{"href":"https:\/\/volcanes.net\/index.php?rest_route=\/wp\/v2\/posts\/4612"}],"collection":[{"href":"https:\/\/volcanes.net\/index.php?rest_route=\/wp\/v2\/posts"}],"about":[{"href":"https:\/\/volcanes.net\/index.php?rest_route=\/wp\/v2\/types\/post"}],"author":[{"embeddable":true,"href":"https:\/\/volcanes.net\/index.php?rest_route=\/wp\/v2\/users\/1"}],"replies":[{"embeddable":true,"href":"https:\/\/volcanes.net\/index.php?rest_route=%2Fwp%2Fv2%2Fcomments&post=4612"}],"version-history":[{"count":1,"href":"https:\/\/volcanes.net\/index.php?rest_route=\/wp\/v2\/posts\/4612\/revisions"}],"predecessor-version":[{"id":4613,"href":"https:\/\/volcanes.net\/index.php?rest_route=\/wp\/v2\/posts\/4612\/revisions\/4613"}],"wp:featuredmedia":[{"embeddable":true,"href":"https:\/\/volcanes.net\/index.php?rest_route=\/wp\/v2\/media\/4611"}],"wp:attachment":[{"href":"https:\/\/volcanes.net\/index.php?rest_route=%2Fwp%2Fv2%2Fmedia&parent=4612"}],"wp:term":[{"taxonomy":"category","embeddable":true,"href":"https:\/\/volcanes.net\/index.php?rest_route=%2Fwp%2Fv2%2Fcategories&post=4612"},{"taxonomy":"post_tag","embeddable":true,"href":"https:\/\/volcanes.net\/index.php?rest_route=%2Fwp%2Fv2%2Ftags&post=4612"}],"curies":[{"name":"wp","href":"https:\/\/api.w.org\/{rel}","templated":true}]}}