{"id":4618,"date":"2019-05-14T05:47:16","date_gmt":"2019-05-14T11:47:16","guid":{"rendered":"http:\/\/volcanes.net\/?p=4618"},"modified":"2019-05-14T05:48:03","modified_gmt":"2019-05-14T11:48:03","slug":"gobierno-del-edomex-esta-preparado-para-temporada-de-lluvias","status":"publish","type":"post","link":"https:\/\/volcanes.net\/?p=4618","title":{"rendered":"Gobierno del Edomex est\u00e1 preparado para temporada de lluvias"},"content":{"rendered":"<div style=\"margin-top: 0px; margin-bottom: 0px;\" class=\"sharethis-inline-share-buttons\" ><\/div><p>\u2022\t_Trabaja CAEM con el Gobierno federal, los municipios y la ciudadan\u00eda para reforzar la cultura de la prevenci\u00f3n._<br \/>\n\u2022\t_Presentan el Atlas de Inundaciones 2019._<br \/>\n\u2022\t_Ubicar\u00e1n a los casi mil elementos del Grupo Tl\u00e1loc en 26 campamentos, distribuidos en 18 municipios._<\/p>\n<p>*Naucalpan, Estado de M\u00e9xico, 13 de mayo de 2019.* El Gobierno del Estado de M\u00e9xico dio a conocer que se encuentra preparado para el arranque de la pr\u00f3xima temporada de lluvia, con el prop\u00f3sito de aprovechar al m\u00e1ximo los beneficios que aporta para la recarga de los mantos acu\u00edferos y disminuir las afectaciones que las precipitaciones pudieran provocar, por lo que hizo un llamado a las autoridades municipales y a los mexiquenses a reforzar la cultura de la prevenci\u00f3n para mitigar posibles da\u00f1os.<\/p>\n<p>En conferencia de prensa, el Vocal Ejecutivo de la Comisi\u00f3n del Agua del Estado de M\u00e9xico (CAEM), Alfredo P\u00e9rez Guzm\u00e1n, asegur\u00f3 que la Comisi\u00f3n cuenta con personal y equipo especializado para reforzar el monitoreo de las lluvias, su impacto en la infraestructura del drenaje, en los niveles de los principales cuerpos de agua de la entidad y actuar en caso de emergencia, para auxiliar a la poblaci\u00f3n durante una contingencia.<\/p>\n<p>El funcionario present\u00f3 el Atlas de Inundaciones 2019, documento estrat\u00e9gico que ser\u00e1 entregado a los 125 municipios de la entidad, para apoyarlos en la toma de decisiones sobre el monitoreo, mantenimiento de la infraestructura hidr\u00e1ulica y atenci\u00f3n a la ciudadan\u00eda.<\/p>\n<p>La elaboraci\u00f3n de este documento forma parte de las acciones preventivas que realiza la CAEM para disminuir los riesgos de inundaciones, en el que integra el registro hist\u00f3rico de las zonas con mayor susceptibilidad de anegaciones, las causas, la poblaci\u00f3n que ha padecido alguna afectaci\u00f3n, as\u00ed como las sugerencias de obras y acciones.<\/p>\n<p>En esta edici\u00f3n XXV, se consignan los datos del a\u00f1o 2018, entre los que destacan, en forma general, que hubo 94 sitios ubicados en 114 colonias de 38 municipios, con alguna afectaci\u00f3n por encharcamientos e inundaciones, lo que impact\u00f3 a 18 mil habitantes.<\/p>\n<p>El Atlas activa los mecanismos de coordinaci\u00f3n con las autoridades municipales y federales, adem\u00e1s permite aprovechar en forma eficiente a los casi mil especialistas del drenaje y atenci\u00f3n a emergencias que integran al Grupo Tl\u00e1loc, quienes estar\u00e1n ubicados estrat\u00e9gicamente en 26 campamentos, distribuidos en 18 municipios del Valle de M\u00e9xico, el Valle de Toluca y la regi\u00f3n sur del estado.<\/p>\n<p>El Vocal Ejecutivo de la CAEM refrend\u00f3 el compromiso del Gobernador Alfredo Del Mazo de mantener una comunicaci\u00f3n directa y constante para trabajar en forma coordinada con los municipios, y dar atenci\u00f3n a la ciudadan\u00eda a trav\u00e9s de mecanismos de atenci\u00f3n oportuna.<\/p>\n<p>Por \u00faltimo, el funcionario resalt\u00f3 que hasta el momento se han retirado 2 mil 400 toneladas de basura, lo que obliga tanto a las autoridades como a los mexiquenses, a redoblar los esfuerzos de prevenci\u00f3n, especialmente haciendo cada quien el trabajo que le corresponde para no obstruir la infraestructura del drenaje.<\/p>\n","protected":false},"excerpt":{"rendered":"<p>\u2022 _Trabaja CAEM con el Gobierno federal, los municipios y la ciudadan\u00eda para reforzar la<\/p>\n","protected":false},"author":1,"featured_media":4617,"comment_status":"open","ping_status":"open","sticky":false,"template":"","format":"standard","meta":{"footnotes":""},"categories":[3],"tags":[4],"class_list":["post-4618","post","type-post","status-publish","format-standard","has-post-thumbnail","hentry","category-estatales","tag-gobierno-del-estado-de-mexico"],"yoast_head":"<!-- This site is optimized with the Yoast SEO plugin v25.3 - https:\/\/yoast.com\/wordpress\/plugins\/seo\/ -->\n<title>Gobierno del Edomex est\u00e1 preparado para temporada de lluvias - Volcanes<\/title>\n<meta name=\"robots\" content=\"index, follow, max-snippet:-1, max-image-preview:large, max-video-preview:-1\" \/>\n<link rel=\"canonical\" href=\"https:\/\/volcanes.net\/?p=4618\" \/>\n<meta property=\"og:locale\" content=\"es_MX\" \/>\n<meta property=\"og:type\" content=\"article\" \/>\n<meta property=\"og:title\" content=\"Gobierno del Edomex est\u00e1 preparado para temporada de lluvias - Volcanes\" \/>\n<meta property=\"og:description\" content=\"\u2022 _Trabaja CAEM con el Gobierno federal, los municipios y la ciudadan\u00eda para reforzar la\" \/>\n<meta property=\"og:url\" content=\"https:\/\/volcanes.net\/?p=4618\" \/>\n<meta property=\"og:site_name\" content=\"Volcanes\" \/>\n<meta property=\"article:publisher\" content=\"https:\/\/www.facebook.com\/volcanes.net\/\" \/>\n<meta property=\"article:published_time\" content=\"2019-05-14T11:47:16+00:00\" \/>\n<meta property=\"article:modified_time\" content=\"2019-05-14T11:48:03+00:00\" \/>\n<meta property=\"og:image\" content=\"https:\/\/volcanes.net\/wp-content\/uploads\/2019\/05\/IMG-20190514-WA0003_compress_40.jpg\" \/>\n\t<meta property=\"og:image:width\" content=\"1280\" \/>\n\t<meta property=\"og:image:height\" content=\"854\" \/>\n\t<meta property=\"og:image:type\" content=\"image\/jpeg\" \/>\n<meta name=\"author\" content=\"admin\" \/>\n<meta name=\"twitter:card\" content=\"summary_large_image\" \/>\n<meta name=\"twitter:label1\" content=\"Escrito por\" \/>\n\t<meta name=\"twitter:data1\" content=\"admin\" \/>\n\t<meta name=\"twitter:label2\" content=\"Tiempo de lectura\" \/>\n\t<meta name=\"twitter:data2\" content=\"3 minutos\" \/>\n<script type=\"application\/ld+json\" class=\"yoast-schema-graph\">{\"@context\":\"https:\/\/schema.org\",\"@graph\":[{\"@type\":\"Article\",\"@id\":\"https:\/\/volcanes.net\/?p=4618#article\",\"isPartOf\":{\"@id\":\"https:\/\/volcanes.net\/?p=4618\"},\"author\":{\"name\":\"admin\",\"@id\":\"https:\/\/volcanes.net\/#\/schema\/person\/4bf0f383940966a4abd53f5048c0e6b9\"},\"headline\":\"Gobierno del Edomex est\u00e1 preparado para temporada de lluvias\",\"datePublished\":\"2019-05-14T11:47:16+00:00\",\"dateModified\":\"2019-05-14T11:48:03+00:00\",\"mainEntityOfPage\":{\"@id\":\"https:\/\/volcanes.net\/?p=4618\"},\"wordCount\":518,\"commentCount\":0,\"publisher\":{\"@id\":\"https:\/\/volcanes.net\/#organization\"},\"image\":{\"@id\":\"https:\/\/volcanes.net\/?p=4618#primaryimage\"},\"thumbnailUrl\":\"https:\/\/volcanes.net\/wp-content\/uploads\/2019\/05\/IMG-20190514-WA0003_compress_40.jpg\",\"keywords\":[\"Gobierno del Estado de M\u00e9xico\"],\"articleSection\":[\"Estatales\"],\"inLanguage\":\"es\",\"potentialAction\":[{\"@type\":\"CommentAction\",\"name\":\"Comment\",\"target\":[\"https:\/\/volcanes.net\/?p=4618#respond\"]}]},{\"@type\":\"WebPage\",\"@id\":\"https:\/\/volcanes.net\/?p=4618\",\"url\":\"https:\/\/volcanes.net\/?p=4618\",\"name\":\"Gobierno del Edomex est\u00e1 preparado para temporada de lluvias - Volcanes\",\"isPartOf\":{\"@id\":\"https:\/\/volcanes.net\/#website\"},\"primaryImageOfPage\":{\"@id\":\"https:\/\/volcanes.net\/?p=4618#primaryimage\"},\"image\":{\"@id\":\"https:\/\/volcanes.net\/?p=4618#primaryimage\"},\"thumbnailUrl\":\"https:\/\/volcanes.net\/wp-content\/uploads\/2019\/05\/IMG-20190514-WA0003_compress_40.jpg\",\"datePublished\":\"2019-05-14T11:47:16+00:00\",\"dateModified\":\"2019-05-14T11:48:03+00:00\",\"breadcrumb\":{\"@id\":\"https:\/\/volcanes.net\/?p=4618#breadcrumb\"},\"inLanguage\":\"es\",\"potentialAction\":[{\"@type\":\"ReadAction\",\"target\":[\"https:\/\/volcanes.net\/?p=4618\"]}]},{\"@type\":\"ImageObject\",\"inLanguage\":\"es\",\"@id\":\"https:\/\/volcanes.net\/?p=4618#primaryimage\",\"url\":\"https:\/\/volcanes.net\/wp-content\/uploads\/2019\/05\/IMG-20190514-WA0003_compress_40.jpg\",\"contentUrl\":\"https:\/\/volcanes.net\/wp-content\/uploads\/2019\/05\/IMG-20190514-WA0003_compress_40.jpg\",\"width\":1280,\"height\":854},{\"@type\":\"BreadcrumbList\",\"@id\":\"https:\/\/volcanes.net\/?p=4618#breadcrumb\",\"itemListElement\":[{\"@type\":\"ListItem\",\"position\":1,\"name\":\"Portada\",\"item\":\"https:\/\/volcanes.net\/\"},{\"@type\":\"ListItem\",\"position\":2,\"name\":\"Gobierno del Edomex est\u00e1 preparado para temporada de lluvias\"}]},{\"@type\":\"WebSite\",\"@id\":\"https:\/\/volcanes.net\/#website\",\"url\":\"https:\/\/volcanes.net\/\",\"name\":\"Volcanes.Net\",\"description\":\"Periodismo Profesional\",\"publisher\":{\"@id\":\"https:\/\/volcanes.net\/#organization\"},\"potentialAction\":[{\"@type\":\"SearchAction\",\"target\":{\"@type\":\"EntryPoint\",\"urlTemplate\":\"https:\/\/volcanes.net\/?s={search_term_string}\"},\"query-input\":{\"@type\":\"PropertyValueSpecification\",\"valueRequired\":true,\"valueName\":\"search_term_string\"}}],\"inLanguage\":\"es\"},{\"@type\":\"Organization\",\"@id\":\"https:\/\/volcanes.net\/#organization\",\"name\":\"Grupo Volcanes\",\"url\":\"https:\/\/volcanes.net\/\",\"logo\":{\"@type\":\"ImageObject\",\"inLanguage\":\"es\",\"@id\":\"https:\/\/volcanes.net\/#\/schema\/logo\/image\/\",\"url\":\"http:\/\/volcanes.net\/wp-content\/uploads\/2017\/12\/Avatar2.jpg\",\"contentUrl\":\"http:\/\/volcanes.net\/wp-content\/uploads\/2017\/12\/Avatar2.jpg\",\"width\":378,\"height\":378,\"caption\":\"Grupo Volcanes\"},\"image\":{\"@id\":\"https:\/\/volcanes.net\/#\/schema\/logo\/image\/\"},\"sameAs\":[\"https:\/\/www.facebook.com\/volcanes.net\/\"]},{\"@type\":\"Person\",\"@id\":\"https:\/\/volcanes.net\/#\/schema\/person\/4bf0f383940966a4abd53f5048c0e6b9\",\"name\":\"admin\",\"image\":{\"@type\":\"ImageObject\",\"inLanguage\":\"es\",\"@id\":\"https:\/\/volcanes.net\/#\/schema\/person\/image\/\",\"url\":\"https:\/\/secure.gravatar.com\/avatar\/ca004e6cba8462b8cb7abc86e382930c?s=96&d=mm&r=g\",\"contentUrl\":\"https:\/\/secure.gravatar.com\/avatar\/ca004e6cba8462b8cb7abc86e382930c?s=96&d=mm&r=g\",\"caption\":\"admin\"}}]}<\/script>\n<!-- \/ Yoast SEO plugin. -->","yoast_head_json":{"title":"Gobierno del Edomex est\u00e1 preparado para temporada de lluvias - Volcanes","robots":{"index":"index","follow":"follow","max-snippet":"max-snippet:-1","max-image-preview":"max-image-preview:large","max-video-preview":"max-video-preview:-1"},"canonical":"https:\/\/volcanes.net\/?p=4618","og_locale":"es_MX","og_type":"article","og_title":"Gobierno del Edomex est\u00e1 preparado para temporada de lluvias - Volcanes","og_description":"\u2022 _Trabaja CAEM con el Gobierno federal, los municipios y la ciudadan\u00eda para reforzar la","og_url":"https:\/\/volcanes.net\/?p=4618","og_site_name":"Volcanes","article_publisher":"https:\/\/www.facebook.com\/volcanes.net\/","article_published_time":"2019-05-14T11:47:16+00:00","article_modified_time":"2019-05-14T11:48:03+00:00","og_image":[{"width":1280,"height":854,"url":"https:\/\/volcanes.net\/wp-content\/uploads\/2019\/05\/IMG-20190514-WA0003_compress_40.jpg","type":"image\/jpeg"}],"author":"admin","twitter_card":"summary_large_image","twitter_misc":{"Escrito por":"admin","Tiempo de lectura":"3 minutos"},"schema":{"@context":"https:\/\/schema.org","@graph":[{"@type":"Article","@id":"https:\/\/volcanes.net\/?p=4618#article","isPartOf":{"@id":"https:\/\/volcanes.net\/?p=4618"},"author":{"name":"admin","@id":"https:\/\/volcanes.net\/#\/schema\/person\/4bf0f383940966a4abd53f5048c0e6b9"},"headline":"Gobierno del Edomex est\u00e1 preparado para temporada de lluvias","datePublished":"2019-05-14T11:47:16+00:00","dateModified":"2019-05-14T11:48:03+00:00","mainEntityOfPage":{"@id":"https:\/\/volcanes.net\/?p=4618"},"wordCount":518,"commentCount":0,"publisher":{"@id":"https:\/\/volcanes.net\/#organization"},"image":{"@id":"https:\/\/volcanes.net\/?p=4618#primaryimage"},"thumbnailUrl":"https:\/\/volcanes.net\/wp-content\/uploads\/2019\/05\/IMG-20190514-WA0003_compress_40.jpg","keywords":["Gobierno del Estado de M\u00e9xico"],"articleSection":["Estatales"],"inLanguage":"es","potentialAction":[{"@type":"CommentAction","name":"Comment","target":["https:\/\/volcanes.net\/?p=4618#respond"]}]},{"@type":"WebPage","@id":"https:\/\/volcanes.net\/?p=4618","url":"https:\/\/volcanes.net\/?p=4618","name":"Gobierno del Edomex est\u00e1 preparado para temporada de lluvias - Volcanes","isPartOf":{"@id":"https:\/\/volcanes.net\/#website"},"primaryImageOfPage":{"@id":"https:\/\/volcanes.net\/?p=4618#primaryimage"},"image":{"@id":"https:\/\/volcanes.net\/?p=4618#primaryimage"},"thumbnailUrl":"https:\/\/volcanes.net\/wp-content\/uploads\/2019\/05\/IMG-20190514-WA0003_compress_40.jpg","datePublished":"2019-05-14T11:47:16+00:00","dateModified":"2019-05-14T11:48:03+00:00","breadcrumb":{"@id":"https:\/\/volcanes.net\/?p=4618#breadcrumb"},"inLanguage":"es","potentialAction":[{"@type":"ReadAction","target":["https:\/\/volcanes.net\/?p=4618"]}]},{"@type":"ImageObject","inLanguage":"es","@id":"https:\/\/volcanes.net\/?p=4618#primaryimage","url":"https:\/\/volcanes.net\/wp-content\/uploads\/2019\/05\/IMG-20190514-WA0003_compress_40.jpg","contentUrl":"https:\/\/volcanes.net\/wp-content\/uploads\/2019\/05\/IMG-20190514-WA0003_compress_40.jpg","width":1280,"height":854},{"@type":"BreadcrumbList","@id":"https:\/\/volcanes.net\/?p=4618#breadcrumb","itemListElement":[{"@type":"ListItem","position":1,"name":"Portada","item":"https:\/\/volcanes.net\/"},{"@type":"ListItem","position":2,"name":"Gobierno del Edomex est\u00e1 preparado para temporada de lluvias"}]},{"@type":"WebSite","@id":"https:\/\/volcanes.net\/#website","url":"https:\/\/volcanes.net\/","name":"Volcanes.Net","description":"Periodismo Profesional","publisher":{"@id":"https:\/\/volcanes.net\/#organization"},"potentialAction":[{"@type":"SearchAction","target":{"@type":"EntryPoint","urlTemplate":"https:\/\/volcanes.net\/?s={search_term_string}"},"query-input":{"@type":"PropertyValueSpecification","valueRequired":true,"valueName":"search_term_string"}}],"inLanguage":"es"},{"@type":"Organization","@id":"https:\/\/volcanes.net\/#organization","name":"Grupo Volcanes","url":"https:\/\/volcanes.net\/","logo":{"@type":"ImageObject","inLanguage":"es","@id":"https:\/\/volcanes.net\/#\/schema\/logo\/image\/","url":"http:\/\/volcanes.net\/wp-content\/uploads\/2017\/12\/Avatar2.jpg","contentUrl":"http:\/\/volcanes.net\/wp-content\/uploads\/2017\/12\/Avatar2.jpg","width":378,"height":378,"caption":"Grupo Volcanes"},"image":{"@id":"https:\/\/volcanes.net\/#\/schema\/logo\/image\/"},"sameAs":["https:\/\/www.facebook.com\/volcanes.net\/"]},{"@type":"Person","@id":"https:\/\/volcanes.net\/#\/schema\/person\/4bf0f383940966a4abd53f5048c0e6b9","name":"admin","image":{"@type":"ImageObject","inLanguage":"es","@id":"https:\/\/volcanes.net\/#\/schema\/person\/image\/","url":"https:\/\/secure.gravatar.com\/avatar\/ca004e6cba8462b8cb7abc86e382930c?s=96&d=mm&r=g","contentUrl":"https:\/\/secure.gravatar.com\/avatar\/ca004e6cba8462b8cb7abc86e382930c?s=96&d=mm&r=g","caption":"admin"}}]}},"_links":{"self":[{"href":"https:\/\/volcanes.net\/index.php?rest_route=\/wp\/v2\/posts\/4618"}],"collection":[{"href":"https:\/\/volcanes.net\/index.php?rest_route=\/wp\/v2\/posts"}],"about":[{"href":"https:\/\/volcanes.net\/index.php?rest_route=\/wp\/v2\/types\/post"}],"author":[{"embeddable":true,"href":"https:\/\/volcanes.net\/index.php?rest_route=\/wp\/v2\/users\/1"}],"replies":[{"embeddable":true,"href":"https:\/\/volcanes.net\/index.php?rest_route=%2Fwp%2Fv2%2Fcomments&post=4618"}],"version-history":[{"count":1,"href":"https:\/\/volcanes.net\/index.php?rest_route=\/wp\/v2\/posts\/4618\/revisions"}],"predecessor-version":[{"id":4619,"href":"https:\/\/volcanes.net\/index.php?rest_route=\/wp\/v2\/posts\/4618\/revisions\/4619"}],"wp:featuredmedia":[{"embeddable":true,"href":"https:\/\/volcanes.net\/index.php?rest_route=\/wp\/v2\/media\/4617"}],"wp:attachment":[{"href":"https:\/\/volcanes.net\/index.php?rest_route=%2Fwp%2Fv2%2Fmedia&parent=4618"}],"wp:term":[{"taxonomy":"category","embeddable":true,"href":"https:\/\/volcanes.net\/index.php?rest_route=%2Fwp%2Fv2%2Fcategories&post=4618"},{"taxonomy":"post_tag","embeddable":true,"href":"https:\/\/volcanes.net\/index.php?rest_route=%2Fwp%2Fv2%2Ftags&post=4618"}],"curies":[{"name":"wp","href":"https:\/\/api.w.org\/{rel}","templated":true}]}}