{"id":462,"date":"2018-01-16T21:57:08","date_gmt":"2018-01-16T21:57:08","guid":{"rendered":"http:\/\/volcanes.net\/?p=462"},"modified":"2018-01-16T21:57:08","modified_gmt":"2018-01-16T21:57:08","slug":"sin-cabida-para-la-confrontacion-en-el-proyecto-de-meade-senala-pri","status":"publish","type":"post","link":"https:\/\/volcanes.net\/?p=462","title":{"rendered":"Sin cabida para la confrontaci\u00f3n en el proyecto de Meade, se\u00f1ala PRI"},"content":{"rendered":"<div style=\"margin-top: 0px; margin-bottom: 0px;\" class=\"sharethis-inline-share-buttons\" ><\/div><p>En la propuesta de Jos\u00e9 Antonio Meade, caben todos los mexicanos de todas las ideolog\u00edas que quieran construir un M\u00e9xico fuerte y pr\u00f3spero,\u00a0\u201cdesde luego que no incluye planteamientos para liberar a criminales ni proyectos para echar atr\u00e1s las reformas estructurales como la educativa, ni hay espacio para la confrontaci\u00f3n de los mexicanos\u201d, afirm\u00f3 la\u00a0secretaria general del PRI, Claudia Ruiz Massieu.<\/p>\n<p>El proyecto de naci\u00f3n que est\u00e1 construyendo el precandidato de la coalici\u00f3n \u201cTodos por M\u00e9xico\u201d, dijo, representa a millones de mexicanos que quiere un pa\u00eds grande, que sea potencia mundial, con oportunidades, mejor educaci\u00f3n, salud, seguridad e igualdad,<\/p>\n<p>En entrevista con el noticiario \u201cEn los Tiempos de la Radio\u201d, de Grupo F\u00f3rmula, Ruiz Massieu explic\u00f3 que Meade Kuribre\u00f1a -que impulsa la coalici\u00f3n del PRI, PVEM y Panal-, construye un proyecto de unidad y fortaleza, y abre la puerta a las propuestas y demandas ciudadanas.<\/p>\n<p>Meade Kuribre\u00f1a es un hombre de experiencia, con excelente trayectoria profesional, solidez, sensibilidad y credibilidad, por lo que no existe comparaci\u00f3n con los otros aspirantes de la oposici\u00f3n,\u00a0expuso la secretaria general del PRI.<\/p>\n<p>El objetivo del aspirante presidencial, consider\u00f3, es enfrentar los retos que presenta el pa\u00eds, ofrecer soluciones viables a las mayor\u00edas y cerrar la brecha de desigualdad que hay en estos momentos en la poblaci\u00f3n, con m\u00e1s y mejor educaci\u00f3n, salud y servicios.<\/p>\n<p>\u201cPepe Meade es un precandidato ciudadano, no tiene militancia partidista\u2026 Es una propuesta abierta a la ciudadan\u00eda y representa a esos millones de mexicanos que queremos un M\u00e9xico grande, que sea potencia, que quieren que sus hijos tengan oportunidades, que quieren vivir con tranquilidad, servicios b\u00e1sicos accesibles, es una propuesta donde todos caben, donde todos en M\u00e9xico estar\u00e1n con Pepe Meade\u201d, reiter\u00f3 la lideresa priista.<\/p>\n<p>En estos momentos, la estrategia de Meade Kuribre\u00f1a es continuar recorriendo el pa\u00eds para dialogar con la poblaci\u00f3n y escuchar sus demandas, sus inquietudes, en especial con la militancia del PRI, del PVEM y del Panal, y a partir de abril entrar a la campa\u00f1a con un planteamiento responsable, cre\u00edble, serio, que ofrezca respuesta a las mayor\u00eda, indic\u00f3.<\/p>\n<p>Con Meade Kuribre\u00f1a, dijo la secretaria general del PRI, se garantiza el triunfo, ya que es una persona sencilla, con experiencia, comprometida, talentosa, profesional, que plantea construir el pa\u00eds que todos quieren, donde exista la igualdad y la inclusi\u00f3n.<\/p>\n","protected":false},"excerpt":{"rendered":"<p>En la propuesta de Jos\u00e9 Antonio Meade, caben todos los mexicanos de todas las ideolog\u00edas<\/p>\n","protected":false},"author":1,"featured_media":448,"comment_status":"open","ping_status":"open","sticky":false,"template":"","format":"standard","meta":{"footnotes":""},"categories":[1],"tags":[36,10],"class_list":["post-462","post","type-post","status-publish","format-standard","has-post-thumbnail","hentry","category-municipales","tag-meade","tag-pri"],"yoast_head":"<!-- This site is optimized with the Yoast SEO plugin v25.3 - https:\/\/yoast.com\/wordpress\/plugins\/seo\/ -->\n<title>Sin cabida para la confrontaci\u00f3n en el proyecto de Meade, se\u00f1ala PRI - Volcanes<\/title>\n<meta name=\"robots\" content=\"index, follow, max-snippet:-1, max-image-preview:large, max-video-preview:-1\" \/>\n<link rel=\"canonical\" href=\"https:\/\/volcanes.net\/?p=462\" \/>\n<meta property=\"og:locale\" content=\"es_MX\" \/>\n<meta property=\"og:type\" content=\"article\" \/>\n<meta property=\"og:title\" content=\"Sin cabida para la confrontaci\u00f3n en el proyecto de Meade, se\u00f1ala PRI - Volcanes\" \/>\n<meta property=\"og:description\" content=\"En la propuesta de Jos\u00e9 Antonio Meade, caben todos los mexicanos de todas las ideolog\u00edas\" \/>\n<meta property=\"og:url\" content=\"https:\/\/volcanes.net\/?p=462\" \/>\n<meta property=\"og:site_name\" content=\"Volcanes\" \/>\n<meta property=\"article:publisher\" content=\"https:\/\/www.facebook.com\/volcanes.net\/\" \/>\n<meta property=\"article:published_time\" content=\"2018-01-16T21:57:08+00:00\" \/>\n<meta property=\"og:image\" content=\"https:\/\/volcanes.net\/wp-content\/uploads\/2018\/01\/ruiz-massieu.jpg\" \/>\n\t<meta property=\"og:image:width\" content=\"400\" \/>\n\t<meta property=\"og:image:height\" content=\"200\" \/>\n\t<meta property=\"og:image:type\" content=\"image\/jpeg\" \/>\n<meta name=\"author\" content=\"admin\" \/>\n<meta name=\"twitter:card\" content=\"summary_large_image\" \/>\n<meta name=\"twitter:label1\" content=\"Escrito por\" \/>\n\t<meta name=\"twitter:data1\" content=\"admin\" \/>\n\t<meta name=\"twitter:label2\" content=\"Tiempo de lectura\" \/>\n\t<meta name=\"twitter:data2\" content=\"2 minutos\" \/>\n<script type=\"application\/ld+json\" class=\"yoast-schema-graph\">{\"@context\":\"https:\/\/schema.org\",\"@graph\":[{\"@type\":\"Article\",\"@id\":\"https:\/\/volcanes.net\/?p=462#article\",\"isPartOf\":{\"@id\":\"https:\/\/volcanes.net\/?p=462\"},\"author\":{\"name\":\"admin\",\"@id\":\"https:\/\/volcanes.net\/#\/schema\/person\/4bf0f383940966a4abd53f5048c0e6b9\"},\"headline\":\"Sin cabida para la confrontaci\u00f3n en el proyecto de Meade, se\u00f1ala PRI\",\"datePublished\":\"2018-01-16T21:57:08+00:00\",\"mainEntityOfPage\":{\"@id\":\"https:\/\/volcanes.net\/?p=462\"},\"wordCount\":433,\"commentCount\":0,\"publisher\":{\"@id\":\"https:\/\/volcanes.net\/#organization\"},\"image\":{\"@id\":\"https:\/\/volcanes.net\/?p=462#primaryimage\"},\"thumbnailUrl\":\"https:\/\/volcanes.net\/wp-content\/uploads\/2018\/01\/ruiz-massieu.jpg\",\"keywords\":[\"Meade\",\"PRI\"],\"articleSection\":[\"Municipales\"],\"inLanguage\":\"es\",\"potentialAction\":[{\"@type\":\"CommentAction\",\"name\":\"Comment\",\"target\":[\"https:\/\/volcanes.net\/?p=462#respond\"]}]},{\"@type\":\"WebPage\",\"@id\":\"https:\/\/volcanes.net\/?p=462\",\"url\":\"https:\/\/volcanes.net\/?p=462\",\"name\":\"Sin cabida para la confrontaci\u00f3n en el proyecto de Meade, se\u00f1ala PRI - Volcanes\",\"isPartOf\":{\"@id\":\"https:\/\/volcanes.net\/#website\"},\"primaryImageOfPage\":{\"@id\":\"https:\/\/volcanes.net\/?p=462#primaryimage\"},\"image\":{\"@id\":\"https:\/\/volcanes.net\/?p=462#primaryimage\"},\"thumbnailUrl\":\"https:\/\/volcanes.net\/wp-content\/uploads\/2018\/01\/ruiz-massieu.jpg\",\"datePublished\":\"2018-01-16T21:57:08+00:00\",\"breadcrumb\":{\"@id\":\"https:\/\/volcanes.net\/?p=462#breadcrumb\"},\"inLanguage\":\"es\",\"potentialAction\":[{\"@type\":\"ReadAction\",\"target\":[\"https:\/\/volcanes.net\/?p=462\"]}]},{\"@type\":\"ImageObject\",\"inLanguage\":\"es\",\"@id\":\"https:\/\/volcanes.net\/?p=462#primaryimage\",\"url\":\"https:\/\/volcanes.net\/wp-content\/uploads\/2018\/01\/ruiz-massieu.jpg\",\"contentUrl\":\"https:\/\/volcanes.net\/wp-content\/uploads\/2018\/01\/ruiz-massieu.jpg\",\"width\":400,\"height\":200},{\"@type\":\"BreadcrumbList\",\"@id\":\"https:\/\/volcanes.net\/?p=462#breadcrumb\",\"itemListElement\":[{\"@type\":\"ListItem\",\"position\":1,\"name\":\"Portada\",\"item\":\"https:\/\/volcanes.net\/\"},{\"@type\":\"ListItem\",\"position\":2,\"name\":\"Sin cabida para la confrontaci\u00f3n en el proyecto de Meade, se\u00f1ala PRI\"}]},{\"@type\":\"WebSite\",\"@id\":\"https:\/\/volcanes.net\/#website\",\"url\":\"https:\/\/volcanes.net\/\",\"name\":\"Volcanes.Net\",\"description\":\"Periodismo Profesional\",\"publisher\":{\"@id\":\"https:\/\/volcanes.net\/#organization\"},\"potentialAction\":[{\"@type\":\"SearchAction\",\"target\":{\"@type\":\"EntryPoint\",\"urlTemplate\":\"https:\/\/volcanes.net\/?s={search_term_string}\"},\"query-input\":{\"@type\":\"PropertyValueSpecification\",\"valueRequired\":true,\"valueName\":\"search_term_string\"}}],\"inLanguage\":\"es\"},{\"@type\":\"Organization\",\"@id\":\"https:\/\/volcanes.net\/#organization\",\"name\":\"Grupo Volcanes\",\"url\":\"https:\/\/volcanes.net\/\",\"logo\":{\"@type\":\"ImageObject\",\"inLanguage\":\"es\",\"@id\":\"https:\/\/volcanes.net\/#\/schema\/logo\/image\/\",\"url\":\"http:\/\/volcanes.net\/wp-content\/uploads\/2017\/12\/Avatar2.jpg\",\"contentUrl\":\"http:\/\/volcanes.net\/wp-content\/uploads\/2017\/12\/Avatar2.jpg\",\"width\":378,\"height\":378,\"caption\":\"Grupo Volcanes\"},\"image\":{\"@id\":\"https:\/\/volcanes.net\/#\/schema\/logo\/image\/\"},\"sameAs\":[\"https:\/\/www.facebook.com\/volcanes.net\/\"]},{\"@type\":\"Person\",\"@id\":\"https:\/\/volcanes.net\/#\/schema\/person\/4bf0f383940966a4abd53f5048c0e6b9\",\"name\":\"admin\",\"image\":{\"@type\":\"ImageObject\",\"inLanguage\":\"es\",\"@id\":\"https:\/\/volcanes.net\/#\/schema\/person\/image\/\",\"url\":\"https:\/\/secure.gravatar.com\/avatar\/ca004e6cba8462b8cb7abc86e382930c?s=96&d=mm&r=g\",\"contentUrl\":\"https:\/\/secure.gravatar.com\/avatar\/ca004e6cba8462b8cb7abc86e382930c?s=96&d=mm&r=g\",\"caption\":\"admin\"}}]}<\/script>\n<!-- \/ Yoast SEO plugin. -->","yoast_head_json":{"title":"Sin cabida para la confrontaci\u00f3n en el proyecto de Meade, se\u00f1ala PRI - Volcanes","robots":{"index":"index","follow":"follow","max-snippet":"max-snippet:-1","max-image-preview":"max-image-preview:large","max-video-preview":"max-video-preview:-1"},"canonical":"https:\/\/volcanes.net\/?p=462","og_locale":"es_MX","og_type":"article","og_title":"Sin cabida para la confrontaci\u00f3n en el proyecto de Meade, se\u00f1ala PRI - Volcanes","og_description":"En la propuesta de Jos\u00e9 Antonio Meade, caben todos los mexicanos de todas las ideolog\u00edas","og_url":"https:\/\/volcanes.net\/?p=462","og_site_name":"Volcanes","article_publisher":"https:\/\/www.facebook.com\/volcanes.net\/","article_published_time":"2018-01-16T21:57:08+00:00","og_image":[{"width":400,"height":200,"url":"https:\/\/volcanes.net\/wp-content\/uploads\/2018\/01\/ruiz-massieu.jpg","type":"image\/jpeg"}],"author":"admin","twitter_card":"summary_large_image","twitter_misc":{"Escrito por":"admin","Tiempo de lectura":"2 minutos"},"schema":{"@context":"https:\/\/schema.org","@graph":[{"@type":"Article","@id":"https:\/\/volcanes.net\/?p=462#article","isPartOf":{"@id":"https:\/\/volcanes.net\/?p=462"},"author":{"name":"admin","@id":"https:\/\/volcanes.net\/#\/schema\/person\/4bf0f383940966a4abd53f5048c0e6b9"},"headline":"Sin cabida para la confrontaci\u00f3n en el proyecto de Meade, se\u00f1ala PRI","datePublished":"2018-01-16T21:57:08+00:00","mainEntityOfPage":{"@id":"https:\/\/volcanes.net\/?p=462"},"wordCount":433,"commentCount":0,"publisher":{"@id":"https:\/\/volcanes.net\/#organization"},"image":{"@id":"https:\/\/volcanes.net\/?p=462#primaryimage"},"thumbnailUrl":"https:\/\/volcanes.net\/wp-content\/uploads\/2018\/01\/ruiz-massieu.jpg","keywords":["Meade","PRI"],"articleSection":["Municipales"],"inLanguage":"es","potentialAction":[{"@type":"CommentAction","name":"Comment","target":["https:\/\/volcanes.net\/?p=462#respond"]}]},{"@type":"WebPage","@id":"https:\/\/volcanes.net\/?p=462","url":"https:\/\/volcanes.net\/?p=462","name":"Sin cabida para la confrontaci\u00f3n en el proyecto de Meade, se\u00f1ala PRI - Volcanes","isPartOf":{"@id":"https:\/\/volcanes.net\/#website"},"primaryImageOfPage":{"@id":"https:\/\/volcanes.net\/?p=462#primaryimage"},"image":{"@id":"https:\/\/volcanes.net\/?p=462#primaryimage"},"thumbnailUrl":"https:\/\/volcanes.net\/wp-content\/uploads\/2018\/01\/ruiz-massieu.jpg","datePublished":"2018-01-16T21:57:08+00:00","breadcrumb":{"@id":"https:\/\/volcanes.net\/?p=462#breadcrumb"},"inLanguage":"es","potentialAction":[{"@type":"ReadAction","target":["https:\/\/volcanes.net\/?p=462"]}]},{"@type":"ImageObject","inLanguage":"es","@id":"https:\/\/volcanes.net\/?p=462#primaryimage","url":"https:\/\/volcanes.net\/wp-content\/uploads\/2018\/01\/ruiz-massieu.jpg","contentUrl":"https:\/\/volcanes.net\/wp-content\/uploads\/2018\/01\/ruiz-massieu.jpg","width":400,"height":200},{"@type":"BreadcrumbList","@id":"https:\/\/volcanes.net\/?p=462#breadcrumb","itemListElement":[{"@type":"ListItem","position":1,"name":"Portada","item":"https:\/\/volcanes.net\/"},{"@type":"ListItem","position":2,"name":"Sin cabida para la confrontaci\u00f3n en el proyecto de Meade, se\u00f1ala PRI"}]},{"@type":"WebSite","@id":"https:\/\/volcanes.net\/#website","url":"https:\/\/volcanes.net\/","name":"Volcanes.Net","description":"Periodismo Profesional","publisher":{"@id":"https:\/\/volcanes.net\/#organization"},"potentialAction":[{"@type":"SearchAction","target":{"@type":"EntryPoint","urlTemplate":"https:\/\/volcanes.net\/?s={search_term_string}"},"query-input":{"@type":"PropertyValueSpecification","valueRequired":true,"valueName":"search_term_string"}}],"inLanguage":"es"},{"@type":"Organization","@id":"https:\/\/volcanes.net\/#organization","name":"Grupo Volcanes","url":"https:\/\/volcanes.net\/","logo":{"@type":"ImageObject","inLanguage":"es","@id":"https:\/\/volcanes.net\/#\/schema\/logo\/image\/","url":"http:\/\/volcanes.net\/wp-content\/uploads\/2017\/12\/Avatar2.jpg","contentUrl":"http:\/\/volcanes.net\/wp-content\/uploads\/2017\/12\/Avatar2.jpg","width":378,"height":378,"caption":"Grupo Volcanes"},"image":{"@id":"https:\/\/volcanes.net\/#\/schema\/logo\/image\/"},"sameAs":["https:\/\/www.facebook.com\/volcanes.net\/"]},{"@type":"Person","@id":"https:\/\/volcanes.net\/#\/schema\/person\/4bf0f383940966a4abd53f5048c0e6b9","name":"admin","image":{"@type":"ImageObject","inLanguage":"es","@id":"https:\/\/volcanes.net\/#\/schema\/person\/image\/","url":"https:\/\/secure.gravatar.com\/avatar\/ca004e6cba8462b8cb7abc86e382930c?s=96&d=mm&r=g","contentUrl":"https:\/\/secure.gravatar.com\/avatar\/ca004e6cba8462b8cb7abc86e382930c?s=96&d=mm&r=g","caption":"admin"}}]}},"_links":{"self":[{"href":"https:\/\/volcanes.net\/index.php?rest_route=\/wp\/v2\/posts\/462"}],"collection":[{"href":"https:\/\/volcanes.net\/index.php?rest_route=\/wp\/v2\/posts"}],"about":[{"href":"https:\/\/volcanes.net\/index.php?rest_route=\/wp\/v2\/types\/post"}],"author":[{"embeddable":true,"href":"https:\/\/volcanes.net\/index.php?rest_route=\/wp\/v2\/users\/1"}],"replies":[{"embeddable":true,"href":"https:\/\/volcanes.net\/index.php?rest_route=%2Fwp%2Fv2%2Fcomments&post=462"}],"version-history":[{"count":1,"href":"https:\/\/volcanes.net\/index.php?rest_route=\/wp\/v2\/posts\/462\/revisions"}],"predecessor-version":[{"id":463,"href":"https:\/\/volcanes.net\/index.php?rest_route=\/wp\/v2\/posts\/462\/revisions\/463"}],"wp:featuredmedia":[{"embeddable":true,"href":"https:\/\/volcanes.net\/index.php?rest_route=\/wp\/v2\/media\/448"}],"wp:attachment":[{"href":"https:\/\/volcanes.net\/index.php?rest_route=%2Fwp%2Fv2%2Fmedia&parent=462"}],"wp:term":[{"taxonomy":"category","embeddable":true,"href":"https:\/\/volcanes.net\/index.php?rest_route=%2Fwp%2Fv2%2Fcategories&post=462"},{"taxonomy":"post_tag","embeddable":true,"href":"https:\/\/volcanes.net\/index.php?rest_route=%2Fwp%2Fv2%2Ftags&post=462"}],"curies":[{"name":"wp","href":"https:\/\/api.w.org\/{rel}","templated":true}]}}