{"id":4627,"date":"2019-05-14T06:03:13","date_gmt":"2019-05-14T12:03:13","guid":{"rendered":"http:\/\/volcanes.net\/?p=4627"},"modified":"2019-05-14T06:04:39","modified_gmt":"2019-05-14T12:04:39","slug":"designan-a-miguel-angel-salomon-cortes-presidente-del-consejo-intermunicipal-de-seguridad-publica-para-la-region-i-volcanes","status":"publish","type":"post","link":"https:\/\/volcanes.net\/?p=4627","title":{"rendered":"Designan a Miguel \u00c1ngel Salom\u00f3n Cort\u00e9s, Presidente del Consejo Intermunicipal de Seguridad P\u00fablica para la Regi\u00f3n I Volcanes"},"content":{"rendered":"<div style=\"margin-top: 0px; margin-bottom: 0px;\" class=\"sharethis-inline-share-buttons\" ><\/div><p>Fue designado por el Gobernador del Estado de M\u00e9xico, Lic. Alfredo del Mazo Maza.<br \/>\nEl Consejo Intermunicipal de Seguridad P\u00fablica est\u00e1 conformado por los 13 municipios de la regi\u00f3n de los volcanes.<\/p>\n<p>El Gobernador del Estado de M\u00e9xico, Alfredo del Mazo, design\u00f3 a Miguel \u00c1ngel Salom\u00f3n Cort\u00e9s como Presidente del Consejo Intermunicipal de Seguridad P\u00fablica para la Regi\u00f3n I Volcanes, esto dentro de los trabajos del Consejo Estatal de Seguridad P\u00fablica.<\/p>\n<p>Los municipios que integran la regi\u00f3n son: Valle de Chalco, Chalco, Cocotitl\u00e1n, Temamatla, Tenango del Aire, Juchitepec, Ayapango, Amecameca, Ozumba, Tepetlixpa, Atlautla y Ecatzingo. La primer mesa de trabajo del consejo se llevar\u00e1 a cabo el 29 de mayo en el Auditorio Municipal de Amecameca y se contar\u00e1 con la presencia de representantes de la SEDENA, la Polic\u00eda Federal, Centro de Control de Confianza y la Secretar\u00eda de Movilidad del Estado de M\u00e9xico.<\/p>\n<p>Los acuerdos a los que se llegue en la primer mesa de trabajo ser\u00e1n expuestos por el C.P Miguel \u00c1ngel Salom\u00f3n Cort\u00e9s en las mesas de trabajo regionales del Consejo Estatal de Seguridad P\u00fablica.<\/p>\n<p>El edil amecamequense siempre ha considerado la seguridad ciudadana como una de las prioridades de su gobierno, por lo que Amecameca ha venido encabezando desde hace algunos meses los operativos intermunicipales en el que trabajan de forma coordinada los tres niveles de gobierno.<\/p>\n<p>\u201cEstoy comprometido con la seguridad de los amecamequenses y de nuestra regi\u00f3n, por lo que acept\u00e9 con gusto y un gran sentido de responsabilidad la encomienda que se me ha asignado. Trabajar\u00e9 hombro con hombro, con los tres niveles de gobierno y la ciudadan\u00eda, para dar los mejores resultados\u201d, expres\u00f3.<\/p>\n","protected":false},"excerpt":{"rendered":"<p>Fue designado por el Gobernador del Estado de M\u00e9xico, Lic. Alfredo del Mazo Maza. El<\/p>\n","protected":false},"author":1,"featured_media":4626,"comment_status":"open","ping_status":"open","sticky":false,"template":"","format":"standard","meta":{"footnotes":""},"categories":[1],"tags":[7],"class_list":["post-4627","post","type-post","status-publish","format-standard","has-post-thumbnail","hentry","category-municipales","tag-amecameca"],"yoast_head":"<!-- This site is optimized with the Yoast SEO plugin v25.3 - https:\/\/yoast.com\/wordpress\/plugins\/seo\/ -->\n<title>Designan a Miguel \u00c1ngel Salom\u00f3n Cort\u00e9s, Presidente del Consejo Intermunicipal de Seguridad P\u00fablica para la Regi\u00f3n I Volcanes - Volcanes<\/title>\n<meta name=\"robots\" content=\"index, follow, max-snippet:-1, max-image-preview:large, max-video-preview:-1\" \/>\n<link rel=\"canonical\" href=\"https:\/\/volcanes.net\/?p=4627\" \/>\n<meta property=\"og:locale\" content=\"es_MX\" \/>\n<meta property=\"og:type\" content=\"article\" \/>\n<meta property=\"og:title\" content=\"Designan a Miguel \u00c1ngel Salom\u00f3n Cort\u00e9s, Presidente del Consejo Intermunicipal de Seguridad P\u00fablica para la Regi\u00f3n I Volcanes - Volcanes\" \/>\n<meta property=\"og:description\" content=\"Fue designado por el Gobernador del Estado de M\u00e9xico, Lic. Alfredo del Mazo Maza. El\" \/>\n<meta property=\"og:url\" content=\"https:\/\/volcanes.net\/?p=4627\" \/>\n<meta property=\"og:site_name\" content=\"Volcanes\" \/>\n<meta property=\"article:publisher\" content=\"https:\/\/www.facebook.com\/volcanes.net\/\" \/>\n<meta property=\"article:published_time\" content=\"2019-05-14T12:03:13+00:00\" \/>\n<meta property=\"article:modified_time\" content=\"2019-05-14T12:04:39+00:00\" \/>\n<meta property=\"og:image\" content=\"https:\/\/volcanes.net\/wp-content\/uploads\/2019\/05\/IMG-20190514-WA0009_compress_34.jpg\" \/>\n\t<meta property=\"og:image:width\" content=\"1280\" \/>\n\t<meta property=\"og:image:height\" content=\"851\" \/>\n\t<meta property=\"og:image:type\" content=\"image\/jpeg\" \/>\n<meta name=\"author\" content=\"admin\" \/>\n<meta name=\"twitter:card\" content=\"summary_large_image\" \/>\n<meta name=\"twitter:label1\" content=\"Escrito por\" \/>\n\t<meta name=\"twitter:data1\" content=\"admin\" \/>\n\t<meta name=\"twitter:label2\" content=\"Tiempo de lectura\" \/>\n\t<meta name=\"twitter:data2\" content=\"1 minuto\" \/>\n<script type=\"application\/ld+json\" class=\"yoast-schema-graph\">{\"@context\":\"https:\/\/schema.org\",\"@graph\":[{\"@type\":\"Article\",\"@id\":\"https:\/\/volcanes.net\/?p=4627#article\",\"isPartOf\":{\"@id\":\"https:\/\/volcanes.net\/?p=4627\"},\"author\":{\"name\":\"admin\",\"@id\":\"https:\/\/volcanes.net\/#\/schema\/person\/4bf0f383940966a4abd53f5048c0e6b9\"},\"headline\":\"Designan a Miguel \u00c1ngel Salom\u00f3n Cort\u00e9s, Presidente del Consejo Intermunicipal de Seguridad P\u00fablica para la Regi\u00f3n I Volcanes\",\"datePublished\":\"2019-05-14T12:03:13+00:00\",\"dateModified\":\"2019-05-14T12:04:39+00:00\",\"mainEntityOfPage\":{\"@id\":\"https:\/\/volcanes.net\/?p=4627\"},\"wordCount\":312,\"commentCount\":0,\"publisher\":{\"@id\":\"https:\/\/volcanes.net\/#organization\"},\"image\":{\"@id\":\"https:\/\/volcanes.net\/?p=4627#primaryimage\"},\"thumbnailUrl\":\"https:\/\/volcanes.net\/wp-content\/uploads\/2019\/05\/IMG-20190514-WA0009_compress_34.jpg\",\"keywords\":[\"Amecameca\"],\"articleSection\":[\"Municipales\"],\"inLanguage\":\"es\",\"potentialAction\":[{\"@type\":\"CommentAction\",\"name\":\"Comment\",\"target\":[\"https:\/\/volcanes.net\/?p=4627#respond\"]}]},{\"@type\":\"WebPage\",\"@id\":\"https:\/\/volcanes.net\/?p=4627\",\"url\":\"https:\/\/volcanes.net\/?p=4627\",\"name\":\"Designan a Miguel \u00c1ngel Salom\u00f3n Cort\u00e9s, Presidente del Consejo Intermunicipal de Seguridad P\u00fablica para la Regi\u00f3n I Volcanes - Volcanes\",\"isPartOf\":{\"@id\":\"https:\/\/volcanes.net\/#website\"},\"primaryImageOfPage\":{\"@id\":\"https:\/\/volcanes.net\/?p=4627#primaryimage\"},\"image\":{\"@id\":\"https:\/\/volcanes.net\/?p=4627#primaryimage\"},\"thumbnailUrl\":\"https:\/\/volcanes.net\/wp-content\/uploads\/2019\/05\/IMG-20190514-WA0009_compress_34.jpg\",\"datePublished\":\"2019-05-14T12:03:13+00:00\",\"dateModified\":\"2019-05-14T12:04:39+00:00\",\"breadcrumb\":{\"@id\":\"https:\/\/volcanes.net\/?p=4627#breadcrumb\"},\"inLanguage\":\"es\",\"potentialAction\":[{\"@type\":\"ReadAction\",\"target\":[\"https:\/\/volcanes.net\/?p=4627\"]}]},{\"@type\":\"ImageObject\",\"inLanguage\":\"es\",\"@id\":\"https:\/\/volcanes.net\/?p=4627#primaryimage\",\"url\":\"https:\/\/volcanes.net\/wp-content\/uploads\/2019\/05\/IMG-20190514-WA0009_compress_34.jpg\",\"contentUrl\":\"https:\/\/volcanes.net\/wp-content\/uploads\/2019\/05\/IMG-20190514-WA0009_compress_34.jpg\",\"width\":1280,\"height\":851},{\"@type\":\"BreadcrumbList\",\"@id\":\"https:\/\/volcanes.net\/?p=4627#breadcrumb\",\"itemListElement\":[{\"@type\":\"ListItem\",\"position\":1,\"name\":\"Portada\",\"item\":\"https:\/\/volcanes.net\/\"},{\"@type\":\"ListItem\",\"position\":2,\"name\":\"Designan a Miguel \u00c1ngel Salom\u00f3n Cort\u00e9s, Presidente del Consejo Intermunicipal de Seguridad P\u00fablica para la Regi\u00f3n I Volcanes\"}]},{\"@type\":\"WebSite\",\"@id\":\"https:\/\/volcanes.net\/#website\",\"url\":\"https:\/\/volcanes.net\/\",\"name\":\"Volcanes.Net\",\"description\":\"Periodismo Profesional\",\"publisher\":{\"@id\":\"https:\/\/volcanes.net\/#organization\"},\"potentialAction\":[{\"@type\":\"SearchAction\",\"target\":{\"@type\":\"EntryPoint\",\"urlTemplate\":\"https:\/\/volcanes.net\/?s={search_term_string}\"},\"query-input\":{\"@type\":\"PropertyValueSpecification\",\"valueRequired\":true,\"valueName\":\"search_term_string\"}}],\"inLanguage\":\"es\"},{\"@type\":\"Organization\",\"@id\":\"https:\/\/volcanes.net\/#organization\",\"name\":\"Grupo Volcanes\",\"url\":\"https:\/\/volcanes.net\/\",\"logo\":{\"@type\":\"ImageObject\",\"inLanguage\":\"es\",\"@id\":\"https:\/\/volcanes.net\/#\/schema\/logo\/image\/\",\"url\":\"http:\/\/volcanes.net\/wp-content\/uploads\/2017\/12\/Avatar2.jpg\",\"contentUrl\":\"http:\/\/volcanes.net\/wp-content\/uploads\/2017\/12\/Avatar2.jpg\",\"width\":378,\"height\":378,\"caption\":\"Grupo Volcanes\"},\"image\":{\"@id\":\"https:\/\/volcanes.net\/#\/schema\/logo\/image\/\"},\"sameAs\":[\"https:\/\/www.facebook.com\/volcanes.net\/\"]},{\"@type\":\"Person\",\"@id\":\"https:\/\/volcanes.net\/#\/schema\/person\/4bf0f383940966a4abd53f5048c0e6b9\",\"name\":\"admin\",\"image\":{\"@type\":\"ImageObject\",\"inLanguage\":\"es\",\"@id\":\"https:\/\/volcanes.net\/#\/schema\/person\/image\/\",\"url\":\"https:\/\/secure.gravatar.com\/avatar\/ca004e6cba8462b8cb7abc86e382930c?s=96&d=mm&r=g\",\"contentUrl\":\"https:\/\/secure.gravatar.com\/avatar\/ca004e6cba8462b8cb7abc86e382930c?s=96&d=mm&r=g\",\"caption\":\"admin\"}}]}<\/script>\n<!-- \/ Yoast SEO plugin. -->","yoast_head_json":{"title":"Designan a Miguel \u00c1ngel Salom\u00f3n Cort\u00e9s, Presidente del Consejo Intermunicipal de Seguridad P\u00fablica para la Regi\u00f3n I Volcanes - Volcanes","robots":{"index":"index","follow":"follow","max-snippet":"max-snippet:-1","max-image-preview":"max-image-preview:large","max-video-preview":"max-video-preview:-1"},"canonical":"https:\/\/volcanes.net\/?p=4627","og_locale":"es_MX","og_type":"article","og_title":"Designan a Miguel \u00c1ngel Salom\u00f3n Cort\u00e9s, Presidente del Consejo Intermunicipal de Seguridad P\u00fablica para la Regi\u00f3n I Volcanes - Volcanes","og_description":"Fue designado por el Gobernador del Estado de M\u00e9xico, Lic. Alfredo del Mazo Maza. El","og_url":"https:\/\/volcanes.net\/?p=4627","og_site_name":"Volcanes","article_publisher":"https:\/\/www.facebook.com\/volcanes.net\/","article_published_time":"2019-05-14T12:03:13+00:00","article_modified_time":"2019-05-14T12:04:39+00:00","og_image":[{"width":1280,"height":851,"url":"https:\/\/volcanes.net\/wp-content\/uploads\/2019\/05\/IMG-20190514-WA0009_compress_34.jpg","type":"image\/jpeg"}],"author":"admin","twitter_card":"summary_large_image","twitter_misc":{"Escrito por":"admin","Tiempo de lectura":"1 minuto"},"schema":{"@context":"https:\/\/schema.org","@graph":[{"@type":"Article","@id":"https:\/\/volcanes.net\/?p=4627#article","isPartOf":{"@id":"https:\/\/volcanes.net\/?p=4627"},"author":{"name":"admin","@id":"https:\/\/volcanes.net\/#\/schema\/person\/4bf0f383940966a4abd53f5048c0e6b9"},"headline":"Designan a Miguel \u00c1ngel Salom\u00f3n Cort\u00e9s, Presidente del Consejo Intermunicipal de Seguridad P\u00fablica para la Regi\u00f3n I Volcanes","datePublished":"2019-05-14T12:03:13+00:00","dateModified":"2019-05-14T12:04:39+00:00","mainEntityOfPage":{"@id":"https:\/\/volcanes.net\/?p=4627"},"wordCount":312,"commentCount":0,"publisher":{"@id":"https:\/\/volcanes.net\/#organization"},"image":{"@id":"https:\/\/volcanes.net\/?p=4627#primaryimage"},"thumbnailUrl":"https:\/\/volcanes.net\/wp-content\/uploads\/2019\/05\/IMG-20190514-WA0009_compress_34.jpg","keywords":["Amecameca"],"articleSection":["Municipales"],"inLanguage":"es","potentialAction":[{"@type":"CommentAction","name":"Comment","target":["https:\/\/volcanes.net\/?p=4627#respond"]}]},{"@type":"WebPage","@id":"https:\/\/volcanes.net\/?p=4627","url":"https:\/\/volcanes.net\/?p=4627","name":"Designan a Miguel \u00c1ngel Salom\u00f3n Cort\u00e9s, Presidente del Consejo Intermunicipal de Seguridad P\u00fablica para la Regi\u00f3n I Volcanes - Volcanes","isPartOf":{"@id":"https:\/\/volcanes.net\/#website"},"primaryImageOfPage":{"@id":"https:\/\/volcanes.net\/?p=4627#primaryimage"},"image":{"@id":"https:\/\/volcanes.net\/?p=4627#primaryimage"},"thumbnailUrl":"https:\/\/volcanes.net\/wp-content\/uploads\/2019\/05\/IMG-20190514-WA0009_compress_34.jpg","datePublished":"2019-05-14T12:03:13+00:00","dateModified":"2019-05-14T12:04:39+00:00","breadcrumb":{"@id":"https:\/\/volcanes.net\/?p=4627#breadcrumb"},"inLanguage":"es","potentialAction":[{"@type":"ReadAction","target":["https:\/\/volcanes.net\/?p=4627"]}]},{"@type":"ImageObject","inLanguage":"es","@id":"https:\/\/volcanes.net\/?p=4627#primaryimage","url":"https:\/\/volcanes.net\/wp-content\/uploads\/2019\/05\/IMG-20190514-WA0009_compress_34.jpg","contentUrl":"https:\/\/volcanes.net\/wp-content\/uploads\/2019\/05\/IMG-20190514-WA0009_compress_34.jpg","width":1280,"height":851},{"@type":"BreadcrumbList","@id":"https:\/\/volcanes.net\/?p=4627#breadcrumb","itemListElement":[{"@type":"ListItem","position":1,"name":"Portada","item":"https:\/\/volcanes.net\/"},{"@type":"ListItem","position":2,"name":"Designan a Miguel \u00c1ngel Salom\u00f3n Cort\u00e9s, Presidente del Consejo Intermunicipal de Seguridad P\u00fablica para la Regi\u00f3n I Volcanes"}]},{"@type":"WebSite","@id":"https:\/\/volcanes.net\/#website","url":"https:\/\/volcanes.net\/","name":"Volcanes.Net","description":"Periodismo Profesional","publisher":{"@id":"https:\/\/volcanes.net\/#organization"},"potentialAction":[{"@type":"SearchAction","target":{"@type":"EntryPoint","urlTemplate":"https:\/\/volcanes.net\/?s={search_term_string}"},"query-input":{"@type":"PropertyValueSpecification","valueRequired":true,"valueName":"search_term_string"}}],"inLanguage":"es"},{"@type":"Organization","@id":"https:\/\/volcanes.net\/#organization","name":"Grupo Volcanes","url":"https:\/\/volcanes.net\/","logo":{"@type":"ImageObject","inLanguage":"es","@id":"https:\/\/volcanes.net\/#\/schema\/logo\/image\/","url":"http:\/\/volcanes.net\/wp-content\/uploads\/2017\/12\/Avatar2.jpg","contentUrl":"http:\/\/volcanes.net\/wp-content\/uploads\/2017\/12\/Avatar2.jpg","width":378,"height":378,"caption":"Grupo Volcanes"},"image":{"@id":"https:\/\/volcanes.net\/#\/schema\/logo\/image\/"},"sameAs":["https:\/\/www.facebook.com\/volcanes.net\/"]},{"@type":"Person","@id":"https:\/\/volcanes.net\/#\/schema\/person\/4bf0f383940966a4abd53f5048c0e6b9","name":"admin","image":{"@type":"ImageObject","inLanguage":"es","@id":"https:\/\/volcanes.net\/#\/schema\/person\/image\/","url":"https:\/\/secure.gravatar.com\/avatar\/ca004e6cba8462b8cb7abc86e382930c?s=96&d=mm&r=g","contentUrl":"https:\/\/secure.gravatar.com\/avatar\/ca004e6cba8462b8cb7abc86e382930c?s=96&d=mm&r=g","caption":"admin"}}]}},"_links":{"self":[{"href":"https:\/\/volcanes.net\/index.php?rest_route=\/wp\/v2\/posts\/4627"}],"collection":[{"href":"https:\/\/volcanes.net\/index.php?rest_route=\/wp\/v2\/posts"}],"about":[{"href":"https:\/\/volcanes.net\/index.php?rest_route=\/wp\/v2\/types\/post"}],"author":[{"embeddable":true,"href":"https:\/\/volcanes.net\/index.php?rest_route=\/wp\/v2\/users\/1"}],"replies":[{"embeddable":true,"href":"https:\/\/volcanes.net\/index.php?rest_route=%2Fwp%2Fv2%2Fcomments&post=4627"}],"version-history":[{"count":1,"href":"https:\/\/volcanes.net\/index.php?rest_route=\/wp\/v2\/posts\/4627\/revisions"}],"predecessor-version":[{"id":4628,"href":"https:\/\/volcanes.net\/index.php?rest_route=\/wp\/v2\/posts\/4627\/revisions\/4628"}],"wp:featuredmedia":[{"embeddable":true,"href":"https:\/\/volcanes.net\/index.php?rest_route=\/wp\/v2\/media\/4626"}],"wp:attachment":[{"href":"https:\/\/volcanes.net\/index.php?rest_route=%2Fwp%2Fv2%2Fmedia&parent=4627"}],"wp:term":[{"taxonomy":"category","embeddable":true,"href":"https:\/\/volcanes.net\/index.php?rest_route=%2Fwp%2Fv2%2Fcategories&post=4627"},{"taxonomy":"post_tag","embeddable":true,"href":"https:\/\/volcanes.net\/index.php?rest_route=%2Fwp%2Fv2%2Ftags&post=4627"}],"curies":[{"name":"wp","href":"https:\/\/api.w.org\/{rel}","templated":true}]}}