{"id":4630,"date":"2019-05-14T06:26:23","date_gmt":"2019-05-14T12:26:23","guid":{"rendered":"http:\/\/volcanes.net\/?p=4630"},"modified":"2019-05-15T12:41:23","modified_gmt":"2019-05-15T18:41:23","slug":"pierde-fortaseg-el-municipio-de-tlalmanalco","status":"publish","type":"post","link":"https:\/\/volcanes.net\/?p=4630","title":{"rendered":"Pierde Fortaseg el municipio de Tlalmanalco"},"content":{"rendered":"<div style=\"margin-top: 0px; margin-bottom: 0px;\" class=\"sharethis-inline-share-buttons\" ><\/div><p style=\"box-sizing:border-box; overflow-wrap:break-word; color:rgb(85,85,85); font-family:Arial,sans-serif; font-size:14px; font-style:normal; font-variant-ligatures:normal; font-variant-caps:normal; font-weight:400; letter-spacing:normal; orphans:2; text-indent:0px; text-transform:none; white-space:normal; widows:2; word-spacing:0px; -webkit-text-stroke-width:0px; background-color:rgb(255,255,255); text-decoration-style:initial; text-decoration-color:initial; text-align:left;\"><span style=\"box-sizing:border-box; overflow-wrap:break-word; font-weight:400;\">Tlalmanalco, M\u00e9x.- La administraci\u00f3n  2019-2021 de Tlalmanalco no podr\u00e1 ejercer alrededor de 12 millones de pesos, pertenecientes al Programa Fortalecimiento para la Seguridad (Fortaseg), debido a que el anterior Gobierno Municipal perdi\u00f3 dicho presupuesto, denunci\u00f3  la presidenta municipal, Ana Gabriela Vel\u00e1squez Quintero.<\/span><\/p>\n<p style=\"box-sizing:border-box; overflow-wrap:break-word; color:rgb(85,85,85); font-family:Arial,sans-serif; font-size:14px; font-style:normal; font-variant-ligatures:normal; font-variant-caps:normal; font-weight:400; letter-spacing:normal; orphans:2; text-indent:0px; text-transform:none; white-space:normal; widows:2; word-spacing:0px; -webkit-text-stroke-width:0px; background-color:rgb(255,255,255); text-decoration-style:initial; text-decoration-color:initial; text-align:left;\"><span style=\"box-sizing:border-box; overflow-wrap:break-word; font-weight:400;\">A las afueras del C2 de Tlalmanalco, donde se anunci\u00f3  una protesta de polic\u00edas si el Gobierno Municipal no cumpl\u00eda con sus  demandas de entrega de equipo e incremento salarial, la alcaldesa inform\u00f3 que hay molestia  por parte de los elementos de seguridad p\u00fablica, por que en a\u00f1os anteriores en estas fechas ya ten\u00edan uniformes, veh\u00edculos  y armamento que eran adquiridos con recursos del Fortaseg.<\/span><\/p>\n<p style=\"box-sizing:border-box; overflow-wrap:break-word; color:rgb(85,85,85); font-family:Arial,sans-serif; font-size:14px; font-style:normal; font-variant-ligatures:normal; font-variant-caps:normal; font-weight:400; letter-spacing:normal; orphans:2; text-indent:0px; text-transform:none; white-space:normal; widows:2; word-spacing:0px; -webkit-text-stroke-width:0px; background-color:rgb(255,255,255); text-decoration-style:initial; text-decoration-color:initial; text-align:left;\"><span style=\"box-sizing:border-box; overflow-wrap:break-word; font-weight:400;\">Sin embargo, en este a\u00f1o ese dinero no lleg\u00f3 a las arcas municipales, dijo.<\/span><\/p>\n<p style=\"box-sizing:border-box; overflow-wrap:break-word; color:rgb(85,85,85); font-family:Arial,sans-serif; font-size:14px; font-style:normal; font-variant-ligatures:normal; font-variant-caps:normal; font-weight:400; letter-spacing:normal; orphans:2; text-indent:0px; text-transform:none; white-space:normal; widows:2; word-spacing:0px; -webkit-text-stroke-width:0px; background-color:rgb(255,255,255); text-decoration-style:initial; text-decoration-color:initial; text-align:left;\"><span style=\"box-sizing:border-box; overflow-wrap:break-word; font-weight:400;\"><a class=\"image-anchor\" href=\"http:\/\/eje19.com.mx\/wp-content\/uploads\/2019\/05\/20190513_092141.jpg\" rel=\"attachment wp-att-49619\" style=\"box-sizing: border-box; overflow-wrap: break-word; color: rgb(61, 151, 194); border-top: 0px !important; border-right: 0px !important; border-bottom: 1px dotted; border-left: 0px !important; border-image: initial !important; text-decoration: none;\"><img loading=\"lazy\" decoding=\"async\" class=\"size-medium wp-image-49619 alignleft\" src=\"http:\/\/eje19.com.mx\/wp-content\/uploads\/2019\/05\/20190513_092141-620x465.jpg\" alt=\"20190513_092141\" width=\"620\" height=\"465\" srcset=\"http:\/\/eje19.com.mx\/wp-content\/uploads\/2019\/05\/20190513_092141-300x225.jpg 300w, http:\/\/eje19.com.mx\/wp-content\/uploads\/2019\/05\/20190513_092141-620x465.jpg 620w, http:\/\/eje19.com.mx\/wp-content\/uploads\/2019\/05\/20190513_092141-768x576.jpg 768w, http:\/\/eje19.com.mx\/wp-content\/uploads\/2019\/05\/20190513_092141-940x705.jpg 940w, http:\/\/eje19.com.mx\/wp-content\/uploads\/2019\/05\/20190513_092141-560x420.jpg 560w, http:\/\/eje19.com.mx\/wp-content\/uploads\/2019\/05\/20190513_092141-260x195.jpg 260w, http:\/\/eje19.com.mx\/wp-content\/uploads\/2019\/05\/20190513_092141-160x120.jpg 160w\" sizes=\"(max-width: 620px) 100vw, 620px\" style=\"box-sizing: border-box; overflow-wrap: break-word; border: 1px solid rgb(226, 226, 226); max-width: 100%; height: auto; float: left; margin: 5px 20px 20px 0px;\"><\/a>Por ello, declar\u00f3  no se incrementar\u00e1 el salario  a los 104 elementos que existen en la Direcci\u00f3n de Seguridad P\u00fablica.<\/span><\/p>\n<p><span style=\"box-sizing:border-box; overflow-wrap:break-word; font-weight:400;\">Por ello, declar\u00f3  no se incrementar\u00e1 el salario  a los 104 elementos que existen en la Direcci\u00f3n de Seguridad P\u00fablica.<\/span><\/p>\n<p style=\"box-sizing:border-box; overflow-wrap:break-word; color:rgb(85,85,85); font-family:Arial,sans-serif; font-size:14px; font-style:normal; font-variant-ligatures:normal; font-variant-caps:normal; font-weight:400; letter-spacing:normal; orphans:2; text-indent:0px; text-transform:none; white-space:normal; widows:2; word-spacing:0px; -webkit-text-stroke-width:0px; background-color:rgb(255,255,255); text-decoration-style:initial; text-decoration-color:initial; text-align:left;\"><span style=\"box-sizing:border-box; overflow-wrap:break-word; font-weight:400;\">A la vez que sostuvo que el d\u00eda de hoy se reuni\u00f3 con  los uniformados para dar respuesta a sus demandas y les reiter\u00f3 que desde enero tienen seguro de  vida, a la vez que les hizo entrega de parte de su uniforme (botas, gorras y playeras).<\/span><\/p>\n<p style=\"box-sizing:border-box; overflow-wrap:break-word; color:rgb(85,85,85); font-family:Arial,sans-serif; font-size:14px; font-style:normal; font-variant-ligatures:normal; font-variant-caps:normal; font-weight:400; letter-spacing:normal; orphans:2text-indent:0px; text-transform:none; white-space:normal; widows:2; word-spacing:0px; -webkit-text-stroke-width:0px; background-color:rgb(255,255,255); text-decoration-style:initial; text-decoration-color:initial; text-align:left;\"><span style=\"box-sizing:border-box; overflow-wrap:break-word; font-weight:400;\">Tambi\u00e9n  les inform\u00f3  que acept\u00f3 la renuncia del comisario de seguridad Arturo Ruiz, que se retir\u00f3 por motivos de salud, por lo que se nombr\u00f3 a un encargado de despacho.<\/span><\/p>\n<p style=\"box-sizing:border-box; overflow-wrap:break-word; color:rgb(85,85,85); font-family:Arial,sans-serif; font-size:14px; font-style:normal; font-variant-ligatures:normal; font-variant-caps:normal; font-weight:400; letter-spacing:normal; orphans:2; text-indent:0px; text-transform:none; white-space:normal; widows:2; word-spacing:0px; -webkit-text-stroke-width:0px; background-color:rgb(255,255,255); text-decoration-style:initial; text-decoration-color:initial; text-align:left;\"><span style=\"box-sizing:border-box; overflow-wrap:break-word; font-weight:400;\">Y con respecto  a la petici\u00f3n de unidades en buen estado, asegur\u00f3 que las 7 unidades que existen se mandaron arreglar a la vez que est\u00e1 contemplada la compra de 1 unidad. Y se les est\u00e1 dando m\u00e1s gasolina.<\/span><\/p>\n<p style=\"box-sizing:border-box; overflow-wrap:break-word; color:rgb(85,85,85); font-family:Arial,sans-serif; font-size:14px; font-style:normal; font-variant-ligatures:normal; font-variant-caps:normal; font-weight:400; letter-spacing:normal; orphans:2; text-indent:0px; text-transform:none; white-space:normal; widows:2; word-spacing:0px; -webkit-text-stroke-width:0px; background-color:rgb(255,255,255); text-decoration-style:initial; text-decoration-color:initial; text-align:left;\"><span style=\"box-sizing:border-box; overflow-wrap:break-word; font-weight:400;\">Por \u00faltimo, manifest\u00f3  que aunque le informaron que los recursos del Fortaseg se hab\u00edan perdido durante los tres  a\u00f1os de su administraci\u00f3n gestionar\u00e1 ante el Gobierno Federal para que el pr\u00f3ximo a\u00f1o se entregue el dinero de ese importante programa para seguridad.<\/span><\/p>\n<p style=\"box-sizing:border-box; overflow-wrap:break-word; color:rgb(85,85,85); font-family:Arial,sans-serif; font-size:14px; font-style:normal; font-variant-ligatures:normal; font-variant-caps:normal; font-weight:400; letter-spacing:normal; orphans:2; text-indent:0px; text-transform:none; white-space:normal; widows:2; word-spacing:0px; -webkit-text-stroke-width:0px; background-color:rgb(255,255,255); text-decoration-style:initial; text-decoration-color:initial; text-align:left;\"><em style=\"box-sizing: border-box; overflow-wrap: break-word;\"><strong style=\"box-sizing: border-box; overflow-wrap: break-word; font-weight: bold;\">Fortaseg<\/strong><\/em><\/p>\n<p style=\"box-sizing:border-box; overflow-wrap:break-word; color:rgb(85,85,85); font-family:Arial,sans-serif; font-size:14px; font-style:normal; font-variant-ligatures:normal; font-variant-caps:normal; font-weight:400; letter-spacing:normal; orphans:2; text-indent:0px; text-transform:none; white-space:normal; widows:2; word-spacing:0px; -webkit-text-stroke-width:0px; background-color:rgb(255,255,255); text-decoration-style:initial; text-decoration-color:initial; text-align:left;\">Es importante destacar que de todos los municipios  del pa\u00eds s\u00f3lo  252 lograron ingresar al Fortaseg y del estado de M\u00e9xico los principales municipios beneficiados son Ecatepec, Nezahualc\u00f3yotl, Toluca, Tlalnepantla, Naucalpan,  La Paz, Chalco, Valle de Chalco e Ixtapaluca.<\/p>\n","protected":false},"excerpt":{"rendered":"<p>Tlalmanalco, M\u00e9x.- La administraci\u00f3n 2019-2021 de Tlalmanalco no podr\u00e1 ejercer alrededor de 12 millones de<\/p>\n","protected":false},"author":1,"featured_media":4629,"comment_status":"open","ping_status":"open","sticky":false,"template":"","format":"standard","meta":{"footnotes":""},"categories":[1],"tags":[81],"class_list":["post-4630","post","type-post","status-publish","format-standard","has-post-thumbnail","hentry","category-municipales","tag-tlalmanalco"],"yoast_head":"<!-- This site is optimized with the Yoast SEO plugin v25.3 - https:\/\/yoast.com\/wordpress\/plugins\/seo\/ -->\n<title>Pierde Fortaseg el municipio de Tlalmanalco - Volcanes<\/title>\n<meta name=\"robots\" content=\"index, follow, max-snippet:-1, max-image-preview:large, max-video-preview:-1\" \/>\n<link rel=\"canonical\" href=\"https:\/\/volcanes.net\/?p=4630\" \/>\n<meta property=\"og:locale\" content=\"es_MX\" \/>\n<meta property=\"og:type\" content=\"article\" \/>\n<meta property=\"og:title\" content=\"Pierde Fortaseg el municipio de Tlalmanalco - Volcanes\" \/>\n<meta property=\"og:description\" content=\"Tlalmanalco, M\u00e9x.- La administraci\u00f3n 2019-2021 de Tlalmanalco no podr\u00e1 ejercer alrededor de 12 millones de\" \/>\n<meta property=\"og:url\" content=\"https:\/\/volcanes.net\/?p=4630\" \/>\n<meta property=\"og:site_name\" content=\"Volcanes\" \/>\n<meta property=\"article:publisher\" content=\"https:\/\/www.facebook.com\/volcanes.net\/\" \/>\n<meta property=\"article:published_time\" content=\"2019-05-14T12:26:23+00:00\" \/>\n<meta property=\"article:modified_time\" content=\"2019-05-15T18:41:23+00:00\" \/>\n<meta property=\"og:image\" content=\"https:\/\/volcanes.net\/wp-content\/uploads\/2019\/05\/IMG_20190513_100050_crop_63.jpg\" \/>\n\t<meta property=\"og:image:width\" content=\"414\" \/>\n\t<meta property=\"og:image:height\" content=\"276\" \/>\n\t<meta property=\"og:image:type\" content=\"image\/jpeg\" \/>\n<meta name=\"author\" content=\"admin\" \/>\n<meta name=\"twitter:card\" content=\"summary_large_image\" \/>\n<meta name=\"twitter:label1\" content=\"Escrito por\" \/>\n\t<meta name=\"twitter:data1\" content=\"admin\" \/>\n\t<meta name=\"twitter:label2\" content=\"Tiempo de lectura\" \/>\n\t<meta name=\"twitter:data2\" content=\"2 minutos\" \/>\n<script type=\"application\/ld+json\" class=\"yoast-schema-graph\">{\"@context\":\"https:\/\/schema.org\",\"@graph\":[{\"@type\":\"Article\",\"@id\":\"https:\/\/volcanes.net\/?p=4630#article\",\"isPartOf\":{\"@id\":\"https:\/\/volcanes.net\/?p=4630\"},\"author\":{\"name\":\"admin\",\"@id\":\"https:\/\/volcanes.net\/#\/schema\/person\/4bf0f383940966a4abd53f5048c0e6b9\"},\"headline\":\"Pierde Fortaseg el municipio de Tlalmanalco\",\"datePublished\":\"2019-05-14T12:26:23+00:00\",\"dateModified\":\"2019-05-15T18:41:23+00:00\",\"mainEntityOfPage\":{\"@id\":\"https:\/\/volcanes.net\/?p=4630\"},\"wordCount\":387,\"commentCount\":0,\"publisher\":{\"@id\":\"https:\/\/volcanes.net\/#organization\"},\"image\":{\"@id\":\"https:\/\/volcanes.net\/?p=4630#primaryimage\"},\"thumbnailUrl\":\"https:\/\/volcanes.net\/wp-content\/uploads\/2019\/05\/IMG_20190513_100050_crop_63.jpg\",\"keywords\":[\"Tlalmanalco\"],\"articleSection\":[\"Municipales\"],\"inLanguage\":\"es\",\"potentialAction\":[{\"@type\":\"CommentAction\",\"name\":\"Comment\",\"target\":[\"https:\/\/volcanes.net\/?p=4630#respond\"]}]},{\"@type\":\"WebPage\",\"@id\":\"https:\/\/volcanes.net\/?p=4630\",\"url\":\"https:\/\/volcanes.net\/?p=4630\",\"name\":\"Pierde Fortaseg el municipio de Tlalmanalco - Volcanes\",\"isPartOf\":{\"@id\":\"https:\/\/volcanes.net\/#website\"},\"primaryImageOfPage\":{\"@id\":\"https:\/\/volcanes.net\/?p=4630#primaryimage\"},\"image\":{\"@id\":\"https:\/\/volcanes.net\/?p=4630#primaryimage\"},\"thumbnailUrl\":\"https:\/\/volcanes.net\/wp-content\/uploads\/2019\/05\/IMG_20190513_100050_crop_63.jpg\",\"datePublished\":\"2019-05-14T12:26:23+00:00\",\"dateModified\":\"2019-05-15T18:41:23+00:00\",\"breadcrumb\":{\"@id\":\"https:\/\/volcanes.net\/?p=4630#breadcrumb\"},\"inLanguage\":\"es\",\"potentialAction\":[{\"@type\":\"ReadAction\",\"target\":[\"https:\/\/volcanes.net\/?p=4630\"]}]},{\"@type\":\"ImageObject\",\"inLanguage\":\"es\",\"@id\":\"https:\/\/volcanes.net\/?p=4630#primaryimage\",\"url\":\"https:\/\/volcanes.net\/wp-content\/uploads\/2019\/05\/IMG_20190513_100050_crop_63.jpg\",\"contentUrl\":\"https:\/\/volcanes.net\/wp-content\/uploads\/2019\/05\/IMG_20190513_100050_crop_63.jpg\",\"width\":414,\"height\":276},{\"@type\":\"BreadcrumbList\",\"@id\":\"https:\/\/volcanes.net\/?p=4630#breadcrumb\",\"itemListElement\":[{\"@type\":\"ListItem\",\"position\":1,\"name\":\"Portada\",\"item\":\"https:\/\/volcanes.net\/\"},{\"@type\":\"ListItem\",\"position\":2,\"name\":\"Pierde Fortaseg el municipio de Tlalmanalco\"}]},{\"@type\":\"WebSite\",\"@id\":\"https:\/\/volcanes.net\/#website\",\"url\":\"https:\/\/volcanes.net\/\",\"name\":\"Volcanes.Net\",\"description\":\"Periodismo Profesional\",\"publisher\":{\"@id\":\"https:\/\/volcanes.net\/#organization\"},\"potentialAction\":[{\"@type\":\"SearchAction\",\"target\":{\"@type\":\"EntryPoint\",\"urlTemplate\":\"https:\/\/volcanes.net\/?s={search_term_string}\"},\"query-input\":{\"@type\":\"PropertyValueSpecification\",\"valueRequired\":true,\"valueName\":\"search_term_string\"}}],\"inLanguage\":\"es\"},{\"@type\":\"Organization\",\"@id\":\"https:\/\/volcanes.net\/#organization\",\"name\":\"Grupo Volcanes\",\"url\":\"https:\/\/volcanes.net\/\",\"logo\":{\"@type\":\"ImageObject\",\"inLanguage\":\"es\",\"@id\":\"https:\/\/volcanes.net\/#\/schema\/logo\/image\/\",\"url\":\"http:\/\/volcanes.net\/wp-content\/uploads\/2017\/12\/Avatar2.jpg\",\"contentUrl\":\"http:\/\/volcanes.net\/wp-content\/uploads\/2017\/12\/Avatar2.jpg\",\"width\":378,\"height\":378,\"caption\":\"Grupo Volcanes\"},\"image\":{\"@id\":\"https:\/\/volcanes.net\/#\/schema\/logo\/image\/\"},\"sameAs\":[\"https:\/\/www.facebook.com\/volcanes.net\/\"]},{\"@type\":\"Person\",\"@id\":\"https:\/\/volcanes.net\/#\/schema\/person\/4bf0f383940966a4abd53f5048c0e6b9\",\"name\":\"admin\",\"image\":{\"@type\":\"ImageObject\",\"inLanguage\":\"es\",\"@id\":\"https:\/\/volcanes.net\/#\/schema\/person\/image\/\",\"url\":\"https:\/\/secure.gravatar.com\/avatar\/ca004e6cba8462b8cb7abc86e382930c?s=96&d=mm&r=g\",\"contentUrl\":\"https:\/\/secure.gravatar.com\/avatar\/ca004e6cba8462b8cb7abc86e382930c?s=96&d=mm&r=g\",\"caption\":\"admin\"}}]}<\/script>\n<!-- \/ Yoast SEO plugin. -->","yoast_head_json":{"title":"Pierde Fortaseg el municipio de Tlalmanalco - Volcanes","robots":{"index":"index","follow":"follow","max-snippet":"max-snippet:-1","max-image-preview":"max-image-preview:large","max-video-preview":"max-video-preview:-1"},"canonical":"https:\/\/volcanes.net\/?p=4630","og_locale":"es_MX","og_type":"article","og_title":"Pierde Fortaseg el municipio de Tlalmanalco - Volcanes","og_description":"Tlalmanalco, M\u00e9x.- La administraci\u00f3n 2019-2021 de Tlalmanalco no podr\u00e1 ejercer alrededor de 12 millones de","og_url":"https:\/\/volcanes.net\/?p=4630","og_site_name":"Volcanes","article_publisher":"https:\/\/www.facebook.com\/volcanes.net\/","article_published_time":"2019-05-14T12:26:23+00:00","article_modified_time":"2019-05-15T18:41:23+00:00","og_image":[{"width":414,"height":276,"url":"https:\/\/volcanes.net\/wp-content\/uploads\/2019\/05\/IMG_20190513_100050_crop_63.jpg","type":"image\/jpeg"}],"author":"admin","twitter_card":"summary_large_image","twitter_misc":{"Escrito por":"admin","Tiempo de lectura":"2 minutos"},"schema":{"@context":"https:\/\/schema.org","@graph":[{"@type":"Article","@id":"https:\/\/volcanes.net\/?p=4630#article","isPartOf":{"@id":"https:\/\/volcanes.net\/?p=4630"},"author":{"name":"admin","@id":"https:\/\/volcanes.net\/#\/schema\/person\/4bf0f383940966a4abd53f5048c0e6b9"},"headline":"Pierde Fortaseg el municipio de Tlalmanalco","datePublished":"2019-05-14T12:26:23+00:00","dateModified":"2019-05-15T18:41:23+00:00","mainEntityOfPage":{"@id":"https:\/\/volcanes.net\/?p=4630"},"wordCount":387,"commentCount":0,"publisher":{"@id":"https:\/\/volcanes.net\/#organization"},"image":{"@id":"https:\/\/volcanes.net\/?p=4630#primaryimage"},"thumbnailUrl":"https:\/\/volcanes.net\/wp-content\/uploads\/2019\/05\/IMG_20190513_100050_crop_63.jpg","keywords":["Tlalmanalco"],"articleSection":["Municipales"],"inLanguage":"es","potentialAction":[{"@type":"CommentAction","name":"Comment","target":["https:\/\/volcanes.net\/?p=4630#respond"]}]},{"@type":"WebPage","@id":"https:\/\/volcanes.net\/?p=4630","url":"https:\/\/volcanes.net\/?p=4630","name":"Pierde Fortaseg el municipio de Tlalmanalco - Volcanes","isPartOf":{"@id":"https:\/\/volcanes.net\/#website"},"primaryImageOfPage":{"@id":"https:\/\/volcanes.net\/?p=4630#primaryimage"},"image":{"@id":"https:\/\/volcanes.net\/?p=4630#primaryimage"},"thumbnailUrl":"https:\/\/volcanes.net\/wp-content\/uploads\/2019\/05\/IMG_20190513_100050_crop_63.jpg","datePublished":"2019-05-14T12:26:23+00:00","dateModified":"2019-05-15T18:41:23+00:00","breadcrumb":{"@id":"https:\/\/volcanes.net\/?p=4630#breadcrumb"},"inLanguage":"es","potentialAction":[{"@type":"ReadAction","target":["https:\/\/volcanes.net\/?p=4630"]}]},{"@type":"ImageObject","inLanguage":"es","@id":"https:\/\/volcanes.net\/?p=4630#primaryimage","url":"https:\/\/volcanes.net\/wp-content\/uploads\/2019\/05\/IMG_20190513_100050_crop_63.jpg","contentUrl":"https:\/\/volcanes.net\/wp-content\/uploads\/2019\/05\/IMG_20190513_100050_crop_63.jpg","width":414,"height":276},{"@type":"BreadcrumbList","@id":"https:\/\/volcanes.net\/?p=4630#breadcrumb","itemListElement":[{"@type":"ListItem","position":1,"name":"Portada","item":"https:\/\/volcanes.net\/"},{"@type":"ListItem","position":2,"name":"Pierde Fortaseg el municipio de Tlalmanalco"}]},{"@type":"WebSite","@id":"https:\/\/volcanes.net\/#website","url":"https:\/\/volcanes.net\/","name":"Volcanes.Net","description":"Periodismo Profesional","publisher":{"@id":"https:\/\/volcanes.net\/#organization"},"potentialAction":[{"@type":"SearchAction","target":{"@type":"EntryPoint","urlTemplate":"https:\/\/volcanes.net\/?s={search_term_string}"},"query-input":{"@type":"PropertyValueSpecification","valueRequired":true,"valueName":"search_term_string"}}],"inLanguage":"es"},{"@type":"Organization","@id":"https:\/\/volcanes.net\/#organization","name":"Grupo Volcanes","url":"https:\/\/volcanes.net\/","logo":{"@type":"ImageObject","inLanguage":"es","@id":"https:\/\/volcanes.net\/#\/schema\/logo\/image\/","url":"http:\/\/volcanes.net\/wp-content\/uploads\/2017\/12\/Avatar2.jpg","contentUrl":"http:\/\/volcanes.net\/wp-content\/uploads\/2017\/12\/Avatar2.jpg","width":378,"height":378,"caption":"Grupo Volcanes"},"image":{"@id":"https:\/\/volcanes.net\/#\/schema\/logo\/image\/"},"sameAs":["https:\/\/www.facebook.com\/volcanes.net\/"]},{"@type":"Person","@id":"https:\/\/volcanes.net\/#\/schema\/person\/4bf0f383940966a4abd53f5048c0e6b9","name":"admin","image":{"@type":"ImageObject","inLanguage":"es","@id":"https:\/\/volcanes.net\/#\/schema\/person\/image\/","url":"https:\/\/secure.gravatar.com\/avatar\/ca004e6cba8462b8cb7abc86e382930c?s=96&d=mm&r=g","contentUrl":"https:\/\/secure.gravatar.com\/avatar\/ca004e6cba8462b8cb7abc86e382930c?s=96&d=mm&r=g","caption":"admin"}}]}},"_links":{"self":[{"href":"https:\/\/volcanes.net\/index.php?rest_route=\/wp\/v2\/posts\/4630"}],"collection":[{"href":"https:\/\/volcanes.net\/index.php?rest_route=\/wp\/v2\/posts"}],"about":[{"href":"https:\/\/volcanes.net\/index.php?rest_route=\/wp\/v2\/types\/post"}],"author":[{"embeddable":true,"href":"https:\/\/volcanes.net\/index.php?rest_route=\/wp\/v2\/users\/1"}],"replies":[{"embeddable":true,"href":"https:\/\/volcanes.net\/index.php?rest_route=%2Fwp%2Fv2%2Fcomments&post=4630"}],"version-history":[{"count":1,"href":"https:\/\/volcanes.net\/index.php?rest_route=\/wp\/v2\/posts\/4630\/revisions"}],"predecessor-version":[{"id":4631,"href":"https:\/\/volcanes.net\/index.php?rest_route=\/wp\/v2\/posts\/4630\/revisions\/4631"}],"wp:featuredmedia":[{"embeddable":true,"href":"https:\/\/volcanes.net\/index.php?rest_route=\/wp\/v2\/media\/4629"}],"wp:attachment":[{"href":"https:\/\/volcanes.net\/index.php?rest_route=%2Fwp%2Fv2%2Fmedia&parent=4630"}],"wp:term":[{"taxonomy":"category","embeddable":true,"href":"https:\/\/volcanes.net\/index.php?rest_route=%2Fwp%2Fv2%2Fcategories&post=4630"},{"taxonomy":"post_tag","embeddable":true,"href":"https:\/\/volcanes.net\/index.php?rest_route=%2Fwp%2Fv2%2Ftags&post=4630"}],"curies":[{"name":"wp","href":"https:\/\/api.w.org\/{rel}","templated":true}]}}