{"id":4654,"date":"2019-05-15T12:24:30","date_gmt":"2019-05-15T18:24:30","guid":{"rendered":"http:\/\/volcanes.net\/?p=4654"},"modified":"2019-05-15T12:33:50","modified_gmt":"2019-05-15T18:33:50","slug":"abren-plicas-del-tercer-certamen-laura-mendez-de-cuenca-2","status":"publish","type":"post","link":"https:\/\/volcanes.net\/?p=4654","title":{"rendered":"Abren plicas del tercer certamen \u201claura m\u00e9ndez de cuenca\u201d"},"content":{"rendered":"<div style=\"margin-top: 0px; margin-bottom: 0px;\" class=\"sharethis-inline-share-buttons\" ><\/div><p>\u2022\t_Conocen las identidades de las y los ganadores del concurso._<br \/>\n\u2022\t_Recibe este certamen 101 obras, superando la recepci\u00f3n de las dos ediciones anteriores._<\/p>\n<p>*Toluca, Estado de M\u00e9xico, 15 de mayo de 2019.* Este lunes, ante Notario P\u00fablico se realiz\u00f3 la apertura de plicas de la tercera edici\u00f3n del certamen literario \u201cLaura M\u00e9ndez de Cuenca\u201d, donde se conocieron las identidades de las y los escritores ganadores.<\/p>\n<p>Este concurso literario, cuyo principal objetivo es promover la producci\u00f3n literaria en la entidad, hace homenaje a una profesora, feminista, escritora, articulista y poeta mexiquense, a trav\u00e9s de este concurso, el Gobierno del Estado de M\u00e9xico y la Secretar\u00eda de Cultura fomentan la escritura y con la edici\u00f3n de los libros ganadores, la lectura.<\/p>\n<p>Desde noviembre de 2018 y hasta el 15 de marzo de 2019, la convocatoria recibi\u00f3 las obras, que en este a\u00f1o rompi\u00f3 r\u00e9cord al recibir un total de 101 trabajos entre los diversos g\u00e9neros y categor\u00eda participantes, en poes\u00eda se recibieron 43 trabajos, en novela nueve, en cuento 30 y en la categor\u00eda Literatura Infantil 19.<\/p>\n<p>Al tener seleccionados los trabajos ganadores se abrieron las plicas de las obras en orden de aparici\u00f3n en la convocatoria, siendo la mayor\u00eda de las y los concursantes nuevos creadores del Valle de M\u00e9xico y uno del Valle de Toluca.<\/p>\n<p>En lo que a Novela se refiere, la ganadora es Rosalva Dub\u00f3n Cruz, del municipio de Nezahualc\u00f3yotl, con la obra \u201cCallada\u201d; en el g\u00e9nero de Cuento, el ganador es Carlos Oswaldo Hern\u00e1ndez Trujillo, de Naucalpan, con la obra \u201cUstedes no existen\u201d; en Poes\u00eda, Santiago Noel Mat\u00edas L\u00e1zaro, de Toluca, con su obra \u201cPabell\u00f3n Alesi\u201d.<\/p>\n<p>Mientras que en la categor\u00eda Literatura infantil, Minerva Paredes Rivera, del municipio de Atizap\u00e1n de Zaragoza, gan\u00f3 el certamen con la obra \u201cColecci\u00f3n de cuentos para leerse en voz alta\u201d, estos cuatro ganadores recibir\u00e1n un premio \u00fanico e indivisible de 100 mil pesos, as\u00ed como la publicaci\u00f3n de su obra.<\/p>\n<p>Por otra parte, tambi\u00e9n hubo dos menciones honor\u00edficas, que corresponden, en Cuento, a Aldo Rosales Vel\u00e1zquez, de Cuautitl\u00e1n, con \u201cFoley\u201d; y en la categor\u00eda de Literatura infantil, a Patricia Denisse Arredondo Vel\u00e1zquez, de Tlalnepantla, con \u201cPoemas para cuando se te caen los dientes\u201d. Los g\u00e9neros de Novela y Poes\u00eda se declararon desiertos.<\/p>\n<p>La edici\u00f3n de libros se realizar\u00e1 a partir de los textos y archivos, cuyas t\u00e9cnicas y caracter\u00edsticas de edici\u00f3n y distribuci\u00f3n ser\u00e1n competencia de los organizadores, entregando a los autores el 10 por ciento del tiraje total.<\/p>\n","protected":false},"excerpt":{"rendered":"<p>\u2022 _Conocen las identidades de las y los ganadores del concurso._ \u2022 _Recibe este certamen<\/p>\n","protected":false},"author":1,"featured_media":4650,"comment_status":"open","ping_status":"open","sticky":false,"template":"","format":"standard","meta":{"footnotes":""},"categories":[1],"tags":[4],"class_list":["post-4654","post","type-post","status-publish","format-standard","has-post-thumbnail","hentry","category-municipales","tag-gobierno-del-estado-de-mexico"],"yoast_head":"<!-- This site is optimized with the Yoast SEO plugin v25.3 - https:\/\/yoast.com\/wordpress\/plugins\/seo\/ -->\n<title>Abren plicas del tercer certamen \u201claura m\u00e9ndez de cuenca\u201d - Volcanes<\/title>\n<meta name=\"robots\" content=\"index, follow, max-snippet:-1, max-image-preview:large, max-video-preview:-1\" \/>\n<link rel=\"canonical\" href=\"https:\/\/volcanes.net\/?p=4654\" \/>\n<meta property=\"og:locale\" content=\"es_MX\" \/>\n<meta property=\"og:type\" content=\"article\" \/>\n<meta property=\"og:title\" content=\"Abren plicas del tercer certamen \u201claura m\u00e9ndez de cuenca\u201d - Volcanes\" \/>\n<meta property=\"og:description\" content=\"\u2022 _Conocen las identidades de las y los ganadores del concurso._ \u2022 _Recibe este certamen\" \/>\n<meta property=\"og:url\" content=\"https:\/\/volcanes.net\/?p=4654\" \/>\n<meta property=\"og:site_name\" content=\"Volcanes\" \/>\n<meta property=\"article:publisher\" content=\"https:\/\/www.facebook.com\/volcanes.net\/\" \/>\n<meta property=\"article:published_time\" content=\"2019-05-15T18:24:30+00:00\" \/>\n<meta property=\"article:modified_time\" content=\"2019-05-15T18:33:50+00:00\" \/>\n<meta property=\"og:image\" content=\"https:\/\/volcanes.net\/wp-content\/uploads\/2019\/05\/IMG-20190515-WA0005_compress_8.jpg\" \/>\n\t<meta property=\"og:image:width\" content=\"1280\" \/>\n\t<meta property=\"og:image:height\" content=\"853\" \/>\n\t<meta property=\"og:image:type\" content=\"image\/jpeg\" \/>\n<meta name=\"author\" content=\"admin\" \/>\n<meta name=\"twitter:card\" content=\"summary_large_image\" \/>\n<meta name=\"twitter:label1\" content=\"Escrito por\" \/>\n\t<meta name=\"twitter:data1\" content=\"admin\" \/>\n\t<meta name=\"twitter:label2\" content=\"Tiempo de lectura\" \/>\n\t<meta name=\"twitter:data2\" content=\"2 minutos\" \/>\n<script type=\"application\/ld+json\" class=\"yoast-schema-graph\">{\"@context\":\"https:\/\/schema.org\",\"@graph\":[{\"@type\":\"Article\",\"@id\":\"https:\/\/volcanes.net\/?p=4654#article\",\"isPartOf\":{\"@id\":\"https:\/\/volcanes.net\/?p=4654\"},\"author\":{\"name\":\"admin\",\"@id\":\"https:\/\/volcanes.net\/#\/schema\/person\/4bf0f383940966a4abd53f5048c0e6b9\"},\"headline\":\"Abren plicas del tercer certamen \u201claura m\u00e9ndez de cuenca\u201d\",\"datePublished\":\"2019-05-15T18:24:30+00:00\",\"dateModified\":\"2019-05-15T18:33:50+00:00\",\"mainEntityOfPage\":{\"@id\":\"https:\/\/volcanes.net\/?p=4654\"},\"wordCount\":452,\"commentCount\":0,\"publisher\":{\"@id\":\"https:\/\/volcanes.net\/#organization\"},\"image\":{\"@id\":\"https:\/\/volcanes.net\/?p=4654#primaryimage\"},\"thumbnailUrl\":\"https:\/\/volcanes.net\/wp-content\/uploads\/2019\/05\/IMG-20190515-WA0005_compress_8.jpg\",\"keywords\":[\"Gobierno del Estado de M\u00e9xico\"],\"articleSection\":[\"Municipales\"],\"inLanguage\":\"es\",\"potentialAction\":[{\"@type\":\"CommentAction\",\"name\":\"Comment\",\"target\":[\"https:\/\/volcanes.net\/?p=4654#respond\"]}]},{\"@type\":\"WebPage\",\"@id\":\"https:\/\/volcanes.net\/?p=4654\",\"url\":\"https:\/\/volcanes.net\/?p=4654\",\"name\":\"Abren plicas del tercer certamen \u201claura m\u00e9ndez de cuenca\u201d - Volcanes\",\"isPartOf\":{\"@id\":\"https:\/\/volcanes.net\/#website\"},\"primaryImageOfPage\":{\"@id\":\"https:\/\/volcanes.net\/?p=4654#primaryimage\"},\"image\":{\"@id\":\"https:\/\/volcanes.net\/?p=4654#primaryimage\"},\"thumbnailUrl\":\"https:\/\/volcanes.net\/wp-content\/uploads\/2019\/05\/IMG-20190515-WA0005_compress_8.jpg\",\"datePublished\":\"2019-05-15T18:24:30+00:00\",\"dateModified\":\"2019-05-15T18:33:50+00:00\",\"breadcrumb\":{\"@id\":\"https:\/\/volcanes.net\/?p=4654#breadcrumb\"},\"inLanguage\":\"es\",\"potentialAction\":[{\"@type\":\"ReadAction\",\"target\":[\"https:\/\/volcanes.net\/?p=4654\"]}]},{\"@type\":\"ImageObject\",\"inLanguage\":\"es\",\"@id\":\"https:\/\/volcanes.net\/?p=4654#primaryimage\",\"url\":\"https:\/\/volcanes.net\/wp-content\/uploads\/2019\/05\/IMG-20190515-WA0005_compress_8.jpg\",\"contentUrl\":\"https:\/\/volcanes.net\/wp-content\/uploads\/2019\/05\/IMG-20190515-WA0005_compress_8.jpg\",\"width\":1280,\"height\":853},{\"@type\":\"BreadcrumbList\",\"@id\":\"https:\/\/volcanes.net\/?p=4654#breadcrumb\",\"itemListElement\":[{\"@type\":\"ListItem\",\"position\":1,\"name\":\"Portada\",\"item\":\"https:\/\/volcanes.net\/\"},{\"@type\":\"ListItem\",\"position\":2,\"name\":\"Abren plicas del tercer certamen \u201claura m\u00e9ndez de cuenca\u201d\"}]},{\"@type\":\"WebSite\",\"@id\":\"https:\/\/volcanes.net\/#website\",\"url\":\"https:\/\/volcanes.net\/\",\"name\":\"Volcanes.Net\",\"description\":\"Periodismo Profesional\",\"publisher\":{\"@id\":\"https:\/\/volcanes.net\/#organization\"},\"potentialAction\":[{\"@type\":\"SearchAction\",\"target\":{\"@type\":\"EntryPoint\",\"urlTemplate\":\"https:\/\/volcanes.net\/?s={search_term_string}\"},\"query-input\":{\"@type\":\"PropertyValueSpecification\",\"valueRequired\":true,\"valueName\":\"search_term_string\"}}],\"inLanguage\":\"es\"},{\"@type\":\"Organization\",\"@id\":\"https:\/\/volcanes.net\/#organization\",\"name\":\"Grupo Volcanes\",\"url\":\"https:\/\/volcanes.net\/\",\"logo\":{\"@type\":\"ImageObject\",\"inLanguage\":\"es\",\"@id\":\"https:\/\/volcanes.net\/#\/schema\/logo\/image\/\",\"url\":\"http:\/\/volcanes.net\/wp-content\/uploads\/2017\/12\/Avatar2.jpg\",\"contentUrl\":\"http:\/\/volcanes.net\/wp-content\/uploads\/2017\/12\/Avatar2.jpg\",\"width\":378,\"height\":378,\"caption\":\"Grupo Volcanes\"},\"image\":{\"@id\":\"https:\/\/volcanes.net\/#\/schema\/logo\/image\/\"},\"sameAs\":[\"https:\/\/www.facebook.com\/volcanes.net\/\"]},{\"@type\":\"Person\",\"@id\":\"https:\/\/volcanes.net\/#\/schema\/person\/4bf0f383940966a4abd53f5048c0e6b9\",\"name\":\"admin\",\"image\":{\"@type\":\"ImageObject\",\"inLanguage\":\"es\",\"@id\":\"https:\/\/volcanes.net\/#\/schema\/person\/image\/\",\"url\":\"https:\/\/secure.gravatar.com\/avatar\/ca004e6cba8462b8cb7abc86e382930c?s=96&d=mm&r=g\",\"contentUrl\":\"https:\/\/secure.gravatar.com\/avatar\/ca004e6cba8462b8cb7abc86e382930c?s=96&d=mm&r=g\",\"caption\":\"admin\"}}]}<\/script>\n<!-- \/ Yoast SEO plugin. -->","yoast_head_json":{"title":"Abren plicas del tercer certamen \u201claura m\u00e9ndez de cuenca\u201d - Volcanes","robots":{"index":"index","follow":"follow","max-snippet":"max-snippet:-1","max-image-preview":"max-image-preview:large","max-video-preview":"max-video-preview:-1"},"canonical":"https:\/\/volcanes.net\/?p=4654","og_locale":"es_MX","og_type":"article","og_title":"Abren plicas del tercer certamen \u201claura m\u00e9ndez de cuenca\u201d - Volcanes","og_description":"\u2022 _Conocen las identidades de las y los ganadores del concurso._ \u2022 _Recibe este certamen","og_url":"https:\/\/volcanes.net\/?p=4654","og_site_name":"Volcanes","article_publisher":"https:\/\/www.facebook.com\/volcanes.net\/","article_published_time":"2019-05-15T18:24:30+00:00","article_modified_time":"2019-05-15T18:33:50+00:00","og_image":[{"width":1280,"height":853,"url":"https:\/\/volcanes.net\/wp-content\/uploads\/2019\/05\/IMG-20190515-WA0005_compress_8.jpg","type":"image\/jpeg"}],"author":"admin","twitter_card":"summary_large_image","twitter_misc":{"Escrito por":"admin","Tiempo de lectura":"2 minutos"},"schema":{"@context":"https:\/\/schema.org","@graph":[{"@type":"Article","@id":"https:\/\/volcanes.net\/?p=4654#article","isPartOf":{"@id":"https:\/\/volcanes.net\/?p=4654"},"author":{"name":"admin","@id":"https:\/\/volcanes.net\/#\/schema\/person\/4bf0f383940966a4abd53f5048c0e6b9"},"headline":"Abren plicas del tercer certamen \u201claura m\u00e9ndez de cuenca\u201d","datePublished":"2019-05-15T18:24:30+00:00","dateModified":"2019-05-15T18:33:50+00:00","mainEntityOfPage":{"@id":"https:\/\/volcanes.net\/?p=4654"},"wordCount":452,"commentCount":0,"publisher":{"@id":"https:\/\/volcanes.net\/#organization"},"image":{"@id":"https:\/\/volcanes.net\/?p=4654#primaryimage"},"thumbnailUrl":"https:\/\/volcanes.net\/wp-content\/uploads\/2019\/05\/IMG-20190515-WA0005_compress_8.jpg","keywords":["Gobierno del Estado de M\u00e9xico"],"articleSection":["Municipales"],"inLanguage":"es","potentialAction":[{"@type":"CommentAction","name":"Comment","target":["https:\/\/volcanes.net\/?p=4654#respond"]}]},{"@type":"WebPage","@id":"https:\/\/volcanes.net\/?p=4654","url":"https:\/\/volcanes.net\/?p=4654","name":"Abren plicas del tercer certamen \u201claura m\u00e9ndez de cuenca\u201d - Volcanes","isPartOf":{"@id":"https:\/\/volcanes.net\/#website"},"primaryImageOfPage":{"@id":"https:\/\/volcanes.net\/?p=4654#primaryimage"},"image":{"@id":"https:\/\/volcanes.net\/?p=4654#primaryimage"},"thumbnailUrl":"https:\/\/volcanes.net\/wp-content\/uploads\/2019\/05\/IMG-20190515-WA0005_compress_8.jpg","datePublished":"2019-05-15T18:24:30+00:00","dateModified":"2019-05-15T18:33:50+00:00","breadcrumb":{"@id":"https:\/\/volcanes.net\/?p=4654#breadcrumb"},"inLanguage":"es","potentialAction":[{"@type":"ReadAction","target":["https:\/\/volcanes.net\/?p=4654"]}]},{"@type":"ImageObject","inLanguage":"es","@id":"https:\/\/volcanes.net\/?p=4654#primaryimage","url":"https:\/\/volcanes.net\/wp-content\/uploads\/2019\/05\/IMG-20190515-WA0005_compress_8.jpg","contentUrl":"https:\/\/volcanes.net\/wp-content\/uploads\/2019\/05\/IMG-20190515-WA0005_compress_8.jpg","width":1280,"height":853},{"@type":"BreadcrumbList","@id":"https:\/\/volcanes.net\/?p=4654#breadcrumb","itemListElement":[{"@type":"ListItem","position":1,"name":"Portada","item":"https:\/\/volcanes.net\/"},{"@type":"ListItem","position":2,"name":"Abren plicas del tercer certamen \u201claura m\u00e9ndez de cuenca\u201d"}]},{"@type":"WebSite","@id":"https:\/\/volcanes.net\/#website","url":"https:\/\/volcanes.net\/","name":"Volcanes.Net","description":"Periodismo Profesional","publisher":{"@id":"https:\/\/volcanes.net\/#organization"},"potentialAction":[{"@type":"SearchAction","target":{"@type":"EntryPoint","urlTemplate":"https:\/\/volcanes.net\/?s={search_term_string}"},"query-input":{"@type":"PropertyValueSpecification","valueRequired":true,"valueName":"search_term_string"}}],"inLanguage":"es"},{"@type":"Organization","@id":"https:\/\/volcanes.net\/#organization","name":"Grupo Volcanes","url":"https:\/\/volcanes.net\/","logo":{"@type":"ImageObject","inLanguage":"es","@id":"https:\/\/volcanes.net\/#\/schema\/logo\/image\/","url":"http:\/\/volcanes.net\/wp-content\/uploads\/2017\/12\/Avatar2.jpg","contentUrl":"http:\/\/volcanes.net\/wp-content\/uploads\/2017\/12\/Avatar2.jpg","width":378,"height":378,"caption":"Grupo Volcanes"},"image":{"@id":"https:\/\/volcanes.net\/#\/schema\/logo\/image\/"},"sameAs":["https:\/\/www.facebook.com\/volcanes.net\/"]},{"@type":"Person","@id":"https:\/\/volcanes.net\/#\/schema\/person\/4bf0f383940966a4abd53f5048c0e6b9","name":"admin","image":{"@type":"ImageObject","inLanguage":"es","@id":"https:\/\/volcanes.net\/#\/schema\/person\/image\/","url":"https:\/\/secure.gravatar.com\/avatar\/ca004e6cba8462b8cb7abc86e382930c?s=96&d=mm&r=g","contentUrl":"https:\/\/secure.gravatar.com\/avatar\/ca004e6cba8462b8cb7abc86e382930c?s=96&d=mm&r=g","caption":"admin"}}]}},"_links":{"self":[{"href":"https:\/\/volcanes.net\/index.php?rest_route=\/wp\/v2\/posts\/4654"}],"collection":[{"href":"https:\/\/volcanes.net\/index.php?rest_route=\/wp\/v2\/posts"}],"about":[{"href":"https:\/\/volcanes.net\/index.php?rest_route=\/wp\/v2\/types\/post"}],"author":[{"embeddable":true,"href":"https:\/\/volcanes.net\/index.php?rest_route=\/wp\/v2\/users\/1"}],"replies":[{"embeddable":true,"href":"https:\/\/volcanes.net\/index.php?rest_route=%2Fwp%2Fv2%2Fcomments&post=4654"}],"version-history":[{"count":1,"href":"https:\/\/volcanes.net\/index.php?rest_route=\/wp\/v2\/posts\/4654\/revisions"}],"predecessor-version":[{"id":4655,"href":"https:\/\/volcanes.net\/index.php?rest_route=\/wp\/v2\/posts\/4654\/revisions\/4655"}],"wp:featuredmedia":[{"embeddable":true,"href":"https:\/\/volcanes.net\/index.php?rest_route=\/wp\/v2\/media\/4650"}],"wp:attachment":[{"href":"https:\/\/volcanes.net\/index.php?rest_route=%2Fwp%2Fv2%2Fmedia&parent=4654"}],"wp:term":[{"taxonomy":"category","embeddable":true,"href":"https:\/\/volcanes.net\/index.php?rest_route=%2Fwp%2Fv2%2Fcategories&post=4654"},{"taxonomy":"post_tag","embeddable":true,"href":"https:\/\/volcanes.net\/index.php?rest_route=%2Fwp%2Fv2%2Ftags&post=4654"}],"curies":[{"name":"wp","href":"https:\/\/api.w.org\/{rel}","templated":true}]}}