{"id":4662,"date":"2019-05-15T12:43:56","date_gmt":"2019-05-15T18:43:56","guid":{"rendered":"http:\/\/volcanes.net\/?p=4662"},"modified":"2019-05-15T12:45:13","modified_gmt":"2019-05-15T18:45:13","slug":"entrega-alfredo-del-mazo-titulo-de-propiedad-numero-25-mil","status":"publish","type":"post","link":"https:\/\/volcanes.net\/?p=4662","title":{"rendered":"Entrega Alfredo del Mazo t\u00edtulo de propiedad n\u00famero 25 mil"},"content":{"rendered":"<div style=\"margin-top: 0px; margin-bottom: 0px;\" class=\"sharethis-inline-share-buttons\" ><\/div><p>\u2022Recibe Flor de Mar\u00eda G\u00f3mez Dom\u00ednguez t\u00edtulo de propiedad n\u00famero 25 mil, de manos del Gobernador del estado, al igual que familias de Acolman, Atenco, Axapusco, Chiautla, Chiconcuac, Ecatepec, Nopaltepec, Papalotla,<br \/>\nTec\u00e1mac, Temascalapa, Teotihuac\u00e1n,Tepetlaoxtoc, Texcoco y Tezoyuca.<br \/>\n\u2022Asegura mandatario mexiquense que al recibir sus escrituras las personas tienen una gran tranquilidad y certeza jur\u00eddica sobre el patrimonio de sus familia.<br \/>\n\u2022Reconoce al Tribunal Superior de Justicia estatal y al Colegio de Notarios por el apoyo que ofrecen a quienes tramitan sus t\u00edtulos de propiedad, y por agilizar el proceso.<\/p>\n<p>Ecatepec, Estado de M\u00e9xico, 15 de mayo de 2109. El Gobernador Alfredo Del Mazo Maza entreg\u00f3 el t\u00edtulo de propiedad n\u00famero 25 mil en lo que va de su administraci\u00f3n, y afirm\u00f3 que la meta es otorgar 32 mil de estos documentos al final del a\u00f1o, y as\u00ed brindar certeza jur\u00eddica y tranquilidad a las familias mexiquenses sobre su patrimonio.<\/p>\n<p>\u201cLlevamos 25 mil t\u00edtulos entregados desde que empez\u00f3 nuestra administraci\u00f3n estatal, porque fue un programa y seguir\u00e1 siendo un programa que nos importa much\u00edsimo, que le demos a un mayor n\u00famero de familias la posibilidad de contar con el t\u00edtulo de propiedad de su casa.<\/p>\n<p>&#8220;Para el final de este a\u00f1o debemos estar llegando a m\u00e1s de 32 mil, hoy llevamos 25 mil, al final del a\u00f1o tenemos que estar en m\u00e1s de 32 mil para que cada vez sean m\u00e1s las familias que como ustedes reciben este documento que les da una gran certeza jur\u00eddica&#8221;, asever\u00f3.<\/p>\n<p>Al entregar t\u00edtulos de propiedad, sentencias de juicios sumarios de usucapi\u00f3n y escrituras a mexiquenses de 14 municipios, Del Mazo Maza asegur\u00f3 que tener este documento le cambia la vida a las personas, porque les da mucha tranquilidad y la posibilidad de heredar sus propiedades.<\/p>\n<p>&#8220;Quiero, primero que nada, felicitarlas y felicitarlo porque debe ser un d\u00eda de mucha alegr\u00eda para ustedes y para sus familias porque este papelito que hoy se les entrega les da esa certeza jur\u00eddica, les da esa fortaleza en su patrimonio y les da tambi\u00e9n una tranquilidad para que el d\u00eda de ma\u00f1ana lo puedan heredar a las siguientes generaciones ya con el documento que acredita su propiedad, porque recuerden que papelito habla. Hasta no tener el papelito no est\u00e1 uno tranquilo de que la propiedad est\u00e1 ya totalmente documentada y cumple con todos los requisitos\u201d, extern\u00f3.<\/p>\n<p>En el Centro Cultural y Deportivo &#8220;Las Am\u00e9ricas&#8221;, en Ecatepec, donde estuvo acompa\u00f1ado por Sergio Medina, Presidente del Tribunal Superior de Justicia (TSJEM), Fernando Vilchis, Alcalde de Ecatepec,<br \/>\ny los secretarios de Desarrollo Urbano y Metropolitano, y de Desarrollo Social, Andr\u00e9s Massieu y Eric Sevilla, respectivamente, el Gobernador reconoci\u00f3 la participaci\u00f3n del Colegio de Notarios y del Tribunal Superior de Justicia estatal para agilizar los tr\u00e1mites en la obtenci\u00f3n de los t\u00edtulos de propiedad, y destac\u00f3 el apoyo que el Gobierno estatal ofrece a las familias para que no paguen la totalidad del costo del proceso y puedan conseguir sus escrituras sin afectar su econom\u00eda.<\/p>\n<p>Asimismo, destac\u00f3 que en el Estado de M\u00e9xico a\u00fan existen 250 mil viviendas que no tienen su t\u00edtulo de propiedad y garantiz\u00f3 que la administraci\u00f3n mexiquense continuar\u00e1 con este tipo de apoyos para que cada vez m\u00e1s personas puedan regularizar la tenencia de su tierra.<\/p>\n<p>El Secretario de Desarrollo Urbano y Metropolitano, Andr\u00e9s Massieu Fern\u00e1ndez, asegur\u00f3 que para el Gobierno estatal es prioritario que las familias ejerzan plenamente su derecho a tener una vivienda digna y propia, por lo que la dependencia a su cargo trabaja en equipo con otras instancias para entregar estos t\u00edtulos de propiedad, ya que al contar con ellos se eleva el valor de las propiedades, se facilitan los servicios p\u00fablicos y privados, as\u00ed como el acceso a cr\u00e9ditos.<\/p>\n","protected":false},"excerpt":{"rendered":"<p>\u2022Recibe Flor de Mar\u00eda G\u00f3mez Dom\u00ednguez t\u00edtulo de propiedad n\u00famero 25 mil, de manos del<\/p>\n","protected":false},"author":1,"featured_media":4661,"comment_status":"open","ping_status":"open","sticky":false,"template":"","format":"standard","meta":{"footnotes":""},"categories":[3],"tags":[4],"class_list":["post-4662","post","type-post","status-publish","format-standard","has-post-thumbnail","hentry","category-estatales","tag-gobierno-del-estado-de-mexico"],"yoast_head":"<!-- This site is optimized with the Yoast SEO plugin v25.3 - https:\/\/yoast.com\/wordpress\/plugins\/seo\/ -->\n<title>Entrega Alfredo del Mazo t\u00edtulo de propiedad n\u00famero 25 mil - Volcanes<\/title>\n<meta name=\"robots\" content=\"index, follow, max-snippet:-1, max-image-preview:large, max-video-preview:-1\" \/>\n<link rel=\"canonical\" href=\"https:\/\/volcanes.net\/?p=4662\" \/>\n<meta property=\"og:locale\" content=\"es_MX\" \/>\n<meta property=\"og:type\" content=\"article\" \/>\n<meta property=\"og:title\" content=\"Entrega Alfredo del Mazo t\u00edtulo de propiedad n\u00famero 25 mil - Volcanes\" \/>\n<meta property=\"og:description\" content=\"\u2022Recibe Flor de Mar\u00eda G\u00f3mez Dom\u00ednguez t\u00edtulo de propiedad n\u00famero 25 mil, de manos del\" \/>\n<meta property=\"og:url\" content=\"https:\/\/volcanes.net\/?p=4662\" \/>\n<meta property=\"og:site_name\" content=\"Volcanes\" \/>\n<meta property=\"article:publisher\" content=\"https:\/\/www.facebook.com\/volcanes.net\/\" \/>\n<meta property=\"article:published_time\" content=\"2019-05-15T18:43:56+00:00\" \/>\n<meta property=\"article:modified_time\" content=\"2019-05-15T18:45:13+00:00\" \/>\n<meta property=\"og:image\" content=\"https:\/\/volcanes.net\/wp-content\/uploads\/2019\/05\/IMG-20190515-WA0008_compress_90.jpg\" \/>\n\t<meta property=\"og:image:width\" content=\"1280\" \/>\n\t<meta property=\"og:image:height\" content=\"944\" \/>\n\t<meta property=\"og:image:type\" content=\"image\/jpeg\" \/>\n<meta name=\"author\" content=\"admin\" \/>\n<meta name=\"twitter:card\" content=\"summary_large_image\" \/>\n<meta name=\"twitter:label1\" content=\"Escrito por\" \/>\n\t<meta name=\"twitter:data1\" content=\"admin\" \/>\n\t<meta name=\"twitter:label2\" content=\"Tiempo de lectura\" \/>\n\t<meta name=\"twitter:data2\" content=\"3 minutos\" \/>\n<script type=\"application\/ld+json\" class=\"yoast-schema-graph\">{\"@context\":\"https:\/\/schema.org\",\"@graph\":[{\"@type\":\"Article\",\"@id\":\"https:\/\/volcanes.net\/?p=4662#article\",\"isPartOf\":{\"@id\":\"https:\/\/volcanes.net\/?p=4662\"},\"author\":{\"name\":\"admin\",\"@id\":\"https:\/\/volcanes.net\/#\/schema\/person\/4bf0f383940966a4abd53f5048c0e6b9\"},\"headline\":\"Entrega Alfredo del Mazo t\u00edtulo de propiedad n\u00famero 25 mil\",\"datePublished\":\"2019-05-15T18:43:56+00:00\",\"dateModified\":\"2019-05-15T18:45:13+00:00\",\"mainEntityOfPage\":{\"@id\":\"https:\/\/volcanes.net\/?p=4662\"},\"wordCount\":669,\"commentCount\":0,\"publisher\":{\"@id\":\"https:\/\/volcanes.net\/#organization\"},\"image\":{\"@id\":\"https:\/\/volcanes.net\/?p=4662#primaryimage\"},\"thumbnailUrl\":\"https:\/\/volcanes.net\/wp-content\/uploads\/2019\/05\/IMG-20190515-WA0008_compress_90.jpg\",\"keywords\":[\"Gobierno del Estado de M\u00e9xico\"],\"articleSection\":[\"Estatales\"],\"inLanguage\":\"es\",\"potentialAction\":[{\"@type\":\"CommentAction\",\"name\":\"Comment\",\"target\":[\"https:\/\/volcanes.net\/?p=4662#respond\"]}]},{\"@type\":\"WebPage\",\"@id\":\"https:\/\/volcanes.net\/?p=4662\",\"url\":\"https:\/\/volcanes.net\/?p=4662\",\"name\":\"Entrega Alfredo del Mazo t\u00edtulo de propiedad n\u00famero 25 mil - Volcanes\",\"isPartOf\":{\"@id\":\"https:\/\/volcanes.net\/#website\"},\"primaryImageOfPage\":{\"@id\":\"https:\/\/volcanes.net\/?p=4662#primaryimage\"},\"image\":{\"@id\":\"https:\/\/volcanes.net\/?p=4662#primaryimage\"},\"thumbnailUrl\":\"https:\/\/volcanes.net\/wp-content\/uploads\/2019\/05\/IMG-20190515-WA0008_compress_90.jpg\",\"datePublished\":\"2019-05-15T18:43:56+00:00\",\"dateModified\":\"2019-05-15T18:45:13+00:00\",\"breadcrumb\":{\"@id\":\"https:\/\/volcanes.net\/?p=4662#breadcrumb\"},\"inLanguage\":\"es\",\"potentialAction\":[{\"@type\":\"ReadAction\",\"target\":[\"https:\/\/volcanes.net\/?p=4662\"]}]},{\"@type\":\"ImageObject\",\"inLanguage\":\"es\",\"@id\":\"https:\/\/volcanes.net\/?p=4662#primaryimage\",\"url\":\"https:\/\/volcanes.net\/wp-content\/uploads\/2019\/05\/IMG-20190515-WA0008_compress_90.jpg\",\"contentUrl\":\"https:\/\/volcanes.net\/wp-content\/uploads\/2019\/05\/IMG-20190515-WA0008_compress_90.jpg\",\"width\":1280,\"height\":944},{\"@type\":\"BreadcrumbList\",\"@id\":\"https:\/\/volcanes.net\/?p=4662#breadcrumb\",\"itemListElement\":[{\"@type\":\"ListItem\",\"position\":1,\"name\":\"Portada\",\"item\":\"https:\/\/volcanes.net\/\"},{\"@type\":\"ListItem\",\"position\":2,\"name\":\"Entrega Alfredo del Mazo t\u00edtulo de propiedad n\u00famero 25 mil\"}]},{\"@type\":\"WebSite\",\"@id\":\"https:\/\/volcanes.net\/#website\",\"url\":\"https:\/\/volcanes.net\/\",\"name\":\"Volcanes.Net\",\"description\":\"Periodismo Profesional\",\"publisher\":{\"@id\":\"https:\/\/volcanes.net\/#organization\"},\"potentialAction\":[{\"@type\":\"SearchAction\",\"target\":{\"@type\":\"EntryPoint\",\"urlTemplate\":\"https:\/\/volcanes.net\/?s={search_term_string}\"},\"query-input\":{\"@type\":\"PropertyValueSpecification\",\"valueRequired\":true,\"valueName\":\"search_term_string\"}}],\"inLanguage\":\"es\"},{\"@type\":\"Organization\",\"@id\":\"https:\/\/volcanes.net\/#organization\",\"name\":\"Grupo Volcanes\",\"url\":\"https:\/\/volcanes.net\/\",\"logo\":{\"@type\":\"ImageObject\",\"inLanguage\":\"es\",\"@id\":\"https:\/\/volcanes.net\/#\/schema\/logo\/image\/\",\"url\":\"http:\/\/volcanes.net\/wp-content\/uploads\/2017\/12\/Avatar2.jpg\",\"contentUrl\":\"http:\/\/volcanes.net\/wp-content\/uploads\/2017\/12\/Avatar2.jpg\",\"width\":378,\"height\":378,\"caption\":\"Grupo Volcanes\"},\"image\":{\"@id\":\"https:\/\/volcanes.net\/#\/schema\/logo\/image\/\"},\"sameAs\":[\"https:\/\/www.facebook.com\/volcanes.net\/\"]},{\"@type\":\"Person\",\"@id\":\"https:\/\/volcanes.net\/#\/schema\/person\/4bf0f383940966a4abd53f5048c0e6b9\",\"name\":\"admin\",\"image\":{\"@type\":\"ImageObject\",\"inLanguage\":\"es\",\"@id\":\"https:\/\/volcanes.net\/#\/schema\/person\/image\/\",\"url\":\"https:\/\/secure.gravatar.com\/avatar\/ca004e6cba8462b8cb7abc86e382930c?s=96&d=mm&r=g\",\"contentUrl\":\"https:\/\/secure.gravatar.com\/avatar\/ca004e6cba8462b8cb7abc86e382930c?s=96&d=mm&r=g\",\"caption\":\"admin\"}}]}<\/script>\n<!-- \/ Yoast SEO plugin. -->","yoast_head_json":{"title":"Entrega Alfredo del Mazo t\u00edtulo de propiedad n\u00famero 25 mil - Volcanes","robots":{"index":"index","follow":"follow","max-snippet":"max-snippet:-1","max-image-preview":"max-image-preview:large","max-video-preview":"max-video-preview:-1"},"canonical":"https:\/\/volcanes.net\/?p=4662","og_locale":"es_MX","og_type":"article","og_title":"Entrega Alfredo del Mazo t\u00edtulo de propiedad n\u00famero 25 mil - Volcanes","og_description":"\u2022Recibe Flor de Mar\u00eda G\u00f3mez Dom\u00ednguez t\u00edtulo de propiedad n\u00famero 25 mil, de manos del","og_url":"https:\/\/volcanes.net\/?p=4662","og_site_name":"Volcanes","article_publisher":"https:\/\/www.facebook.com\/volcanes.net\/","article_published_time":"2019-05-15T18:43:56+00:00","article_modified_time":"2019-05-15T18:45:13+00:00","og_image":[{"width":1280,"height":944,"url":"https:\/\/volcanes.net\/wp-content\/uploads\/2019\/05\/IMG-20190515-WA0008_compress_90.jpg","type":"image\/jpeg"}],"author":"admin","twitter_card":"summary_large_image","twitter_misc":{"Escrito por":"admin","Tiempo de lectura":"3 minutos"},"schema":{"@context":"https:\/\/schema.org","@graph":[{"@type":"Article","@id":"https:\/\/volcanes.net\/?p=4662#article","isPartOf":{"@id":"https:\/\/volcanes.net\/?p=4662"},"author":{"name":"admin","@id":"https:\/\/volcanes.net\/#\/schema\/person\/4bf0f383940966a4abd53f5048c0e6b9"},"headline":"Entrega Alfredo del Mazo t\u00edtulo de propiedad n\u00famero 25 mil","datePublished":"2019-05-15T18:43:56+00:00","dateModified":"2019-05-15T18:45:13+00:00","mainEntityOfPage":{"@id":"https:\/\/volcanes.net\/?p=4662"},"wordCount":669,"commentCount":0,"publisher":{"@id":"https:\/\/volcanes.net\/#organization"},"image":{"@id":"https:\/\/volcanes.net\/?p=4662#primaryimage"},"thumbnailUrl":"https:\/\/volcanes.net\/wp-content\/uploads\/2019\/05\/IMG-20190515-WA0008_compress_90.jpg","keywords":["Gobierno del Estado de M\u00e9xico"],"articleSection":["Estatales"],"inLanguage":"es","potentialAction":[{"@type":"CommentAction","name":"Comment","target":["https:\/\/volcanes.net\/?p=4662#respond"]}]},{"@type":"WebPage","@id":"https:\/\/volcanes.net\/?p=4662","url":"https:\/\/volcanes.net\/?p=4662","name":"Entrega Alfredo del Mazo t\u00edtulo de propiedad n\u00famero 25 mil - Volcanes","isPartOf":{"@id":"https:\/\/volcanes.net\/#website"},"primaryImageOfPage":{"@id":"https:\/\/volcanes.net\/?p=4662#primaryimage"},"image":{"@id":"https:\/\/volcanes.net\/?p=4662#primaryimage"},"thumbnailUrl":"https:\/\/volcanes.net\/wp-content\/uploads\/2019\/05\/IMG-20190515-WA0008_compress_90.jpg","datePublished":"2019-05-15T18:43:56+00:00","dateModified":"2019-05-15T18:45:13+00:00","breadcrumb":{"@id":"https:\/\/volcanes.net\/?p=4662#breadcrumb"},"inLanguage":"es","potentialAction":[{"@type":"ReadAction","target":["https:\/\/volcanes.net\/?p=4662"]}]},{"@type":"ImageObject","inLanguage":"es","@id":"https:\/\/volcanes.net\/?p=4662#primaryimage","url":"https:\/\/volcanes.net\/wp-content\/uploads\/2019\/05\/IMG-20190515-WA0008_compress_90.jpg","contentUrl":"https:\/\/volcanes.net\/wp-content\/uploads\/2019\/05\/IMG-20190515-WA0008_compress_90.jpg","width":1280,"height":944},{"@type":"BreadcrumbList","@id":"https:\/\/volcanes.net\/?p=4662#breadcrumb","itemListElement":[{"@type":"ListItem","position":1,"name":"Portada","item":"https:\/\/volcanes.net\/"},{"@type":"ListItem","position":2,"name":"Entrega Alfredo del Mazo t\u00edtulo de propiedad n\u00famero 25 mil"}]},{"@type":"WebSite","@id":"https:\/\/volcanes.net\/#website","url":"https:\/\/volcanes.net\/","name":"Volcanes.Net","description":"Periodismo Profesional","publisher":{"@id":"https:\/\/volcanes.net\/#organization"},"potentialAction":[{"@type":"SearchAction","target":{"@type":"EntryPoint","urlTemplate":"https:\/\/volcanes.net\/?s={search_term_string}"},"query-input":{"@type":"PropertyValueSpecification","valueRequired":true,"valueName":"search_term_string"}}],"inLanguage":"es"},{"@type":"Organization","@id":"https:\/\/volcanes.net\/#organization","name":"Grupo Volcanes","url":"https:\/\/volcanes.net\/","logo":{"@type":"ImageObject","inLanguage":"es","@id":"https:\/\/volcanes.net\/#\/schema\/logo\/image\/","url":"http:\/\/volcanes.net\/wp-content\/uploads\/2017\/12\/Avatar2.jpg","contentUrl":"http:\/\/volcanes.net\/wp-content\/uploads\/2017\/12\/Avatar2.jpg","width":378,"height":378,"caption":"Grupo Volcanes"},"image":{"@id":"https:\/\/volcanes.net\/#\/schema\/logo\/image\/"},"sameAs":["https:\/\/www.facebook.com\/volcanes.net\/"]},{"@type":"Person","@id":"https:\/\/volcanes.net\/#\/schema\/person\/4bf0f383940966a4abd53f5048c0e6b9","name":"admin","image":{"@type":"ImageObject","inLanguage":"es","@id":"https:\/\/volcanes.net\/#\/schema\/person\/image\/","url":"https:\/\/secure.gravatar.com\/avatar\/ca004e6cba8462b8cb7abc86e382930c?s=96&d=mm&r=g","contentUrl":"https:\/\/secure.gravatar.com\/avatar\/ca004e6cba8462b8cb7abc86e382930c?s=96&d=mm&r=g","caption":"admin"}}]}},"_links":{"self":[{"href":"https:\/\/volcanes.net\/index.php?rest_route=\/wp\/v2\/posts\/4662"}],"collection":[{"href":"https:\/\/volcanes.net\/index.php?rest_route=\/wp\/v2\/posts"}],"about":[{"href":"https:\/\/volcanes.net\/index.php?rest_route=\/wp\/v2\/types\/post"}],"author":[{"embeddable":true,"href":"https:\/\/volcanes.net\/index.php?rest_route=\/wp\/v2\/users\/1"}],"replies":[{"embeddable":true,"href":"https:\/\/volcanes.net\/index.php?rest_route=%2Fwp%2Fv2%2Fcomments&post=4662"}],"version-history":[{"count":1,"href":"https:\/\/volcanes.net\/index.php?rest_route=\/wp\/v2\/posts\/4662\/revisions"}],"predecessor-version":[{"id":4663,"href":"https:\/\/volcanes.net\/index.php?rest_route=\/wp\/v2\/posts\/4662\/revisions\/4663"}],"wp:featuredmedia":[{"embeddable":true,"href":"https:\/\/volcanes.net\/index.php?rest_route=\/wp\/v2\/media\/4661"}],"wp:attachment":[{"href":"https:\/\/volcanes.net\/index.php?rest_route=%2Fwp%2Fv2%2Fmedia&parent=4662"}],"wp:term":[{"taxonomy":"category","embeddable":true,"href":"https:\/\/volcanes.net\/index.php?rest_route=%2Fwp%2Fv2%2Fcategories&post=4662"},{"taxonomy":"post_tag","embeddable":true,"href":"https:\/\/volcanes.net\/index.php?rest_route=%2Fwp%2Fv2%2Ftags&post=4662"}],"curies":[{"name":"wp","href":"https:\/\/api.w.org\/{rel}","templated":true}]}}