{"id":4670,"date":"2019-05-15T14:52:39","date_gmt":"2019-05-15T20:52:39","guid":{"rendered":"http:\/\/volcanes.net\/?p=4670"},"modified":"2019-05-15T14:53:09","modified_gmt":"2019-05-15T20:53:09","slug":"se-corona-alegna-gonzalez-en-la-prueba-de-caminata-en-el-nacional-juvenil-2019","status":"publish","type":"post","link":"https:\/\/volcanes.net\/?p=4670","title":{"rendered":"Se corona Alegna Gonz\u00e1lez en la prueba de caminata en el nacional juvenil 2019"},"content":{"rendered":"<div style=\"margin-top: 0px; margin-bottom: 0px;\" class=\"sharethis-inline-share-buttons\" ><\/div><p>\u2022\t_Hace v\u00e1lidos los pron\u00f3sticos al ganar el oro y establecer nuevo r\u00e9cord en su prueba._<br \/>\n\u2022\t_Prepara su participaci\u00f3n en julio pr\u00f3ximo en la Universiada mundial, en N\u00e1poles, Italia._<\/p>\n<p>*Chihuahua, Chihuahua, 15 de mayo de 2019.* La pista del Estadio Ol\u00edmpico de la Ciudad Deportiva de Chihuahua fue el escenario para que la noche del 14 de mayo, Alegna Aryday Gonz\u00e1lez Mu\u00f1oz, diera muestra del gran nivel competitivo que posee y el cual la ha colocado en la \u00e9lite de la caminata mundial juvenil, representando al Estado de M\u00e9xico y al pa\u00eds.<\/p>\n<p>Quien sin duda fue la m\u00e1xima figura de Atletismo en la edici\u00f3n 2019 de la Olimpiada Nacional y Nacional Juvenil, estableci\u00f3 un dominio absoluto de principio a fin en la prueba de los 10 mil metros marcha, categor\u00eda Sub23.<\/p>\n<p>Apoyada en las gradas por familiares y amigos, ninguna de las competidoras pudo mantener el ritmo que impuso Alegna, no s\u00f3lo para ganar la medalla de oro, tambi\u00e9n para romper el r\u00e9cord del evento, vigente desde 2014.<\/p>\n<p>Con un tiempo de 45:29:59, a m\u00e1s de tres minutos de sus m\u00e1s cercanas competidoras, la tambi\u00e9n representante del Estado de M\u00e9xico, Vivian Castillo y la local Diana Miranda, quienes se adjudicaron la medallas de plata y bronce, respectivamente, la atleta agradeci\u00f3 el apoyo en la tribuna, as\u00ed como al personal de la Secretar\u00eda de Cultura y al Director de Cultura F\u00edsica y Deporte, M\u00e1ximo Quintana Haddad, quien fue el encargado de entregar la medalla de oro a Alegna.<\/p>\n<p>En entrevista, Alegna Gonz\u00e1lez dijo sentirse muy contenta por la medalla de oro y establecer un nuevo r\u00e9cord, y agradeci\u00f3 el apoyo brindado por el Gobierno del Estado de M\u00e9xico, encabezado por Alfredo Del Mazo Maza, el cual ha resultado fundamental para continuar con su desarrollo profesional.<\/p>\n<p>\u201cSe me hizo una prueba que disfrut\u00e9 mucho, fue muy satisfactorio para m\u00ed estar escuchando el apoyo de todas de las personas, aqu\u00ed estaba mi familia y mucha gente de Ojinaga\u201d, se\u00f1al\u00f3.<\/p>\n<p>\u201cEstoy agradecida con el Estado de M\u00e9xico porque ellos me abrieron las puertas desde hace ya tres a\u00f1os y han estado al pie de la letra, apoy\u00e1ndome en todo lo que necesito\u201d, agreg\u00f3.<\/p>\n<p>Al terminar la premiaci\u00f3n, los amigos y familiares de Alegna, muchos de ellos con playeras y gorras con la imagen de la atleta, organizaron una taquiza en las afueras del Estadio Ol\u00edmpico para celebrar el triunfo de la joven marchista, quien fue muy solicitada para tomarse la tradicional foto del recuerdo y muchas selfies.<\/p>\n<p>Luego de coronarse en el Nacional Juvenil de M\u00e9xico, Alegna Gonz\u00e1lez participar\u00e1 en julio pr\u00f3ximo en la Universiada mundial, a realizarse en N\u00e1poles, Italia, y continuar\u00e1 ech\u00e1ndole muchas ganas a su preparaci\u00f3n para asistir a Tokio 2020, con la marca A de la Asociaci\u00f3n Internacional de Federaciones de Atletismo (IAFF por sus siglas en ingl\u00e9s), el cual ya posee.<\/p>\n","protected":false},"excerpt":{"rendered":"<p>\u2022 _Hace v\u00e1lidos los pron\u00f3sticos al ganar el oro y establecer nuevo r\u00e9cord en su<\/p>\n","protected":false},"author":1,"featured_media":4669,"comment_status":"open","ping_status":"open","sticky":false,"template":"","format":"standard","meta":{"footnotes":""},"categories":[1],"tags":[4],"class_list":["post-4670","post","type-post","status-publish","format-standard","has-post-thumbnail","hentry","category-municipales","tag-gobierno-del-estado-de-mexico"],"yoast_head":"<!-- This site is optimized with the Yoast SEO plugin v25.3 - https:\/\/yoast.com\/wordpress\/plugins\/seo\/ -->\n<title>Se corona Alegna Gonz\u00e1lez en la prueba de caminata en el nacional juvenil 2019 - Volcanes<\/title>\n<meta name=\"robots\" content=\"index, follow, max-snippet:-1, max-image-preview:large, max-video-preview:-1\" \/>\n<link rel=\"canonical\" href=\"https:\/\/volcanes.net\/?p=4670\" \/>\n<meta property=\"og:locale\" content=\"es_MX\" \/>\n<meta property=\"og:type\" content=\"article\" \/>\n<meta property=\"og:title\" content=\"Se corona Alegna Gonz\u00e1lez en la prueba de caminata en el nacional juvenil 2019 - Volcanes\" \/>\n<meta property=\"og:description\" content=\"\u2022 _Hace v\u00e1lidos los pron\u00f3sticos al ganar el oro y establecer nuevo r\u00e9cord en su\" \/>\n<meta property=\"og:url\" content=\"https:\/\/volcanes.net\/?p=4670\" \/>\n<meta property=\"og:site_name\" content=\"Volcanes\" \/>\n<meta property=\"article:publisher\" content=\"https:\/\/www.facebook.com\/volcanes.net\/\" \/>\n<meta property=\"article:published_time\" content=\"2019-05-15T20:52:39+00:00\" \/>\n<meta property=\"article:modified_time\" content=\"2019-05-15T20:53:09+00:00\" \/>\n<meta property=\"og:image\" content=\"https:\/\/volcanes.net\/wp-content\/uploads\/2019\/05\/IMG-20190515-WA0011_compress_11.jpg\" \/>\n\t<meta property=\"og:image:width\" content=\"1280\" \/>\n\t<meta property=\"og:image:height\" content=\"853\" \/>\n\t<meta property=\"og:image:type\" content=\"image\/jpeg\" \/>\n<meta name=\"author\" content=\"admin\" \/>\n<meta name=\"twitter:card\" content=\"summary_large_image\" \/>\n<meta name=\"twitter:label1\" content=\"Escrito por\" \/>\n\t<meta name=\"twitter:data1\" content=\"admin\" \/>\n\t<meta name=\"twitter:label2\" content=\"Tiempo de lectura\" \/>\n\t<meta name=\"twitter:data2\" content=\"3 minutos\" \/>\n<script type=\"application\/ld+json\" class=\"yoast-schema-graph\">{\"@context\":\"https:\/\/schema.org\",\"@graph\":[{\"@type\":\"Article\",\"@id\":\"https:\/\/volcanes.net\/?p=4670#article\",\"isPartOf\":{\"@id\":\"https:\/\/volcanes.net\/?p=4670\"},\"author\":{\"name\":\"admin\",\"@id\":\"https:\/\/volcanes.net\/#\/schema\/person\/4bf0f383940966a4abd53f5048c0e6b9\"},\"headline\":\"Se corona Alegna Gonz\u00e1lez en la prueba de caminata en el nacional juvenil 2019\",\"datePublished\":\"2019-05-15T20:52:39+00:00\",\"dateModified\":\"2019-05-15T20:53:09+00:00\",\"mainEntityOfPage\":{\"@id\":\"https:\/\/volcanes.net\/?p=4670\"},\"wordCount\":518,\"commentCount\":0,\"publisher\":{\"@id\":\"https:\/\/volcanes.net\/#organization\"},\"image\":{\"@id\":\"https:\/\/volcanes.net\/?p=4670#primaryimage\"},\"thumbnailUrl\":\"https:\/\/volcanes.net\/wp-content\/uploads\/2019\/05\/IMG-20190515-WA0011_compress_11.jpg\",\"keywords\":[\"Gobierno del Estado de M\u00e9xico\"],\"articleSection\":[\"Municipales\"],\"inLanguage\":\"es\",\"potentialAction\":[{\"@type\":\"CommentAction\",\"name\":\"Comment\",\"target\":[\"https:\/\/volcanes.net\/?p=4670#respond\"]}]},{\"@type\":\"WebPage\",\"@id\":\"https:\/\/volcanes.net\/?p=4670\",\"url\":\"https:\/\/volcanes.net\/?p=4670\",\"name\":\"Se corona Alegna Gonz\u00e1lez en la prueba de caminata en el nacional juvenil 2019 - Volcanes\",\"isPartOf\":{\"@id\":\"https:\/\/volcanes.net\/#website\"},\"primaryImageOfPage\":{\"@id\":\"https:\/\/volcanes.net\/?p=4670#primaryimage\"},\"image\":{\"@id\":\"https:\/\/volcanes.net\/?p=4670#primaryimage\"},\"thumbnailUrl\":\"https:\/\/volcanes.net\/wp-content\/uploads\/2019\/05\/IMG-20190515-WA0011_compress_11.jpg\",\"datePublished\":\"2019-05-15T20:52:39+00:00\",\"dateModified\":\"2019-05-15T20:53:09+00:00\",\"breadcrumb\":{\"@id\":\"https:\/\/volcanes.net\/?p=4670#breadcrumb\"},\"inLanguage\":\"es\",\"potentialAction\":[{\"@type\":\"ReadAction\",\"target\":[\"https:\/\/volcanes.net\/?p=4670\"]}]},{\"@type\":\"ImageObject\",\"inLanguage\":\"es\",\"@id\":\"https:\/\/volcanes.net\/?p=4670#primaryimage\",\"url\":\"https:\/\/volcanes.net\/wp-content\/uploads\/2019\/05\/IMG-20190515-WA0011_compress_11.jpg\",\"contentUrl\":\"https:\/\/volcanes.net\/wp-content\/uploads\/2019\/05\/IMG-20190515-WA0011_compress_11.jpg\",\"width\":1280,\"height\":853},{\"@type\":\"BreadcrumbList\",\"@id\":\"https:\/\/volcanes.net\/?p=4670#breadcrumb\",\"itemListElement\":[{\"@type\":\"ListItem\",\"position\":1,\"name\":\"Portada\",\"item\":\"https:\/\/volcanes.net\/\"},{\"@type\":\"ListItem\",\"position\":2,\"name\":\"Se corona Alegna Gonz\u00e1lez en la prueba de caminata en el nacional juvenil 2019\"}]},{\"@type\":\"WebSite\",\"@id\":\"https:\/\/volcanes.net\/#website\",\"url\":\"https:\/\/volcanes.net\/\",\"name\":\"Volcanes.Net\",\"description\":\"Periodismo Profesional\",\"publisher\":{\"@id\":\"https:\/\/volcanes.net\/#organization\"},\"potentialAction\":[{\"@type\":\"SearchAction\",\"target\":{\"@type\":\"EntryPoint\",\"urlTemplate\":\"https:\/\/volcanes.net\/?s={search_term_string}\"},\"query-input\":{\"@type\":\"PropertyValueSpecification\",\"valueRequired\":true,\"valueName\":\"search_term_string\"}}],\"inLanguage\":\"es\"},{\"@type\":\"Organization\",\"@id\":\"https:\/\/volcanes.net\/#organization\",\"name\":\"Grupo Volcanes\",\"url\":\"https:\/\/volcanes.net\/\",\"logo\":{\"@type\":\"ImageObject\",\"inLanguage\":\"es\",\"@id\":\"https:\/\/volcanes.net\/#\/schema\/logo\/image\/\",\"url\":\"http:\/\/volcanes.net\/wp-content\/uploads\/2017\/12\/Avatar2.jpg\",\"contentUrl\":\"http:\/\/volcanes.net\/wp-content\/uploads\/2017\/12\/Avatar2.jpg\",\"width\":378,\"height\":378,\"caption\":\"Grupo Volcanes\"},\"image\":{\"@id\":\"https:\/\/volcanes.net\/#\/schema\/logo\/image\/\"},\"sameAs\":[\"https:\/\/www.facebook.com\/volcanes.net\/\"]},{\"@type\":\"Person\",\"@id\":\"https:\/\/volcanes.net\/#\/schema\/person\/4bf0f383940966a4abd53f5048c0e6b9\",\"name\":\"admin\",\"image\":{\"@type\":\"ImageObject\",\"inLanguage\":\"es\",\"@id\":\"https:\/\/volcanes.net\/#\/schema\/person\/image\/\",\"url\":\"https:\/\/secure.gravatar.com\/avatar\/ca004e6cba8462b8cb7abc86e382930c?s=96&d=mm&r=g\",\"contentUrl\":\"https:\/\/secure.gravatar.com\/avatar\/ca004e6cba8462b8cb7abc86e382930c?s=96&d=mm&r=g\",\"caption\":\"admin\"}}]}<\/script>\n<!-- \/ Yoast SEO plugin. -->","yoast_head_json":{"title":"Se corona Alegna Gonz\u00e1lez en la prueba de caminata en el nacional juvenil 2019 - Volcanes","robots":{"index":"index","follow":"follow","max-snippet":"max-snippet:-1","max-image-preview":"max-image-preview:large","max-video-preview":"max-video-preview:-1"},"canonical":"https:\/\/volcanes.net\/?p=4670","og_locale":"es_MX","og_type":"article","og_title":"Se corona Alegna Gonz\u00e1lez en la prueba de caminata en el nacional juvenil 2019 - Volcanes","og_description":"\u2022 _Hace v\u00e1lidos los pron\u00f3sticos al ganar el oro y establecer nuevo r\u00e9cord en su","og_url":"https:\/\/volcanes.net\/?p=4670","og_site_name":"Volcanes","article_publisher":"https:\/\/www.facebook.com\/volcanes.net\/","article_published_time":"2019-05-15T20:52:39+00:00","article_modified_time":"2019-05-15T20:53:09+00:00","og_image":[{"width":1280,"height":853,"url":"https:\/\/volcanes.net\/wp-content\/uploads\/2019\/05\/IMG-20190515-WA0011_compress_11.jpg","type":"image\/jpeg"}],"author":"admin","twitter_card":"summary_large_image","twitter_misc":{"Escrito por":"admin","Tiempo de lectura":"3 minutos"},"schema":{"@context":"https:\/\/schema.org","@graph":[{"@type":"Article","@id":"https:\/\/volcanes.net\/?p=4670#article","isPartOf":{"@id":"https:\/\/volcanes.net\/?p=4670"},"author":{"name":"admin","@id":"https:\/\/volcanes.net\/#\/schema\/person\/4bf0f383940966a4abd53f5048c0e6b9"},"headline":"Se corona Alegna Gonz\u00e1lez en la prueba de caminata en el nacional juvenil 2019","datePublished":"2019-05-15T20:52:39+00:00","dateModified":"2019-05-15T20:53:09+00:00","mainEntityOfPage":{"@id":"https:\/\/volcanes.net\/?p=4670"},"wordCount":518,"commentCount":0,"publisher":{"@id":"https:\/\/volcanes.net\/#organization"},"image":{"@id":"https:\/\/volcanes.net\/?p=4670#primaryimage"},"thumbnailUrl":"https:\/\/volcanes.net\/wp-content\/uploads\/2019\/05\/IMG-20190515-WA0011_compress_11.jpg","keywords":["Gobierno del Estado de M\u00e9xico"],"articleSection":["Municipales"],"inLanguage":"es","potentialAction":[{"@type":"CommentAction","name":"Comment","target":["https:\/\/volcanes.net\/?p=4670#respond"]}]},{"@type":"WebPage","@id":"https:\/\/volcanes.net\/?p=4670","url":"https:\/\/volcanes.net\/?p=4670","name":"Se corona Alegna Gonz\u00e1lez en la prueba de caminata en el nacional juvenil 2019 - Volcanes","isPartOf":{"@id":"https:\/\/volcanes.net\/#website"},"primaryImageOfPage":{"@id":"https:\/\/volcanes.net\/?p=4670#primaryimage"},"image":{"@id":"https:\/\/volcanes.net\/?p=4670#primaryimage"},"thumbnailUrl":"https:\/\/volcanes.net\/wp-content\/uploads\/2019\/05\/IMG-20190515-WA0011_compress_11.jpg","datePublished":"2019-05-15T20:52:39+00:00","dateModified":"2019-05-15T20:53:09+00:00","breadcrumb":{"@id":"https:\/\/volcanes.net\/?p=4670#breadcrumb"},"inLanguage":"es","potentialAction":[{"@type":"ReadAction","target":["https:\/\/volcanes.net\/?p=4670"]}]},{"@type":"ImageObject","inLanguage":"es","@id":"https:\/\/volcanes.net\/?p=4670#primaryimage","url":"https:\/\/volcanes.net\/wp-content\/uploads\/2019\/05\/IMG-20190515-WA0011_compress_11.jpg","contentUrl":"https:\/\/volcanes.net\/wp-content\/uploads\/2019\/05\/IMG-20190515-WA0011_compress_11.jpg","width":1280,"height":853},{"@type":"BreadcrumbList","@id":"https:\/\/volcanes.net\/?p=4670#breadcrumb","itemListElement":[{"@type":"ListItem","position":1,"name":"Portada","item":"https:\/\/volcanes.net\/"},{"@type":"ListItem","position":2,"name":"Se corona Alegna Gonz\u00e1lez en la prueba de caminata en el nacional juvenil 2019"}]},{"@type":"WebSite","@id":"https:\/\/volcanes.net\/#website","url":"https:\/\/volcanes.net\/","name":"Volcanes.Net","description":"Periodismo Profesional","publisher":{"@id":"https:\/\/volcanes.net\/#organization"},"potentialAction":[{"@type":"SearchAction","target":{"@type":"EntryPoint","urlTemplate":"https:\/\/volcanes.net\/?s={search_term_string}"},"query-input":{"@type":"PropertyValueSpecification","valueRequired":true,"valueName":"search_term_string"}}],"inLanguage":"es"},{"@type":"Organization","@id":"https:\/\/volcanes.net\/#organization","name":"Grupo Volcanes","url":"https:\/\/volcanes.net\/","logo":{"@type":"ImageObject","inLanguage":"es","@id":"https:\/\/volcanes.net\/#\/schema\/logo\/image\/","url":"http:\/\/volcanes.net\/wp-content\/uploads\/2017\/12\/Avatar2.jpg","contentUrl":"http:\/\/volcanes.net\/wp-content\/uploads\/2017\/12\/Avatar2.jpg","width":378,"height":378,"caption":"Grupo Volcanes"},"image":{"@id":"https:\/\/volcanes.net\/#\/schema\/logo\/image\/"},"sameAs":["https:\/\/www.facebook.com\/volcanes.net\/"]},{"@type":"Person","@id":"https:\/\/volcanes.net\/#\/schema\/person\/4bf0f383940966a4abd53f5048c0e6b9","name":"admin","image":{"@type":"ImageObject","inLanguage":"es","@id":"https:\/\/volcanes.net\/#\/schema\/person\/image\/","url":"https:\/\/secure.gravatar.com\/avatar\/ca004e6cba8462b8cb7abc86e382930c?s=96&d=mm&r=g","contentUrl":"https:\/\/secure.gravatar.com\/avatar\/ca004e6cba8462b8cb7abc86e382930c?s=96&d=mm&r=g","caption":"admin"}}]}},"_links":{"self":[{"href":"https:\/\/volcanes.net\/index.php?rest_route=\/wp\/v2\/posts\/4670"}],"collection":[{"href":"https:\/\/volcanes.net\/index.php?rest_route=\/wp\/v2\/posts"}],"about":[{"href":"https:\/\/volcanes.net\/index.php?rest_route=\/wp\/v2\/types\/post"}],"author":[{"embeddable":true,"href":"https:\/\/volcanes.net\/index.php?rest_route=\/wp\/v2\/users\/1"}],"replies":[{"embeddable":true,"href":"https:\/\/volcanes.net\/index.php?rest_route=%2Fwp%2Fv2%2Fcomments&post=4670"}],"version-history":[{"count":1,"href":"https:\/\/volcanes.net\/index.php?rest_route=\/wp\/v2\/posts\/4670\/revisions"}],"predecessor-version":[{"id":4671,"href":"https:\/\/volcanes.net\/index.php?rest_route=\/wp\/v2\/posts\/4670\/revisions\/4671"}],"wp:featuredmedia":[{"embeddable":true,"href":"https:\/\/volcanes.net\/index.php?rest_route=\/wp\/v2\/media\/4669"}],"wp:attachment":[{"href":"https:\/\/volcanes.net\/index.php?rest_route=%2Fwp%2Fv2%2Fmedia&parent=4670"}],"wp:term":[{"taxonomy":"category","embeddable":true,"href":"https:\/\/volcanes.net\/index.php?rest_route=%2Fwp%2Fv2%2Fcategories&post=4670"},{"taxonomy":"post_tag","embeddable":true,"href":"https:\/\/volcanes.net\/index.php?rest_route=%2Fwp%2Fv2%2Ftags&post=4670"}],"curies":[{"name":"wp","href":"https:\/\/api.w.org\/{rel}","templated":true}]}}