{"id":4676,"date":"2019-05-16T07:41:06","date_gmt":"2019-05-16T13:41:06","guid":{"rendered":"http:\/\/volcanes.net\/?p=4676"},"modified":"2019-05-16T07:41:37","modified_gmt":"2019-05-16T13:41:37","slug":"sembraran-mas-de-25-mil-arboles-en-amecameca","status":"publish","type":"post","link":"https:\/\/volcanes.net\/?p=4676","title":{"rendered":"Sembrar\u00e1n m\u00e1s de 25 mil \u00e1rboles en Amecameca"},"content":{"rendered":"<div style=\"margin-top: 0px; margin-bottom: 0px;\" class=\"sharethis-inline-share-buttons\" ><\/div><p style=\"box-sizing:border-box; overflow-wrap:break-word; color:rgb(85,85,85); font-family:Arial,sans-serif; font-size:14px; font-style:normal; font-variant-ligatures:normal; font-variant-caps:normal; font-weight:400; letter-spacing:normal; orphans:2; text-indent:0px; text-transform:none; white-space:normal; widows:2; word-spacing:0px; -webkit-text-stroke-width:0px; background-color:rgb(255,255,255); text-decoration-style:initial; text-decoration-color:initial; text-align:left;\">Amecameca, 15 de mayo de 2019.- Ante la p\u00e9rdida de aproximadamente 50 mil \u00e1rboles en los bosques de Amecameca, el presidente municipal Miguel \u00c1ngel Salom\u00f3n  anunci\u00f3 que en este a\u00f1o se van a llevar a cabo dos grandes reforestaciones, donde se planean sembrar alrededor de 25 mil \u00e1rboles para recuperar  el pulm\u00f3n ecol\u00f3gico que existe en este municipio, perteneciente a  la Zona de los Volcanes.<\/p>\n<p style=\"box-sizing:border-box; overflow-wrap:break-word; color:rgb(85,85,85); font-family:Arial,sans-serif; font-size:14px; font-style:normal; font-variant-ligatures:normal; font-variant-caps:normal; font-weight:400; letter-spacing:normal; orphans:2; text-indent:0px; text-transform:none; white-space:normal; widows:2; word-spacing:0px; -webkit-text-stroke-width:0px; background-color:rgb(255,255,255); text-decoration-style:initial; text-decoration-color:initial; text-align:left;\">Reconoci\u00f3 que la tala clandestina ha  da\u00f1ado los bosques de Amecameca, por lo que se ha reunido con personal de Probosque para hablar sobre este tema y por otro lado record\u00f3 que su administraci\u00f3n puso en marcha el programa \u201cGuardianes de la Naturaleza\u201d, donde ni\u00f1os y j\u00f3venes con promedios de 9 y 10 acuden a las escuelas a dar pl\u00e1ticas sobre el medio ambiente y la importancia de su cuidado y conservaci\u00f3n.<\/p>\n<p style=\"box-sizing:border-box; overflow-wrap:break-word; color:rgb(85,85,85); font-family:Arial,sans-serif; font-size:14px; font-style:normal; font-variant-ligatures:normal; font-variant-caps:normal; font-weight:400; letter-spacing:normal; orphans:2; text-indent:0px; text-transform:none; white-space:normal; widows:2; word-spacing:0px; -webkit-text-stroke-width:0px; background-color:rgb(255,255,255); text-decoration-style:initial; text-decoration-color:initial; text-align:left;\">Y en ese marco detall\u00f3 que en los meses de junio y agosto se van a llevar a cabo las dos  reforestaciones, que se sumaran a la realizada el a\u00f1o  pasado, como presidente municipal electo, donde se sembraron 5 mil \u00e1rboles en el cerro del Sacromonte.<\/p>\n<p style=\"box-sizing:border-box; overflow-wrap:break-word; color:rgb(85,85,85); font-family:Arial,sans-serif; font-size:14px; font-style:normal; font-variant-ligatures:normal; font-variant-caps:normal; font-weight:400; letter-spacing:normal; orphans:2; text-indent:0px; text-transform:none; white-space:normal; widows:2; word-spacing:0px; -webkit-text-stroke-width:0px; background-color:rgb(255,255,255); text-decoration-style:initial; text-decoration-color:initial; text-align:left;\">Con respecto a los incendios forestales indic\u00f3 que  Protecci\u00f3n Civil municipal y seguridad p\u00fablica,  trabaja en coordinaci\u00f3n con asociaciones ambientalistas para evitar  que el fuego da\u00f1e m\u00e1s a los \u00e1rboles.<\/p>\n<p style=\"box-sizing:border-box; overflow-wrap:break-word; color:rgb(85,85,85); font-family:Arial,sans-serif; font-size:14px; font-style:normal; font-variant-ligatures:normal; font-variant-caps:normal; font-weight:400; letter-spacing:normal; orphans:2; text-indent:0px; text-transform:none; white-space:normal; widows:2; word-spacing:0px; -webkit-text-stroke-width:0px; background-color:rgb(255,255,255); text-decoration-style:initial; text-decoration-color:initial; text-align:left;\">A la vez que adelant\u00f3 que en los pr\u00f3ximos d\u00edas el Ayuntamiento va a presentar una aplicaci\u00f3n tecnol\u00f3gica (APP) que se llama \u201cH\u00e9roes M\u00e9xico\u201d, para que los ciudadanos puedan desde sus tel\u00e9fonos inteligentes denunciar incendios forestales, adem\u00e1s de problemas en los servicios que brinda el gobierno municipal, como falta de agua, coladeras en mal estado, patrullas mal estacionadas, entre otros. \u201cLa tecnolog\u00eda al servicio de Amecameca\u201d.<\/p>\n","protected":false},"excerpt":{"rendered":"<p>Amecameca, 15 de mayo de 2019.- Ante la p\u00e9rdida de aproximadamente 50 mil \u00e1rboles en<\/p>\n","protected":false},"author":1,"featured_media":4675,"comment_status":"open","ping_status":"open","sticky":false,"template":"","format":"standard","meta":{"footnotes":""},"categories":[1],"tags":[7],"class_list":["post-4676","post","type-post","status-publish","format-standard","has-post-thumbnail","hentry","category-municipales","tag-amecameca"],"yoast_head":"<!-- This site is optimized with the Yoast SEO plugin v25.3 - https:\/\/yoast.com\/wordpress\/plugins\/seo\/ -->\n<title>Sembrar\u00e1n m\u00e1s de 25 mil \u00e1rboles en Amecameca - Volcanes<\/title>\n<meta name=\"robots\" content=\"index, follow, max-snippet:-1, max-image-preview:large, max-video-preview:-1\" \/>\n<link rel=\"canonical\" href=\"https:\/\/volcanes.net\/?p=4676\" \/>\n<meta property=\"og:locale\" content=\"es_MX\" \/>\n<meta property=\"og:type\" content=\"article\" \/>\n<meta property=\"og:title\" content=\"Sembrar\u00e1n m\u00e1s de 25 mil \u00e1rboles en Amecameca - Volcanes\" \/>\n<meta property=\"og:description\" content=\"Amecameca, 15 de mayo de 2019.- Ante la p\u00e9rdida de aproximadamente 50 mil \u00e1rboles en\" \/>\n<meta property=\"og:url\" content=\"https:\/\/volcanes.net\/?p=4676\" \/>\n<meta property=\"og:site_name\" content=\"Volcanes\" \/>\n<meta property=\"article:publisher\" content=\"https:\/\/www.facebook.com\/volcanes.net\/\" \/>\n<meta property=\"article:published_time\" content=\"2019-05-16T13:41:06+00:00\" \/>\n<meta property=\"article:modified_time\" content=\"2019-05-16T13:41:37+00:00\" \/>\n<meta property=\"og:image\" content=\"https:\/\/volcanes.net\/wp-content\/uploads\/2019\/05\/WhatsApp-Image-2019-05-14-at-10.16.16-PM-620x413.jpeg\" \/>\n\t<meta property=\"og:image:width\" content=\"620\" \/>\n\t<meta property=\"og:image:height\" content=\"413\" \/>\n\t<meta property=\"og:image:type\" content=\"image\/jpeg\" \/>\n<meta name=\"author\" content=\"admin\" \/>\n<meta name=\"twitter:card\" content=\"summary_large_image\" \/>\n<meta name=\"twitter:label1\" content=\"Escrito por\" \/>\n\t<meta name=\"twitter:data1\" content=\"admin\" \/>\n\t<meta name=\"twitter:label2\" content=\"Tiempo de lectura\" \/>\n\t<meta name=\"twitter:data2\" content=\"1 minuto\" \/>\n<script type=\"application\/ld+json\" class=\"yoast-schema-graph\">{\"@context\":\"https:\/\/schema.org\",\"@graph\":[{\"@type\":\"Article\",\"@id\":\"https:\/\/volcanes.net\/?p=4676#article\",\"isPartOf\":{\"@id\":\"https:\/\/volcanes.net\/?p=4676\"},\"author\":{\"name\":\"admin\",\"@id\":\"https:\/\/volcanes.net\/#\/schema\/person\/4bf0f383940966a4abd53f5048c0e6b9\"},\"headline\":\"Sembrar\u00e1n m\u00e1s de 25 mil \u00e1rboles en Amecameca\",\"datePublished\":\"2019-05-16T13:41:06+00:00\",\"dateModified\":\"2019-05-16T13:41:37+00:00\",\"mainEntityOfPage\":{\"@id\":\"https:\/\/volcanes.net\/?p=4676\"},\"wordCount\":308,\"commentCount\":0,\"publisher\":{\"@id\":\"https:\/\/volcanes.net\/#organization\"},\"image\":{\"@id\":\"https:\/\/volcanes.net\/?p=4676#primaryimage\"},\"thumbnailUrl\":\"https:\/\/volcanes.net\/wp-content\/uploads\/2019\/05\/WhatsApp-Image-2019-05-14-at-10.16.16-PM-620x413.jpeg\",\"keywords\":[\"Amecameca\"],\"articleSection\":[\"Municipales\"],\"inLanguage\":\"es\",\"potentialAction\":[{\"@type\":\"CommentAction\",\"name\":\"Comment\",\"target\":[\"https:\/\/volcanes.net\/?p=4676#respond\"]}]},{\"@type\":\"WebPage\",\"@id\":\"https:\/\/volcanes.net\/?p=4676\",\"url\":\"https:\/\/volcanes.net\/?p=4676\",\"name\":\"Sembrar\u00e1n m\u00e1s de 25 mil \u00e1rboles en Amecameca - Volcanes\",\"isPartOf\":{\"@id\":\"https:\/\/volcanes.net\/#website\"},\"primaryImageOfPage\":{\"@id\":\"https:\/\/volcanes.net\/?p=4676#primaryimage\"},\"image\":{\"@id\":\"https:\/\/volcanes.net\/?p=4676#primaryimage\"},\"thumbnailUrl\":\"https:\/\/volcanes.net\/wp-content\/uploads\/2019\/05\/WhatsApp-Image-2019-05-14-at-10.16.16-PM-620x413.jpeg\",\"datePublished\":\"2019-05-16T13:41:06+00:00\",\"dateModified\":\"2019-05-16T13:41:37+00:00\",\"breadcrumb\":{\"@id\":\"https:\/\/volcanes.net\/?p=4676#breadcrumb\"},\"inLanguage\":\"es\",\"potentialAction\":[{\"@type\":\"ReadAction\",\"target\":[\"https:\/\/volcanes.net\/?p=4676\"]}]},{\"@type\":\"ImageObject\",\"inLanguage\":\"es\",\"@id\":\"https:\/\/volcanes.net\/?p=4676#primaryimage\",\"url\":\"https:\/\/volcanes.net\/wp-content\/uploads\/2019\/05\/WhatsApp-Image-2019-05-14-at-10.16.16-PM-620x413.jpeg\",\"contentUrl\":\"https:\/\/volcanes.net\/wp-content\/uploads\/2019\/05\/WhatsApp-Image-2019-05-14-at-10.16.16-PM-620x413.jpeg\",\"width\":620,\"height\":413},{\"@type\":\"BreadcrumbList\",\"@id\":\"https:\/\/volcanes.net\/?p=4676#breadcrumb\",\"itemListElement\":[{\"@type\":\"ListItem\",\"position\":1,\"name\":\"Portada\",\"item\":\"https:\/\/volcanes.net\/\"},{\"@type\":\"ListItem\",\"position\":2,\"name\":\"Sembrar\u00e1n m\u00e1s de 25 mil \u00e1rboles en Amecameca\"}]},{\"@type\":\"WebSite\",\"@id\":\"https:\/\/volcanes.net\/#website\",\"url\":\"https:\/\/volcanes.net\/\",\"name\":\"Volcanes.Net\",\"description\":\"Periodismo Profesional\",\"publisher\":{\"@id\":\"https:\/\/volcanes.net\/#organization\"},\"potentialAction\":[{\"@type\":\"SearchAction\",\"target\":{\"@type\":\"EntryPoint\",\"urlTemplate\":\"https:\/\/volcanes.net\/?s={search_term_string}\"},\"query-input\":{\"@type\":\"PropertyValueSpecification\",\"valueRequired\":true,\"valueName\":\"search_term_string\"}}],\"inLanguage\":\"es\"},{\"@type\":\"Organization\",\"@id\":\"https:\/\/volcanes.net\/#organization\",\"name\":\"Grupo Volcanes\",\"url\":\"https:\/\/volcanes.net\/\",\"logo\":{\"@type\":\"ImageObject\",\"inLanguage\":\"es\",\"@id\":\"https:\/\/volcanes.net\/#\/schema\/logo\/image\/\",\"url\":\"http:\/\/volcanes.net\/wp-content\/uploads\/2017\/12\/Avatar2.jpg\",\"contentUrl\":\"http:\/\/volcanes.net\/wp-content\/uploads\/2017\/12\/Avatar2.jpg\",\"width\":378,\"height\":378,\"caption\":\"Grupo Volcanes\"},\"image\":{\"@id\":\"https:\/\/volcanes.net\/#\/schema\/logo\/image\/\"},\"sameAs\":[\"https:\/\/www.facebook.com\/volcanes.net\/\"]},{\"@type\":\"Person\",\"@id\":\"https:\/\/volcanes.net\/#\/schema\/person\/4bf0f383940966a4abd53f5048c0e6b9\",\"name\":\"admin\",\"image\":{\"@type\":\"ImageObject\",\"inLanguage\":\"es\",\"@id\":\"https:\/\/volcanes.net\/#\/schema\/person\/image\/\",\"url\":\"https:\/\/secure.gravatar.com\/avatar\/ca004e6cba8462b8cb7abc86e382930c?s=96&d=mm&r=g\",\"contentUrl\":\"https:\/\/secure.gravatar.com\/avatar\/ca004e6cba8462b8cb7abc86e382930c?s=96&d=mm&r=g\",\"caption\":\"admin\"}}]}<\/script>\n<!-- \/ Yoast SEO plugin. -->","yoast_head_json":{"title":"Sembrar\u00e1n m\u00e1s de 25 mil \u00e1rboles en Amecameca - Volcanes","robots":{"index":"index","follow":"follow","max-snippet":"max-snippet:-1","max-image-preview":"max-image-preview:large","max-video-preview":"max-video-preview:-1"},"canonical":"https:\/\/volcanes.net\/?p=4676","og_locale":"es_MX","og_type":"article","og_title":"Sembrar\u00e1n m\u00e1s de 25 mil \u00e1rboles en Amecameca - Volcanes","og_description":"Amecameca, 15 de mayo de 2019.- Ante la p\u00e9rdida de aproximadamente 50 mil \u00e1rboles en","og_url":"https:\/\/volcanes.net\/?p=4676","og_site_name":"Volcanes","article_publisher":"https:\/\/www.facebook.com\/volcanes.net\/","article_published_time":"2019-05-16T13:41:06+00:00","article_modified_time":"2019-05-16T13:41:37+00:00","og_image":[{"width":620,"height":413,"url":"https:\/\/volcanes.net\/wp-content\/uploads\/2019\/05\/WhatsApp-Image-2019-05-14-at-10.16.16-PM-620x413.jpeg","type":"image\/jpeg"}],"author":"admin","twitter_card":"summary_large_image","twitter_misc":{"Escrito por":"admin","Tiempo de lectura":"1 minuto"},"schema":{"@context":"https:\/\/schema.org","@graph":[{"@type":"Article","@id":"https:\/\/volcanes.net\/?p=4676#article","isPartOf":{"@id":"https:\/\/volcanes.net\/?p=4676"},"author":{"name":"admin","@id":"https:\/\/volcanes.net\/#\/schema\/person\/4bf0f383940966a4abd53f5048c0e6b9"},"headline":"Sembrar\u00e1n m\u00e1s de 25 mil \u00e1rboles en Amecameca","datePublished":"2019-05-16T13:41:06+00:00","dateModified":"2019-05-16T13:41:37+00:00","mainEntityOfPage":{"@id":"https:\/\/volcanes.net\/?p=4676"},"wordCount":308,"commentCount":0,"publisher":{"@id":"https:\/\/volcanes.net\/#organization"},"image":{"@id":"https:\/\/volcanes.net\/?p=4676#primaryimage"},"thumbnailUrl":"https:\/\/volcanes.net\/wp-content\/uploads\/2019\/05\/WhatsApp-Image-2019-05-14-at-10.16.16-PM-620x413.jpeg","keywords":["Amecameca"],"articleSection":["Municipales"],"inLanguage":"es","potentialAction":[{"@type":"CommentAction","name":"Comment","target":["https:\/\/volcanes.net\/?p=4676#respond"]}]},{"@type":"WebPage","@id":"https:\/\/volcanes.net\/?p=4676","url":"https:\/\/volcanes.net\/?p=4676","name":"Sembrar\u00e1n m\u00e1s de 25 mil \u00e1rboles en Amecameca - Volcanes","isPartOf":{"@id":"https:\/\/volcanes.net\/#website"},"primaryImageOfPage":{"@id":"https:\/\/volcanes.net\/?p=4676#primaryimage"},"image":{"@id":"https:\/\/volcanes.net\/?p=4676#primaryimage"},"thumbnailUrl":"https:\/\/volcanes.net\/wp-content\/uploads\/2019\/05\/WhatsApp-Image-2019-05-14-at-10.16.16-PM-620x413.jpeg","datePublished":"2019-05-16T13:41:06+00:00","dateModified":"2019-05-16T13:41:37+00:00","breadcrumb":{"@id":"https:\/\/volcanes.net\/?p=4676#breadcrumb"},"inLanguage":"es","potentialAction":[{"@type":"ReadAction","target":["https:\/\/volcanes.net\/?p=4676"]}]},{"@type":"ImageObject","inLanguage":"es","@id":"https:\/\/volcanes.net\/?p=4676#primaryimage","url":"https:\/\/volcanes.net\/wp-content\/uploads\/2019\/05\/WhatsApp-Image-2019-05-14-at-10.16.16-PM-620x413.jpeg","contentUrl":"https:\/\/volcanes.net\/wp-content\/uploads\/2019\/05\/WhatsApp-Image-2019-05-14-at-10.16.16-PM-620x413.jpeg","width":620,"height":413},{"@type":"BreadcrumbList","@id":"https:\/\/volcanes.net\/?p=4676#breadcrumb","itemListElement":[{"@type":"ListItem","position":1,"name":"Portada","item":"https:\/\/volcanes.net\/"},{"@type":"ListItem","position":2,"name":"Sembrar\u00e1n m\u00e1s de 25 mil \u00e1rboles en Amecameca"}]},{"@type":"WebSite","@id":"https:\/\/volcanes.net\/#website","url":"https:\/\/volcanes.net\/","name":"Volcanes.Net","description":"Periodismo Profesional","publisher":{"@id":"https:\/\/volcanes.net\/#organization"},"potentialAction":[{"@type":"SearchAction","target":{"@type":"EntryPoint","urlTemplate":"https:\/\/volcanes.net\/?s={search_term_string}"},"query-input":{"@type":"PropertyValueSpecification","valueRequired":true,"valueName":"search_term_string"}}],"inLanguage":"es"},{"@type":"Organization","@id":"https:\/\/volcanes.net\/#organization","name":"Grupo Volcanes","url":"https:\/\/volcanes.net\/","logo":{"@type":"ImageObject","inLanguage":"es","@id":"https:\/\/volcanes.net\/#\/schema\/logo\/image\/","url":"http:\/\/volcanes.net\/wp-content\/uploads\/2017\/12\/Avatar2.jpg","contentUrl":"http:\/\/volcanes.net\/wp-content\/uploads\/2017\/12\/Avatar2.jpg","width":378,"height":378,"caption":"Grupo Volcanes"},"image":{"@id":"https:\/\/volcanes.net\/#\/schema\/logo\/image\/"},"sameAs":["https:\/\/www.facebook.com\/volcanes.net\/"]},{"@type":"Person","@id":"https:\/\/volcanes.net\/#\/schema\/person\/4bf0f383940966a4abd53f5048c0e6b9","name":"admin","image":{"@type":"ImageObject","inLanguage":"es","@id":"https:\/\/volcanes.net\/#\/schema\/person\/image\/","url":"https:\/\/secure.gravatar.com\/avatar\/ca004e6cba8462b8cb7abc86e382930c?s=96&d=mm&r=g","contentUrl":"https:\/\/secure.gravatar.com\/avatar\/ca004e6cba8462b8cb7abc86e382930c?s=96&d=mm&r=g","caption":"admin"}}]}},"_links":{"self":[{"href":"https:\/\/volcanes.net\/index.php?rest_route=\/wp\/v2\/posts\/4676"}],"collection":[{"href":"https:\/\/volcanes.net\/index.php?rest_route=\/wp\/v2\/posts"}],"about":[{"href":"https:\/\/volcanes.net\/index.php?rest_route=\/wp\/v2\/types\/post"}],"author":[{"embeddable":true,"href":"https:\/\/volcanes.net\/index.php?rest_route=\/wp\/v2\/users\/1"}],"replies":[{"embeddable":true,"href":"https:\/\/volcanes.net\/index.php?rest_route=%2Fwp%2Fv2%2Fcomments&post=4676"}],"version-history":[{"count":1,"href":"https:\/\/volcanes.net\/index.php?rest_route=\/wp\/v2\/posts\/4676\/revisions"}],"predecessor-version":[{"id":4677,"href":"https:\/\/volcanes.net\/index.php?rest_route=\/wp\/v2\/posts\/4676\/revisions\/4677"}],"wp:featuredmedia":[{"embeddable":true,"href":"https:\/\/volcanes.net\/index.php?rest_route=\/wp\/v2\/media\/4675"}],"wp:attachment":[{"href":"https:\/\/volcanes.net\/index.php?rest_route=%2Fwp%2Fv2%2Fmedia&parent=4676"}],"wp:term":[{"taxonomy":"category","embeddable":true,"href":"https:\/\/volcanes.net\/index.php?rest_route=%2Fwp%2Fv2%2Fcategories&post=4676"},{"taxonomy":"post_tag","embeddable":true,"href":"https:\/\/volcanes.net\/index.php?rest_route=%2Fwp%2Fv2%2Ftags&post=4676"}],"curies":[{"name":"wp","href":"https:\/\/api.w.org\/{rel}","templated":true}]}}