{"id":4686,"date":"2019-05-16T14:04:32","date_gmt":"2019-05-16T20:04:32","guid":{"rendered":"http:\/\/volcanes.net\/?p=4686"},"modified":"2019-05-16T14:05:27","modified_gmt":"2019-05-16T20:05:27","slug":"preparan-segunda-semana-nacional-de-salud-en-edomex","status":"publish","type":"post","link":"https:\/\/volcanes.net\/?p=4686","title":{"rendered":"Preparan segunda semana nacional de salud en Edomex"},"content":{"rendered":"<div style=\"margin-top: 0px; margin-bottom: 0px;\" class=\"sharethis-inline-share-buttons\" ><\/div>\n\n\n\n\n\n\u2022 <em>Ser\u00e1 del 20 al 24 de mayo en todo el territorio estatal.<\/em>\u2022 <em>Tiene como principal objetivo aplicar la vacuna contra el Virus del Papiloma Humano en ni\u00f1as.<\/em>\n\n\n\n\n<em>Toluca, Estado de M\u00e9xico, 16 de mayo de 2019.<\/em> Del 20 al 24 de mayo se llevar\u00e1 a cabo en el Estado de M\u00e9xico la Segunda Semana Nacional de Salud, en la que se refuerzan de manera permanente las acciones para romper la cadena de trasmisi\u00f3n de padecimientos prevenibles por vacunaci\u00f3n y otros males evitables.\n\n\n\n\nEsta jornada tiene como actividad central aplicar la segunda dosis de la vacuna contra el Virus del Papiloma Humano (VPH) en ni\u00f1as de 11 a\u00f1os de edad no escolarizadas o que cursan el quinto grado de primaria.\n\n\n\n\nPersonal de salud aplicar\u00e1 biol\u00f3gicos contra la tuberculosis (BCG), Hepatitis B, as\u00ed como contra la difteria, tos ferina y t\u00e9tanos (DTP), pentavalente acelular y triple viral, entre otros.\n\n\n\n\nAdicionalmente, en los puestos de vacunaci\u00f3n y unidades m\u00e9dicas, se repartir\u00e1n sobres de Vida Suero Oral, \u00e1cido f\u00f3lico, albendazol y vitamina A, adem\u00e1s de impartir pl\u00e1ticas a mam\u00e1s con el objetivo de prevenir y detectar oportunamente enfermedades respiratorias y diarreicas.\n\n\n\n\nEn dicha estrategia participan instituciones y organizaciones de los sectores p\u00fablico, social y privado a fin de sumar esfuerzos para completar el esquema b\u00e1sico de inmunizaci\u00f3n.\n\n","protected":false},"excerpt":{"rendered":"<p>\u2022 Ser\u00e1 del 20 al 24 de mayo en todo el territorio estatal.\u2022 Tiene como<\/p>\n","protected":false},"author":1,"featured_media":4688,"comment_status":"open","ping_status":"open","sticky":false,"template":"","format":"standard","meta":{"footnotes":""},"categories":[1],"tags":[],"class_list":["post-4686","post","type-post","status-publish","format-standard","has-post-thumbnail","hentry","category-municipales"],"yoast_head":"<!-- This site is optimized with the Yoast SEO plugin v25.3 - https:\/\/yoast.com\/wordpress\/plugins\/seo\/ -->\n<title>Preparan segunda semana nacional de salud en Edomex - Volcanes<\/title>\n<meta name=\"robots\" content=\"index, follow, max-snippet:-1, max-image-preview:large, max-video-preview:-1\" \/>\n<link rel=\"canonical\" href=\"https:\/\/volcanes.net\/?p=4686\" \/>\n<meta property=\"og:locale\" content=\"es_MX\" \/>\n<meta property=\"og:type\" content=\"article\" \/>\n<meta property=\"og:title\" content=\"Preparan segunda semana nacional de salud en Edomex - Volcanes\" \/>\n<meta property=\"og:description\" content=\"\u2022 Ser\u00e1 del 20 al 24 de mayo en todo el territorio estatal.\u2022 Tiene como\" \/>\n<meta property=\"og:url\" content=\"https:\/\/volcanes.net\/?p=4686\" \/>\n<meta property=\"og:site_name\" content=\"Volcanes\" \/>\n<meta property=\"article:publisher\" content=\"https:\/\/www.facebook.com\/volcanes.net\/\" \/>\n<meta property=\"article:published_time\" content=\"2019-05-16T20:04:32+00:00\" \/>\n<meta property=\"article:modified_time\" content=\"2019-05-16T20:05:27+00:00\" \/>\n<meta property=\"og:image\" content=\"https:\/\/volcanes.net\/wp-content\/uploads\/2019\/05\/IMG-20190516-WA0006_compress_50.jpg\" \/>\n\t<meta property=\"og:image:width\" content=\"700\" \/>\n\t<meta property=\"og:image:height\" content=\"702\" \/>\n\t<meta property=\"og:image:type\" content=\"image\/jpeg\" \/>\n<meta name=\"author\" content=\"admin\" \/>\n<meta name=\"twitter:card\" content=\"summary_large_image\" \/>\n<meta name=\"twitter:label1\" content=\"Escrito por\" \/>\n\t<meta name=\"twitter:data1\" content=\"admin\" \/>\n\t<meta name=\"twitter:label2\" content=\"Tiempo de lectura\" \/>\n\t<meta name=\"twitter:data2\" content=\"1 minuto\" \/>\n<script type=\"application\/ld+json\" class=\"yoast-schema-graph\">{\"@context\":\"https:\/\/schema.org\",\"@graph\":[{\"@type\":\"Article\",\"@id\":\"https:\/\/volcanes.net\/?p=4686#article\",\"isPartOf\":{\"@id\":\"https:\/\/volcanes.net\/?p=4686\"},\"author\":{\"name\":\"admin\",\"@id\":\"https:\/\/volcanes.net\/#\/schema\/person\/4bf0f383940966a4abd53f5048c0e6b9\"},\"headline\":\"Preparan segunda semana nacional de salud en Edomex\",\"datePublished\":\"2019-05-16T20:04:32+00:00\",\"dateModified\":\"2019-05-16T20:05:27+00:00\",\"mainEntityOfPage\":{\"@id\":\"https:\/\/volcanes.net\/?p=4686\"},\"wordCount\":233,\"commentCount\":0,\"publisher\":{\"@id\":\"https:\/\/volcanes.net\/#organization\"},\"image\":{\"@id\":\"https:\/\/volcanes.net\/?p=4686#primaryimage\"},\"thumbnailUrl\":\"https:\/\/volcanes.net\/wp-content\/uploads\/2019\/05\/IMG-20190516-WA0006_compress_50.jpg\",\"articleSection\":[\"Municipales\"],\"inLanguage\":\"es\",\"potentialAction\":[{\"@type\":\"CommentAction\",\"name\":\"Comment\",\"target\":[\"https:\/\/volcanes.net\/?p=4686#respond\"]}]},{\"@type\":\"WebPage\",\"@id\":\"https:\/\/volcanes.net\/?p=4686\",\"url\":\"https:\/\/volcanes.net\/?p=4686\",\"name\":\"Preparan segunda semana nacional de salud en Edomex - Volcanes\",\"isPartOf\":{\"@id\":\"https:\/\/volcanes.net\/#website\"},\"primaryImageOfPage\":{\"@id\":\"https:\/\/volcanes.net\/?p=4686#primaryimage\"},\"image\":{\"@id\":\"https:\/\/volcanes.net\/?p=4686#primaryimage\"},\"thumbnailUrl\":\"https:\/\/volcanes.net\/wp-content\/uploads\/2019\/05\/IMG-20190516-WA0006_compress_50.jpg\",\"datePublished\":\"2019-05-16T20:04:32+00:00\",\"dateModified\":\"2019-05-16T20:05:27+00:00\",\"breadcrumb\":{\"@id\":\"https:\/\/volcanes.net\/?p=4686#breadcrumb\"},\"inLanguage\":\"es\",\"potentialAction\":[{\"@type\":\"ReadAction\",\"target\":[\"https:\/\/volcanes.net\/?p=4686\"]}]},{\"@type\":\"ImageObject\",\"inLanguage\":\"es\",\"@id\":\"https:\/\/volcanes.net\/?p=4686#primaryimage\",\"url\":\"https:\/\/volcanes.net\/wp-content\/uploads\/2019\/05\/IMG-20190516-WA0006_compress_50.jpg\",\"contentUrl\":\"https:\/\/volcanes.net\/wp-content\/uploads\/2019\/05\/IMG-20190516-WA0006_compress_50.jpg\",\"width\":700,\"height\":702},{\"@type\":\"BreadcrumbList\",\"@id\":\"https:\/\/volcanes.net\/?p=4686#breadcrumb\",\"itemListElement\":[{\"@type\":\"ListItem\",\"position\":1,\"name\":\"Portada\",\"item\":\"https:\/\/volcanes.net\/\"},{\"@type\":\"ListItem\",\"position\":2,\"name\":\"Preparan segunda semana nacional de salud en Edomex\"}]},{\"@type\":\"WebSite\",\"@id\":\"https:\/\/volcanes.net\/#website\",\"url\":\"https:\/\/volcanes.net\/\",\"name\":\"Volcanes.Net\",\"description\":\"Periodismo Profesional\",\"publisher\":{\"@id\":\"https:\/\/volcanes.net\/#organization\"},\"potentialAction\":[{\"@type\":\"SearchAction\",\"target\":{\"@type\":\"EntryPoint\",\"urlTemplate\":\"https:\/\/volcanes.net\/?s={search_term_string}\"},\"query-input\":{\"@type\":\"PropertyValueSpecification\",\"valueRequired\":true,\"valueName\":\"search_term_string\"}}],\"inLanguage\":\"es\"},{\"@type\":\"Organization\",\"@id\":\"https:\/\/volcanes.net\/#organization\",\"name\":\"Grupo Volcanes\",\"url\":\"https:\/\/volcanes.net\/\",\"logo\":{\"@type\":\"ImageObject\",\"inLanguage\":\"es\",\"@id\":\"https:\/\/volcanes.net\/#\/schema\/logo\/image\/\",\"url\":\"http:\/\/volcanes.net\/wp-content\/uploads\/2017\/12\/Avatar2.jpg\",\"contentUrl\":\"http:\/\/volcanes.net\/wp-content\/uploads\/2017\/12\/Avatar2.jpg\",\"width\":378,\"height\":378,\"caption\":\"Grupo Volcanes\"},\"image\":{\"@id\":\"https:\/\/volcanes.net\/#\/schema\/logo\/image\/\"},\"sameAs\":[\"https:\/\/www.facebook.com\/volcanes.net\/\"]},{\"@type\":\"Person\",\"@id\":\"https:\/\/volcanes.net\/#\/schema\/person\/4bf0f383940966a4abd53f5048c0e6b9\",\"name\":\"admin\",\"image\":{\"@type\":\"ImageObject\",\"inLanguage\":\"es\",\"@id\":\"https:\/\/volcanes.net\/#\/schema\/person\/image\/\",\"url\":\"https:\/\/secure.gravatar.com\/avatar\/ca004e6cba8462b8cb7abc86e382930c?s=96&d=mm&r=g\",\"contentUrl\":\"https:\/\/secure.gravatar.com\/avatar\/ca004e6cba8462b8cb7abc86e382930c?s=96&d=mm&r=g\",\"caption\":\"admin\"}}]}<\/script>\n<!-- \/ Yoast SEO plugin. -->","yoast_head_json":{"title":"Preparan segunda semana nacional de salud en Edomex - Volcanes","robots":{"index":"index","follow":"follow","max-snippet":"max-snippet:-1","max-image-preview":"max-image-preview:large","max-video-preview":"max-video-preview:-1"},"canonical":"https:\/\/volcanes.net\/?p=4686","og_locale":"es_MX","og_type":"article","og_title":"Preparan segunda semana nacional de salud en Edomex - Volcanes","og_description":"\u2022 Ser\u00e1 del 20 al 24 de mayo en todo el territorio estatal.\u2022 Tiene como","og_url":"https:\/\/volcanes.net\/?p=4686","og_site_name":"Volcanes","article_publisher":"https:\/\/www.facebook.com\/volcanes.net\/","article_published_time":"2019-05-16T20:04:32+00:00","article_modified_time":"2019-05-16T20:05:27+00:00","og_image":[{"width":700,"height":702,"url":"https:\/\/volcanes.net\/wp-content\/uploads\/2019\/05\/IMG-20190516-WA0006_compress_50.jpg","type":"image\/jpeg"}],"author":"admin","twitter_card":"summary_large_image","twitter_misc":{"Escrito por":"admin","Tiempo de lectura":"1 minuto"},"schema":{"@context":"https:\/\/schema.org","@graph":[{"@type":"Article","@id":"https:\/\/volcanes.net\/?p=4686#article","isPartOf":{"@id":"https:\/\/volcanes.net\/?p=4686"},"author":{"name":"admin","@id":"https:\/\/volcanes.net\/#\/schema\/person\/4bf0f383940966a4abd53f5048c0e6b9"},"headline":"Preparan segunda semana nacional de salud en Edomex","datePublished":"2019-05-16T20:04:32+00:00","dateModified":"2019-05-16T20:05:27+00:00","mainEntityOfPage":{"@id":"https:\/\/volcanes.net\/?p=4686"},"wordCount":233,"commentCount":0,"publisher":{"@id":"https:\/\/volcanes.net\/#organization"},"image":{"@id":"https:\/\/volcanes.net\/?p=4686#primaryimage"},"thumbnailUrl":"https:\/\/volcanes.net\/wp-content\/uploads\/2019\/05\/IMG-20190516-WA0006_compress_50.jpg","articleSection":["Municipales"],"inLanguage":"es","potentialAction":[{"@type":"CommentAction","name":"Comment","target":["https:\/\/volcanes.net\/?p=4686#respond"]}]},{"@type":"WebPage","@id":"https:\/\/volcanes.net\/?p=4686","url":"https:\/\/volcanes.net\/?p=4686","name":"Preparan segunda semana nacional de salud en Edomex - Volcanes","isPartOf":{"@id":"https:\/\/volcanes.net\/#website"},"primaryImageOfPage":{"@id":"https:\/\/volcanes.net\/?p=4686#primaryimage"},"image":{"@id":"https:\/\/volcanes.net\/?p=4686#primaryimage"},"thumbnailUrl":"https:\/\/volcanes.net\/wp-content\/uploads\/2019\/05\/IMG-20190516-WA0006_compress_50.jpg","datePublished":"2019-05-16T20:04:32+00:00","dateModified":"2019-05-16T20:05:27+00:00","breadcrumb":{"@id":"https:\/\/volcanes.net\/?p=4686#breadcrumb"},"inLanguage":"es","potentialAction":[{"@type":"ReadAction","target":["https:\/\/volcanes.net\/?p=4686"]}]},{"@type":"ImageObject","inLanguage":"es","@id":"https:\/\/volcanes.net\/?p=4686#primaryimage","url":"https:\/\/volcanes.net\/wp-content\/uploads\/2019\/05\/IMG-20190516-WA0006_compress_50.jpg","contentUrl":"https:\/\/volcanes.net\/wp-content\/uploads\/2019\/05\/IMG-20190516-WA0006_compress_50.jpg","width":700,"height":702},{"@type":"BreadcrumbList","@id":"https:\/\/volcanes.net\/?p=4686#breadcrumb","itemListElement":[{"@type":"ListItem","position":1,"name":"Portada","item":"https:\/\/volcanes.net\/"},{"@type":"ListItem","position":2,"name":"Preparan segunda semana nacional de salud en Edomex"}]},{"@type":"WebSite","@id":"https:\/\/volcanes.net\/#website","url":"https:\/\/volcanes.net\/","name":"Volcanes.Net","description":"Periodismo Profesional","publisher":{"@id":"https:\/\/volcanes.net\/#organization"},"potentialAction":[{"@type":"SearchAction","target":{"@type":"EntryPoint","urlTemplate":"https:\/\/volcanes.net\/?s={search_term_string}"},"query-input":{"@type":"PropertyValueSpecification","valueRequired":true,"valueName":"search_term_string"}}],"inLanguage":"es"},{"@type":"Organization","@id":"https:\/\/volcanes.net\/#organization","name":"Grupo Volcanes","url":"https:\/\/volcanes.net\/","logo":{"@type":"ImageObject","inLanguage":"es","@id":"https:\/\/volcanes.net\/#\/schema\/logo\/image\/","url":"http:\/\/volcanes.net\/wp-content\/uploads\/2017\/12\/Avatar2.jpg","contentUrl":"http:\/\/volcanes.net\/wp-content\/uploads\/2017\/12\/Avatar2.jpg","width":378,"height":378,"caption":"Grupo Volcanes"},"image":{"@id":"https:\/\/volcanes.net\/#\/schema\/logo\/image\/"},"sameAs":["https:\/\/www.facebook.com\/volcanes.net\/"]},{"@type":"Person","@id":"https:\/\/volcanes.net\/#\/schema\/person\/4bf0f383940966a4abd53f5048c0e6b9","name":"admin","image":{"@type":"ImageObject","inLanguage":"es","@id":"https:\/\/volcanes.net\/#\/schema\/person\/image\/","url":"https:\/\/secure.gravatar.com\/avatar\/ca004e6cba8462b8cb7abc86e382930c?s=96&d=mm&r=g","contentUrl":"https:\/\/secure.gravatar.com\/avatar\/ca004e6cba8462b8cb7abc86e382930c?s=96&d=mm&r=g","caption":"admin"}}]}},"_links":{"self":[{"href":"https:\/\/volcanes.net\/index.php?rest_route=\/wp\/v2\/posts\/4686"}],"collection":[{"href":"https:\/\/volcanes.net\/index.php?rest_route=\/wp\/v2\/posts"}],"about":[{"href":"https:\/\/volcanes.net\/index.php?rest_route=\/wp\/v2\/types\/post"}],"author":[{"embeddable":true,"href":"https:\/\/volcanes.net\/index.php?rest_route=\/wp\/v2\/users\/1"}],"replies":[{"embeddable":true,"href":"https:\/\/volcanes.net\/index.php?rest_route=%2Fwp%2Fv2%2Fcomments&post=4686"}],"version-history":[{"count":1,"href":"https:\/\/volcanes.net\/index.php?rest_route=\/wp\/v2\/posts\/4686\/revisions"}],"predecessor-version":[{"id":4687,"href":"https:\/\/volcanes.net\/index.php?rest_route=\/wp\/v2\/posts\/4686\/revisions\/4687"}],"wp:featuredmedia":[{"embeddable":true,"href":"https:\/\/volcanes.net\/index.php?rest_route=\/wp\/v2\/media\/4688"}],"wp:attachment":[{"href":"https:\/\/volcanes.net\/index.php?rest_route=%2Fwp%2Fv2%2Fmedia&parent=4686"}],"wp:term":[{"taxonomy":"category","embeddable":true,"href":"https:\/\/volcanes.net\/index.php?rest_route=%2Fwp%2Fv2%2Fcategories&post=4686"},{"taxonomy":"post_tag","embeddable":true,"href":"https:\/\/volcanes.net\/index.php?rest_route=%2Fwp%2Fv2%2Ftags&post=4686"}],"curies":[{"name":"wp","href":"https:\/\/api.w.org\/{rel}","templated":true}]}}