{"id":4693,"date":"2019-05-16T14:13:14","date_gmt":"2019-05-16T20:13:14","guid":{"rendered":"http:\/\/volcanes.net\/?p=4693"},"modified":"2019-05-16T14:13:48","modified_gmt":"2019-05-16T20:13:48","slug":"celebra-edomex-dia-internacional-de-los-museos-con-jornada-cultural","status":"publish","type":"post","link":"https:\/\/volcanes.net\/?p=4693","title":{"rendered":"Celebra Edomex d\u00eda internacional de los museos con jornada cultural"},"content":{"rendered":"<div style=\"margin-top: 0px; margin-bottom: 0px;\" class=\"sharethis-inline-share-buttons\" ><\/div>\n<em>\u2022 Organizan actividades del 16 al 20 de mayo en la Plaza de los M\u00e1rtires, el Museo de Bellas Artes y la Sala de Conciertos Felipe Villanueva\u201d, en Toluca.<\/em>\u2022 <em>Anuncian entrada libre a conferencias, talleres, teatro m\u00fasica y literatura, entre otros temas.<\/em>\n\n\n\n\n<em>Toluca, Estado de M\u00e9xico, 16 de mayo de 2019.<\/em> El Estado de M\u00e9xico cuenta con una incalculable riqueza cultural resguardada en los 136 museos que se encuentran en todo el territorio estatal, seg\u00fan cifras del Sistema de Informaci\u00f3n Cultural, de los cuales, 30 son administrados por la Secretar\u00eda de Cultura del Gobierno mexiquense. \n\n\n\n\nSabedores de la importancia del patrimonio que debe ser conservado y difundido para fortalecer la identidad de las y los mexiquenses, el Gobierno del Estado de M\u00e9xico, se ha ocupado de la rehabilitaci\u00f3n de estos recintos para ofrecer al p\u00fablico museos vivos, frescos, actuales y l\u00fadicos para que la gente los sienta cerca.\n\n\n\n\nEs as\u00ed que, desde el inicio de la administraci\u00f3n del Gobernador Alfredo Del Mazo Maza, se celebra cada museo, se le acoge y quiere a trav\u00e9s de los trabajos que se les hacen, despu\u00e9s de m\u00e1s de 30 a\u00f1os sin intervenciones importantes. \n\n\n\n\nA estos trabajos sobresalientes, se suman, del 16 al 20 de mayo, una serie de actividades enmarcadas en la celebraci\u00f3n del D\u00eda Internacional de los Museos, que desde hace m\u00e1s de 40 a\u00f1os celebran 37 mil museos de 158 pa\u00edses el 18 de mayo.\n\n\n\n\nDe esta forma, la capital mexiquense se viste de gala al ser anfitriona de esta celebraci\u00f3n en el Edom\u00e9x, e inaugur\u00f3 esta Jornada Cultural \u201cEl futuro de la tradici\u00f3n\u201d que en 2019 se centra en los nuevos papeles que desempe\u00f1an de los museos como actores activos en sus comunidades a la vez que preservan sus misiones principales, como recolecci\u00f3n, conservaci\u00f3n, comunicaci\u00f3n, investigaci\u00f3n y exhibici\u00f3n.\n\n\n\n\nEs la Plaza de los M\u00e1rtires, en Toluca, donde se realizar\u00e1n las actividades que inauguraron, oficialmente, Marcela Gonz\u00e1lez Salas, Secretaria de Cultura, Eduardo Matos Moctezuma, Investigador em\u00e9rito del Instituto Nacional de Antropolog\u00eda e Historia (INAH), e Ivett Tinoco Garc\u00eda, Directora General de Patrimonio y Servicios Culturales.\n\n\n\n\n\u201cCuando visitas un museo y cuando el gui\u00f3n museogr\u00e1fico te lleva de la mano y empiezas a sentir mariposas es una maravilla y qu\u00e9 maravilla somos los seres humanos que podemos crear esto y qu\u00e9 maravilla que haya a quien le importa como al Gobernador Alfredo Del Mazo\u201d, expres\u00f3 Marcela Gonz\u00e1lez Salas.\n\n\n\n\n\u201cGran parte de los museos de la ciudad est\u00e1n recibiendo una transformaci\u00f3n integral y todos ellos contar\u00e1n con un nuevo gui\u00f3n museogr\u00e1fico, con esta idea fundamental, que platicaba con el Gobernador, de que cuando entren a un museo mexiquenses o no salgan transformados\u201d, reiter\u00f3.\n\n\n\n\nDespu\u00e9s de la inauguraci\u00f3n, Matos Moctezuma comparti\u00f3 la conferencia \u201cTemplo Mayor, un museo a escala humana y muchas cosas m\u00e1s\u2026\u201d, a trav\u00e9s de la cual, las y los presentes pudieron conocer el proceso de descubrimiento del Templo Mayor, as\u00ed como elementos interesantes que evidencian costumbres de culturas prehisp\u00e1nicas.\n\n\n\n\nPosteriormente se present\u00f3 la conferencia \u201cDesnormalizar al museo\u201d, de Graciela de la Torre, Directora del Museo Universitario de Arte Contempor\u00e1neo, quien en una pl\u00e1tica interactiva invit\u00f3 a quienes trabajan en museos a considerar que la funci\u00f3n social de \u00e9stos para involucrar a las personas y crear alianzas para impulsar el arte como una forma de llegar a m\u00e1s lugares, como las comunidades alejadas de la urbe. \n\n\n\n\nEntre las conferencias previstas para d\u00edas posteriores, anunciaron \u201cTrabajo de campo. Arqueolog\u00eda y sociedad\u201d, a cargo de Judith Alva, \u201cSaber para servir\u201d, de Ang\u00e9lica Casta\u00f1eda, \u201cEl patrimonio y tiempo libre. La vinculaci\u00f3n social de los museos\u201d, de Patricia Ledesma Bouchan, y \u201cConservaci\u00f3n del Patrimonio Cultural a trav\u00e9s de T\u00e9cnicas Nucleares\u201d, de Dolores Tenorio, entre otras. \n\n\n\n\nDe igual forma, en la Plaza de los M\u00e1rtires habr\u00e1 talleres de Arte Popular, de Acuarela, Elaboraci\u00f3n de flautas y ocarinas con barro, modelado en barro as\u00ed como de obras de teatro sobre pintores como Jos\u00e9 Mar\u00eda Velasco o Rosita en el museo, dirigida por Franz Wusterhaus.\n\n\n\n\nUna de las sorpresas para las familias es la visita del Museo de Arte Moderno del Instituto Nacional de Bellas Artes y Literatura con talleres, cursos y actividades acad\u00e9micas, adem\u00e1s del Cami\u00f3n Educativo del Museo Nacional de San Carlos, que espera a la ni\u00f1ez para que participe en sus actividades infantiles.\n\n\n\n\nDe 18:00 a 20:00 horas, la m\u00fasica inundar\u00e1 la Plaza de los M\u00e1rtires con las presentaciones de la Big Band Jazz, de Carmen Fuerte, el grupo Ca\u00f1a Dulce, que presentar\u00e1 \u201cFandango\u201d, y el Octeto Vocal con el concierto \u201cEn la casa de las musas\u201d.\n\n\n\n\nMientras que la Orquesta Filarm\u00f3nica Mexiquense (OFM), dirigida por Gabriela D\u00edaz Alatriste ofrecer\u00e1 en la Sala de Conciertos \u201cFelipe Villanueva\u201d una presentaci\u00f3n interactiva titulada \u201cMuseos Audiovisuales\u201d.\n\n\n\n\nLa Secretar\u00eda de Cultura invita a los interesados a consultar la programaci\u00f3n completa en sus redes sociales Facebook\/Culturaedomex y Twitter: @culturaedomex.\n\n","protected":false},"excerpt":{"rendered":"<p>\u2022 Organizan actividades del 16 al 20 de mayo en la Plaza de los M\u00e1rtires,<\/p>\n","protected":false},"author":1,"featured_media":4692,"comment_status":"open","ping_status":"open","sticky":false,"template":"","format":"standard","meta":{"footnotes":""},"categories":[1],"tags":[4],"class_list":["post-4693","post","type-post","status-publish","format-standard","has-post-thumbnail","hentry","category-municipales","tag-gobierno-del-estado-de-mexico"],"yoast_head":"<!-- This site is optimized with the Yoast SEO plugin v25.3 - https:\/\/yoast.com\/wordpress\/plugins\/seo\/ -->\n<title>Celebra Edomex d\u00eda internacional de los museos con jornada cultural - Volcanes<\/title>\n<meta name=\"robots\" content=\"index, follow, max-snippet:-1, max-image-preview:large, max-video-preview:-1\" \/>\n<link rel=\"canonical\" href=\"https:\/\/volcanes.net\/?p=4693\" \/>\n<meta property=\"og:locale\" content=\"es_MX\" \/>\n<meta property=\"og:type\" content=\"article\" \/>\n<meta property=\"og:title\" content=\"Celebra Edomex d\u00eda internacional de los museos con jornada cultural - Volcanes\" \/>\n<meta property=\"og:description\" content=\"\u2022 Organizan actividades del 16 al 20 de mayo en la Plaza de los M\u00e1rtires,\" \/>\n<meta property=\"og:url\" content=\"https:\/\/volcanes.net\/?p=4693\" \/>\n<meta property=\"og:site_name\" content=\"Volcanes\" \/>\n<meta property=\"article:publisher\" content=\"https:\/\/www.facebook.com\/volcanes.net\/\" \/>\n<meta property=\"article:published_time\" content=\"2019-05-16T20:13:14+00:00\" \/>\n<meta property=\"article:modified_time\" content=\"2019-05-16T20:13:48+00:00\" \/>\n<meta property=\"og:image\" content=\"https:\/\/volcanes.net\/wp-content\/uploads\/2019\/05\/IMG-20190516-WA0007_compress_69.jpg\" \/>\n\t<meta property=\"og:image:width\" content=\"1126\" \/>\n\t<meta property=\"og:image:height\" content=\"750\" \/>\n\t<meta property=\"og:image:type\" content=\"image\/jpeg\" \/>\n<meta name=\"author\" content=\"admin\" \/>\n<meta name=\"twitter:card\" content=\"summary_large_image\" \/>\n<meta name=\"twitter:label1\" content=\"Escrito por\" \/>\n\t<meta name=\"twitter:data1\" content=\"admin\" \/>\n\t<meta name=\"twitter:label2\" content=\"Tiempo de lectura\" \/>\n\t<meta name=\"twitter:data2\" content=\"4 minutos\" \/>\n<script type=\"application\/ld+json\" class=\"yoast-schema-graph\">{\"@context\":\"https:\/\/schema.org\",\"@graph\":[{\"@type\":\"Article\",\"@id\":\"https:\/\/volcanes.net\/?p=4693#article\",\"isPartOf\":{\"@id\":\"https:\/\/volcanes.net\/?p=4693\"},\"author\":{\"name\":\"admin\",\"@id\":\"https:\/\/volcanes.net\/#\/schema\/person\/4bf0f383940966a4abd53f5048c0e6b9\"},\"headline\":\"Celebra Edomex d\u00eda internacional de los museos con jornada cultural\",\"datePublished\":\"2019-05-16T20:13:14+00:00\",\"dateModified\":\"2019-05-16T20:13:48+00:00\",\"mainEntityOfPage\":{\"@id\":\"https:\/\/volcanes.net\/?p=4693\"},\"wordCount\":869,\"commentCount\":0,\"publisher\":{\"@id\":\"https:\/\/volcanes.net\/#organization\"},\"image\":{\"@id\":\"https:\/\/volcanes.net\/?p=4693#primaryimage\"},\"thumbnailUrl\":\"https:\/\/volcanes.net\/wp-content\/uploads\/2019\/05\/IMG-20190516-WA0007_compress_69.jpg\",\"keywords\":[\"Gobierno del Estado de M\u00e9xico\"],\"articleSection\":[\"Municipales\"],\"inLanguage\":\"es\",\"potentialAction\":[{\"@type\":\"CommentAction\",\"name\":\"Comment\",\"target\":[\"https:\/\/volcanes.net\/?p=4693#respond\"]}]},{\"@type\":\"WebPage\",\"@id\":\"https:\/\/volcanes.net\/?p=4693\",\"url\":\"https:\/\/volcanes.net\/?p=4693\",\"name\":\"Celebra Edomex d\u00eda internacional de los museos con jornada cultural - Volcanes\",\"isPartOf\":{\"@id\":\"https:\/\/volcanes.net\/#website\"},\"primaryImageOfPage\":{\"@id\":\"https:\/\/volcanes.net\/?p=4693#primaryimage\"},\"image\":{\"@id\":\"https:\/\/volcanes.net\/?p=4693#primaryimage\"},\"thumbnailUrl\":\"https:\/\/volcanes.net\/wp-content\/uploads\/2019\/05\/IMG-20190516-WA0007_compress_69.jpg\",\"datePublished\":\"2019-05-16T20:13:14+00:00\",\"dateModified\":\"2019-05-16T20:13:48+00:00\",\"breadcrumb\":{\"@id\":\"https:\/\/volcanes.net\/?p=4693#breadcrumb\"},\"inLanguage\":\"es\",\"potentialAction\":[{\"@type\":\"ReadAction\",\"target\":[\"https:\/\/volcanes.net\/?p=4693\"]}]},{\"@type\":\"ImageObject\",\"inLanguage\":\"es\",\"@id\":\"https:\/\/volcanes.net\/?p=4693#primaryimage\",\"url\":\"https:\/\/volcanes.net\/wp-content\/uploads\/2019\/05\/IMG-20190516-WA0007_compress_69.jpg\",\"contentUrl\":\"https:\/\/volcanes.net\/wp-content\/uploads\/2019\/05\/IMG-20190516-WA0007_compress_69.jpg\",\"width\":1126,\"height\":750},{\"@type\":\"BreadcrumbList\",\"@id\":\"https:\/\/volcanes.net\/?p=4693#breadcrumb\",\"itemListElement\":[{\"@type\":\"ListItem\",\"position\":1,\"name\":\"Portada\",\"item\":\"https:\/\/volcanes.net\/\"},{\"@type\":\"ListItem\",\"position\":2,\"name\":\"Celebra Edomex d\u00eda internacional de los museos con jornada cultural\"}]},{\"@type\":\"WebSite\",\"@id\":\"https:\/\/volcanes.net\/#website\",\"url\":\"https:\/\/volcanes.net\/\",\"name\":\"Volcanes.Net\",\"description\":\"Periodismo Profesional\",\"publisher\":{\"@id\":\"https:\/\/volcanes.net\/#organization\"},\"potentialAction\":[{\"@type\":\"SearchAction\",\"target\":{\"@type\":\"EntryPoint\",\"urlTemplate\":\"https:\/\/volcanes.net\/?s={search_term_string}\"},\"query-input\":{\"@type\":\"PropertyValueSpecification\",\"valueRequired\":true,\"valueName\":\"search_term_string\"}}],\"inLanguage\":\"es\"},{\"@type\":\"Organization\",\"@id\":\"https:\/\/volcanes.net\/#organization\",\"name\":\"Grupo Volcanes\",\"url\":\"https:\/\/volcanes.net\/\",\"logo\":{\"@type\":\"ImageObject\",\"inLanguage\":\"es\",\"@id\":\"https:\/\/volcanes.net\/#\/schema\/logo\/image\/\",\"url\":\"http:\/\/volcanes.net\/wp-content\/uploads\/2017\/12\/Avatar2.jpg\",\"contentUrl\":\"http:\/\/volcanes.net\/wp-content\/uploads\/2017\/12\/Avatar2.jpg\",\"width\":378,\"height\":378,\"caption\":\"Grupo Volcanes\"},\"image\":{\"@id\":\"https:\/\/volcanes.net\/#\/schema\/logo\/image\/\"},\"sameAs\":[\"https:\/\/www.facebook.com\/volcanes.net\/\"]},{\"@type\":\"Person\",\"@id\":\"https:\/\/volcanes.net\/#\/schema\/person\/4bf0f383940966a4abd53f5048c0e6b9\",\"name\":\"admin\",\"image\":{\"@type\":\"ImageObject\",\"inLanguage\":\"es\",\"@id\":\"https:\/\/volcanes.net\/#\/schema\/person\/image\/\",\"url\":\"https:\/\/secure.gravatar.com\/avatar\/ca004e6cba8462b8cb7abc86e382930c?s=96&d=mm&r=g\",\"contentUrl\":\"https:\/\/secure.gravatar.com\/avatar\/ca004e6cba8462b8cb7abc86e382930c?s=96&d=mm&r=g\",\"caption\":\"admin\"}}]}<\/script>\n<!-- \/ Yoast SEO plugin. -->","yoast_head_json":{"title":"Celebra Edomex d\u00eda internacional de los museos con jornada cultural - Volcanes","robots":{"index":"index","follow":"follow","max-snippet":"max-snippet:-1","max-image-preview":"max-image-preview:large","max-video-preview":"max-video-preview:-1"},"canonical":"https:\/\/volcanes.net\/?p=4693","og_locale":"es_MX","og_type":"article","og_title":"Celebra Edomex d\u00eda internacional de los museos con jornada cultural - Volcanes","og_description":"\u2022 Organizan actividades del 16 al 20 de mayo en la Plaza de los M\u00e1rtires,","og_url":"https:\/\/volcanes.net\/?p=4693","og_site_name":"Volcanes","article_publisher":"https:\/\/www.facebook.com\/volcanes.net\/","article_published_time":"2019-05-16T20:13:14+00:00","article_modified_time":"2019-05-16T20:13:48+00:00","og_image":[{"width":1126,"height":750,"url":"https:\/\/volcanes.net\/wp-content\/uploads\/2019\/05\/IMG-20190516-WA0007_compress_69.jpg","type":"image\/jpeg"}],"author":"admin","twitter_card":"summary_large_image","twitter_misc":{"Escrito por":"admin","Tiempo de lectura":"4 minutos"},"schema":{"@context":"https:\/\/schema.org","@graph":[{"@type":"Article","@id":"https:\/\/volcanes.net\/?p=4693#article","isPartOf":{"@id":"https:\/\/volcanes.net\/?p=4693"},"author":{"name":"admin","@id":"https:\/\/volcanes.net\/#\/schema\/person\/4bf0f383940966a4abd53f5048c0e6b9"},"headline":"Celebra Edomex d\u00eda internacional de los museos con jornada cultural","datePublished":"2019-05-16T20:13:14+00:00","dateModified":"2019-05-16T20:13:48+00:00","mainEntityOfPage":{"@id":"https:\/\/volcanes.net\/?p=4693"},"wordCount":869,"commentCount":0,"publisher":{"@id":"https:\/\/volcanes.net\/#organization"},"image":{"@id":"https:\/\/volcanes.net\/?p=4693#primaryimage"},"thumbnailUrl":"https:\/\/volcanes.net\/wp-content\/uploads\/2019\/05\/IMG-20190516-WA0007_compress_69.jpg","keywords":["Gobierno del Estado de M\u00e9xico"],"articleSection":["Municipales"],"inLanguage":"es","potentialAction":[{"@type":"CommentAction","name":"Comment","target":["https:\/\/volcanes.net\/?p=4693#respond"]}]},{"@type":"WebPage","@id":"https:\/\/volcanes.net\/?p=4693","url":"https:\/\/volcanes.net\/?p=4693","name":"Celebra Edomex d\u00eda internacional de los museos con jornada cultural - Volcanes","isPartOf":{"@id":"https:\/\/volcanes.net\/#website"},"primaryImageOfPage":{"@id":"https:\/\/volcanes.net\/?p=4693#primaryimage"},"image":{"@id":"https:\/\/volcanes.net\/?p=4693#primaryimage"},"thumbnailUrl":"https:\/\/volcanes.net\/wp-content\/uploads\/2019\/05\/IMG-20190516-WA0007_compress_69.jpg","datePublished":"2019-05-16T20:13:14+00:00","dateModified":"2019-05-16T20:13:48+00:00","breadcrumb":{"@id":"https:\/\/volcanes.net\/?p=4693#breadcrumb"},"inLanguage":"es","potentialAction":[{"@type":"ReadAction","target":["https:\/\/volcanes.net\/?p=4693"]}]},{"@type":"ImageObject","inLanguage":"es","@id":"https:\/\/volcanes.net\/?p=4693#primaryimage","url":"https:\/\/volcanes.net\/wp-content\/uploads\/2019\/05\/IMG-20190516-WA0007_compress_69.jpg","contentUrl":"https:\/\/volcanes.net\/wp-content\/uploads\/2019\/05\/IMG-20190516-WA0007_compress_69.jpg","width":1126,"height":750},{"@type":"BreadcrumbList","@id":"https:\/\/volcanes.net\/?p=4693#breadcrumb","itemListElement":[{"@type":"ListItem","position":1,"name":"Portada","item":"https:\/\/volcanes.net\/"},{"@type":"ListItem","position":2,"name":"Celebra Edomex d\u00eda internacional de los museos con jornada cultural"}]},{"@type":"WebSite","@id":"https:\/\/volcanes.net\/#website","url":"https:\/\/volcanes.net\/","name":"Volcanes.Net","description":"Periodismo Profesional","publisher":{"@id":"https:\/\/volcanes.net\/#organization"},"potentialAction":[{"@type":"SearchAction","target":{"@type":"EntryPoint","urlTemplate":"https:\/\/volcanes.net\/?s={search_term_string}"},"query-input":{"@type":"PropertyValueSpecification","valueRequired":true,"valueName":"search_term_string"}}],"inLanguage":"es"},{"@type":"Organization","@id":"https:\/\/volcanes.net\/#organization","name":"Grupo Volcanes","url":"https:\/\/volcanes.net\/","logo":{"@type":"ImageObject","inLanguage":"es","@id":"https:\/\/volcanes.net\/#\/schema\/logo\/image\/","url":"http:\/\/volcanes.net\/wp-content\/uploads\/2017\/12\/Avatar2.jpg","contentUrl":"http:\/\/volcanes.net\/wp-content\/uploads\/2017\/12\/Avatar2.jpg","width":378,"height":378,"caption":"Grupo Volcanes"},"image":{"@id":"https:\/\/volcanes.net\/#\/schema\/logo\/image\/"},"sameAs":["https:\/\/www.facebook.com\/volcanes.net\/"]},{"@type":"Person","@id":"https:\/\/volcanes.net\/#\/schema\/person\/4bf0f383940966a4abd53f5048c0e6b9","name":"admin","image":{"@type":"ImageObject","inLanguage":"es","@id":"https:\/\/volcanes.net\/#\/schema\/person\/image\/","url":"https:\/\/secure.gravatar.com\/avatar\/ca004e6cba8462b8cb7abc86e382930c?s=96&d=mm&r=g","contentUrl":"https:\/\/secure.gravatar.com\/avatar\/ca004e6cba8462b8cb7abc86e382930c?s=96&d=mm&r=g","caption":"admin"}}]}},"_links":{"self":[{"href":"https:\/\/volcanes.net\/index.php?rest_route=\/wp\/v2\/posts\/4693"}],"collection":[{"href":"https:\/\/volcanes.net\/index.php?rest_route=\/wp\/v2\/posts"}],"about":[{"href":"https:\/\/volcanes.net\/index.php?rest_route=\/wp\/v2\/types\/post"}],"author":[{"embeddable":true,"href":"https:\/\/volcanes.net\/index.php?rest_route=\/wp\/v2\/users\/1"}],"replies":[{"embeddable":true,"href":"https:\/\/volcanes.net\/index.php?rest_route=%2Fwp%2Fv2%2Fcomments&post=4693"}],"version-history":[{"count":1,"href":"https:\/\/volcanes.net\/index.php?rest_route=\/wp\/v2\/posts\/4693\/revisions"}],"predecessor-version":[{"id":4694,"href":"https:\/\/volcanes.net\/index.php?rest_route=\/wp\/v2\/posts\/4693\/revisions\/4694"}],"wp:featuredmedia":[{"embeddable":true,"href":"https:\/\/volcanes.net\/index.php?rest_route=\/wp\/v2\/media\/4692"}],"wp:attachment":[{"href":"https:\/\/volcanes.net\/index.php?rest_route=%2Fwp%2Fv2%2Fmedia&parent=4693"}],"wp:term":[{"taxonomy":"category","embeddable":true,"href":"https:\/\/volcanes.net\/index.php?rest_route=%2Fwp%2Fv2%2Fcategories&post=4693"},{"taxonomy":"post_tag","embeddable":true,"href":"https:\/\/volcanes.net\/index.php?rest_route=%2Fwp%2Fv2%2Ftags&post=4693"}],"curies":[{"name":"wp","href":"https:\/\/api.w.org\/{rel}","templated":true}]}}