{"id":4696,"date":"2019-05-16T16:02:45","date_gmt":"2019-05-16T22:02:45","guid":{"rendered":"http:\/\/volcanes.net\/?p=4696"},"modified":"2019-05-16T16:03:55","modified_gmt":"2019-05-16T22:03:55","slug":"el-gobierno-municipal-de-amecameca-da-inicio-al-programa-amecameca-emprende","status":"publish","type":"post","link":"https:\/\/volcanes.net\/?p=4696","title":{"rendered":"El Gobierno Municipal de Amecameca da inicio al programa \u201cAmecameca Emprende\u201d"},"content":{"rendered":"<div style=\"margin-top: 0px; margin-bottom: 0px;\" class=\"sharethis-inline-share-buttons\" ><\/div>\nConvoc\u00f3 a j\u00f3venes estudiantes de preparatoria a registrar proyectos de emprendimiento.<br \/>\nSe inscribieron 17 proyectos que recibir\u00e1n mentor\u00eda para su desarrollo. Una vez terminada la etapa de incubaci\u00f3n, un comit\u00e9 se encargar\u00e1 de seleccionar los tres mejores.<br \/>\nLos desarrolladores del proyecto ganador ser\u00e1n becados para asistir al Foro Internacional de Emprendedores. \n\n\n\n\nEl Gobierno Municipal de Amecameca, con la finalidad de impulsar el esp\u00edritu emprendedor entre los j\u00f3venes estudiantes del municipio, cre\u00f3 el programa \u201cAmecameca Emprende\u201d, mediante el cual convoc\u00f3 a estudiantes de preparatoria a inscribir proyectos de negocio y emprendimientos en ramos tales como tecnolog\u00eda y agronegocios. \n\n\n\n\nFueron inscritos 17 proyectos que contar\u00e1n con un grupo de asesores para su desarrollo. Una vez terminada la etapa de incubaci\u00f3n, un comit\u00e9 evaluar\u00e1 los proyectos para seleccionar la los 3 mejores.\n\n\n\n\nAl equipo desarrollador del proyecto que obtenga el tercer lugar se le entregar\u00e1n smartphones, al segundo lugar tablets y el primer lugar ser\u00e1 premiado con becas para el FIE (Foro Internacional de Emprendedores). El FIE es un evento con duraci\u00f3n de 5 d\u00edas que se llevar\u00e1 a cabo en la Hacienda Cocoyoc y reunir\u00e1 a j\u00f3venes y mentores de M\u00e9xico y otros pa\u00edses, lo que lo convierte en una estupenda oportunidad de networking, adem\u00e1s de ofrecer conferencias y talleres que tienen la finalidad de desarrollar todas las habilidades necesarias para el desarrollo de un negocio.\n\n\n\n\nDurante las actividades de arranque del programa el Presidente Municipal, Miguel \u00c1ngel Salom\u00f3n Cort\u00e9s, expres\u00f3: \u201cComo empresario estoy convencido de la importancia que tiene el emprendimiento para cualquier econom\u00eda; como Presidente Municipal, tengo el compromiso de acercar a los j\u00f3venes amecamequenses herramientas que los ayuden a desarrollar su potencial como emprendedores\u201d.\n\n","protected":false},"excerpt":{"rendered":"<p>Convoc\u00f3 a j\u00f3venes estudiantes de preparatoria a registrar proyectos de emprendimiento. Se inscribieron 17 proyectos<\/p>\n","protected":false},"author":1,"featured_media":4695,"comment_status":"open","ping_status":"open","sticky":false,"template":"","format":"standard","meta":{"footnotes":""},"categories":[1],"tags":[7],"class_list":["post-4696","post","type-post","status-publish","format-standard","has-post-thumbnail","hentry","category-municipales","tag-amecameca"],"yoast_head":"<!-- This site is optimized with the Yoast SEO plugin v25.3 - https:\/\/yoast.com\/wordpress\/plugins\/seo\/ -->\n<title>El Gobierno Municipal de Amecameca da inicio al programa \u201cAmecameca Emprende\u201d - Volcanes<\/title>\n<meta name=\"robots\" content=\"index, follow, max-snippet:-1, max-image-preview:large, max-video-preview:-1\" \/>\n<link rel=\"canonical\" href=\"https:\/\/volcanes.net\/?p=4696\" \/>\n<meta property=\"og:locale\" content=\"es_MX\" \/>\n<meta property=\"og:type\" content=\"article\" \/>\n<meta property=\"og:title\" content=\"El Gobierno Municipal de Amecameca da inicio al programa \u201cAmecameca Emprende\u201d - Volcanes\" \/>\n<meta property=\"og:description\" content=\"Convoc\u00f3 a j\u00f3venes estudiantes de preparatoria a registrar proyectos de emprendimiento. Se inscribieron 17 proyectos\" \/>\n<meta property=\"og:url\" content=\"https:\/\/volcanes.net\/?p=4696\" \/>\n<meta property=\"og:site_name\" content=\"Volcanes\" \/>\n<meta property=\"article:publisher\" content=\"https:\/\/www.facebook.com\/volcanes.net\/\" \/>\n<meta property=\"article:published_time\" content=\"2019-05-16T22:02:45+00:00\" \/>\n<meta property=\"article:modified_time\" content=\"2019-05-16T22:03:55+00:00\" \/>\n<meta property=\"og:image\" content=\"https:\/\/volcanes.net\/wp-content\/uploads\/2019\/05\/IMG-20190516-WA0010_compress_0.jpg\" \/>\n\t<meta property=\"og:image:width\" content=\"1280\" \/>\n\t<meta property=\"og:image:height\" content=\"853\" \/>\n\t<meta property=\"og:image:type\" content=\"image\/jpeg\" \/>\n<meta name=\"author\" content=\"admin\" \/>\n<meta name=\"twitter:card\" content=\"summary_large_image\" \/>\n<meta name=\"twitter:label1\" content=\"Escrito por\" \/>\n\t<meta name=\"twitter:data1\" content=\"admin\" \/>\n\t<meta name=\"twitter:label2\" content=\"Tiempo de lectura\" \/>\n\t<meta name=\"twitter:data2\" content=\"1 minuto\" \/>\n<script type=\"application\/ld+json\" class=\"yoast-schema-graph\">{\"@context\":\"https:\/\/schema.org\",\"@graph\":[{\"@type\":\"Article\",\"@id\":\"https:\/\/volcanes.net\/?p=4696#article\",\"isPartOf\":{\"@id\":\"https:\/\/volcanes.net\/?p=4696\"},\"author\":{\"name\":\"admin\",\"@id\":\"https:\/\/volcanes.net\/#\/schema\/person\/4bf0f383940966a4abd53f5048c0e6b9\"},\"headline\":\"El Gobierno Municipal de Amecameca da inicio al programa \u201cAmecameca Emprende\u201d\",\"datePublished\":\"2019-05-16T22:02:45+00:00\",\"dateModified\":\"2019-05-16T22:03:55+00:00\",\"mainEntityOfPage\":{\"@id\":\"https:\/\/volcanes.net\/?p=4696\"},\"wordCount\":303,\"commentCount\":0,\"publisher\":{\"@id\":\"https:\/\/volcanes.net\/#organization\"},\"image\":{\"@id\":\"https:\/\/volcanes.net\/?p=4696#primaryimage\"},\"thumbnailUrl\":\"https:\/\/volcanes.net\/wp-content\/uploads\/2019\/05\/IMG-20190516-WA0010_compress_0.jpg\",\"keywords\":[\"Amecameca\"],\"articleSection\":[\"Municipales\"],\"inLanguage\":\"es\",\"potentialAction\":[{\"@type\":\"CommentAction\",\"name\":\"Comment\",\"target\":[\"https:\/\/volcanes.net\/?p=4696#respond\"]}]},{\"@type\":\"WebPage\",\"@id\":\"https:\/\/volcanes.net\/?p=4696\",\"url\":\"https:\/\/volcanes.net\/?p=4696\",\"name\":\"El Gobierno Municipal de Amecameca da inicio al programa \u201cAmecameca Emprende\u201d - Volcanes\",\"isPartOf\":{\"@id\":\"https:\/\/volcanes.net\/#website\"},\"primaryImageOfPage\":{\"@id\":\"https:\/\/volcanes.net\/?p=4696#primaryimage\"},\"image\":{\"@id\":\"https:\/\/volcanes.net\/?p=4696#primaryimage\"},\"thumbnailUrl\":\"https:\/\/volcanes.net\/wp-content\/uploads\/2019\/05\/IMG-20190516-WA0010_compress_0.jpg\",\"datePublished\":\"2019-05-16T22:02:45+00:00\",\"dateModified\":\"2019-05-16T22:03:55+00:00\",\"breadcrumb\":{\"@id\":\"https:\/\/volcanes.net\/?p=4696#breadcrumb\"},\"inLanguage\":\"es\",\"potentialAction\":[{\"@type\":\"ReadAction\",\"target\":[\"https:\/\/volcanes.net\/?p=4696\"]}]},{\"@type\":\"ImageObject\",\"inLanguage\":\"es\",\"@id\":\"https:\/\/volcanes.net\/?p=4696#primaryimage\",\"url\":\"https:\/\/volcanes.net\/wp-content\/uploads\/2019\/05\/IMG-20190516-WA0010_compress_0.jpg\",\"contentUrl\":\"https:\/\/volcanes.net\/wp-content\/uploads\/2019\/05\/IMG-20190516-WA0010_compress_0.jpg\",\"width\":1280,\"height\":853},{\"@type\":\"BreadcrumbList\",\"@id\":\"https:\/\/volcanes.net\/?p=4696#breadcrumb\",\"itemListElement\":[{\"@type\":\"ListItem\",\"position\":1,\"name\":\"Portada\",\"item\":\"https:\/\/volcanes.net\/\"},{\"@type\":\"ListItem\",\"position\":2,\"name\":\"El Gobierno Municipal de Amecameca da inicio al programa \u201cAmecameca Emprende\u201d\"}]},{\"@type\":\"WebSite\",\"@id\":\"https:\/\/volcanes.net\/#website\",\"url\":\"https:\/\/volcanes.net\/\",\"name\":\"Volcanes.Net\",\"description\":\"Periodismo Profesional\",\"publisher\":{\"@id\":\"https:\/\/volcanes.net\/#organization\"},\"potentialAction\":[{\"@type\":\"SearchAction\",\"target\":{\"@type\":\"EntryPoint\",\"urlTemplate\":\"https:\/\/volcanes.net\/?s={search_term_string}\"},\"query-input\":{\"@type\":\"PropertyValueSpecification\",\"valueRequired\":true,\"valueName\":\"search_term_string\"}}],\"inLanguage\":\"es\"},{\"@type\":\"Organization\",\"@id\":\"https:\/\/volcanes.net\/#organization\",\"name\":\"Grupo Volcanes\",\"url\":\"https:\/\/volcanes.net\/\",\"logo\":{\"@type\":\"ImageObject\",\"inLanguage\":\"es\",\"@id\":\"https:\/\/volcanes.net\/#\/schema\/logo\/image\/\",\"url\":\"http:\/\/volcanes.net\/wp-content\/uploads\/2017\/12\/Avatar2.jpg\",\"contentUrl\":\"http:\/\/volcanes.net\/wp-content\/uploads\/2017\/12\/Avatar2.jpg\",\"width\":378,\"height\":378,\"caption\":\"Grupo Volcanes\"},\"image\":{\"@id\":\"https:\/\/volcanes.net\/#\/schema\/logo\/image\/\"},\"sameAs\":[\"https:\/\/www.facebook.com\/volcanes.net\/\"]},{\"@type\":\"Person\",\"@id\":\"https:\/\/volcanes.net\/#\/schema\/person\/4bf0f383940966a4abd53f5048c0e6b9\",\"name\":\"admin\",\"image\":{\"@type\":\"ImageObject\",\"inLanguage\":\"es\",\"@id\":\"https:\/\/volcanes.net\/#\/schema\/person\/image\/\",\"url\":\"https:\/\/secure.gravatar.com\/avatar\/ca004e6cba8462b8cb7abc86e382930c?s=96&d=mm&r=g\",\"contentUrl\":\"https:\/\/secure.gravatar.com\/avatar\/ca004e6cba8462b8cb7abc86e382930c?s=96&d=mm&r=g\",\"caption\":\"admin\"}}]}<\/script>\n<!-- \/ Yoast SEO plugin. -->","yoast_head_json":{"title":"El Gobierno Municipal de Amecameca da inicio al programa \u201cAmecameca Emprende\u201d - Volcanes","robots":{"index":"index","follow":"follow","max-snippet":"max-snippet:-1","max-image-preview":"max-image-preview:large","max-video-preview":"max-video-preview:-1"},"canonical":"https:\/\/volcanes.net\/?p=4696","og_locale":"es_MX","og_type":"article","og_title":"El Gobierno Municipal de Amecameca da inicio al programa \u201cAmecameca Emprende\u201d - Volcanes","og_description":"Convoc\u00f3 a j\u00f3venes estudiantes de preparatoria a registrar proyectos de emprendimiento. Se inscribieron 17 proyectos","og_url":"https:\/\/volcanes.net\/?p=4696","og_site_name":"Volcanes","article_publisher":"https:\/\/www.facebook.com\/volcanes.net\/","article_published_time":"2019-05-16T22:02:45+00:00","article_modified_time":"2019-05-16T22:03:55+00:00","og_image":[{"width":1280,"height":853,"url":"https:\/\/volcanes.net\/wp-content\/uploads\/2019\/05\/IMG-20190516-WA0010_compress_0.jpg","type":"image\/jpeg"}],"author":"admin","twitter_card":"summary_large_image","twitter_misc":{"Escrito por":"admin","Tiempo de lectura":"1 minuto"},"schema":{"@context":"https:\/\/schema.org","@graph":[{"@type":"Article","@id":"https:\/\/volcanes.net\/?p=4696#article","isPartOf":{"@id":"https:\/\/volcanes.net\/?p=4696"},"author":{"name":"admin","@id":"https:\/\/volcanes.net\/#\/schema\/person\/4bf0f383940966a4abd53f5048c0e6b9"},"headline":"El Gobierno Municipal de Amecameca da inicio al programa \u201cAmecameca Emprende\u201d","datePublished":"2019-05-16T22:02:45+00:00","dateModified":"2019-05-16T22:03:55+00:00","mainEntityOfPage":{"@id":"https:\/\/volcanes.net\/?p=4696"},"wordCount":303,"commentCount":0,"publisher":{"@id":"https:\/\/volcanes.net\/#organization"},"image":{"@id":"https:\/\/volcanes.net\/?p=4696#primaryimage"},"thumbnailUrl":"https:\/\/volcanes.net\/wp-content\/uploads\/2019\/05\/IMG-20190516-WA0010_compress_0.jpg","keywords":["Amecameca"],"articleSection":["Municipales"],"inLanguage":"es","potentialAction":[{"@type":"CommentAction","name":"Comment","target":["https:\/\/volcanes.net\/?p=4696#respond"]}]},{"@type":"WebPage","@id":"https:\/\/volcanes.net\/?p=4696","url":"https:\/\/volcanes.net\/?p=4696","name":"El Gobierno Municipal de Amecameca da inicio al programa \u201cAmecameca Emprende\u201d - Volcanes","isPartOf":{"@id":"https:\/\/volcanes.net\/#website"},"primaryImageOfPage":{"@id":"https:\/\/volcanes.net\/?p=4696#primaryimage"},"image":{"@id":"https:\/\/volcanes.net\/?p=4696#primaryimage"},"thumbnailUrl":"https:\/\/volcanes.net\/wp-content\/uploads\/2019\/05\/IMG-20190516-WA0010_compress_0.jpg","datePublished":"2019-05-16T22:02:45+00:00","dateModified":"2019-05-16T22:03:55+00:00","breadcrumb":{"@id":"https:\/\/volcanes.net\/?p=4696#breadcrumb"},"inLanguage":"es","potentialAction":[{"@type":"ReadAction","target":["https:\/\/volcanes.net\/?p=4696"]}]},{"@type":"ImageObject","inLanguage":"es","@id":"https:\/\/volcanes.net\/?p=4696#primaryimage","url":"https:\/\/volcanes.net\/wp-content\/uploads\/2019\/05\/IMG-20190516-WA0010_compress_0.jpg","contentUrl":"https:\/\/volcanes.net\/wp-content\/uploads\/2019\/05\/IMG-20190516-WA0010_compress_0.jpg","width":1280,"height":853},{"@type":"BreadcrumbList","@id":"https:\/\/volcanes.net\/?p=4696#breadcrumb","itemListElement":[{"@type":"ListItem","position":1,"name":"Portada","item":"https:\/\/volcanes.net\/"},{"@type":"ListItem","position":2,"name":"El Gobierno Municipal de Amecameca da inicio al programa \u201cAmecameca Emprende\u201d"}]},{"@type":"WebSite","@id":"https:\/\/volcanes.net\/#website","url":"https:\/\/volcanes.net\/","name":"Volcanes.Net","description":"Periodismo Profesional","publisher":{"@id":"https:\/\/volcanes.net\/#organization"},"potentialAction":[{"@type":"SearchAction","target":{"@type":"EntryPoint","urlTemplate":"https:\/\/volcanes.net\/?s={search_term_string}"},"query-input":{"@type":"PropertyValueSpecification","valueRequired":true,"valueName":"search_term_string"}}],"inLanguage":"es"},{"@type":"Organization","@id":"https:\/\/volcanes.net\/#organization","name":"Grupo Volcanes","url":"https:\/\/volcanes.net\/","logo":{"@type":"ImageObject","inLanguage":"es","@id":"https:\/\/volcanes.net\/#\/schema\/logo\/image\/","url":"http:\/\/volcanes.net\/wp-content\/uploads\/2017\/12\/Avatar2.jpg","contentUrl":"http:\/\/volcanes.net\/wp-content\/uploads\/2017\/12\/Avatar2.jpg","width":378,"height":378,"caption":"Grupo Volcanes"},"image":{"@id":"https:\/\/volcanes.net\/#\/schema\/logo\/image\/"},"sameAs":["https:\/\/www.facebook.com\/volcanes.net\/"]},{"@type":"Person","@id":"https:\/\/volcanes.net\/#\/schema\/person\/4bf0f383940966a4abd53f5048c0e6b9","name":"admin","image":{"@type":"ImageObject","inLanguage":"es","@id":"https:\/\/volcanes.net\/#\/schema\/person\/image\/","url":"https:\/\/secure.gravatar.com\/avatar\/ca004e6cba8462b8cb7abc86e382930c?s=96&d=mm&r=g","contentUrl":"https:\/\/secure.gravatar.com\/avatar\/ca004e6cba8462b8cb7abc86e382930c?s=96&d=mm&r=g","caption":"admin"}}]}},"_links":{"self":[{"href":"https:\/\/volcanes.net\/index.php?rest_route=\/wp\/v2\/posts\/4696"}],"collection":[{"href":"https:\/\/volcanes.net\/index.php?rest_route=\/wp\/v2\/posts"}],"about":[{"href":"https:\/\/volcanes.net\/index.php?rest_route=\/wp\/v2\/types\/post"}],"author":[{"embeddable":true,"href":"https:\/\/volcanes.net\/index.php?rest_route=\/wp\/v2\/users\/1"}],"replies":[{"embeddable":true,"href":"https:\/\/volcanes.net\/index.php?rest_route=%2Fwp%2Fv2%2Fcomments&post=4696"}],"version-history":[{"count":1,"href":"https:\/\/volcanes.net\/index.php?rest_route=\/wp\/v2\/posts\/4696\/revisions"}],"predecessor-version":[{"id":4697,"href":"https:\/\/volcanes.net\/index.php?rest_route=\/wp\/v2\/posts\/4696\/revisions\/4697"}],"wp:featuredmedia":[{"embeddable":true,"href":"https:\/\/volcanes.net\/index.php?rest_route=\/wp\/v2\/media\/4695"}],"wp:attachment":[{"href":"https:\/\/volcanes.net\/index.php?rest_route=%2Fwp%2Fv2%2Fmedia&parent=4696"}],"wp:term":[{"taxonomy":"category","embeddable":true,"href":"https:\/\/volcanes.net\/index.php?rest_route=%2Fwp%2Fv2%2Fcategories&post=4696"},{"taxonomy":"post_tag","embeddable":true,"href":"https:\/\/volcanes.net\/index.php?rest_route=%2Fwp%2Fv2%2Ftags&post=4696"}],"curies":[{"name":"wp","href":"https:\/\/api.w.org\/{rel}","templated":true}]}}