{"id":4701,"date":"2019-05-16T17:05:36","date_gmt":"2019-05-16T23:05:36","guid":{"rendered":"http:\/\/volcanes.net\/?p=4701"},"modified":"2019-05-16T17:07:49","modified_gmt":"2019-05-16T23:07:49","slug":"entrega-alfredo-del-mazo-apoyos-agropecuarios-a-productores-de-la-zona-de-los-volcanes","status":"publish","type":"post","link":"https:\/\/volcanes.net\/?p=4701","title":{"rendered":"Entrega Alfredo del Mazo apoyos agropecuarios a productores de la zona de los volcanes"},"content":{"rendered":"<div style=\"margin-top: 0px; margin-bottom: 0px;\" class=\"sharethis-inline-share-buttons\" ><\/div><p>\u2022\tReciben productores, tractores, vientres lecheros, porcinos y remolques, entre otros.<br \/>\n\u2022\tDestaca que estos apoyos tienen como finalidad tener un buen ciclo agr\u00edcola en la entidad.<\/p>\n<p>*Tenango del Aire, Estado de M\u00e9xico, 16 de mayo de 2019.* Al encabezar la entrega de incentivos agropecuarios a productores de la regi\u00f3n de los Volcanes, el Gobernador Alfredo Del Mazo Maza indic\u00f3 que este tipo de apoyos se otorgan con la finalidad de hacer m\u00e1s productivo al campo mexiquense.<\/p>\n<p>\u201cMe da mucho gusto que podamos el d\u00eda de hoy estar juntos para seguir fortaleciendo al campo mexiquense; el campo mexiquense nos hace orgullosos; somos de los principales productores del pa\u00eds en ma\u00edz, por ejemplo, en tuna, en haba, en nopal; somos de los principales productores de flor de todo el pa\u00eds, y en esta regi\u00f3n, en especial, somos de los principales productores de manzanilla\u201d, se\u00f1al\u00f3.<\/p>\n<p>Alfredo Del Mazo destac\u00f3 que este a\u00f1o se destinar\u00e1n m\u00e1s de 2 mil 455 millones de pesos al campo mexiquense, para apoyar a los productores para que tengan mejores condiciones de vida y desarrollo, adem\u00e1s de seguir siendo l\u00edderes en diferentes sectores agropecuarios.<\/p>\n<p>\u201cPara eso sirven este tipo de a apoyos que estamos entregando el d\u00eda de hoy, para que hagamos m\u00e1s productivo el campo mexiquense y para que los hombres y mujeres del campo puedan generar m\u00e1s, producir m\u00e1s y tener m\u00e1s ingresos para sus familias\u201d, afirm\u00f3.<\/p>\n<p>Del Mazo Maza dijo que con estos apoyos se espera tener un buen inicio del ciclo agr\u00edcola, para que tengan mejores herramientas para la preparaci\u00f3n de las tierras y con la llegada de las lluvias se obtenga una buena cosecha.<\/p>\n<p>Luego de entregar vales para di\u00e9sel, porcinos, remolques, vientres lecheros, techumbres para corral, tractores de varias capacidades, m\u00f3dulos fitosanitarios y rollo de s\u00e1bana para acolchados, resalt\u00f3 que seis de cada 10 apoyos que se entregan para el campo, son destinados para las mujeres mexiquenses.<\/p>\n<p>Ante productores de los municipios de Amecameca, Ozumba, Atlautla, Tenango del Aire, Ayapango, Juchitepec, Tenango del Aire y Tepetlixpa, el mandatario estatal refiri\u00f3 que el Estado de M\u00e9xico cuenta con m\u00e1s de un mill\u00f3n 400 mil cabezas de ovinos, por lo que es el n\u00famero uno en el pa\u00eds en este tipo de producci\u00f3n y agreg\u00f3 que esta actividad se fortalece con acciones como la mejora gen\u00e9tica.<\/p>\n<p>Asimismo, manifest\u00f3 que su administraci\u00f3n continuar\u00e1 apoyando al campo mexiquense, como lo ha hecho con productores de caf\u00e9, miel y aguacate, adem\u00e1s de seguir impulsando la alta productividad en la producci\u00f3n de ma\u00edz y tomate, ente otros.<\/p>\n<p>En su oportunidad, el Secretario de Desarrollo Agropecuario, Dar\u00edo Zacar\u00edas Capuchino, se\u00f1al\u00f3 que los apoyos entregados este d\u00eda a campesinos de municipios mexiquenses de la regi\u00f3n de los Volcanes, constituyen el ejemplo de la prioridad que el Gobierno mexiquense confiere al sector primario de la econom\u00eda.<\/p>\n<p>&#8220;El se\u00f1or Gobernador es un hombre comprometido con las familias del campo, que se ha dedicado a recorrer toda la cartograf\u00eda estatal con la finalidad de hacer entrega de apoyos y de recursos que permitan que la calidad de vida de las familias del campo mejoren\u201d, apunt\u00f3.<\/p>\n","protected":false},"excerpt":{"rendered":"<p>\u2022 Reciben productores, tractores, vientres lecheros, porcinos y remolques, entre otros. \u2022 Destaca que estos<\/p>\n","protected":false},"author":1,"featured_media":4698,"comment_status":"open","ping_status":"open","sticky":false,"template":"","format":"standard","meta":{"footnotes":""},"categories":[1],"tags":[17],"class_list":["post-4701","post","type-post","status-publish","format-standard","has-post-thumbnail","hentry","category-municipales","tag-tenango-del-aire"],"yoast_head":"<!-- This site is optimized with the Yoast SEO plugin v25.3 - https:\/\/yoast.com\/wordpress\/plugins\/seo\/ -->\n<title>Entrega Alfredo del Mazo apoyos agropecuarios a productores de la zona de los volcanes - Volcanes<\/title>\n<meta name=\"robots\" content=\"index, follow, max-snippet:-1, max-image-preview:large, max-video-preview:-1\" \/>\n<link rel=\"canonical\" href=\"https:\/\/volcanes.net\/?p=4701\" \/>\n<meta property=\"og:locale\" content=\"es_MX\" \/>\n<meta property=\"og:type\" content=\"article\" \/>\n<meta property=\"og:title\" content=\"Entrega Alfredo del Mazo apoyos agropecuarios a productores de la zona de los volcanes - Volcanes\" \/>\n<meta property=\"og:description\" content=\"\u2022 Reciben productores, tractores, vientres lecheros, porcinos y remolques, entre otros. \u2022 Destaca que estos\" \/>\n<meta property=\"og:url\" content=\"https:\/\/volcanes.net\/?p=4701\" \/>\n<meta property=\"og:site_name\" content=\"Volcanes\" \/>\n<meta property=\"article:publisher\" content=\"https:\/\/www.facebook.com\/volcanes.net\/\" \/>\n<meta property=\"article:published_time\" content=\"2019-05-16T23:05:36+00:00\" \/>\n<meta property=\"article:modified_time\" content=\"2019-05-16T23:07:49+00:00\" \/>\n<meta property=\"og:image\" content=\"https:\/\/volcanes.net\/wp-content\/uploads\/2019\/05\/IMG-20190516-WA0017_compress_16.jpg\" \/>\n\t<meta property=\"og:image:width\" content=\"1280\" \/>\n\t<meta property=\"og:image:height\" content=\"816\" \/>\n\t<meta property=\"og:image:type\" content=\"image\/jpeg\" \/>\n<meta name=\"author\" content=\"admin\" \/>\n<meta name=\"twitter:card\" content=\"summary_large_image\" \/>\n<meta name=\"twitter:label1\" content=\"Escrito por\" \/>\n\t<meta name=\"twitter:data1\" content=\"admin\" \/>\n\t<meta name=\"twitter:label2\" content=\"Tiempo de lectura\" \/>\n\t<meta name=\"twitter:data2\" content=\"3 minutos\" \/>\n<script type=\"application\/ld+json\" class=\"yoast-schema-graph\">{\"@context\":\"https:\/\/schema.org\",\"@graph\":[{\"@type\":\"Article\",\"@id\":\"https:\/\/volcanes.net\/?p=4701#article\",\"isPartOf\":{\"@id\":\"https:\/\/volcanes.net\/?p=4701\"},\"author\":{\"name\":\"admin\",\"@id\":\"https:\/\/volcanes.net\/#\/schema\/person\/4bf0f383940966a4abd53f5048c0e6b9\"},\"headline\":\"Entrega Alfredo del Mazo apoyos agropecuarios a productores de la zona de los volcanes\",\"datePublished\":\"2019-05-16T23:05:36+00:00\",\"dateModified\":\"2019-05-16T23:07:49+00:00\",\"mainEntityOfPage\":{\"@id\":\"https:\/\/volcanes.net\/?p=4701\"},\"wordCount\":562,\"commentCount\":0,\"publisher\":{\"@id\":\"https:\/\/volcanes.net\/#organization\"},\"image\":{\"@id\":\"https:\/\/volcanes.net\/?p=4701#primaryimage\"},\"thumbnailUrl\":\"https:\/\/volcanes.net\/wp-content\/uploads\/2019\/05\/IMG-20190516-WA0017_compress_16.jpg\",\"keywords\":[\"Tenango del Aire\"],\"articleSection\":[\"Municipales\"],\"inLanguage\":\"es\",\"potentialAction\":[{\"@type\":\"CommentAction\",\"name\":\"Comment\",\"target\":[\"https:\/\/volcanes.net\/?p=4701#respond\"]}]},{\"@type\":\"WebPage\",\"@id\":\"https:\/\/volcanes.net\/?p=4701\",\"url\":\"https:\/\/volcanes.net\/?p=4701\",\"name\":\"Entrega Alfredo del Mazo apoyos agropecuarios a productores de la zona de los volcanes - Volcanes\",\"isPartOf\":{\"@id\":\"https:\/\/volcanes.net\/#website\"},\"primaryImageOfPage\":{\"@id\":\"https:\/\/volcanes.net\/?p=4701#primaryimage\"},\"image\":{\"@id\":\"https:\/\/volcanes.net\/?p=4701#primaryimage\"},\"thumbnailUrl\":\"https:\/\/volcanes.net\/wp-content\/uploads\/2019\/05\/IMG-20190516-WA0017_compress_16.jpg\",\"datePublished\":\"2019-05-16T23:05:36+00:00\",\"dateModified\":\"2019-05-16T23:07:49+00:00\",\"breadcrumb\":{\"@id\":\"https:\/\/volcanes.net\/?p=4701#breadcrumb\"},\"inLanguage\":\"es\",\"potentialAction\":[{\"@type\":\"ReadAction\",\"target\":[\"https:\/\/volcanes.net\/?p=4701\"]}]},{\"@type\":\"ImageObject\",\"inLanguage\":\"es\",\"@id\":\"https:\/\/volcanes.net\/?p=4701#primaryimage\",\"url\":\"https:\/\/volcanes.net\/wp-content\/uploads\/2019\/05\/IMG-20190516-WA0017_compress_16.jpg\",\"contentUrl\":\"https:\/\/volcanes.net\/wp-content\/uploads\/2019\/05\/IMG-20190516-WA0017_compress_16.jpg\",\"width\":1280,\"height\":816},{\"@type\":\"BreadcrumbList\",\"@id\":\"https:\/\/volcanes.net\/?p=4701#breadcrumb\",\"itemListElement\":[{\"@type\":\"ListItem\",\"position\":1,\"name\":\"Portada\",\"item\":\"https:\/\/volcanes.net\/\"},{\"@type\":\"ListItem\",\"position\":2,\"name\":\"Entrega Alfredo del Mazo apoyos agropecuarios a productores de la zona de los volcanes\"}]},{\"@type\":\"WebSite\",\"@id\":\"https:\/\/volcanes.net\/#website\",\"url\":\"https:\/\/volcanes.net\/\",\"name\":\"Volcanes.Net\",\"description\":\"Periodismo Profesional\",\"publisher\":{\"@id\":\"https:\/\/volcanes.net\/#organization\"},\"potentialAction\":[{\"@type\":\"SearchAction\",\"target\":{\"@type\":\"EntryPoint\",\"urlTemplate\":\"https:\/\/volcanes.net\/?s={search_term_string}\"},\"query-input\":{\"@type\":\"PropertyValueSpecification\",\"valueRequired\":true,\"valueName\":\"search_term_string\"}}],\"inLanguage\":\"es\"},{\"@type\":\"Organization\",\"@id\":\"https:\/\/volcanes.net\/#organization\",\"name\":\"Grupo Volcanes\",\"url\":\"https:\/\/volcanes.net\/\",\"logo\":{\"@type\":\"ImageObject\",\"inLanguage\":\"es\",\"@id\":\"https:\/\/volcanes.net\/#\/schema\/logo\/image\/\",\"url\":\"http:\/\/volcanes.net\/wp-content\/uploads\/2017\/12\/Avatar2.jpg\",\"contentUrl\":\"http:\/\/volcanes.net\/wp-content\/uploads\/2017\/12\/Avatar2.jpg\",\"width\":378,\"height\":378,\"caption\":\"Grupo Volcanes\"},\"image\":{\"@id\":\"https:\/\/volcanes.net\/#\/schema\/logo\/image\/\"},\"sameAs\":[\"https:\/\/www.facebook.com\/volcanes.net\/\"]},{\"@type\":\"Person\",\"@id\":\"https:\/\/volcanes.net\/#\/schema\/person\/4bf0f383940966a4abd53f5048c0e6b9\",\"name\":\"admin\",\"image\":{\"@type\":\"ImageObject\",\"inLanguage\":\"es\",\"@id\":\"https:\/\/volcanes.net\/#\/schema\/person\/image\/\",\"url\":\"https:\/\/secure.gravatar.com\/avatar\/ca004e6cba8462b8cb7abc86e382930c?s=96&d=mm&r=g\",\"contentUrl\":\"https:\/\/secure.gravatar.com\/avatar\/ca004e6cba8462b8cb7abc86e382930c?s=96&d=mm&r=g\",\"caption\":\"admin\"}}]}<\/script>\n<!-- \/ Yoast SEO plugin. -->","yoast_head_json":{"title":"Entrega Alfredo del Mazo apoyos agropecuarios a productores de la zona de los volcanes - Volcanes","robots":{"index":"index","follow":"follow","max-snippet":"max-snippet:-1","max-image-preview":"max-image-preview:large","max-video-preview":"max-video-preview:-1"},"canonical":"https:\/\/volcanes.net\/?p=4701","og_locale":"es_MX","og_type":"article","og_title":"Entrega Alfredo del Mazo apoyos agropecuarios a productores de la zona de los volcanes - Volcanes","og_description":"\u2022 Reciben productores, tractores, vientres lecheros, porcinos y remolques, entre otros. \u2022 Destaca que estos","og_url":"https:\/\/volcanes.net\/?p=4701","og_site_name":"Volcanes","article_publisher":"https:\/\/www.facebook.com\/volcanes.net\/","article_published_time":"2019-05-16T23:05:36+00:00","article_modified_time":"2019-05-16T23:07:49+00:00","og_image":[{"width":1280,"height":816,"url":"https:\/\/volcanes.net\/wp-content\/uploads\/2019\/05\/IMG-20190516-WA0017_compress_16.jpg","type":"image\/jpeg"}],"author":"admin","twitter_card":"summary_large_image","twitter_misc":{"Escrito por":"admin","Tiempo de lectura":"3 minutos"},"schema":{"@context":"https:\/\/schema.org","@graph":[{"@type":"Article","@id":"https:\/\/volcanes.net\/?p=4701#article","isPartOf":{"@id":"https:\/\/volcanes.net\/?p=4701"},"author":{"name":"admin","@id":"https:\/\/volcanes.net\/#\/schema\/person\/4bf0f383940966a4abd53f5048c0e6b9"},"headline":"Entrega Alfredo del Mazo apoyos agropecuarios a productores de la zona de los volcanes","datePublished":"2019-05-16T23:05:36+00:00","dateModified":"2019-05-16T23:07:49+00:00","mainEntityOfPage":{"@id":"https:\/\/volcanes.net\/?p=4701"},"wordCount":562,"commentCount":0,"publisher":{"@id":"https:\/\/volcanes.net\/#organization"},"image":{"@id":"https:\/\/volcanes.net\/?p=4701#primaryimage"},"thumbnailUrl":"https:\/\/volcanes.net\/wp-content\/uploads\/2019\/05\/IMG-20190516-WA0017_compress_16.jpg","keywords":["Tenango del Aire"],"articleSection":["Municipales"],"inLanguage":"es","potentialAction":[{"@type":"CommentAction","name":"Comment","target":["https:\/\/volcanes.net\/?p=4701#respond"]}]},{"@type":"WebPage","@id":"https:\/\/volcanes.net\/?p=4701","url":"https:\/\/volcanes.net\/?p=4701","name":"Entrega Alfredo del Mazo apoyos agropecuarios a productores de la zona de los volcanes - Volcanes","isPartOf":{"@id":"https:\/\/volcanes.net\/#website"},"primaryImageOfPage":{"@id":"https:\/\/volcanes.net\/?p=4701#primaryimage"},"image":{"@id":"https:\/\/volcanes.net\/?p=4701#primaryimage"},"thumbnailUrl":"https:\/\/volcanes.net\/wp-content\/uploads\/2019\/05\/IMG-20190516-WA0017_compress_16.jpg","datePublished":"2019-05-16T23:05:36+00:00","dateModified":"2019-05-16T23:07:49+00:00","breadcrumb":{"@id":"https:\/\/volcanes.net\/?p=4701#breadcrumb"},"inLanguage":"es","potentialAction":[{"@type":"ReadAction","target":["https:\/\/volcanes.net\/?p=4701"]}]},{"@type":"ImageObject","inLanguage":"es","@id":"https:\/\/volcanes.net\/?p=4701#primaryimage","url":"https:\/\/volcanes.net\/wp-content\/uploads\/2019\/05\/IMG-20190516-WA0017_compress_16.jpg","contentUrl":"https:\/\/volcanes.net\/wp-content\/uploads\/2019\/05\/IMG-20190516-WA0017_compress_16.jpg","width":1280,"height":816},{"@type":"BreadcrumbList","@id":"https:\/\/volcanes.net\/?p=4701#breadcrumb","itemListElement":[{"@type":"ListItem","position":1,"name":"Portada","item":"https:\/\/volcanes.net\/"},{"@type":"ListItem","position":2,"name":"Entrega Alfredo del Mazo apoyos agropecuarios a productores de la zona de los volcanes"}]},{"@type":"WebSite","@id":"https:\/\/volcanes.net\/#website","url":"https:\/\/volcanes.net\/","name":"Volcanes.Net","description":"Periodismo Profesional","publisher":{"@id":"https:\/\/volcanes.net\/#organization"},"potentialAction":[{"@type":"SearchAction","target":{"@type":"EntryPoint","urlTemplate":"https:\/\/volcanes.net\/?s={search_term_string}"},"query-input":{"@type":"PropertyValueSpecification","valueRequired":true,"valueName":"search_term_string"}}],"inLanguage":"es"},{"@type":"Organization","@id":"https:\/\/volcanes.net\/#organization","name":"Grupo Volcanes","url":"https:\/\/volcanes.net\/","logo":{"@type":"ImageObject","inLanguage":"es","@id":"https:\/\/volcanes.net\/#\/schema\/logo\/image\/","url":"http:\/\/volcanes.net\/wp-content\/uploads\/2017\/12\/Avatar2.jpg","contentUrl":"http:\/\/volcanes.net\/wp-content\/uploads\/2017\/12\/Avatar2.jpg","width":378,"height":378,"caption":"Grupo Volcanes"},"image":{"@id":"https:\/\/volcanes.net\/#\/schema\/logo\/image\/"},"sameAs":["https:\/\/www.facebook.com\/volcanes.net\/"]},{"@type":"Person","@id":"https:\/\/volcanes.net\/#\/schema\/person\/4bf0f383940966a4abd53f5048c0e6b9","name":"admin","image":{"@type":"ImageObject","inLanguage":"es","@id":"https:\/\/volcanes.net\/#\/schema\/person\/image\/","url":"https:\/\/secure.gravatar.com\/avatar\/ca004e6cba8462b8cb7abc86e382930c?s=96&d=mm&r=g","contentUrl":"https:\/\/secure.gravatar.com\/avatar\/ca004e6cba8462b8cb7abc86e382930c?s=96&d=mm&r=g","caption":"admin"}}]}},"_links":{"self":[{"href":"https:\/\/volcanes.net\/index.php?rest_route=\/wp\/v2\/posts\/4701"}],"collection":[{"href":"https:\/\/volcanes.net\/index.php?rest_route=\/wp\/v2\/posts"}],"about":[{"href":"https:\/\/volcanes.net\/index.php?rest_route=\/wp\/v2\/types\/post"}],"author":[{"embeddable":true,"href":"https:\/\/volcanes.net\/index.php?rest_route=\/wp\/v2\/users\/1"}],"replies":[{"embeddable":true,"href":"https:\/\/volcanes.net\/index.php?rest_route=%2Fwp%2Fv2%2Fcomments&post=4701"}],"version-history":[{"count":1,"href":"https:\/\/volcanes.net\/index.php?rest_route=\/wp\/v2\/posts\/4701\/revisions"}],"predecessor-version":[{"id":4702,"href":"https:\/\/volcanes.net\/index.php?rest_route=\/wp\/v2\/posts\/4701\/revisions\/4702"}],"wp:featuredmedia":[{"embeddable":true,"href":"https:\/\/volcanes.net\/index.php?rest_route=\/wp\/v2\/media\/4698"}],"wp:attachment":[{"href":"https:\/\/volcanes.net\/index.php?rest_route=%2Fwp%2Fv2%2Fmedia&parent=4701"}],"wp:term":[{"taxonomy":"category","embeddable":true,"href":"https:\/\/volcanes.net\/index.php?rest_route=%2Fwp%2Fv2%2Fcategories&post=4701"},{"taxonomy":"post_tag","embeddable":true,"href":"https:\/\/volcanes.net\/index.php?rest_route=%2Fwp%2Fv2%2Ftags&post=4701"}],"curies":[{"name":"wp","href":"https:\/\/api.w.org\/{rel}","templated":true}]}}