{"id":4704,"date":"2019-05-17T05:04:21","date_gmt":"2019-05-17T11:04:21","guid":{"rendered":"http:\/\/volcanes.net\/?p=4704"},"modified":"2019-05-17T05:05:26","modified_gmt":"2019-05-17T11:05:26","slug":"realizan-feria-del-empleo-2019-en-chimalhuacan","status":"publish","type":"post","link":"https:\/\/volcanes.net\/?p=4704","title":{"rendered":"Realizan feria del empleo 2019 en Chimalhuac\u00e1n"},"content":{"rendered":"<div style=\"margin-top: 0px; margin-bottom: 0px;\" class=\"sharethis-inline-share-buttons\" ><\/div><p>El gobierno de Chimalhuac\u00e1n, en coordinaci\u00f3n con el Servicio Nacional de Empleo realiz\u00f3 en la Plaza de la Identidad, la Feria Regional del Empleo 2019, donde participaron 85 empresas e instituciones, ofertando m\u00e1s de 1,000 vacantes.<\/p>\n<p>\u201cEl principal objetivo de la feria consisti\u00f3 en vincular a empresas con buscadores de empleo, a trav\u00e9s de una amplia oferta en donde pudieron encontrar la actividad que mejor se adapt\u00f3 a sus necesidades\u201d, explic\u00f3 el edil, Jes\u00fas Tolentino Rom\u00e1n Boj\u00f3rquez.<\/p>\n<p>El evento fue encabezado por la secretaria del Ayuntamiento, Rosalba Pineda Ram\u00edrez, y la subdirectora del Servicio Nacional de Empleo en el Estado de M\u00e9xico, Lissette Plauchud Van Bertrab, as\u00ed como personal de la Direcci\u00f3n de Desarrollo Econ\u00f3mico, Fomento al Empleo y Comercio municipal.<\/p>\n<p>&#8220;A trav\u00e9s de estas acciones continuamos trabajando para brindar m\u00e1s y mejores oportunidades con las que poco a poco los chimalhuacanos pueden transformar su calidad de vida y ofrecer a sus familias un mejor futuro&#8221;, explic\u00f3 la secretaria del Ayuntamiento.<\/p>\n<p>Durante el evento, participaron empresas como: Sangr\u00eda se\u00f1orial, Flecha Roja, Oxxo, Sears, las Escuelas de Artes y Oficios 1 y 2, Polic\u00eda Federal, entre otras.<\/p>\n<p>La mayor\u00eda de los asistentes al evento oscila entre los 18 y 50 a\u00f1os de edad.<\/p>\n<p>Autoridades locales explicaron que, a trav\u00e9s de un registro electr\u00f3nico, se logr\u00f3 asignar un promedio de 500 vacantes.<\/p>\n<p>\u201cCon la Feria Regional del Empleo 2019, el gobierno municipal conf\u00eda en realizar esta actividad de manera peri\u00f3dica, y que sea s\u00f3lo el inicio de un c\u00famulo de hechos que demuestran c\u00f3mo Chimalhuac\u00e1n ha sumado esfuerzos a favor de sus habitantes\u201d, concluy\u00f3 Pineda Ram\u00edrez.<\/p>\n","protected":false},"excerpt":{"rendered":"<p>El gobierno de Chimalhuac\u00e1n, en coordinaci\u00f3n con el Servicio Nacional de Empleo realiz\u00f3 en la<\/p>\n","protected":false},"author":1,"featured_media":4703,"comment_status":"open","ping_status":"open","sticky":false,"template":"","format":"standard","meta":{"footnotes":""},"categories":[1],"tags":[73],"class_list":["post-4704","post","type-post","status-publish","format-standard","has-post-thumbnail","hentry","category-municipales","tag-chimalhuacan"],"yoast_head":"<!-- This site is optimized with the Yoast SEO plugin v25.3 - https:\/\/yoast.com\/wordpress\/plugins\/seo\/ -->\n<title>Realizan feria del empleo 2019 en Chimalhuac\u00e1n - Volcanes<\/title>\n<meta name=\"robots\" content=\"index, follow, max-snippet:-1, max-image-preview:large, max-video-preview:-1\" \/>\n<link rel=\"canonical\" href=\"https:\/\/volcanes.net\/?p=4704\" \/>\n<meta property=\"og:locale\" content=\"es_MX\" \/>\n<meta property=\"og:type\" content=\"article\" \/>\n<meta property=\"og:title\" content=\"Realizan feria del empleo 2019 en Chimalhuac\u00e1n - Volcanes\" \/>\n<meta property=\"og:description\" content=\"El gobierno de Chimalhuac\u00e1n, en coordinaci\u00f3n con el Servicio Nacional de Empleo realiz\u00f3 en la\" \/>\n<meta property=\"og:url\" content=\"https:\/\/volcanes.net\/?p=4704\" \/>\n<meta property=\"og:site_name\" content=\"Volcanes\" \/>\n<meta property=\"article:publisher\" content=\"https:\/\/www.facebook.com\/volcanes.net\/\" \/>\n<meta property=\"article:published_time\" content=\"2019-05-17T11:04:21+00:00\" \/>\n<meta property=\"article:modified_time\" content=\"2019-05-17T11:05:26+00:00\" \/>\n<meta property=\"og:image\" content=\"https:\/\/volcanes.net\/wp-content\/uploads\/2019\/05\/FB_IMG_1558090988463.jpg\" \/>\n\t<meta property=\"og:image:width\" content=\"720\" \/>\n\t<meta property=\"og:image:height\" content=\"480\" \/>\n\t<meta property=\"og:image:type\" content=\"image\/jpeg\" \/>\n<meta name=\"author\" content=\"admin\" \/>\n<meta name=\"twitter:card\" content=\"summary_large_image\" \/>\n<meta name=\"twitter:label1\" content=\"Escrito por\" \/>\n\t<meta name=\"twitter:data1\" content=\"admin\" \/>\n\t<meta name=\"twitter:label2\" content=\"Tiempo de lectura\" \/>\n\t<meta name=\"twitter:data2\" content=\"1 minuto\" \/>\n<script type=\"application\/ld+json\" class=\"yoast-schema-graph\">{\"@context\":\"https:\/\/schema.org\",\"@graph\":[{\"@type\":\"Article\",\"@id\":\"https:\/\/volcanes.net\/?p=4704#article\",\"isPartOf\":{\"@id\":\"https:\/\/volcanes.net\/?p=4704\"},\"author\":{\"name\":\"admin\",\"@id\":\"https:\/\/volcanes.net\/#\/schema\/person\/4bf0f383940966a4abd53f5048c0e6b9\"},\"headline\":\"Realizan feria del empleo 2019 en Chimalhuac\u00e1n\",\"datePublished\":\"2019-05-17T11:04:21+00:00\",\"dateModified\":\"2019-05-17T11:05:26+00:00\",\"mainEntityOfPage\":{\"@id\":\"https:\/\/volcanes.net\/?p=4704\"},\"wordCount\":289,\"commentCount\":0,\"publisher\":{\"@id\":\"https:\/\/volcanes.net\/#organization\"},\"image\":{\"@id\":\"https:\/\/volcanes.net\/?p=4704#primaryimage\"},\"thumbnailUrl\":\"https:\/\/volcanes.net\/wp-content\/uploads\/2019\/05\/FB_IMG_1558090988463.jpg\",\"keywords\":[\"Chimalhuac\u00e1n\"],\"articleSection\":[\"Municipales\"],\"inLanguage\":\"es\",\"potentialAction\":[{\"@type\":\"CommentAction\",\"name\":\"Comment\",\"target\":[\"https:\/\/volcanes.net\/?p=4704#respond\"]}]},{\"@type\":\"WebPage\",\"@id\":\"https:\/\/volcanes.net\/?p=4704\",\"url\":\"https:\/\/volcanes.net\/?p=4704\",\"name\":\"Realizan feria del empleo 2019 en Chimalhuac\u00e1n - Volcanes\",\"isPartOf\":{\"@id\":\"https:\/\/volcanes.net\/#website\"},\"primaryImageOfPage\":{\"@id\":\"https:\/\/volcanes.net\/?p=4704#primaryimage\"},\"image\":{\"@id\":\"https:\/\/volcanes.net\/?p=4704#primaryimage\"},\"thumbnailUrl\":\"https:\/\/volcanes.net\/wp-content\/uploads\/2019\/05\/FB_IMG_1558090988463.jpg\",\"datePublished\":\"2019-05-17T11:04:21+00:00\",\"dateModified\":\"2019-05-17T11:05:26+00:00\",\"breadcrumb\":{\"@id\":\"https:\/\/volcanes.net\/?p=4704#breadcrumb\"},\"inLanguage\":\"es\",\"potentialAction\":[{\"@type\":\"ReadAction\",\"target\":[\"https:\/\/volcanes.net\/?p=4704\"]}]},{\"@type\":\"ImageObject\",\"inLanguage\":\"es\",\"@id\":\"https:\/\/volcanes.net\/?p=4704#primaryimage\",\"url\":\"https:\/\/volcanes.net\/wp-content\/uploads\/2019\/05\/FB_IMG_1558090988463.jpg\",\"contentUrl\":\"https:\/\/volcanes.net\/wp-content\/uploads\/2019\/05\/FB_IMG_1558090988463.jpg\",\"width\":720,\"height\":480},{\"@type\":\"BreadcrumbList\",\"@id\":\"https:\/\/volcanes.net\/?p=4704#breadcrumb\",\"itemListElement\":[{\"@type\":\"ListItem\",\"position\":1,\"name\":\"Portada\",\"item\":\"https:\/\/volcanes.net\/\"},{\"@type\":\"ListItem\",\"position\":2,\"name\":\"Realizan feria del empleo 2019 en Chimalhuac\u00e1n\"}]},{\"@type\":\"WebSite\",\"@id\":\"https:\/\/volcanes.net\/#website\",\"url\":\"https:\/\/volcanes.net\/\",\"name\":\"Volcanes.Net\",\"description\":\"Periodismo Profesional\",\"publisher\":{\"@id\":\"https:\/\/volcanes.net\/#organization\"},\"potentialAction\":[{\"@type\":\"SearchAction\",\"target\":{\"@type\":\"EntryPoint\",\"urlTemplate\":\"https:\/\/volcanes.net\/?s={search_term_string}\"},\"query-input\":{\"@type\":\"PropertyValueSpecification\",\"valueRequired\":true,\"valueName\":\"search_term_string\"}}],\"inLanguage\":\"es\"},{\"@type\":\"Organization\",\"@id\":\"https:\/\/volcanes.net\/#organization\",\"name\":\"Grupo Volcanes\",\"url\":\"https:\/\/volcanes.net\/\",\"logo\":{\"@type\":\"ImageObject\",\"inLanguage\":\"es\",\"@id\":\"https:\/\/volcanes.net\/#\/schema\/logo\/image\/\",\"url\":\"http:\/\/volcanes.net\/wp-content\/uploads\/2017\/12\/Avatar2.jpg\",\"contentUrl\":\"http:\/\/volcanes.net\/wp-content\/uploads\/2017\/12\/Avatar2.jpg\",\"width\":378,\"height\":378,\"caption\":\"Grupo Volcanes\"},\"image\":{\"@id\":\"https:\/\/volcanes.net\/#\/schema\/logo\/image\/\"},\"sameAs\":[\"https:\/\/www.facebook.com\/volcanes.net\/\"]},{\"@type\":\"Person\",\"@id\":\"https:\/\/volcanes.net\/#\/schema\/person\/4bf0f383940966a4abd53f5048c0e6b9\",\"name\":\"admin\",\"image\":{\"@type\":\"ImageObject\",\"inLanguage\":\"es\",\"@id\":\"https:\/\/volcanes.net\/#\/schema\/person\/image\/\",\"url\":\"https:\/\/secure.gravatar.com\/avatar\/ca004e6cba8462b8cb7abc86e382930c?s=96&d=mm&r=g\",\"contentUrl\":\"https:\/\/secure.gravatar.com\/avatar\/ca004e6cba8462b8cb7abc86e382930c?s=96&d=mm&r=g\",\"caption\":\"admin\"}}]}<\/script>\n<!-- \/ Yoast SEO plugin. -->","yoast_head_json":{"title":"Realizan feria del empleo 2019 en Chimalhuac\u00e1n - Volcanes","robots":{"index":"index","follow":"follow","max-snippet":"max-snippet:-1","max-image-preview":"max-image-preview:large","max-video-preview":"max-video-preview:-1"},"canonical":"https:\/\/volcanes.net\/?p=4704","og_locale":"es_MX","og_type":"article","og_title":"Realizan feria del empleo 2019 en Chimalhuac\u00e1n - Volcanes","og_description":"El gobierno de Chimalhuac\u00e1n, en coordinaci\u00f3n con el Servicio Nacional de Empleo realiz\u00f3 en la","og_url":"https:\/\/volcanes.net\/?p=4704","og_site_name":"Volcanes","article_publisher":"https:\/\/www.facebook.com\/volcanes.net\/","article_published_time":"2019-05-17T11:04:21+00:00","article_modified_time":"2019-05-17T11:05:26+00:00","og_image":[{"width":720,"height":480,"url":"https:\/\/volcanes.net\/wp-content\/uploads\/2019\/05\/FB_IMG_1558090988463.jpg","type":"image\/jpeg"}],"author":"admin","twitter_card":"summary_large_image","twitter_misc":{"Escrito por":"admin","Tiempo de lectura":"1 minuto"},"schema":{"@context":"https:\/\/schema.org","@graph":[{"@type":"Article","@id":"https:\/\/volcanes.net\/?p=4704#article","isPartOf":{"@id":"https:\/\/volcanes.net\/?p=4704"},"author":{"name":"admin","@id":"https:\/\/volcanes.net\/#\/schema\/person\/4bf0f383940966a4abd53f5048c0e6b9"},"headline":"Realizan feria del empleo 2019 en Chimalhuac\u00e1n","datePublished":"2019-05-17T11:04:21+00:00","dateModified":"2019-05-17T11:05:26+00:00","mainEntityOfPage":{"@id":"https:\/\/volcanes.net\/?p=4704"},"wordCount":289,"commentCount":0,"publisher":{"@id":"https:\/\/volcanes.net\/#organization"},"image":{"@id":"https:\/\/volcanes.net\/?p=4704#primaryimage"},"thumbnailUrl":"https:\/\/volcanes.net\/wp-content\/uploads\/2019\/05\/FB_IMG_1558090988463.jpg","keywords":["Chimalhuac\u00e1n"],"articleSection":["Municipales"],"inLanguage":"es","potentialAction":[{"@type":"CommentAction","name":"Comment","target":["https:\/\/volcanes.net\/?p=4704#respond"]}]},{"@type":"WebPage","@id":"https:\/\/volcanes.net\/?p=4704","url":"https:\/\/volcanes.net\/?p=4704","name":"Realizan feria del empleo 2019 en Chimalhuac\u00e1n - Volcanes","isPartOf":{"@id":"https:\/\/volcanes.net\/#website"},"primaryImageOfPage":{"@id":"https:\/\/volcanes.net\/?p=4704#primaryimage"},"image":{"@id":"https:\/\/volcanes.net\/?p=4704#primaryimage"},"thumbnailUrl":"https:\/\/volcanes.net\/wp-content\/uploads\/2019\/05\/FB_IMG_1558090988463.jpg","datePublished":"2019-05-17T11:04:21+00:00","dateModified":"2019-05-17T11:05:26+00:00","breadcrumb":{"@id":"https:\/\/volcanes.net\/?p=4704#breadcrumb"},"inLanguage":"es","potentialAction":[{"@type":"ReadAction","target":["https:\/\/volcanes.net\/?p=4704"]}]},{"@type":"ImageObject","inLanguage":"es","@id":"https:\/\/volcanes.net\/?p=4704#primaryimage","url":"https:\/\/volcanes.net\/wp-content\/uploads\/2019\/05\/FB_IMG_1558090988463.jpg","contentUrl":"https:\/\/volcanes.net\/wp-content\/uploads\/2019\/05\/FB_IMG_1558090988463.jpg","width":720,"height":480},{"@type":"BreadcrumbList","@id":"https:\/\/volcanes.net\/?p=4704#breadcrumb","itemListElement":[{"@type":"ListItem","position":1,"name":"Portada","item":"https:\/\/volcanes.net\/"},{"@type":"ListItem","position":2,"name":"Realizan feria del empleo 2019 en Chimalhuac\u00e1n"}]},{"@type":"WebSite","@id":"https:\/\/volcanes.net\/#website","url":"https:\/\/volcanes.net\/","name":"Volcanes.Net","description":"Periodismo Profesional","publisher":{"@id":"https:\/\/volcanes.net\/#organization"},"potentialAction":[{"@type":"SearchAction","target":{"@type":"EntryPoint","urlTemplate":"https:\/\/volcanes.net\/?s={search_term_string}"},"query-input":{"@type":"PropertyValueSpecification","valueRequired":true,"valueName":"search_term_string"}}],"inLanguage":"es"},{"@type":"Organization","@id":"https:\/\/volcanes.net\/#organization","name":"Grupo Volcanes","url":"https:\/\/volcanes.net\/","logo":{"@type":"ImageObject","inLanguage":"es","@id":"https:\/\/volcanes.net\/#\/schema\/logo\/image\/","url":"http:\/\/volcanes.net\/wp-content\/uploads\/2017\/12\/Avatar2.jpg","contentUrl":"http:\/\/volcanes.net\/wp-content\/uploads\/2017\/12\/Avatar2.jpg","width":378,"height":378,"caption":"Grupo Volcanes"},"image":{"@id":"https:\/\/volcanes.net\/#\/schema\/logo\/image\/"},"sameAs":["https:\/\/www.facebook.com\/volcanes.net\/"]},{"@type":"Person","@id":"https:\/\/volcanes.net\/#\/schema\/person\/4bf0f383940966a4abd53f5048c0e6b9","name":"admin","image":{"@type":"ImageObject","inLanguage":"es","@id":"https:\/\/volcanes.net\/#\/schema\/person\/image\/","url":"https:\/\/secure.gravatar.com\/avatar\/ca004e6cba8462b8cb7abc86e382930c?s=96&d=mm&r=g","contentUrl":"https:\/\/secure.gravatar.com\/avatar\/ca004e6cba8462b8cb7abc86e382930c?s=96&d=mm&r=g","caption":"admin"}}]}},"_links":{"self":[{"href":"https:\/\/volcanes.net\/index.php?rest_route=\/wp\/v2\/posts\/4704"}],"collection":[{"href":"https:\/\/volcanes.net\/index.php?rest_route=\/wp\/v2\/posts"}],"about":[{"href":"https:\/\/volcanes.net\/index.php?rest_route=\/wp\/v2\/types\/post"}],"author":[{"embeddable":true,"href":"https:\/\/volcanes.net\/index.php?rest_route=\/wp\/v2\/users\/1"}],"replies":[{"embeddable":true,"href":"https:\/\/volcanes.net\/index.php?rest_route=%2Fwp%2Fv2%2Fcomments&post=4704"}],"version-history":[{"count":1,"href":"https:\/\/volcanes.net\/index.php?rest_route=\/wp\/v2\/posts\/4704\/revisions"}],"predecessor-version":[{"id":4705,"href":"https:\/\/volcanes.net\/index.php?rest_route=\/wp\/v2\/posts\/4704\/revisions\/4705"}],"wp:featuredmedia":[{"embeddable":true,"href":"https:\/\/volcanes.net\/index.php?rest_route=\/wp\/v2\/media\/4703"}],"wp:attachment":[{"href":"https:\/\/volcanes.net\/index.php?rest_route=%2Fwp%2Fv2%2Fmedia&parent=4704"}],"wp:term":[{"taxonomy":"category","embeddable":true,"href":"https:\/\/volcanes.net\/index.php?rest_route=%2Fwp%2Fv2%2Fcategories&post=4704"},{"taxonomy":"post_tag","embeddable":true,"href":"https:\/\/volcanes.net\/index.php?rest_route=%2Fwp%2Fv2%2Ftags&post=4704"}],"curies":[{"name":"wp","href":"https:\/\/api.w.org\/{rel}","templated":true}]}}