{"id":4708,"date":"2019-05-17T19:13:49","date_gmt":"2019-05-18T01:13:49","guid":{"rendered":"http:\/\/volcanes.net\/?p=4708"},"modified":"2019-05-18T05:12:16","modified_gmt":"2019-05-18T11:12:16","slug":"dos-lesionados-y-un-muerto-tras-explosion-en-vivienda-de-neza","status":"publish","type":"post","link":"https:\/\/volcanes.net\/?p=4708","title":{"rendered":"Dos lesionados y un muerto tras explosi\u00f3n en vivienda de Neza"},"content":{"rendered":"<div style=\"margin-top: 0px; margin-bottom: 0px;\" class=\"sharethis-inline-share-buttons\" ><\/div><p>Esta tarde se registr\u00f3 una explosi\u00f3n al interior de una vivienda, en la colonia Benito Ju\u00e1rez de Cd. Nezahualc\u00f3yotl, dejando un saldo de 2 personas lesionadas y una fallecida.<\/p>\n<p>Seg\u00fan vecinos y familiares de las personas afectadas, quienes habitaban la casa marcada con el n\u00famero 352 de la calle Mariquita Linda, una acumulaci\u00f3n de gas y el mal estado de una estufa, al interior de la cocina, fue lo que ocasion\u00f3 el estallido.<\/p>\n<p>De inmediato, al percatarse los vecinos que sal\u00edan llamas de los cuartos de la vivienda, trataron de ayudar a sofocar el incendio con cubetas con agua, en minutos arribo personal de Bomberos y Seguridad P\u00fablica de Nezahualc\u00f3yotl, as\u00ed como unidades de Rescate Municipal y Cruz Roja Mexicana.<\/p>\n<p>Durante poco m\u00e1s de media hora lograron apagar el fuego, sin embargo, en el siniestro perdi\u00f3 la vida V\u00edctor Orlando S\u00e1nchez R\u00edos, de 39 a\u00f1os, y tuvieron que ser atendidas dos femeninas, Mar\u00eda Fernanda S\u00e1nchez de 18 a\u00f1os, qui\u00e9n result\u00f3 con quemaduras en su brazo izquierdo, siendo trasladada al Hospital La Perla y Marlene S\u00e1nchez S\u00e1nchez de 10 a\u00f1os, por intoxicaci\u00f3n, atendida en una ambulanca en el lugar.<\/p>\n<p>Luego de ser controlado el fuego, la zona fue acordonada para que personal del servicio m\u00e9dico forense realizar\u00e1 el levantamiento y traslado de la persona fallecida e inicien las investigaciones correspondientes.<\/p>\n","protected":false},"excerpt":{"rendered":"<p>Esta tarde se registr\u00f3 una explosi\u00f3n al interior de una vivienda, en la colonia Benito<\/p>\n","protected":false},"author":1,"featured_media":4707,"comment_status":"open","ping_status":"open","sticky":false,"template":"","format":"standard","meta":{"footnotes":""},"categories":[1],"tags":[21],"class_list":["post-4708","post","type-post","status-publish","format-standard","has-post-thumbnail","hentry","category-municipales","tag-nezahualcoyotl"],"yoast_head":"<!-- This site is optimized with the Yoast SEO plugin v25.3 - https:\/\/yoast.com\/wordpress\/plugins\/seo\/ -->\n<title>Dos lesionados y un muerto tras explosi\u00f3n en vivienda de Neza - Volcanes<\/title>\n<meta name=\"robots\" content=\"index, follow, max-snippet:-1, max-image-preview:large, max-video-preview:-1\" \/>\n<link rel=\"canonical\" href=\"https:\/\/volcanes.net\/?p=4708\" \/>\n<meta property=\"og:locale\" content=\"es_MX\" \/>\n<meta property=\"og:type\" content=\"article\" \/>\n<meta property=\"og:title\" content=\"Dos lesionados y un muerto tras explosi\u00f3n en vivienda de Neza - Volcanes\" \/>\n<meta property=\"og:description\" content=\"Esta tarde se registr\u00f3 una explosi\u00f3n al interior de una vivienda, en la colonia Benito\" \/>\n<meta property=\"og:url\" content=\"https:\/\/volcanes.net\/?p=4708\" \/>\n<meta property=\"og:site_name\" content=\"Volcanes\" \/>\n<meta property=\"article:publisher\" content=\"https:\/\/www.facebook.com\/volcanes.net\/\" \/>\n<meta property=\"article:published_time\" content=\"2019-05-18T01:13:49+00:00\" \/>\n<meta property=\"article:modified_time\" content=\"2019-05-18T11:12:16+00:00\" \/>\n<meta property=\"og:image\" content=\"https:\/\/volcanes.net\/wp-content\/uploads\/2019\/05\/IMG-20190517-WA0015_compress_4.jpg\" \/>\n\t<meta property=\"og:image:width\" content=\"1040\" \/>\n\t<meta property=\"og:image:height\" content=\"584\" \/>\n\t<meta property=\"og:image:type\" content=\"image\/jpeg\" \/>\n<meta name=\"author\" content=\"admin\" \/>\n<meta name=\"twitter:card\" content=\"summary_large_image\" \/>\n<meta name=\"twitter:label1\" content=\"Escrito por\" \/>\n\t<meta name=\"twitter:data1\" content=\"admin\" \/>\n\t<meta name=\"twitter:label2\" content=\"Tiempo de lectura\" \/>\n\t<meta name=\"twitter:data2\" content=\"1 minuto\" \/>\n<script type=\"application\/ld+json\" class=\"yoast-schema-graph\">{\"@context\":\"https:\/\/schema.org\",\"@graph\":[{\"@type\":\"Article\",\"@id\":\"https:\/\/volcanes.net\/?p=4708#article\",\"isPartOf\":{\"@id\":\"https:\/\/volcanes.net\/?p=4708\"},\"author\":{\"name\":\"admin\",\"@id\":\"https:\/\/volcanes.net\/#\/schema\/person\/4bf0f383940966a4abd53f5048c0e6b9\"},\"headline\":\"Dos lesionados y un muerto tras explosi\u00f3n en vivienda de Neza\",\"datePublished\":\"2019-05-18T01:13:49+00:00\",\"dateModified\":\"2019-05-18T11:12:16+00:00\",\"mainEntityOfPage\":{\"@id\":\"https:\/\/volcanes.net\/?p=4708\"},\"wordCount\":249,\"commentCount\":0,\"publisher\":{\"@id\":\"https:\/\/volcanes.net\/#organization\"},\"image\":{\"@id\":\"https:\/\/volcanes.net\/?p=4708#primaryimage\"},\"thumbnailUrl\":\"https:\/\/volcanes.net\/wp-content\/uploads\/2019\/05\/IMG-20190517-WA0015_compress_4.jpg\",\"keywords\":[\"Nezahualc\u00f3yotl\"],\"articleSection\":[\"Municipales\"],\"inLanguage\":\"es\",\"potentialAction\":[{\"@type\":\"CommentAction\",\"name\":\"Comment\",\"target\":[\"https:\/\/volcanes.net\/?p=4708#respond\"]}]},{\"@type\":\"WebPage\",\"@id\":\"https:\/\/volcanes.net\/?p=4708\",\"url\":\"https:\/\/volcanes.net\/?p=4708\",\"name\":\"Dos lesionados y un muerto tras explosi\u00f3n en vivienda de Neza - Volcanes\",\"isPartOf\":{\"@id\":\"https:\/\/volcanes.net\/#website\"},\"primaryImageOfPage\":{\"@id\":\"https:\/\/volcanes.net\/?p=4708#primaryimage\"},\"image\":{\"@id\":\"https:\/\/volcanes.net\/?p=4708#primaryimage\"},\"thumbnailUrl\":\"https:\/\/volcanes.net\/wp-content\/uploads\/2019\/05\/IMG-20190517-WA0015_compress_4.jpg\",\"datePublished\":\"2019-05-18T01:13:49+00:00\",\"dateModified\":\"2019-05-18T11:12:16+00:00\",\"breadcrumb\":{\"@id\":\"https:\/\/volcanes.net\/?p=4708#breadcrumb\"},\"inLanguage\":\"es\",\"potentialAction\":[{\"@type\":\"ReadAction\",\"target\":[\"https:\/\/volcanes.net\/?p=4708\"]}]},{\"@type\":\"ImageObject\",\"inLanguage\":\"es\",\"@id\":\"https:\/\/volcanes.net\/?p=4708#primaryimage\",\"url\":\"https:\/\/volcanes.net\/wp-content\/uploads\/2019\/05\/IMG-20190517-WA0015_compress_4.jpg\",\"contentUrl\":\"https:\/\/volcanes.net\/wp-content\/uploads\/2019\/05\/IMG-20190517-WA0015_compress_4.jpg\",\"width\":1040,\"height\":584},{\"@type\":\"BreadcrumbList\",\"@id\":\"https:\/\/volcanes.net\/?p=4708#breadcrumb\",\"itemListElement\":[{\"@type\":\"ListItem\",\"position\":1,\"name\":\"Portada\",\"item\":\"https:\/\/volcanes.net\/\"},{\"@type\":\"ListItem\",\"position\":2,\"name\":\"Dos lesionados y un muerto tras explosi\u00f3n en vivienda de Neza\"}]},{\"@type\":\"WebSite\",\"@id\":\"https:\/\/volcanes.net\/#website\",\"url\":\"https:\/\/volcanes.net\/\",\"name\":\"Volcanes.Net\",\"description\":\"Periodismo Profesional\",\"publisher\":{\"@id\":\"https:\/\/volcanes.net\/#organization\"},\"potentialAction\":[{\"@type\":\"SearchAction\",\"target\":{\"@type\":\"EntryPoint\",\"urlTemplate\":\"https:\/\/volcanes.net\/?s={search_term_string}\"},\"query-input\":{\"@type\":\"PropertyValueSpecification\",\"valueRequired\":true,\"valueName\":\"search_term_string\"}}],\"inLanguage\":\"es\"},{\"@type\":\"Organization\",\"@id\":\"https:\/\/volcanes.net\/#organization\",\"name\":\"Grupo Volcanes\",\"url\":\"https:\/\/volcanes.net\/\",\"logo\":{\"@type\":\"ImageObject\",\"inLanguage\":\"es\",\"@id\":\"https:\/\/volcanes.net\/#\/schema\/logo\/image\/\",\"url\":\"http:\/\/volcanes.net\/wp-content\/uploads\/2017\/12\/Avatar2.jpg\",\"contentUrl\":\"http:\/\/volcanes.net\/wp-content\/uploads\/2017\/12\/Avatar2.jpg\",\"width\":378,\"height\":378,\"caption\":\"Grupo Volcanes\"},\"image\":{\"@id\":\"https:\/\/volcanes.net\/#\/schema\/logo\/image\/\"},\"sameAs\":[\"https:\/\/www.facebook.com\/volcanes.net\/\"]},{\"@type\":\"Person\",\"@id\":\"https:\/\/volcanes.net\/#\/schema\/person\/4bf0f383940966a4abd53f5048c0e6b9\",\"name\":\"admin\",\"image\":{\"@type\":\"ImageObject\",\"inLanguage\":\"es\",\"@id\":\"https:\/\/volcanes.net\/#\/schema\/person\/image\/\",\"url\":\"https:\/\/secure.gravatar.com\/avatar\/ca004e6cba8462b8cb7abc86e382930c?s=96&d=mm&r=g\",\"contentUrl\":\"https:\/\/secure.gravatar.com\/avatar\/ca004e6cba8462b8cb7abc86e382930c?s=96&d=mm&r=g\",\"caption\":\"admin\"}}]}<\/script>\n<!-- \/ Yoast SEO plugin. -->","yoast_head_json":{"title":"Dos lesionados y un muerto tras explosi\u00f3n en vivienda de Neza - Volcanes","robots":{"index":"index","follow":"follow","max-snippet":"max-snippet:-1","max-image-preview":"max-image-preview:large","max-video-preview":"max-video-preview:-1"},"canonical":"https:\/\/volcanes.net\/?p=4708","og_locale":"es_MX","og_type":"article","og_title":"Dos lesionados y un muerto tras explosi\u00f3n en vivienda de Neza - Volcanes","og_description":"Esta tarde se registr\u00f3 una explosi\u00f3n al interior de una vivienda, en la colonia Benito","og_url":"https:\/\/volcanes.net\/?p=4708","og_site_name":"Volcanes","article_publisher":"https:\/\/www.facebook.com\/volcanes.net\/","article_published_time":"2019-05-18T01:13:49+00:00","article_modified_time":"2019-05-18T11:12:16+00:00","og_image":[{"width":1040,"height":584,"url":"https:\/\/volcanes.net\/wp-content\/uploads\/2019\/05\/IMG-20190517-WA0015_compress_4.jpg","type":"image\/jpeg"}],"author":"admin","twitter_card":"summary_large_image","twitter_misc":{"Escrito por":"admin","Tiempo de lectura":"1 minuto"},"schema":{"@context":"https:\/\/schema.org","@graph":[{"@type":"Article","@id":"https:\/\/volcanes.net\/?p=4708#article","isPartOf":{"@id":"https:\/\/volcanes.net\/?p=4708"},"author":{"name":"admin","@id":"https:\/\/volcanes.net\/#\/schema\/person\/4bf0f383940966a4abd53f5048c0e6b9"},"headline":"Dos lesionados y un muerto tras explosi\u00f3n en vivienda de Neza","datePublished":"2019-05-18T01:13:49+00:00","dateModified":"2019-05-18T11:12:16+00:00","mainEntityOfPage":{"@id":"https:\/\/volcanes.net\/?p=4708"},"wordCount":249,"commentCount":0,"publisher":{"@id":"https:\/\/volcanes.net\/#organization"},"image":{"@id":"https:\/\/volcanes.net\/?p=4708#primaryimage"},"thumbnailUrl":"https:\/\/volcanes.net\/wp-content\/uploads\/2019\/05\/IMG-20190517-WA0015_compress_4.jpg","keywords":["Nezahualc\u00f3yotl"],"articleSection":["Municipales"],"inLanguage":"es","potentialAction":[{"@type":"CommentAction","name":"Comment","target":["https:\/\/volcanes.net\/?p=4708#respond"]}]},{"@type":"WebPage","@id":"https:\/\/volcanes.net\/?p=4708","url":"https:\/\/volcanes.net\/?p=4708","name":"Dos lesionados y un muerto tras explosi\u00f3n en vivienda de Neza - Volcanes","isPartOf":{"@id":"https:\/\/volcanes.net\/#website"},"primaryImageOfPage":{"@id":"https:\/\/volcanes.net\/?p=4708#primaryimage"},"image":{"@id":"https:\/\/volcanes.net\/?p=4708#primaryimage"},"thumbnailUrl":"https:\/\/volcanes.net\/wp-content\/uploads\/2019\/05\/IMG-20190517-WA0015_compress_4.jpg","datePublished":"2019-05-18T01:13:49+00:00","dateModified":"2019-05-18T11:12:16+00:00","breadcrumb":{"@id":"https:\/\/volcanes.net\/?p=4708#breadcrumb"},"inLanguage":"es","potentialAction":[{"@type":"ReadAction","target":["https:\/\/volcanes.net\/?p=4708"]}]},{"@type":"ImageObject","inLanguage":"es","@id":"https:\/\/volcanes.net\/?p=4708#primaryimage","url":"https:\/\/volcanes.net\/wp-content\/uploads\/2019\/05\/IMG-20190517-WA0015_compress_4.jpg","contentUrl":"https:\/\/volcanes.net\/wp-content\/uploads\/2019\/05\/IMG-20190517-WA0015_compress_4.jpg","width":1040,"height":584},{"@type":"BreadcrumbList","@id":"https:\/\/volcanes.net\/?p=4708#breadcrumb","itemListElement":[{"@type":"ListItem","position":1,"name":"Portada","item":"https:\/\/volcanes.net\/"},{"@type":"ListItem","position":2,"name":"Dos lesionados y un muerto tras explosi\u00f3n en vivienda de Neza"}]},{"@type":"WebSite","@id":"https:\/\/volcanes.net\/#website","url":"https:\/\/volcanes.net\/","name":"Volcanes.Net","description":"Periodismo Profesional","publisher":{"@id":"https:\/\/volcanes.net\/#organization"},"potentialAction":[{"@type":"SearchAction","target":{"@type":"EntryPoint","urlTemplate":"https:\/\/volcanes.net\/?s={search_term_string}"},"query-input":{"@type":"PropertyValueSpecification","valueRequired":true,"valueName":"search_term_string"}}],"inLanguage":"es"},{"@type":"Organization","@id":"https:\/\/volcanes.net\/#organization","name":"Grupo Volcanes","url":"https:\/\/volcanes.net\/","logo":{"@type":"ImageObject","inLanguage":"es","@id":"https:\/\/volcanes.net\/#\/schema\/logo\/image\/","url":"http:\/\/volcanes.net\/wp-content\/uploads\/2017\/12\/Avatar2.jpg","contentUrl":"http:\/\/volcanes.net\/wp-content\/uploads\/2017\/12\/Avatar2.jpg","width":378,"height":378,"caption":"Grupo Volcanes"},"image":{"@id":"https:\/\/volcanes.net\/#\/schema\/logo\/image\/"},"sameAs":["https:\/\/www.facebook.com\/volcanes.net\/"]},{"@type":"Person","@id":"https:\/\/volcanes.net\/#\/schema\/person\/4bf0f383940966a4abd53f5048c0e6b9","name":"admin","image":{"@type":"ImageObject","inLanguage":"es","@id":"https:\/\/volcanes.net\/#\/schema\/person\/image\/","url":"https:\/\/secure.gravatar.com\/avatar\/ca004e6cba8462b8cb7abc86e382930c?s=96&d=mm&r=g","contentUrl":"https:\/\/secure.gravatar.com\/avatar\/ca004e6cba8462b8cb7abc86e382930c?s=96&d=mm&r=g","caption":"admin"}}]}},"_links":{"self":[{"href":"https:\/\/volcanes.net\/index.php?rest_route=\/wp\/v2\/posts\/4708"}],"collection":[{"href":"https:\/\/volcanes.net\/index.php?rest_route=\/wp\/v2\/posts"}],"about":[{"href":"https:\/\/volcanes.net\/index.php?rest_route=\/wp\/v2\/types\/post"}],"author":[{"embeddable":true,"href":"https:\/\/volcanes.net\/index.php?rest_route=\/wp\/v2\/users\/1"}],"replies":[{"embeddable":true,"href":"https:\/\/volcanes.net\/index.php?rest_route=%2Fwp%2Fv2%2Fcomments&post=4708"}],"version-history":[{"count":1,"href":"https:\/\/volcanes.net\/index.php?rest_route=\/wp\/v2\/posts\/4708\/revisions"}],"predecessor-version":[{"id":4709,"href":"https:\/\/volcanes.net\/index.php?rest_route=\/wp\/v2\/posts\/4708\/revisions\/4709"}],"wp:featuredmedia":[{"embeddable":true,"href":"https:\/\/volcanes.net\/index.php?rest_route=\/wp\/v2\/media\/4707"}],"wp:attachment":[{"href":"https:\/\/volcanes.net\/index.php?rest_route=%2Fwp%2Fv2%2Fmedia&parent=4708"}],"wp:term":[{"taxonomy":"category","embeddable":true,"href":"https:\/\/volcanes.net\/index.php?rest_route=%2Fwp%2Fv2%2Fcategories&post=4708"},{"taxonomy":"post_tag","embeddable":true,"href":"https:\/\/volcanes.net\/index.php?rest_route=%2Fwp%2Fv2%2Ftags&post=4708"}],"curies":[{"name":"wp","href":"https:\/\/api.w.org\/{rel}","templated":true}]}}