{"id":4723,"date":"2019-05-18T11:58:15","date_gmt":"2019-05-18T17:58:15","guid":{"rendered":"http:\/\/volcanes.net\/?p=4723"},"modified":"2019-05-18T11:58:38","modified_gmt":"2019-05-18T17:58:38","slug":"concurso-anual-de-talla-en-piedra-2019","status":"publish","type":"post","link":"https:\/\/volcanes.net\/?p=4723","title":{"rendered":"Concurso Anual de Talla en Piedra 2019"},"content":{"rendered":"<div style=\"margin-top: 0px; margin-bottom: 0px;\" class=\"sharethis-inline-share-buttons\" ><\/div><p>El gobierno del Nuevo Chimalhuac\u00e1n, a trav\u00e9s del Patronato de la Feria Metropolitana Artesanal y Cultural 2019, realiz\u00f3 el sorteo y la entrega de 135 bloques de cantera a los participantes del concurso anual de Talla en Piedra, el cual se llevar\u00e1 a cabo del 18 de mayo al 2 de junio, en el Recinto Ferial.<\/p>\n<p>\u201cEn esta edici\u00f3n los canteros, cuyas edades van de los 25 a los 85 a\u00f1os, contar\u00e1n con 15 d\u00edas para labrar un bloque de piedra de aproximadamente 60 cent\u00edmetros de largo por 60 cent\u00edmetros de ancho, y plasmar su obra bajo la tem\u00e1tica 18 a\u00f1os consolidando arte, cultura y progreso\u201d, explic\u00f3 el alcalde, Jes\u00fas Tolentino Rom\u00e1n Boj\u00f3rquez.<\/p>\n<p>Indic\u00f3 que el certamen est\u00e1 dividido en las categor\u00edas M\u00e1ster Figurativo, M\u00e1ster Contempor\u00e1neo, Tradicional, Nuevos Dise\u00f1os y Especialidad en M\u00e1rmol y \u00d3nix. En esta ocasi\u00f3n 51 talladores trabajar\u00e1n sus piezas en recinto, 62 en cantera, 20 en m\u00e1rmol y 2 en \u00f3nix.<\/p>\n<p>\u201cEste a\u00f1o, destaca la participaci\u00f3n de siete mujeres, adem\u00e1s de escultores procedentes de Chile, Colombia, Ecuador y Cuba. El resto de canteros son chimalhuacanos y municipios como Nezahualc\u00f3yotl, Naucalpan, Texcoco Chicoloapan, San Felipe del Progreso, as\u00ed como de las alcald\u00edas Iztacalco, Xochimilco e Iztapalapa.<\/p>\n<p>Una de las participantes es la estudiante Ana Karen Segundo, de 26 a\u00f1os de edad, vecina del barrio Carpinteros, quien agradeci\u00f3 a las autoridades la oportunidad de concursar al lado de canteros de gran trayectoria.<\/p>\n<p>\u201cEs la primera vez que participo, tengo dos a\u00f1os asistiendo a la Escuela Taller del Cantero y el concurso es una muestra del avance que logr\u00e9 gracias a mis profesores y al empe\u00f1o puesto en cada sesi\u00f3n\u201d.<\/p>\n<p>La coordinadora del concurso, M\u00f3nica Hern\u00e1ndez Zarate refiri\u00f3 que el tallado en piedra es el eje principal de la Feria Metropolitana, la cual desde hace 18 a\u00f1os busca fomentar este oficio milenario.<\/p>\n<p>Finalmente, miembros del Patronato de la Feria Metropolitana detallaron que el d\u00eda 1 de junio, los canteros entregar\u00e1n sus figuras concluidas y el d\u00eda 2 de junio se dar\u00e1 a conocer a los ganadores del certamen durante la clausura del evento.<\/p>\n","protected":false},"excerpt":{"rendered":"<p>El gobierno del Nuevo Chimalhuac\u00e1n, a trav\u00e9s del Patronato de la Feria Metropolitana Artesanal y<\/p>\n","protected":false},"author":1,"featured_media":4722,"comment_status":"open","ping_status":"open","sticky":false,"template":"","format":"standard","meta":{"footnotes":""},"categories":[1],"tags":[73],"class_list":["post-4723","post","type-post","status-publish","format-standard","has-post-thumbnail","hentry","category-municipales","tag-chimalhuacan"],"yoast_head":"<!-- This site is optimized with the Yoast SEO plugin v25.3 - https:\/\/yoast.com\/wordpress\/plugins\/seo\/ -->\n<title>Concurso Anual de Talla en Piedra 2019 - Volcanes<\/title>\n<meta name=\"robots\" content=\"index, follow, max-snippet:-1, max-image-preview:large, max-video-preview:-1\" \/>\n<link rel=\"canonical\" href=\"https:\/\/volcanes.net\/?p=4723\" \/>\n<meta property=\"og:locale\" content=\"es_MX\" \/>\n<meta property=\"og:type\" content=\"article\" \/>\n<meta property=\"og:title\" content=\"Concurso Anual de Talla en Piedra 2019 - Volcanes\" \/>\n<meta property=\"og:description\" content=\"El gobierno del Nuevo Chimalhuac\u00e1n, a trav\u00e9s del Patronato de la Feria Metropolitana Artesanal y\" \/>\n<meta property=\"og:url\" content=\"https:\/\/volcanes.net\/?p=4723\" \/>\n<meta property=\"og:site_name\" content=\"Volcanes\" \/>\n<meta property=\"article:publisher\" content=\"https:\/\/www.facebook.com\/volcanes.net\/\" \/>\n<meta property=\"article:published_time\" content=\"2019-05-18T17:58:15+00:00\" \/>\n<meta property=\"article:modified_time\" content=\"2019-05-18T17:58:38+00:00\" \/>\n<meta property=\"og:image\" content=\"https:\/\/volcanes.net\/wp-content\/uploads\/2019\/05\/FB_IMG_1558202249343.jpg\" \/>\n\t<meta property=\"og:image:width\" content=\"720\" \/>\n\t<meta property=\"og:image:height\" content=\"499\" \/>\n\t<meta property=\"og:image:type\" content=\"image\/jpeg\" \/>\n<meta name=\"author\" content=\"admin\" \/>\n<meta name=\"twitter:card\" content=\"summary_large_image\" \/>\n<meta name=\"twitter:label1\" content=\"Escrito por\" \/>\n\t<meta name=\"twitter:data1\" content=\"admin\" \/>\n\t<meta name=\"twitter:label2\" content=\"Tiempo de lectura\" \/>\n\t<meta name=\"twitter:data2\" content=\"2 minutos\" \/>\n<script type=\"application\/ld+json\" class=\"yoast-schema-graph\">{\"@context\":\"https:\/\/schema.org\",\"@graph\":[{\"@type\":\"Article\",\"@id\":\"https:\/\/volcanes.net\/?p=4723#article\",\"isPartOf\":{\"@id\":\"https:\/\/volcanes.net\/?p=4723\"},\"author\":{\"name\":\"admin\",\"@id\":\"https:\/\/volcanes.net\/#\/schema\/person\/4bf0f383940966a4abd53f5048c0e6b9\"},\"headline\":\"Concurso Anual de Talla en Piedra 2019\",\"datePublished\":\"2019-05-18T17:58:15+00:00\",\"dateModified\":\"2019-05-18T17:58:38+00:00\",\"mainEntityOfPage\":{\"@id\":\"https:\/\/volcanes.net\/?p=4723\"},\"wordCount\":369,\"commentCount\":0,\"publisher\":{\"@id\":\"https:\/\/volcanes.net\/#organization\"},\"image\":{\"@id\":\"https:\/\/volcanes.net\/?p=4723#primaryimage\"},\"thumbnailUrl\":\"https:\/\/volcanes.net\/wp-content\/uploads\/2019\/05\/FB_IMG_1558202249343.jpg\",\"keywords\":[\"Chimalhuac\u00e1n\"],\"articleSection\":[\"Municipales\"],\"inLanguage\":\"es\",\"potentialAction\":[{\"@type\":\"CommentAction\",\"name\":\"Comment\",\"target\":[\"https:\/\/volcanes.net\/?p=4723#respond\"]}]},{\"@type\":\"WebPage\",\"@id\":\"https:\/\/volcanes.net\/?p=4723\",\"url\":\"https:\/\/volcanes.net\/?p=4723\",\"name\":\"Concurso Anual de Talla en Piedra 2019 - Volcanes\",\"isPartOf\":{\"@id\":\"https:\/\/volcanes.net\/#website\"},\"primaryImageOfPage\":{\"@id\":\"https:\/\/volcanes.net\/?p=4723#primaryimage\"},\"image\":{\"@id\":\"https:\/\/volcanes.net\/?p=4723#primaryimage\"},\"thumbnailUrl\":\"https:\/\/volcanes.net\/wp-content\/uploads\/2019\/05\/FB_IMG_1558202249343.jpg\",\"datePublished\":\"2019-05-18T17:58:15+00:00\",\"dateModified\":\"2019-05-18T17:58:38+00:00\",\"breadcrumb\":{\"@id\":\"https:\/\/volcanes.net\/?p=4723#breadcrumb\"},\"inLanguage\":\"es\",\"potentialAction\":[{\"@type\":\"ReadAction\",\"target\":[\"https:\/\/volcanes.net\/?p=4723\"]}]},{\"@type\":\"ImageObject\",\"inLanguage\":\"es\",\"@id\":\"https:\/\/volcanes.net\/?p=4723#primaryimage\",\"url\":\"https:\/\/volcanes.net\/wp-content\/uploads\/2019\/05\/FB_IMG_1558202249343.jpg\",\"contentUrl\":\"https:\/\/volcanes.net\/wp-content\/uploads\/2019\/05\/FB_IMG_1558202249343.jpg\",\"width\":720,\"height\":499},{\"@type\":\"BreadcrumbList\",\"@id\":\"https:\/\/volcanes.net\/?p=4723#breadcrumb\",\"itemListElement\":[{\"@type\":\"ListItem\",\"position\":1,\"name\":\"Portada\",\"item\":\"https:\/\/volcanes.net\/\"},{\"@type\":\"ListItem\",\"position\":2,\"name\":\"Concurso Anual de Talla en Piedra 2019\"}]},{\"@type\":\"WebSite\",\"@id\":\"https:\/\/volcanes.net\/#website\",\"url\":\"https:\/\/volcanes.net\/\",\"name\":\"Volcanes.Net\",\"description\":\"Periodismo Profesional\",\"publisher\":{\"@id\":\"https:\/\/volcanes.net\/#organization\"},\"potentialAction\":[{\"@type\":\"SearchAction\",\"target\":{\"@type\":\"EntryPoint\",\"urlTemplate\":\"https:\/\/volcanes.net\/?s={search_term_string}\"},\"query-input\":{\"@type\":\"PropertyValueSpecification\",\"valueRequired\":true,\"valueName\":\"search_term_string\"}}],\"inLanguage\":\"es\"},{\"@type\":\"Organization\",\"@id\":\"https:\/\/volcanes.net\/#organization\",\"name\":\"Grupo Volcanes\",\"url\":\"https:\/\/volcanes.net\/\",\"logo\":{\"@type\":\"ImageObject\",\"inLanguage\":\"es\",\"@id\":\"https:\/\/volcanes.net\/#\/schema\/logo\/image\/\",\"url\":\"http:\/\/volcanes.net\/wp-content\/uploads\/2017\/12\/Avatar2.jpg\",\"contentUrl\":\"http:\/\/volcanes.net\/wp-content\/uploads\/2017\/12\/Avatar2.jpg\",\"width\":378,\"height\":378,\"caption\":\"Grupo Volcanes\"},\"image\":{\"@id\":\"https:\/\/volcanes.net\/#\/schema\/logo\/image\/\"},\"sameAs\":[\"https:\/\/www.facebook.com\/volcanes.net\/\"]},{\"@type\":\"Person\",\"@id\":\"https:\/\/volcanes.net\/#\/schema\/person\/4bf0f383940966a4abd53f5048c0e6b9\",\"name\":\"admin\",\"image\":{\"@type\":\"ImageObject\",\"inLanguage\":\"es\",\"@id\":\"https:\/\/volcanes.net\/#\/schema\/person\/image\/\",\"url\":\"https:\/\/secure.gravatar.com\/avatar\/ca004e6cba8462b8cb7abc86e382930c?s=96&d=mm&r=g\",\"contentUrl\":\"https:\/\/secure.gravatar.com\/avatar\/ca004e6cba8462b8cb7abc86e382930c?s=96&d=mm&r=g\",\"caption\":\"admin\"}}]}<\/script>\n<!-- \/ Yoast SEO plugin. -->","yoast_head_json":{"title":"Concurso Anual de Talla en Piedra 2019 - Volcanes","robots":{"index":"index","follow":"follow","max-snippet":"max-snippet:-1","max-image-preview":"max-image-preview:large","max-video-preview":"max-video-preview:-1"},"canonical":"https:\/\/volcanes.net\/?p=4723","og_locale":"es_MX","og_type":"article","og_title":"Concurso Anual de Talla en Piedra 2019 - Volcanes","og_description":"El gobierno del Nuevo Chimalhuac\u00e1n, a trav\u00e9s del Patronato de la Feria Metropolitana Artesanal y","og_url":"https:\/\/volcanes.net\/?p=4723","og_site_name":"Volcanes","article_publisher":"https:\/\/www.facebook.com\/volcanes.net\/","article_published_time":"2019-05-18T17:58:15+00:00","article_modified_time":"2019-05-18T17:58:38+00:00","og_image":[{"width":720,"height":499,"url":"https:\/\/volcanes.net\/wp-content\/uploads\/2019\/05\/FB_IMG_1558202249343.jpg","type":"image\/jpeg"}],"author":"admin","twitter_card":"summary_large_image","twitter_misc":{"Escrito por":"admin","Tiempo de lectura":"2 minutos"},"schema":{"@context":"https:\/\/schema.org","@graph":[{"@type":"Article","@id":"https:\/\/volcanes.net\/?p=4723#article","isPartOf":{"@id":"https:\/\/volcanes.net\/?p=4723"},"author":{"name":"admin","@id":"https:\/\/volcanes.net\/#\/schema\/person\/4bf0f383940966a4abd53f5048c0e6b9"},"headline":"Concurso Anual de Talla en Piedra 2019","datePublished":"2019-05-18T17:58:15+00:00","dateModified":"2019-05-18T17:58:38+00:00","mainEntityOfPage":{"@id":"https:\/\/volcanes.net\/?p=4723"},"wordCount":369,"commentCount":0,"publisher":{"@id":"https:\/\/volcanes.net\/#organization"},"image":{"@id":"https:\/\/volcanes.net\/?p=4723#primaryimage"},"thumbnailUrl":"https:\/\/volcanes.net\/wp-content\/uploads\/2019\/05\/FB_IMG_1558202249343.jpg","keywords":["Chimalhuac\u00e1n"],"articleSection":["Municipales"],"inLanguage":"es","potentialAction":[{"@type":"CommentAction","name":"Comment","target":["https:\/\/volcanes.net\/?p=4723#respond"]}]},{"@type":"WebPage","@id":"https:\/\/volcanes.net\/?p=4723","url":"https:\/\/volcanes.net\/?p=4723","name":"Concurso Anual de Talla en Piedra 2019 - Volcanes","isPartOf":{"@id":"https:\/\/volcanes.net\/#website"},"primaryImageOfPage":{"@id":"https:\/\/volcanes.net\/?p=4723#primaryimage"},"image":{"@id":"https:\/\/volcanes.net\/?p=4723#primaryimage"},"thumbnailUrl":"https:\/\/volcanes.net\/wp-content\/uploads\/2019\/05\/FB_IMG_1558202249343.jpg","datePublished":"2019-05-18T17:58:15+00:00","dateModified":"2019-05-18T17:58:38+00:00","breadcrumb":{"@id":"https:\/\/volcanes.net\/?p=4723#breadcrumb"},"inLanguage":"es","potentialAction":[{"@type":"ReadAction","target":["https:\/\/volcanes.net\/?p=4723"]}]},{"@type":"ImageObject","inLanguage":"es","@id":"https:\/\/volcanes.net\/?p=4723#primaryimage","url":"https:\/\/volcanes.net\/wp-content\/uploads\/2019\/05\/FB_IMG_1558202249343.jpg","contentUrl":"https:\/\/volcanes.net\/wp-content\/uploads\/2019\/05\/FB_IMG_1558202249343.jpg","width":720,"height":499},{"@type":"BreadcrumbList","@id":"https:\/\/volcanes.net\/?p=4723#breadcrumb","itemListElement":[{"@type":"ListItem","position":1,"name":"Portada","item":"https:\/\/volcanes.net\/"},{"@type":"ListItem","position":2,"name":"Concurso Anual de Talla en Piedra 2019"}]},{"@type":"WebSite","@id":"https:\/\/volcanes.net\/#website","url":"https:\/\/volcanes.net\/","name":"Volcanes.Net","description":"Periodismo Profesional","publisher":{"@id":"https:\/\/volcanes.net\/#organization"},"potentialAction":[{"@type":"SearchAction","target":{"@type":"EntryPoint","urlTemplate":"https:\/\/volcanes.net\/?s={search_term_string}"},"query-input":{"@type":"PropertyValueSpecification","valueRequired":true,"valueName":"search_term_string"}}],"inLanguage":"es"},{"@type":"Organization","@id":"https:\/\/volcanes.net\/#organization","name":"Grupo Volcanes","url":"https:\/\/volcanes.net\/","logo":{"@type":"ImageObject","inLanguage":"es","@id":"https:\/\/volcanes.net\/#\/schema\/logo\/image\/","url":"http:\/\/volcanes.net\/wp-content\/uploads\/2017\/12\/Avatar2.jpg","contentUrl":"http:\/\/volcanes.net\/wp-content\/uploads\/2017\/12\/Avatar2.jpg","width":378,"height":378,"caption":"Grupo Volcanes"},"image":{"@id":"https:\/\/volcanes.net\/#\/schema\/logo\/image\/"},"sameAs":["https:\/\/www.facebook.com\/volcanes.net\/"]},{"@type":"Person","@id":"https:\/\/volcanes.net\/#\/schema\/person\/4bf0f383940966a4abd53f5048c0e6b9","name":"admin","image":{"@type":"ImageObject","inLanguage":"es","@id":"https:\/\/volcanes.net\/#\/schema\/person\/image\/","url":"https:\/\/secure.gravatar.com\/avatar\/ca004e6cba8462b8cb7abc86e382930c?s=96&d=mm&r=g","contentUrl":"https:\/\/secure.gravatar.com\/avatar\/ca004e6cba8462b8cb7abc86e382930c?s=96&d=mm&r=g","caption":"admin"}}]}},"_links":{"self":[{"href":"https:\/\/volcanes.net\/index.php?rest_route=\/wp\/v2\/posts\/4723"}],"collection":[{"href":"https:\/\/volcanes.net\/index.php?rest_route=\/wp\/v2\/posts"}],"about":[{"href":"https:\/\/volcanes.net\/index.php?rest_route=\/wp\/v2\/types\/post"}],"author":[{"embeddable":true,"href":"https:\/\/volcanes.net\/index.php?rest_route=\/wp\/v2\/users\/1"}],"replies":[{"embeddable":true,"href":"https:\/\/volcanes.net\/index.php?rest_route=%2Fwp%2Fv2%2Fcomments&post=4723"}],"version-history":[{"count":1,"href":"https:\/\/volcanes.net\/index.php?rest_route=\/wp\/v2\/posts\/4723\/revisions"}],"predecessor-version":[{"id":4724,"href":"https:\/\/volcanes.net\/index.php?rest_route=\/wp\/v2\/posts\/4723\/revisions\/4724"}],"wp:featuredmedia":[{"embeddable":true,"href":"https:\/\/volcanes.net\/index.php?rest_route=\/wp\/v2\/media\/4722"}],"wp:attachment":[{"href":"https:\/\/volcanes.net\/index.php?rest_route=%2Fwp%2Fv2%2Fmedia&parent=4723"}],"wp:term":[{"taxonomy":"category","embeddable":true,"href":"https:\/\/volcanes.net\/index.php?rest_route=%2Fwp%2Fv2%2Fcategories&post=4723"},{"taxonomy":"post_tag","embeddable":true,"href":"https:\/\/volcanes.net\/index.php?rest_route=%2Fwp%2Fv2%2Ftags&post=4723"}],"curies":[{"name":"wp","href":"https:\/\/api.w.org\/{rel}","templated":true}]}}